{"id":11807,"date":"2022-11-21T14:45:46","date_gmt":"2022-11-21T13:45:46","guid":{"rendered":"https:\/\/www.asajacyl.com\/palencia\/?p=11807"},"modified":"2022-11-21T14:45:47","modified_gmt":"2022-11-21T13:45:47","slug":"la-consejeria-de-agricultura-y-ganaderia-excluye-los-pastos-comunales-de-una-importante-ayuda","status":"publish","type":"post","link":"https:\/\/www.asajacyl.com\/palencia\/asaja-palencia-informa\/la-consejeria-de-agricultura-y-ganaderia-excluye-los-pastos-comunales-de-una-importante-ayuda","title":{"rendered":"La Consejer\u00eda de Agricultura y Ganader\u00eda excluye los pastos comunales de una importante ayuda"},"content":{"rendered":"\n<p>La Consejer\u00eda de Agricultura de la Junta de Castilla y Le\u00f3n ha enviado a las organizaciones profesionales agrarias el proyecto de orden por la que se van a regular las ayudas agroambientales del Plan Estrat\u00e9gico de la PAC para Espa\u00f1a para el periodo 2023-2027. Este proyecto de orden contempla, entre otras, la ayuda por la \u201cgesti\u00f3n sostenible de superficies forrajeras pastables y apoyo a sistemas tradicionales de pastoreo trashumante\u201d, de la que se pueden beneficiar ganaderos de ovino, caprino, vacuno y equino.<\/p>\n\n\n\n<p>Para ser beneficiario de estas ayudas hay que reunir unas condiciones de admisibilidad y cumplir unos compromisos medioambientales y clim\u00e1ticos. A cambio, se percibe una ayuda de hasta 50 euros por hect\u00e1rea de pastos, acogida a la medida, sobre la que se aplica degresividad, y que se incrementar\u00e1 en un 20% si el beneficiario se acoge a compromisos voluntarios, como la pr\u00e1ctica de la trashumancia, o la protecci\u00f3n de los reba\u00f1os con mastines.<\/p>\n\n\n\n<p>Al margen de otros aspectos de la futura norma, dif\u00edciles de cumplir por los posibles beneficiarios, ASAJA critica que se excluyan expresamente los pastos de uso en com\u00fan, es decir, los que son titularidad de las juntas vecinales y de los ayuntamientos. Esta medida, decidida por la Junta, que no responde a ninguna directriz ni de Europa ni del ministerio de Agricultura, es responsable de que una buena parte de los ganaderos de Castilla y Le\u00f3n, y en todo caso la pr\u00e1ctica totalidad de los ganaderos de toda la periferia de Castilla y Le\u00f3n, no puedan acogerse a esta ayuda que fomenta la ganader\u00eda extensiva en zonas desfavorecidas de monta\u00f1a.<\/p>\n\n\n\n<p>ASAJA hace un llamamiento a la consejer\u00eda de Agricultura, al Partido Popular como socio principal de gobierno, y al partido de Vox como socio de gobierno y responsable de la consejer\u00eda de Agricultura, para que retomen esta cuesti\u00f3n y, con el consenso de las organizaciones agrarias, aprueben unas ayudas que no sean discriminatorias, que potencien la ganader\u00eda extensiva, y que ayuden de forma particular a las zonas m\u00e1s desfavorecidas del territorio de Castilla y Le\u00f3n.<\/p>\n","protected":false},"excerpt":{"rendered":"<p>La Consejer\u00eda de Agricultura de la Junta de Castilla y Le\u00f3n ha enviado a las organizaciones profesionales agrarias el proyecto de orden por la que se van a regular las ayudas agroambientales del Plan Estrat\u00e9gico de la PAC para Espa\u00f1a para el periodo 2023-2027. Este proyecto de orden contempla, entre otras, la ayuda por la [&hellip;]<\/p>\n","protected":false},"author":9,"featured_media":9062,"comment_status":"open","ping_status":"open","sticky":false,"template":"","format":"standard","meta":{"footnotes":""},"categories":[9,29,28],"tags":[],"yoast_head":"<!-- This site is optimized with the Yoast SEO plugin v24.5 - https:\/\/yoast.com\/wordpress\/plugins\/seo\/ -->\n<title>La Consejer\u00eda de Agricultura y Ganader\u00eda excluye los pastos comunales de una importante ayuda - ASAJA Palencia<\/title>\n<meta name=\"description\" content=\"La Consejer\u00eda de Agricultura de la Junta de Castilla y Le\u00f3n ha enviado a las organizaciones profesionales agrarias el proyecto de orden por la que se van\" \/>\n<meta name=\"robots\" content=\"index, follow, max-snippet:-1, max-image-preview:large, max-video-preview:-1\" \/>\n<link rel=\"canonical\" href=\"https:\/\/www.asajacyl.com\/palencia\/asaja-palencia-informa\/la-consejeria-de-agricultura-y-ganaderia-excluye-los-pastos-comunales-de-una-importante-ayuda\" \/>\n<meta property=\"og:locale\" content=\"es_ES\" \/>\n<meta property=\"og:type\" content=\"article\" \/>\n<meta property=\"og:title\" content=\"La Consejer\u00eda de Agricultura y Ganader\u00eda excluye los pastos comunales de una importante ayuda - ASAJA Palencia\" \/>\n<meta property=\"og:description\" content=\"La Consejer\u00eda de Agricultura de la Junta de Castilla y Le\u00f3n ha enviado a las organizaciones profesionales agrarias el proyecto de orden por la que se van\" \/>\n<meta property=\"og:url\" content=\"https:\/\/www.asajacyl.com\/palencia\/asaja-palencia-informa\/la-consejeria-de-agricultura-y-ganaderia-excluye-los-pastos-comunales-de-una-importante-ayuda\" \/>\n<meta property=\"og:site_name\" content=\"ASAJA Palencia\" \/>\n<meta property=\"article:published_time\" content=\"2022-11-21T13:45:46+00:00\" \/>\n<meta property=\"article:modified_time\" content=\"2022-11-21T13:45:47+00:00\" \/>\n<meta property=\"og:image\" content=\"https:\/\/www.asajacyl.com\/palencia\/wp-content\/uploads\/sites\/3\/2021\/10\/PHOTO-2021-10-15-15-16-23.jpg\" \/>\n\t<meta property=\"og:image:width\" content=\"1600\" \/>\n\t<meta property=\"og:image:height\" content=\"737\" \/>\n\t<meta property=\"og:image:type\" content=\"image\/jpeg\" \/>\n<meta name=\"author\" content=\"Administrador\" \/>\n<meta name=\"twitter:card\" content=\"summary_large_image\" \/>\n<meta name=\"twitter:label1\" content=\"Escrito por\" \/>\n\t<meta name=\"twitter:data1\" content=\"Administrador\" \/>\n\t<meta name=\"twitter:label2\" content=\"Tiempo de lectura\" \/>\n\t<meta name=\"twitter:data2\" content=\"2 minutos\" \/>\n<script type=\"application\/ld+json\" class=\"yoast-schema-graph\">{\"@context\":\"https:\/\/schema.org\",\"@graph\":[{\"@type\":\"WebPage\",\"@id\":\"https:\/\/www.asajacyl.com\/palencia\/asaja-palencia-informa\/la-consejeria-de-agricultura-y-ganaderia-excluye-los-pastos-comunales-de-una-importante-ayuda\",\"url\":\"https:\/\/www.asajacyl.com\/palencia\/asaja-palencia-informa\/la-consejeria-de-agricultura-y-ganaderia-excluye-los-pastos-comunales-de-una-importante-ayuda\",\"name\":\"La Consejer\u00eda de Agricultura y Ganader\u00eda excluye los pastos comunales de una importante ayuda - ASAJA Palencia\",\"isPartOf\":{\"@id\":\"https:\/\/www.asajacyl.com\/palencia\/#website\"},\"primaryImageOfPage\":{\"@id\":\"https:\/\/www.asajacyl.com\/palencia\/asaja-palencia-informa\/la-consejeria-de-agricultura-y-ganaderia-excluye-los-pastos-comunales-de-una-importante-ayuda#primaryimage\"},\"image\":{\"@id\":\"https:\/\/www.asajacyl.com\/palencia\/asaja-palencia-informa\/la-consejeria-de-agricultura-y-ganaderia-excluye-los-pastos-comunales-de-una-importante-ayuda#primaryimage\"},\"thumbnailUrl\":\"https:\/\/www.asajacyl.com\/palencia\/wp-content\/uploads\/sites\/3\/2021\/10\/PHOTO-2021-10-15-15-16-23.jpg\",\"datePublished\":\"2022-11-21T13:45:46+00:00\",\"dateModified\":\"2022-11-21T13:45:47+00:00\",\"author\":{\"@id\":\"https:\/\/www.asajacyl.com\/palencia\/#\/schema\/person\/3ab17aeb03527485c317557fae64aab1\"},\"description\":\"La Consejer\u00eda de Agricultura de la Junta de Castilla y Le\u00f3n ha enviado a las organizaciones profesionales agrarias el proyecto de orden por la que se van\",\"breadcrumb\":{\"@id\":\"https:\/\/www.asajacyl.com\/palencia\/asaja-palencia-informa\/la-consejeria-de-agricultura-y-ganaderia-excluye-los-pastos-comunales-de-una-importante-ayuda#breadcrumb\"},\"inLanguage\":\"es\",\"potentialAction\":[{\"@type\":\"ReadAction\",\"target\":[\"https:\/\/www.asajacyl.com\/palencia\/asaja-palencia-informa\/la-consejeria-de-agricultura-y-ganaderia-excluye-los-pastos-comunales-de-una-importante-ayuda\"]}]},{\"@type\":\"ImageObject\",\"inLanguage\":\"es\",\"@id\":\"https:\/\/www.asajacyl.com\/palencia\/asaja-palencia-informa\/la-consejeria-de-agricultura-y-ganaderia-excluye-los-pastos-comunales-de-una-importante-ayuda#primaryimage\",\"url\":\"https:\/\/www.asajacyl.com\/palencia\/wp-content\/uploads\/sites\/3\/2021\/10\/PHOTO-2021-10-15-15-16-23.jpg\",\"contentUrl\":\"https:\/\/www.asajacyl.com\/palencia\/wp-content\/uploads\/sites\/3\/2021\/10\/PHOTO-2021-10-15-15-16-23.jpg\",\"width\":1600,\"height\":737},{\"@type\":\"BreadcrumbList\",\"@id\":\"https:\/\/www.asajacyl.com\/palencia\/asaja-palencia-informa\/la-consejeria-de-agricultura-y-ganaderia-excluye-los-pastos-comunales-de-una-importante-ayuda#breadcrumb\",\"itemListElement\":[{\"@type\":\"ListItem\",\"position\":1,\"name\":\"Portada\",\"item\":\"https:\/\/www.asajacyl.com\/palencia\/\"},{\"@type\":\"ListItem\",\"position\":2,\"name\":\"La Consejer\u00eda de Agricultura y Ganader\u00eda excluye los pastos comunales de una importante ayuda\"}]},{\"@type\":\"WebSite\",\"@id\":\"https:\/\/www.asajacyl.com\/palencia\/#website\",\"url\":\"https:\/\/www.asajacyl.com\/palencia\/\",\"name\":\"ASAJA Palencia\",\"description\":\"Otro sitio m\u00e1s de Provincias ASAJA Castilla y Le\u00f3n\",\"potentialAction\":[{\"@type\":\"SearchAction\",\"target\":{\"@type\":\"EntryPoint\",\"urlTemplate\":\"https:\/\/www.asajacyl.com\/palencia\/?s={search_term_string}\"},\"query-input\":{\"@type\":\"PropertyValueSpecification\",\"valueRequired\":true,\"valueName\":\"search_term_string\"}}],\"inLanguage\":\"es\"},{\"@type\":\"Person\",\"@id\":\"https:\/\/www.asajacyl.com\/palencia\/#\/schema\/person\/3ab17aeb03527485c317557fae64aab1\",\"name\":\"Administrador\",\"image\":{\"@type\":\"ImageObject\",\"inLanguage\":\"es\",\"@id\":\"https:\/\/www.asajacyl.com\/palencia\/#\/schema\/person\/image\/\",\"url\":\"https:\/\/secure.gravatar.com\/avatar\/517384810d242ca9e38c180f3c9fb973?s=96&d=mm&r=g\",\"contentUrl\":\"https:\/\/secure.gravatar.com\/avatar\/517384810d242ca9e38c180f3c9fb973?s=96&d=mm&r=g\",\"caption\":\"Administrador\"},\"url\":\"https:\/\/www.asajacyl.com\/palencia\/author\/carlosrm\"}]}<\/script>\n<!-- \/ Yoast SEO plugin. -->","yoast_head_json":{"title":"La Consejer\u00eda de Agricultura y Ganader\u00eda excluye los pastos comunales de una importante ayuda - ASAJA Palencia","description":"La Consejer\u00eda de Agricultura de la Junta de Castilla y Le\u00f3n ha enviado a las organizaciones profesionales agrarias el proyecto de orden por la que se van","robots":{"index":"index","follow":"follow","max-snippet":"max-snippet:-1","max-image-preview":"max-image-preview:large","max-video-preview":"max-video-preview:-1"},"canonical":"https:\/\/www.asajacyl.com\/palencia\/asaja-palencia-informa\/la-consejeria-de-agricultura-y-ganaderia-excluye-los-pastos-comunales-de-una-importante-ayuda","og_locale":"es_ES","og_type":"article","og_title":"La Consejer\u00eda de Agricultura y Ganader\u00eda excluye los pastos comunales de una importante ayuda - ASAJA Palencia","og_description":"La Consejer\u00eda de Agricultura de la Junta de Castilla y Le\u00f3n ha enviado a las organizaciones profesionales agrarias el proyecto de orden por la que se van","og_url":"https:\/\/www.asajacyl.com\/palencia\/asaja-palencia-informa\/la-consejeria-de-agricultura-y-ganaderia-excluye-los-pastos-comunales-de-una-importante-ayuda","og_site_name":"ASAJA Palencia","article_published_time":"2022-11-21T13:45:46+00:00","article_modified_time":"2022-11-21T13:45:47+00:00","og_image":[{"width":1600,"height":737,"url":"https:\/\/www.asajacyl.com\/palencia\/wp-content\/uploads\/sites\/3\/2021\/10\/PHOTO-2021-10-15-15-16-23.jpg","type":"image\/jpeg"}],"author":"Administrador","twitter_card":"summary_large_image","twitter_misc":{"Escrito por":"Administrador","Tiempo de lectura":"2 minutos"},"schema":{"@context":"https:\/\/schema.org","@graph":[{"@type":"WebPage","@id":"https:\/\/www.asajacyl.com\/palencia\/asaja-palencia-informa\/la-consejeria-de-agricultura-y-ganaderia-excluye-los-pastos-comunales-de-una-importante-ayuda","url":"https:\/\/www.asajacyl.com\/palencia\/asaja-palencia-informa\/la-consejeria-de-agricultura-y-ganaderia-excluye-los-pastos-comunales-de-una-importante-ayuda","name":"La Consejer\u00eda de Agricultura y Ganader\u00eda excluye los pastos comunales de una importante ayuda - ASAJA Palencia","isPartOf":{"@id":"https:\/\/www.asajacyl.com\/palencia\/#website"},"primaryImageOfPage":{"@id":"https:\/\/www.asajacyl.com\/palencia\/asaja-palencia-informa\/la-consejeria-de-agricultura-y-ganaderia-excluye-los-pastos-comunales-de-una-importante-ayuda#primaryimage"},"image":{"@id":"https:\/\/www.asajacyl.com\/palencia\/asaja-palencia-informa\/la-consejeria-de-agricultura-y-ganaderia-excluye-los-pastos-comunales-de-una-importante-ayuda#primaryimage"},"thumbnailUrl":"https:\/\/www.asajacyl.com\/palencia\/wp-content\/uploads\/sites\/3\/2021\/10\/PHOTO-2021-10-15-15-16-23.jpg","datePublished":"2022-11-21T13:45:46+00:00","dateModified":"2022-11-21T13:45:47+00:00","author":{"@id":"https:\/\/www.asajacyl.com\/palencia\/#\/schema\/person\/3ab17aeb03527485c317557fae64aab1"},"description":"La Consejer\u00eda de Agricultura de la Junta de Castilla y Le\u00f3n ha enviado a las organizaciones profesionales agrarias el proyecto de orden por la que se van","breadcrumb":{"@id":"https:\/\/www.asajacyl.com\/palencia\/asaja-palencia-informa\/la-consejeria-de-agricultura-y-ganaderia-excluye-los-pastos-comunales-de-una-importante-ayuda#breadcrumb"},"inLanguage":"es","potentialAction":[{"@type":"ReadAction","target":["https:\/\/www.asajacyl.com\/palencia\/asaja-palencia-informa\/la-consejeria-de-agricultura-y-ganaderia-excluye-los-pastos-comunales-de-una-importante-ayuda"]}]},{"@type":"ImageObject","inLanguage":"es","@id":"https:\/\/www.asajacyl.com\/palencia\/asaja-palencia-informa\/la-consejeria-de-agricultura-y-ganaderia-excluye-los-pastos-comunales-de-una-importante-ayuda#primaryimage","url":"https:\/\/www.asajacyl.com\/palencia\/wp-content\/uploads\/sites\/3\/2021\/10\/PHOTO-2021-10-15-15-16-23.jpg","contentUrl":"https:\/\/www.asajacyl.com\/palencia\/wp-content\/uploads\/sites\/3\/2021\/10\/PHOTO-2021-10-15-15-16-23.jpg","width":1600,"height":737},{"@type":"BreadcrumbList","@id":"https:\/\/www.asajacyl.com\/palencia\/asaja-palencia-informa\/la-consejeria-de-agricultura-y-ganaderia-excluye-los-pastos-comunales-de-una-importante-ayuda#breadcrumb","itemListElement":[{"@type":"ListItem","position":1,"name":"Portada","item":"https:\/\/www.asajacyl.com\/palencia\/"},{"@type":"ListItem","position":2,"name":"La Consejer\u00eda de Agricultura y Ganader\u00eda excluye los pastos comunales de una importante ayuda"}]},{"@type":"WebSite","@id":"https:\/\/www.asajacyl.com\/palencia\/#website","url":"https:\/\/www.asajacyl.com\/palencia\/","name":"ASAJA Palencia","description":"Otro sitio m\u00e1s de Provincias ASAJA Castilla y Le\u00f3n","potentialAction":[{"@type":"SearchAction","target":{"@type":"EntryPoint","urlTemplate":"https:\/\/www.asajacyl.com\/palencia\/?s={search_term_string}"},"query-input":{"@type":"PropertyValueSpecification","valueRequired":true,"valueName":"search_term_string"}}],"inLanguage":"es"},{"@type":"Person","@id":"https:\/\/www.asajacyl.com\/palencia\/#\/schema\/person\/3ab17aeb03527485c317557fae64aab1","name":"Administrador","image":{"@type":"ImageObject","inLanguage":"es","@id":"https:\/\/www.asajacyl.com\/palencia\/#\/schema\/person\/image\/","url":"https:\/\/secure.gravatar.com\/avatar\/517384810d242ca9e38c180f3c9fb973?s=96&d=mm&r=g","contentUrl":"https:\/\/secure.gravatar.com\/avatar\/517384810d242ca9e38c180f3c9fb973?s=96&d=mm&r=g","caption":"Administrador"},"url":"https:\/\/www.asajacyl.com\/palencia\/author\/carlosrm"}]}},"_links":{"self":[{"href":"https:\/\/www.asajacyl.com\/palencia\/wp-json\/wp\/v2\/posts\/11807"}],"collection":[{"href":"https:\/\/www.asajacyl.com\/palencia\/wp-json\/wp\/v2\/posts"}],"about":[{"href":"https:\/\/www.asajacyl.com\/palencia\/wp-json\/wp\/v2\/types\/post"}],"author":[{"embeddable":true,"href":"https:\/\/www.asajacyl.com\/palencia\/wp-json\/wp\/v2\/users\/9"}],"replies":[{"embeddable":true,"href":"https:\/\/www.asajacyl.com\/palencia\/wp-json\/wp\/v2\/comments?post=11807"}],"version-history":[{"count":1,"href":"https:\/\/www.asajacyl.com\/palencia\/wp-json\/wp\/v2\/posts\/11807\/revisions"}],"predecessor-version":[{"id":11808,"href":"https:\/\/www.asajacyl.com\/palencia\/wp-json\/wp\/v2\/posts\/11807\/revisions\/11808"}],"wp:featuredmedia":[{"embeddable":true,"href":"https:\/\/www.asajacyl.com\/palencia\/wp-json\/wp\/v2\/media\/9062"}],"wp:attachment":[{"href":"https:\/\/www.asajacyl.com\/palencia\/wp-json\/wp\/v2\/media?parent=11807"}],"wp:term":[{"taxonomy":"category","embeddable":true,"href":"https:\/\/www.asajacyl.com\/palencia\/wp-json\/wp\/v2\/categories?post=11807"},{"taxonomy":"post_tag","embeddable":true,"href":"https:\/\/www.asajacyl.com\/palencia\/wp-json\/wp\/v2\/tags?post=11807"}],"curies":[{"name":"wp","href":"https:\/\/api.w.org\/{rel}","templated":true}]}}