{"id":11814,"date":"2022-11-22T09:58:00","date_gmt":"2022-11-22T08:58:00","guid":{"rendered":"https:\/\/www.asajacyl.com\/palencia\/?p=11814"},"modified":"2022-11-22T10:09:43","modified_gmt":"2022-11-22T09:09:43","slug":"por-fin-se-conocen-las-medidas-de-flexibilizacion-de-la-pac-para-castilla-y-leon","status":"publish","type":"post","link":"https:\/\/www.asajacyl.com\/palencia\/asaja-palencia-informa\/por-fin-se-conocen-las-medidas-de-flexibilizacion-de-la-pac-para-castilla-y-leon","title":{"rendered":"Por fin se conocen las medidas de flexibilizaci\u00f3n de la PAC para Castilla y Le\u00f3n"},"content":{"rendered":"\n<p>Desde el verano, desde ASAJA Castilla y Le\u00f3n hemos insistido en la necesidad de que los agricultores conocieran las reglas que marcar\u00e1n la pr\u00f3xima PAC, que afectan desde ya al sector, puesto que deben respetarse en las actuales siembras (campa\u00f1a agr\u00edcola 2022\/2023). Por fin el pasado 18 de noviembre la Direcci\u00f3n General de Pol\u00edtica Agraria Comunitaria publicaba el R\u00e9gimen Transitorio de Actuaciones de Flexibilidad a adoptar en Castilla y Le\u00f3n, en relaci\u00f3n con las ayudas a los eco reg\u00edmenes en favor del clima y el medio ambiente, que son las siguientes:<\/p>\n\n\n\n<p>Pastoreo extensivo, siega y biodiversidad en las superficies de pastos:<\/p>\n\n\n\n<ul><li>El per\u00edodo m\u00ednimo de pastoreo con animales propios de la explotaci\u00f3n ser\u00e1 de 90 d\u00edas.<\/li><\/ul>\n\n\n\n<p>Rotaci\u00f3n de cultivos y siembra directa en tierras de cultivo: <\/p>\n\n\n\n<ul><li>En la pr\u00e1ctica de rotaci\u00f3n de cultivos con especies mejorantes, al menos el 25 % de la superficie de tierra de cultivo correspondiente, que se acoge al eco r\u00e9gimen, presente cada a\u00f1o un cultivo diferente al cultivo previo.<\/li><li>Asimismo, el barbecho no podr\u00e1 representar m\u00e1s del 40% de la superficie de la tierra de cultivo correspondiente de la explotaci\u00f3n.<\/li><li>En la pr\u00e1ctica de siembra directa, se permitir\u00e1 el laboreo vertical, sistema en que el arado no invierte la tierra, causando poca compactaci\u00f3n. Pase de cultivador, chisel o grada de discos peque\u00f1os, excepto en el periodo comprendido entre la fecha de recolecci\u00f3n de la cosecha y el 1 de septiembre, siempre y cuando se cumpla con la obligaci\u00f3n de mantener el rastrojo sobre el suelo.<\/li><\/ul>\n\n\n\n<p>Cubiertas vegetales y cubiertas inertes en cultivos le\u00f1osos:<\/p>\n\n\n\n<ul><li>En la pr\u00e1ctica de cubiertas vegetales espont\u00e1neas o sembradas en cultivos le\u00f1osos, se permitir\u00e1n labores verticales superficiales de mantenimiento de las cubiertas que no supongan la modificaci\u00f3n de la estructura del suelo, de forma que el suelo no permanezca desnudo en ning\u00fan momento del a\u00f1o. La cubierta vegetal debe permanecer viva sobre el terreno, durante un periodo m\u00ednimo de dos meses, de 15 de diciembre a 15 de febrero.<\/li><li>En la pr\u00e1ctica de cubiertas inertes de restos de poda se permitir\u00e1n labores verticales superficiales, que no supongan la modificaci\u00f3n de la estructura del suelo, ni la desaparici\u00f3n de la cubierta.<\/li><\/ul>\n\n\n\n<p>Pero todav\u00eda quedan algunas obligaciones muy dif\u00edciles de cumplir este primer a\u00f1o, con motivo de las condiciones climatol\u00f3gicas, pero sobre todo por la alteraci\u00f3n de los mercados y el precio de los insumos. Si bien la mayor\u00eda son competencia del ministerio, quien deber\u00eda permitir excepciones esta campa\u00f1a. Por ejemplo, no obligando a sembrar un 5 por ciento de leguminosas en la pr\u00e1ctica de rotaci\u00f3n de cultivos con especies mejorantes, o permitir una labor vertical tras la recolecci\u00f3n antes del 1 de septiembre, etc. Normas muchas de ellas obligatorias para todos los productores que reciban pagos directos, al estar recogidas en la condicionalidad reforzada y social.<\/p>\n","protected":false},"excerpt":{"rendered":"<p>Desde el verano, desde ASAJA Castilla y Le\u00f3n hemos insistido en la necesidad de que los agricultores conocieran las reglas que marcar\u00e1n la pr\u00f3xima PAC, que afectan desde ya al sector, puesto que deben respetarse en las actuales siembras (campa\u00f1a agr\u00edcola 2022\/2023). Por fin el pasado 18 de noviembre la Direcci\u00f3n General de Pol\u00edtica Agraria [&hellip;]<\/p>\n","protected":false},"author":9,"featured_media":11802,"comment_status":"open","ping_status":"open","sticky":false,"template":"","format":"standard","meta":{"footnotes":""},"categories":[9,29,28],"tags":[],"yoast_head":"<!-- This site is optimized with the Yoast SEO plugin v24.5 - https:\/\/yoast.com\/wordpress\/plugins\/seo\/ -->\n<title>Por fin se conocen las medidas de flexibilizaci\u00f3n de la PAC para Castilla y Le\u00f3n - ASAJA Palencia<\/title>\n<meta name=\"description\" content=\"Desde el verano, desde ASAJA Castilla y Le\u00f3n hemos insistido en la necesidad de que los agricultores conocieran las reglas que marcar\u00e1n la pr\u00f3xima PAC,\" \/>\n<meta name=\"robots\" content=\"index, follow, max-snippet:-1, max-image-preview:large, max-video-preview:-1\" \/>\n<link rel=\"canonical\" href=\"https:\/\/www.asajacyl.com\/palencia\/asaja-palencia-informa\/por-fin-se-conocen-las-medidas-de-flexibilizacion-de-la-pac-para-castilla-y-leon\" \/>\n<meta property=\"og:locale\" content=\"es_ES\" \/>\n<meta property=\"og:type\" content=\"article\" \/>\n<meta property=\"og:title\" content=\"Por fin se conocen las medidas de flexibilizaci\u00f3n de la PAC para Castilla y Le\u00f3n - ASAJA Palencia\" \/>\n<meta property=\"og:description\" content=\"Desde el verano, desde ASAJA Castilla y Le\u00f3n hemos insistido en la necesidad de que los agricultores conocieran las reglas que marcar\u00e1n la pr\u00f3xima PAC,\" \/>\n<meta property=\"og:url\" content=\"https:\/\/www.asajacyl.com\/palencia\/asaja-palencia-informa\/por-fin-se-conocen-las-medidas-de-flexibilizacion-de-la-pac-para-castilla-y-leon\" \/>\n<meta property=\"og:site_name\" content=\"ASAJA Palencia\" \/>\n<meta property=\"article:published_time\" content=\"2022-11-22T08:58:00+00:00\" \/>\n<meta property=\"article:modified_time\" content=\"2022-11-22T09:09:43+00:00\" \/>\n<meta property=\"og:image\" content=\"https:\/\/www.asajacyl.com\/palencia\/wp-content\/uploads\/sites\/3\/2022\/11\/MONTANA.jpg\" \/>\n\t<meta property=\"og:image:width\" content=\"1599\" \/>\n\t<meta property=\"og:image:height\" content=\"899\" \/>\n\t<meta property=\"og:image:type\" content=\"image\/jpeg\" \/>\n<meta name=\"author\" content=\"Administrador\" \/>\n<meta name=\"twitter:card\" content=\"summary_large_image\" \/>\n<meta name=\"twitter:label1\" content=\"Escrito por\" \/>\n\t<meta name=\"twitter:data1\" content=\"Administrador\" \/>\n\t<meta name=\"twitter:label2\" content=\"Tiempo de lectura\" \/>\n\t<meta name=\"twitter:data2\" content=\"3 minutos\" \/>\n<script type=\"application\/ld+json\" class=\"yoast-schema-graph\">{\"@context\":\"https:\/\/schema.org\",\"@graph\":[{\"@type\":\"WebPage\",\"@id\":\"https:\/\/www.asajacyl.com\/palencia\/asaja-palencia-informa\/por-fin-se-conocen-las-medidas-de-flexibilizacion-de-la-pac-para-castilla-y-leon\",\"url\":\"https:\/\/www.asajacyl.com\/palencia\/asaja-palencia-informa\/por-fin-se-conocen-las-medidas-de-flexibilizacion-de-la-pac-para-castilla-y-leon\",\"name\":\"Por fin se conocen las medidas de flexibilizaci\u00f3n de la PAC para Castilla y Le\u00f3n - ASAJA Palencia\",\"isPartOf\":{\"@id\":\"https:\/\/www.asajacyl.com\/palencia\/#website\"},\"primaryImageOfPage\":{\"@id\":\"https:\/\/www.asajacyl.com\/palencia\/asaja-palencia-informa\/por-fin-se-conocen-las-medidas-de-flexibilizacion-de-la-pac-para-castilla-y-leon#primaryimage\"},\"image\":{\"@id\":\"https:\/\/www.asajacyl.com\/palencia\/asaja-palencia-informa\/por-fin-se-conocen-las-medidas-de-flexibilizacion-de-la-pac-para-castilla-y-leon#primaryimage\"},\"thumbnailUrl\":\"https:\/\/www.asajacyl.com\/palencia\/wp-content\/uploads\/sites\/3\/2022\/11\/MONTANA.jpg\",\"datePublished\":\"2022-11-22T08:58:00+00:00\",\"dateModified\":\"2022-11-22T09:09:43+00:00\",\"author\":{\"@id\":\"https:\/\/www.asajacyl.com\/palencia\/#\/schema\/person\/3ab17aeb03527485c317557fae64aab1\"},\"description\":\"Desde el verano, desde ASAJA Castilla y Le\u00f3n hemos insistido en la necesidad de que los agricultores conocieran las reglas que marcar\u00e1n la pr\u00f3xima PAC,\",\"breadcrumb\":{\"@id\":\"https:\/\/www.asajacyl.com\/palencia\/asaja-palencia-informa\/por-fin-se-conocen-las-medidas-de-flexibilizacion-de-la-pac-para-castilla-y-leon#breadcrumb\"},\"inLanguage\":\"es\",\"potentialAction\":[{\"@type\":\"ReadAction\",\"target\":[\"https:\/\/www.asajacyl.com\/palencia\/asaja-palencia-informa\/por-fin-se-conocen-las-medidas-de-flexibilizacion-de-la-pac-para-castilla-y-leon\"]}]},{\"@type\":\"ImageObject\",\"inLanguage\":\"es\",\"@id\":\"https:\/\/www.asajacyl.com\/palencia\/asaja-palencia-informa\/por-fin-se-conocen-las-medidas-de-flexibilizacion-de-la-pac-para-castilla-y-leon#primaryimage\",\"url\":\"https:\/\/www.asajacyl.com\/palencia\/wp-content\/uploads\/sites\/3\/2022\/11\/MONTANA.jpg\",\"contentUrl\":\"https:\/\/www.asajacyl.com\/palencia\/wp-content\/uploads\/sites\/3\/2022\/11\/MONTANA.jpg\",\"width\":1599,\"height\":899},{\"@type\":\"BreadcrumbList\",\"@id\":\"https:\/\/www.asajacyl.com\/palencia\/asaja-palencia-informa\/por-fin-se-conocen-las-medidas-de-flexibilizacion-de-la-pac-para-castilla-y-leon#breadcrumb\",\"itemListElement\":[{\"@type\":\"ListItem\",\"position\":1,\"name\":\"Portada\",\"item\":\"https:\/\/www.asajacyl.com\/palencia\/\"},{\"@type\":\"ListItem\",\"position\":2,\"name\":\"Por fin se conocen las medidas de flexibilizaci\u00f3n de la PAC para Castilla y Le\u00f3n\"}]},{\"@type\":\"WebSite\",\"@id\":\"https:\/\/www.asajacyl.com\/palencia\/#website\",\"url\":\"https:\/\/www.asajacyl.com\/palencia\/\",\"name\":\"ASAJA Palencia\",\"description\":\"Otro sitio m\u00e1s de Provincias ASAJA Castilla y Le\u00f3n\",\"potentialAction\":[{\"@type\":\"SearchAction\",\"target\":{\"@type\":\"EntryPoint\",\"urlTemplate\":\"https:\/\/www.asajacyl.com\/palencia\/?s={search_term_string}\"},\"query-input\":{\"@type\":\"PropertyValueSpecification\",\"valueRequired\":true,\"valueName\":\"search_term_string\"}}],\"inLanguage\":\"es\"},{\"@type\":\"Person\",\"@id\":\"https:\/\/www.asajacyl.com\/palencia\/#\/schema\/person\/3ab17aeb03527485c317557fae64aab1\",\"name\":\"Administrador\",\"image\":{\"@type\":\"ImageObject\",\"inLanguage\":\"es\",\"@id\":\"https:\/\/www.asajacyl.com\/palencia\/#\/schema\/person\/image\/\",\"url\":\"https:\/\/secure.gravatar.com\/avatar\/517384810d242ca9e38c180f3c9fb973?s=96&d=mm&r=g\",\"contentUrl\":\"https:\/\/secure.gravatar.com\/avatar\/517384810d242ca9e38c180f3c9fb973?s=96&d=mm&r=g\",\"caption\":\"Administrador\"},\"url\":\"https:\/\/www.asajacyl.com\/palencia\/author\/carlosrm\"}]}<\/script>\n<!-- \/ Yoast SEO plugin. -->","yoast_head_json":{"title":"Por fin se conocen las medidas de flexibilizaci\u00f3n de la PAC para Castilla y Le\u00f3n - ASAJA Palencia","description":"Desde el verano, desde ASAJA Castilla y Le\u00f3n hemos insistido en la necesidad de que los agricultores conocieran las reglas que marcar\u00e1n la pr\u00f3xima PAC,","robots":{"index":"index","follow":"follow","max-snippet":"max-snippet:-1","max-image-preview":"max-image-preview:large","max-video-preview":"max-video-preview:-1"},"canonical":"https:\/\/www.asajacyl.com\/palencia\/asaja-palencia-informa\/por-fin-se-conocen-las-medidas-de-flexibilizacion-de-la-pac-para-castilla-y-leon","og_locale":"es_ES","og_type":"article","og_title":"Por fin se conocen las medidas de flexibilizaci\u00f3n de la PAC para Castilla y Le\u00f3n - ASAJA Palencia","og_description":"Desde el verano, desde ASAJA Castilla y Le\u00f3n hemos insistido en la necesidad de que los agricultores conocieran las reglas que marcar\u00e1n la pr\u00f3xima PAC,","og_url":"https:\/\/www.asajacyl.com\/palencia\/asaja-palencia-informa\/por-fin-se-conocen-las-medidas-de-flexibilizacion-de-la-pac-para-castilla-y-leon","og_site_name":"ASAJA Palencia","article_published_time":"2022-11-22T08:58:00+00:00","article_modified_time":"2022-11-22T09:09:43+00:00","og_image":[{"width":1599,"height":899,"url":"https:\/\/www.asajacyl.com\/palencia\/wp-content\/uploads\/sites\/3\/2022\/11\/MONTANA.jpg","type":"image\/jpeg"}],"author":"Administrador","twitter_card":"summary_large_image","twitter_misc":{"Escrito por":"Administrador","Tiempo de lectura":"3 minutos"},"schema":{"@context":"https:\/\/schema.org","@graph":[{"@type":"WebPage","@id":"https:\/\/www.asajacyl.com\/palencia\/asaja-palencia-informa\/por-fin-se-conocen-las-medidas-de-flexibilizacion-de-la-pac-para-castilla-y-leon","url":"https:\/\/www.asajacyl.com\/palencia\/asaja-palencia-informa\/por-fin-se-conocen-las-medidas-de-flexibilizacion-de-la-pac-para-castilla-y-leon","name":"Por fin se conocen las medidas de flexibilizaci\u00f3n de la PAC para Castilla y Le\u00f3n - ASAJA Palencia","isPartOf":{"@id":"https:\/\/www.asajacyl.com\/palencia\/#website"},"primaryImageOfPage":{"@id":"https:\/\/www.asajacyl.com\/palencia\/asaja-palencia-informa\/por-fin-se-conocen-las-medidas-de-flexibilizacion-de-la-pac-para-castilla-y-leon#primaryimage"},"image":{"@id":"https:\/\/www.asajacyl.com\/palencia\/asaja-palencia-informa\/por-fin-se-conocen-las-medidas-de-flexibilizacion-de-la-pac-para-castilla-y-leon#primaryimage"},"thumbnailUrl":"https:\/\/www.asajacyl.com\/palencia\/wp-content\/uploads\/sites\/3\/2022\/11\/MONTANA.jpg","datePublished":"2022-11-22T08:58:00+00:00","dateModified":"2022-11-22T09:09:43+00:00","author":{"@id":"https:\/\/www.asajacyl.com\/palencia\/#\/schema\/person\/3ab17aeb03527485c317557fae64aab1"},"description":"Desde el verano, desde ASAJA Castilla y Le\u00f3n hemos insistido en la necesidad de que los agricultores conocieran las reglas que marcar\u00e1n la pr\u00f3xima PAC,","breadcrumb":{"@id":"https:\/\/www.asajacyl.com\/palencia\/asaja-palencia-informa\/por-fin-se-conocen-las-medidas-de-flexibilizacion-de-la-pac-para-castilla-y-leon#breadcrumb"},"inLanguage":"es","potentialAction":[{"@type":"ReadAction","target":["https:\/\/www.asajacyl.com\/palencia\/asaja-palencia-informa\/por-fin-se-conocen-las-medidas-de-flexibilizacion-de-la-pac-para-castilla-y-leon"]}]},{"@type":"ImageObject","inLanguage":"es","@id":"https:\/\/www.asajacyl.com\/palencia\/asaja-palencia-informa\/por-fin-se-conocen-las-medidas-de-flexibilizacion-de-la-pac-para-castilla-y-leon#primaryimage","url":"https:\/\/www.asajacyl.com\/palencia\/wp-content\/uploads\/sites\/3\/2022\/11\/MONTANA.jpg","contentUrl":"https:\/\/www.asajacyl.com\/palencia\/wp-content\/uploads\/sites\/3\/2022\/11\/MONTANA.jpg","width":1599,"height":899},{"@type":"BreadcrumbList","@id":"https:\/\/www.asajacyl.com\/palencia\/asaja-palencia-informa\/por-fin-se-conocen-las-medidas-de-flexibilizacion-de-la-pac-para-castilla-y-leon#breadcrumb","itemListElement":[{"@type":"ListItem","position":1,"name":"Portada","item":"https:\/\/www.asajacyl.com\/palencia\/"},{"@type":"ListItem","position":2,"name":"Por fin se conocen las medidas de flexibilizaci\u00f3n de la PAC para Castilla y Le\u00f3n"}]},{"@type":"WebSite","@id":"https:\/\/www.asajacyl.com\/palencia\/#website","url":"https:\/\/www.asajacyl.com\/palencia\/","name":"ASAJA Palencia","description":"Otro sitio m\u00e1s de Provincias ASAJA Castilla y Le\u00f3n","potentialAction":[{"@type":"SearchAction","target":{"@type":"EntryPoint","urlTemplate":"https:\/\/www.asajacyl.com\/palencia\/?s={search_term_string}"},"query-input":{"@type":"PropertyValueSpecification","valueRequired":true,"valueName":"search_term_string"}}],"inLanguage":"es"},{"@type":"Person","@id":"https:\/\/www.asajacyl.com\/palencia\/#\/schema\/person\/3ab17aeb03527485c317557fae64aab1","name":"Administrador","image":{"@type":"ImageObject","inLanguage":"es","@id":"https:\/\/www.asajacyl.com\/palencia\/#\/schema\/person\/image\/","url":"https:\/\/secure.gravatar.com\/avatar\/517384810d242ca9e38c180f3c9fb973?s=96&d=mm&r=g","contentUrl":"https:\/\/secure.gravatar.com\/avatar\/517384810d242ca9e38c180f3c9fb973?s=96&d=mm&r=g","caption":"Administrador"},"url":"https:\/\/www.asajacyl.com\/palencia\/author\/carlosrm"}]}},"_links":{"self":[{"href":"https:\/\/www.asajacyl.com\/palencia\/wp-json\/wp\/v2\/posts\/11814"}],"collection":[{"href":"https:\/\/www.asajacyl.com\/palencia\/wp-json\/wp\/v2\/posts"}],"about":[{"href":"https:\/\/www.asajacyl.com\/palencia\/wp-json\/wp\/v2\/types\/post"}],"author":[{"embeddable":true,"href":"https:\/\/www.asajacyl.com\/palencia\/wp-json\/wp\/v2\/users\/9"}],"replies":[{"embeddable":true,"href":"https:\/\/www.asajacyl.com\/palencia\/wp-json\/wp\/v2\/comments?post=11814"}],"version-history":[{"count":1,"href":"https:\/\/www.asajacyl.com\/palencia\/wp-json\/wp\/v2\/posts\/11814\/revisions"}],"predecessor-version":[{"id":11815,"href":"https:\/\/www.asajacyl.com\/palencia\/wp-json\/wp\/v2\/posts\/11814\/revisions\/11815"}],"wp:featuredmedia":[{"embeddable":true,"href":"https:\/\/www.asajacyl.com\/palencia\/wp-json\/wp\/v2\/media\/11802"}],"wp:attachment":[{"href":"https:\/\/www.asajacyl.com\/palencia\/wp-json\/wp\/v2\/media?parent=11814"}],"wp:term":[{"taxonomy":"category","embeddable":true,"href":"https:\/\/www.asajacyl.com\/palencia\/wp-json\/wp\/v2\/categories?post=11814"},{"taxonomy":"post_tag","embeddable":true,"href":"https:\/\/www.asajacyl.com\/palencia\/wp-json\/wp\/v2\/tags?post=11814"}],"curies":[{"name":"wp","href":"https:\/\/api.w.org\/{rel}","templated":true}]}}