{"id":11821,"date":"2022-11-24T09:42:52","date_gmt":"2022-11-24T08:42:52","guid":{"rendered":"https:\/\/www.asajacyl.com\/palencia\/?p=11821"},"modified":"2022-11-24T09:42:55","modified_gmt":"2022-11-24T08:42:55","slug":"manifestacion-de-asaja-a-las-puertas-de-la-comision-europea-por-el-ninguneo-del-sector-agrario-y-ganadero-en-la-nueva-pac","status":"publish","type":"post","link":"https:\/\/www.asajacyl.com\/palencia\/asaja-palencia-informa\/manifestacion-de-asaja-a-las-puertas-de-la-comision-europea-por-el-ninguneo-del-sector-agrario-y-ganadero-en-la-nueva-pac","title":{"rendered":"Manifestaci\u00f3n de ASAJA a las puertas de la Comisi\u00f3n Europea por el ninguneo del sector agrario y ganadero en la nueva PAC"},"content":{"rendered":"\n<p>Una cuantiosa representaci\u00f3n de la Junta Provincial de ASAJA-Palencia se sum\u00f3 ayer a la delegaci\u00f3n de Castilla y Le\u00f3n, de alrededor de un centenar de agricultores y ganaderos, que se traslad\u00f3 ayer a la capital de Espa\u00f1a para participar en la concentraci\u00f3n, convocada por ASAJA nacional, a las puertas de la sede de la Comisi\u00f3n Europea en nuestro pa\u00eds. Con el lema \u201cSi no estamos en el campo, no habr\u00e1 nada en la mesa\u201d, los manifestantes han denunciado el \u201cninguneo\u201d que esta instituci\u00f3n viene demostrando hacia los verdaderos protagonistas de la agricultura europea.<\/p>\n\n\n\n<p>\u201cEl 1 de enero tendremos que tragar con una PAC dise\u00f1ada por bur\u00f3cratas que excluyen de sus propuestas la opini\u00f3n de los aut\u00e9nticos productores de alimentos, sin entender que no hay sostenibilidad posible si no se garantiza rentabilidad para los agricultores y ganaderos\u201d, ha subrayado Donaciano Dujo, presidente de ASAJA Castilla y Le\u00f3n, que ha asistido a la protesta.<\/p>\n\n\n\n<p>Para el responsable de la OPA, \u201cesta PAC nace ya vieja, puesto que se dise\u00f1\u00f3 en 2017, y los graves acontecimientos vividos en los \u00faltimos tiempos -la pandemia del Covid, la crisis energ\u00e9tica y la guerra en Ucrania-, han dejado una Europa y un planeta muy distintos\u201d. Sin embargo, \u201cla burocracia de Bruselas es como un elefante, y sigue anclada en el \u201cPacto Verde\u201d y en las Estrategias \u201cDel campo a la Mesa\u201d y \u201cBiodiversidad\u201d, que perjudican nuestros intereses, documentos que se han orquestado de espaldas al campo y limitan y restringen nuestra actividad productiva\u201d.<\/p>\n\n\n\n<p>En resumen, para ASAJA la nueva PAC \u201ces un retroceso, que reduce presupuesto, a\u00f1ade burocracia y complica enormemente el trabajo de los agricultores y ganaderos, que somos los que al final tienen que aplicar ese galimat\u00edas de papeleo y que, no lo olvidemos, somos los que producimos alimentos para toda la sociedad\u201d.<\/p>\n\n\n\n<figure class=\"wp-block-image size-large\"><img loading=\"lazy\" decoding=\"async\" width=\"1024\" height=\"768\" src=\"https:\/\/www.asajacyl.com\/palencia\/wp-content\/uploads\/sites\/3\/2022\/11\/IMG_1129-1024x768.jpg\" alt=\"\" class=\"wp-image-11822\" srcset=\"https:\/\/www.asajacyl.com\/palencia\/wp-content\/uploads\/sites\/3\/2022\/11\/IMG_1129-1024x768.jpg 1024w, https:\/\/www.asajacyl.com\/palencia\/wp-content\/uploads\/sites\/3\/2022\/11\/IMG_1129-300x225.jpg 300w, https:\/\/www.asajacyl.com\/palencia\/wp-content\/uploads\/sites\/3\/2022\/11\/IMG_1129-768x576.jpg 768w, https:\/\/www.asajacyl.com\/palencia\/wp-content\/uploads\/sites\/3\/2022\/11\/IMG_1129-1536x1152.jpg 1536w, https:\/\/www.asajacyl.com\/palencia\/wp-content\/uploads\/sites\/3\/2022\/11\/IMG_1129-2048x1536.jpg 2048w, https:\/\/www.asajacyl.com\/palencia\/wp-content\/uploads\/sites\/3\/2022\/11\/IMG_1129-696x522.jpg 696w, https:\/\/www.asajacyl.com\/palencia\/wp-content\/uploads\/sites\/3\/2022\/11\/IMG_1129-1068x801.jpg 1068w, https:\/\/www.asajacyl.com\/palencia\/wp-content\/uploads\/sites\/3\/2022\/11\/IMG_1129-1920x1440.jpg 1920w, https:\/\/www.asajacyl.com\/palencia\/wp-content\/uploads\/sites\/3\/2022\/11\/IMG_1129-560x420.jpg 560w, https:\/\/www.asajacyl.com\/palencia\/wp-content\/uploads\/sites\/3\/2022\/11\/IMG_1129-80x60.jpg 80w\" sizes=\"(max-width: 1024px) 100vw, 1024px\" \/><\/figure>\n","protected":false},"excerpt":{"rendered":"<p>Una cuantiosa representaci\u00f3n de la Junta Provincial de ASAJA-Palencia se sum\u00f3 ayer a la delegaci\u00f3n de Castilla y Le\u00f3n, de alrededor de un centenar de agricultores y ganaderos, que se traslad\u00f3 ayer a la capital de Espa\u00f1a para participar en la concentraci\u00f3n, convocada por ASAJA nacional, a las puertas de la sede de la Comisi\u00f3n [&hellip;]<\/p>\n","protected":false},"author":9,"featured_media":11822,"comment_status":"open","ping_status":"open","sticky":false,"template":"","format":"standard","meta":{"footnotes":""},"categories":[9,29,28],"tags":[],"yoast_head":"<!-- This site is optimized with the Yoast SEO plugin v24.5 - https:\/\/yoast.com\/wordpress\/plugins\/seo\/ -->\n<title>Manifestaci\u00f3n de ASAJA a las puertas de la Comisi\u00f3n Europea por el ninguneo del sector agrario y ganadero en la nueva PAC - ASAJA Palencia<\/title>\n<meta name=\"description\" content=\"Una cuantiosa representaci\u00f3n de la Junta Provincial de ASAJA-Palencia se sum\u00f3 ayer a la delegaci\u00f3n de Castilla y Le\u00f3n, de alrededor de un centenar de\" \/>\n<meta name=\"robots\" content=\"index, follow, max-snippet:-1, max-image-preview:large, max-video-preview:-1\" \/>\n<link rel=\"canonical\" href=\"https:\/\/www.asajacyl.com\/palencia\/asaja-palencia-informa\/manifestacion-de-asaja-a-las-puertas-de-la-comision-europea-por-el-ninguneo-del-sector-agrario-y-ganadero-en-la-nueva-pac\" \/>\n<meta property=\"og:locale\" content=\"es_ES\" \/>\n<meta property=\"og:type\" content=\"article\" \/>\n<meta property=\"og:title\" content=\"Manifestaci\u00f3n de ASAJA a las puertas de la Comisi\u00f3n Europea por el ninguneo del sector agrario y ganadero en la nueva PAC - ASAJA Palencia\" \/>\n<meta property=\"og:description\" content=\"Una cuantiosa representaci\u00f3n de la Junta Provincial de ASAJA-Palencia se sum\u00f3 ayer a la delegaci\u00f3n de Castilla y Le\u00f3n, de alrededor de un centenar de\" \/>\n<meta property=\"og:url\" content=\"https:\/\/www.asajacyl.com\/palencia\/asaja-palencia-informa\/manifestacion-de-asaja-a-las-puertas-de-la-comision-europea-por-el-ninguneo-del-sector-agrario-y-ganadero-en-la-nueva-pac\" \/>\n<meta property=\"og:site_name\" content=\"ASAJA Palencia\" \/>\n<meta property=\"article:published_time\" content=\"2022-11-24T08:42:52+00:00\" \/>\n<meta property=\"article:modified_time\" content=\"2022-11-24T08:42:55+00:00\" \/>\n<meta property=\"og:image\" content=\"https:\/\/www.asajacyl.com\/palencia\/wp-content\/uploads\/sites\/3\/2022\/11\/IMG_1129.jpg\" \/>\n\t<meta property=\"og:image:width\" content=\"2500\" \/>\n\t<meta property=\"og:image:height\" content=\"1875\" \/>\n\t<meta property=\"og:image:type\" content=\"image\/jpeg\" \/>\n<meta name=\"author\" content=\"Administrador\" \/>\n<meta name=\"twitter:card\" content=\"summary_large_image\" \/>\n<meta name=\"twitter:label1\" content=\"Escrito por\" \/>\n\t<meta name=\"twitter:data1\" content=\"Administrador\" \/>\n\t<meta name=\"twitter:label2\" content=\"Tiempo de lectura\" \/>\n\t<meta name=\"twitter:data2\" content=\"2 minutos\" \/>\n<script type=\"application\/ld+json\" class=\"yoast-schema-graph\">{\"@context\":\"https:\/\/schema.org\",\"@graph\":[{\"@type\":\"WebPage\",\"@id\":\"https:\/\/www.asajacyl.com\/palencia\/asaja-palencia-informa\/manifestacion-de-asaja-a-las-puertas-de-la-comision-europea-por-el-ninguneo-del-sector-agrario-y-ganadero-en-la-nueva-pac\",\"url\":\"https:\/\/www.asajacyl.com\/palencia\/asaja-palencia-informa\/manifestacion-de-asaja-a-las-puertas-de-la-comision-europea-por-el-ninguneo-del-sector-agrario-y-ganadero-en-la-nueva-pac\",\"name\":\"Manifestaci\u00f3n de ASAJA a las puertas de la Comisi\u00f3n Europea por el ninguneo del sector agrario y ganadero en la nueva PAC - ASAJA Palencia\",\"isPartOf\":{\"@id\":\"https:\/\/www.asajacyl.com\/palencia\/#website\"},\"primaryImageOfPage\":{\"@id\":\"https:\/\/www.asajacyl.com\/palencia\/asaja-palencia-informa\/manifestacion-de-asaja-a-las-puertas-de-la-comision-europea-por-el-ninguneo-del-sector-agrario-y-ganadero-en-la-nueva-pac#primaryimage\"},\"image\":{\"@id\":\"https:\/\/www.asajacyl.com\/palencia\/asaja-palencia-informa\/manifestacion-de-asaja-a-las-puertas-de-la-comision-europea-por-el-ninguneo-del-sector-agrario-y-ganadero-en-la-nueva-pac#primaryimage\"},\"thumbnailUrl\":\"https:\/\/www.asajacyl.com\/palencia\/wp-content\/uploads\/sites\/3\/2022\/11\/IMG_1129.jpg\",\"datePublished\":\"2022-11-24T08:42:52+00:00\",\"dateModified\":\"2022-11-24T08:42:55+00:00\",\"author\":{\"@id\":\"https:\/\/www.asajacyl.com\/palencia\/#\/schema\/person\/3ab17aeb03527485c317557fae64aab1\"},\"description\":\"Una cuantiosa representaci\u00f3n de la Junta Provincial de ASAJA-Palencia se sum\u00f3 ayer a la delegaci\u00f3n de Castilla y Le\u00f3n, de alrededor de un centenar de\",\"breadcrumb\":{\"@id\":\"https:\/\/www.asajacyl.com\/palencia\/asaja-palencia-informa\/manifestacion-de-asaja-a-las-puertas-de-la-comision-europea-por-el-ninguneo-del-sector-agrario-y-ganadero-en-la-nueva-pac#breadcrumb\"},\"inLanguage\":\"es\",\"potentialAction\":[{\"@type\":\"ReadAction\",\"target\":[\"https:\/\/www.asajacyl.com\/palencia\/asaja-palencia-informa\/manifestacion-de-asaja-a-las-puertas-de-la-comision-europea-por-el-ninguneo-del-sector-agrario-y-ganadero-en-la-nueva-pac\"]}]},{\"@type\":\"ImageObject\",\"inLanguage\":\"es\",\"@id\":\"https:\/\/www.asajacyl.com\/palencia\/asaja-palencia-informa\/manifestacion-de-asaja-a-las-puertas-de-la-comision-europea-por-el-ninguneo-del-sector-agrario-y-ganadero-en-la-nueva-pac#primaryimage\",\"url\":\"https:\/\/www.asajacyl.com\/palencia\/wp-content\/uploads\/sites\/3\/2022\/11\/IMG_1129.jpg\",\"contentUrl\":\"https:\/\/www.asajacyl.com\/palencia\/wp-content\/uploads\/sites\/3\/2022\/11\/IMG_1129.jpg\",\"width\":2500,\"height\":1875},{\"@type\":\"BreadcrumbList\",\"@id\":\"https:\/\/www.asajacyl.com\/palencia\/asaja-palencia-informa\/manifestacion-de-asaja-a-las-puertas-de-la-comision-europea-por-el-ninguneo-del-sector-agrario-y-ganadero-en-la-nueva-pac#breadcrumb\",\"itemListElement\":[{\"@type\":\"ListItem\",\"position\":1,\"name\":\"Portada\",\"item\":\"https:\/\/www.asajacyl.com\/palencia\/\"},{\"@type\":\"ListItem\",\"position\":2,\"name\":\"Manifestaci\u00f3n de ASAJA a las puertas de la Comisi\u00f3n Europea por el ninguneo del sector agrario y ganadero en la nueva PAC\"}]},{\"@type\":\"WebSite\",\"@id\":\"https:\/\/www.asajacyl.com\/palencia\/#website\",\"url\":\"https:\/\/www.asajacyl.com\/palencia\/\",\"name\":\"ASAJA Palencia\",\"description\":\"Otro sitio m\u00e1s de Provincias ASAJA Castilla y Le\u00f3n\",\"potentialAction\":[{\"@type\":\"SearchAction\",\"target\":{\"@type\":\"EntryPoint\",\"urlTemplate\":\"https:\/\/www.asajacyl.com\/palencia\/?s={search_term_string}\"},\"query-input\":{\"@type\":\"PropertyValueSpecification\",\"valueRequired\":true,\"valueName\":\"search_term_string\"}}],\"inLanguage\":\"es\"},{\"@type\":\"Person\",\"@id\":\"https:\/\/www.asajacyl.com\/palencia\/#\/schema\/person\/3ab17aeb03527485c317557fae64aab1\",\"name\":\"Administrador\",\"image\":{\"@type\":\"ImageObject\",\"inLanguage\":\"es\",\"@id\":\"https:\/\/www.asajacyl.com\/palencia\/#\/schema\/person\/image\/\",\"url\":\"https:\/\/secure.gravatar.com\/avatar\/517384810d242ca9e38c180f3c9fb973?s=96&d=mm&r=g\",\"contentUrl\":\"https:\/\/secure.gravatar.com\/avatar\/517384810d242ca9e38c180f3c9fb973?s=96&d=mm&r=g\",\"caption\":\"Administrador\"},\"url\":\"https:\/\/www.asajacyl.com\/palencia\/author\/carlosrm\"}]}<\/script>\n<!-- \/ Yoast SEO plugin. -->","yoast_head_json":{"title":"Manifestaci\u00f3n de ASAJA a las puertas de la Comisi\u00f3n Europea por el ninguneo del sector agrario y ganadero en la nueva PAC - ASAJA Palencia","description":"Una cuantiosa representaci\u00f3n de la Junta Provincial de ASAJA-Palencia se sum\u00f3 ayer a la delegaci\u00f3n de Castilla y Le\u00f3n, de alrededor de un centenar de","robots":{"index":"index","follow":"follow","max-snippet":"max-snippet:-1","max-image-preview":"max-image-preview:large","max-video-preview":"max-video-preview:-1"},"canonical":"https:\/\/www.asajacyl.com\/palencia\/asaja-palencia-informa\/manifestacion-de-asaja-a-las-puertas-de-la-comision-europea-por-el-ninguneo-del-sector-agrario-y-ganadero-en-la-nueva-pac","og_locale":"es_ES","og_type":"article","og_title":"Manifestaci\u00f3n de ASAJA a las puertas de la Comisi\u00f3n Europea por el ninguneo del sector agrario y ganadero en la nueva PAC - ASAJA Palencia","og_description":"Una cuantiosa representaci\u00f3n de la Junta Provincial de ASAJA-Palencia se sum\u00f3 ayer a la delegaci\u00f3n de Castilla y Le\u00f3n, de alrededor de un centenar de","og_url":"https:\/\/www.asajacyl.com\/palencia\/asaja-palencia-informa\/manifestacion-de-asaja-a-las-puertas-de-la-comision-europea-por-el-ninguneo-del-sector-agrario-y-ganadero-en-la-nueva-pac","og_site_name":"ASAJA Palencia","article_published_time":"2022-11-24T08:42:52+00:00","article_modified_time":"2022-11-24T08:42:55+00:00","og_image":[{"width":2500,"height":1875,"url":"https:\/\/www.asajacyl.com\/palencia\/wp-content\/uploads\/sites\/3\/2022\/11\/IMG_1129.jpg","type":"image\/jpeg"}],"author":"Administrador","twitter_card":"summary_large_image","twitter_misc":{"Escrito por":"Administrador","Tiempo de lectura":"2 minutos"},"schema":{"@context":"https:\/\/schema.org","@graph":[{"@type":"WebPage","@id":"https:\/\/www.asajacyl.com\/palencia\/asaja-palencia-informa\/manifestacion-de-asaja-a-las-puertas-de-la-comision-europea-por-el-ninguneo-del-sector-agrario-y-ganadero-en-la-nueva-pac","url":"https:\/\/www.asajacyl.com\/palencia\/asaja-palencia-informa\/manifestacion-de-asaja-a-las-puertas-de-la-comision-europea-por-el-ninguneo-del-sector-agrario-y-ganadero-en-la-nueva-pac","name":"Manifestaci\u00f3n de ASAJA a las puertas de la Comisi\u00f3n Europea por el ninguneo del sector agrario y ganadero en la nueva PAC - ASAJA Palencia","isPartOf":{"@id":"https:\/\/www.asajacyl.com\/palencia\/#website"},"primaryImageOfPage":{"@id":"https:\/\/www.asajacyl.com\/palencia\/asaja-palencia-informa\/manifestacion-de-asaja-a-las-puertas-de-la-comision-europea-por-el-ninguneo-del-sector-agrario-y-ganadero-en-la-nueva-pac#primaryimage"},"image":{"@id":"https:\/\/www.asajacyl.com\/palencia\/asaja-palencia-informa\/manifestacion-de-asaja-a-las-puertas-de-la-comision-europea-por-el-ninguneo-del-sector-agrario-y-ganadero-en-la-nueva-pac#primaryimage"},"thumbnailUrl":"https:\/\/www.asajacyl.com\/palencia\/wp-content\/uploads\/sites\/3\/2022\/11\/IMG_1129.jpg","datePublished":"2022-11-24T08:42:52+00:00","dateModified":"2022-11-24T08:42:55+00:00","author":{"@id":"https:\/\/www.asajacyl.com\/palencia\/#\/schema\/person\/3ab17aeb03527485c317557fae64aab1"},"description":"Una cuantiosa representaci\u00f3n de la Junta Provincial de ASAJA-Palencia se sum\u00f3 ayer a la delegaci\u00f3n de Castilla y Le\u00f3n, de alrededor de un centenar de","breadcrumb":{"@id":"https:\/\/www.asajacyl.com\/palencia\/asaja-palencia-informa\/manifestacion-de-asaja-a-las-puertas-de-la-comision-europea-por-el-ninguneo-del-sector-agrario-y-ganadero-en-la-nueva-pac#breadcrumb"},"inLanguage":"es","potentialAction":[{"@type":"ReadAction","target":["https:\/\/www.asajacyl.com\/palencia\/asaja-palencia-informa\/manifestacion-de-asaja-a-las-puertas-de-la-comision-europea-por-el-ninguneo-del-sector-agrario-y-ganadero-en-la-nueva-pac"]}]},{"@type":"ImageObject","inLanguage":"es","@id":"https:\/\/www.asajacyl.com\/palencia\/asaja-palencia-informa\/manifestacion-de-asaja-a-las-puertas-de-la-comision-europea-por-el-ninguneo-del-sector-agrario-y-ganadero-en-la-nueva-pac#primaryimage","url":"https:\/\/www.asajacyl.com\/palencia\/wp-content\/uploads\/sites\/3\/2022\/11\/IMG_1129.jpg","contentUrl":"https:\/\/www.asajacyl.com\/palencia\/wp-content\/uploads\/sites\/3\/2022\/11\/IMG_1129.jpg","width":2500,"height":1875},{"@type":"BreadcrumbList","@id":"https:\/\/www.asajacyl.com\/palencia\/asaja-palencia-informa\/manifestacion-de-asaja-a-las-puertas-de-la-comision-europea-por-el-ninguneo-del-sector-agrario-y-ganadero-en-la-nueva-pac#breadcrumb","itemListElement":[{"@type":"ListItem","position":1,"name":"Portada","item":"https:\/\/www.asajacyl.com\/palencia\/"},{"@type":"ListItem","position":2,"name":"Manifestaci\u00f3n de ASAJA a las puertas de la Comisi\u00f3n Europea por el ninguneo del sector agrario y ganadero en la nueva PAC"}]},{"@type":"WebSite","@id":"https:\/\/www.asajacyl.com\/palencia\/#website","url":"https:\/\/www.asajacyl.com\/palencia\/","name":"ASAJA Palencia","description":"Otro sitio m\u00e1s de Provincias ASAJA Castilla y Le\u00f3n","potentialAction":[{"@type":"SearchAction","target":{"@type":"EntryPoint","urlTemplate":"https:\/\/www.asajacyl.com\/palencia\/?s={search_term_string}"},"query-input":{"@type":"PropertyValueSpecification","valueRequired":true,"valueName":"search_term_string"}}],"inLanguage":"es"},{"@type":"Person","@id":"https:\/\/www.asajacyl.com\/palencia\/#\/schema\/person\/3ab17aeb03527485c317557fae64aab1","name":"Administrador","image":{"@type":"ImageObject","inLanguage":"es","@id":"https:\/\/www.asajacyl.com\/palencia\/#\/schema\/person\/image\/","url":"https:\/\/secure.gravatar.com\/avatar\/517384810d242ca9e38c180f3c9fb973?s=96&d=mm&r=g","contentUrl":"https:\/\/secure.gravatar.com\/avatar\/517384810d242ca9e38c180f3c9fb973?s=96&d=mm&r=g","caption":"Administrador"},"url":"https:\/\/www.asajacyl.com\/palencia\/author\/carlosrm"}]}},"_links":{"self":[{"href":"https:\/\/www.asajacyl.com\/palencia\/wp-json\/wp\/v2\/posts\/11821"}],"collection":[{"href":"https:\/\/www.asajacyl.com\/palencia\/wp-json\/wp\/v2\/posts"}],"about":[{"href":"https:\/\/www.asajacyl.com\/palencia\/wp-json\/wp\/v2\/types\/post"}],"author":[{"embeddable":true,"href":"https:\/\/www.asajacyl.com\/palencia\/wp-json\/wp\/v2\/users\/9"}],"replies":[{"embeddable":true,"href":"https:\/\/www.asajacyl.com\/palencia\/wp-json\/wp\/v2\/comments?post=11821"}],"version-history":[{"count":1,"href":"https:\/\/www.asajacyl.com\/palencia\/wp-json\/wp\/v2\/posts\/11821\/revisions"}],"predecessor-version":[{"id":11823,"href":"https:\/\/www.asajacyl.com\/palencia\/wp-json\/wp\/v2\/posts\/11821\/revisions\/11823"}],"wp:featuredmedia":[{"embeddable":true,"href":"https:\/\/www.asajacyl.com\/palencia\/wp-json\/wp\/v2\/media\/11822"}],"wp:attachment":[{"href":"https:\/\/www.asajacyl.com\/palencia\/wp-json\/wp\/v2\/media?parent=11821"}],"wp:term":[{"taxonomy":"category","embeddable":true,"href":"https:\/\/www.asajacyl.com\/palencia\/wp-json\/wp\/v2\/categories?post=11821"},{"taxonomy":"post_tag","embeddable":true,"href":"https:\/\/www.asajacyl.com\/palencia\/wp-json\/wp\/v2\/tags?post=11821"}],"curies":[{"name":"wp","href":"https:\/\/api.w.org\/{rel}","templated":true}]}}