{"id":11824,"date":"2022-11-24T14:09:00","date_gmt":"2022-11-24T13:09:00","guid":{"rendered":"https:\/\/www.asajacyl.com\/palencia\/?p=11824"},"modified":"2022-11-24T14:12:58","modified_gmt":"2022-11-24T13:12:58","slug":"asaja-valora-que-por-fin-la-consejeria-salde-las-cuentas-prometidas-para-sectores-en-crisis-y-no-cubiertos-hasta-ahora-en-las-ayudas-por-la-guerra-en-ucrania","status":"publish","type":"post","link":"https:\/\/www.asajacyl.com\/palencia\/asaja-palencia-informa\/asaja-valora-que-por-fin-la-consejeria-salde-las-cuentas-prometidas-para-sectores-en-crisis-y-no-cubiertos-hasta-ahora-en-las-ayudas-por-la-guerra-en-ucrania","title":{"rendered":"ASAJA valora que por fin la Consejer\u00eda salde las cuentas prometidas para sectores en crisis y no cubiertos hasta ahora en las ayudas por la guerra en Ucrania"},"content":{"rendered":"\n<p>Con las ayudas aprobadas hoy en Consejo de Gobierno, ASAJA valora que en estas dos \u00faltimas semanas la Consejer\u00eda de Agricultura, Ganader\u00eda y Desarrollo Rural salde por fin las cuentas prometidas con el sector, completando el reparto de cerca de 14 millones de euros a sectores ganaderos y agr\u00edcolas afectados por la subida de costes de producci\u00f3n consecuencia de la guerra en Ucrania.<\/p>\n\n\n\n<p>La partida aprobada hoy va dirigida principalmente a 1.507 titulares de explotaciones agr\u00edcolas con cultivos de remolacha, patata y otros cultivos hort\u00edcolas, regados con aguas subterr\u00e1neas, por un importe de 4.004.382 euros. Tambi\u00e9n se cubre en esta concesi\u00f3n las explotaciones ganaderas de patos y ocas, ocho en total en la comunidad.<\/p>\n\n\n\n<p>ASAJA valora este esfuerzo presupuestario, que complementa las ayudas a vacas nodrizas, vacuno de cebo no procedente de la explotaci\u00f3n, ovino-caprino de carne y leche, cunicultura, avicultura de carne, vacuno de leche y c\u00edtricos ya abonadas, con fondos nacionales y europeos. No obstante, la organizaci\u00f3n agraria recuerda que lo que reciben las explotaciones es un peque\u00f1o apoyo que queda muy lejos de cubrir el sobrecoste que soportan desde hace meses.<\/p>\n\n\n\n<p>La OPA echa a faltar que el apoyo al regad\u00edo hoy aprobado por la Junta no fuera m\u00e1s amplio, para cubrir la totalidad de la superficie regada por sondeo, que es la que soporta los mayores costes energ\u00e9ticos. Tambi\u00e9n deber\u00edan recibir apoyo los agricultores que, aun siendo de regad\u00edo, han visto limitado severamente el recurso este a\u00f1o, puesto que en amplias zonas de la comunidad hubo que dejar de regar casi al principio del ciclo, lo que se ha traducido en reducciones productivas muy importantes.<\/p>\n\n\n\n<p>La organizaci\u00f3n agraria seguir\u00e1 reclamando apoyo para estos agricultores y para cualquier otro sector que se detecte que haya quedado excluido de estos apoyos institucionales, pese a haber sufrido como el resto las consecuencias de esta severa crisis.<\/p>\n\n\n\n<figure class=\"wp-block-table aligncenter is-style-stripes\"><table><tbody><tr><td><strong>TIPO DE BENEFICIARIOS<\/strong><\/td><td class=\"has-text-align-center\" data-align=\"center\"><strong>N\u00daMERO DE BENEFICIARIOS<\/strong><\/td><td class=\"has-text-align-right\" data-align=\"right\"><strong>IMPORTE DE AYUDA (\u20ac)<\/strong><\/td><\/tr><tr><td>VACUNO DE CEBO EN PROPIA EXPLOTACI\u00d3N<\/td><td class=\"has-text-align-center\" data-align=\"center\">3.869<\/td><td class=\"has-text-align-right\" data-align=\"right\">1.387.778<\/td><\/tr><tr><td>AVICULTURA DE PUESTA PARA CONSUMO<\/td><td class=\"has-text-align-center\" data-align=\"center\">80<\/td><td class=\"has-text-align-right\" data-align=\"right\">204.000<\/td><\/tr><tr><td>PAVOS<\/td><td class=\"has-text-align-center\" data-align=\"center\">30<\/td><td class=\"has-text-align-right\" data-align=\"right\">63.210<\/td><\/tr><tr><td>PORCINO &#8211; REPRODUCTORAS<\/td><td class=\"has-text-align-center\" data-align=\"center\">1.347<\/td><td class=\"has-text-align-right\" data-align=\"right\">2.445.271<\/td><\/tr><tr><td>PORCINO &#8211; CEBO<\/td><td class=\"has-text-align-center\" data-align=\"center\">1.884<\/td><td class=\"has-text-align-right\" data-align=\"right\">3.559.515<\/td><\/tr><tr><td>AP\u00cdCOLA<\/td><td class=\"has-text-align-center\" data-align=\"center\">677<\/td><td class=\"has-text-align-right\" data-align=\"right\">2.180.314<\/td><\/tr><tr><td>PATOS Y OCAS<\/td><td class=\"has-text-align-center\" data-align=\"center\">8<\/td><td class=\"has-text-align-right\" data-align=\"right\">35.760<\/td><\/tr><tr><td>RIEGO SUBTERR\u00c1NEO<\/td><td class=\"has-text-align-center\" data-align=\"center\">1507<\/td><td class=\"has-text-align-right\" data-align=\"right\">4.004.382<\/td><\/tr><tr><td>TOTAL<\/td><td class=\"has-text-align-center\" data-align=\"center\">9.402<\/td><td class=\"has-text-align-right\" data-align=\"right\">13.880.230<\/td><\/tr><\/tbody><\/table><\/figure>\n","protected":false},"excerpt":{"rendered":"<p>Con las ayudas aprobadas hoy en Consejo de Gobierno, ASAJA valora que en estas dos \u00faltimas semanas la Consejer\u00eda de Agricultura, Ganader\u00eda y Desarrollo Rural salde por fin las cuentas prometidas con el sector, completando el reparto de cerca de 14 millones de euros a sectores ganaderos y agr\u00edcolas afectados por la subida de costes [&hellip;]<\/p>\n","protected":false},"author":9,"featured_media":10992,"comment_status":"open","ping_status":"open","sticky":false,"template":"","format":"standard","meta":{"footnotes":""},"categories":[9,28],"tags":[],"yoast_head":"<!-- This site is optimized with the Yoast SEO plugin v24.5 - https:\/\/yoast.com\/wordpress\/plugins\/seo\/ -->\n<title>ASAJA valora que por fin la Consejer\u00eda salde las cuentas prometidas para sectores en crisis y no cubiertos hasta ahora en las ayudas por la guerra en Ucrania - ASAJA Palencia<\/title>\n<meta name=\"description\" content=\"Con las ayudas aprobadas hoy en Consejo de Gobierno, ASAJA valora que en estas dos \u00faltimas semanas la Consejer\u00eda de Agricultura, Ganader\u00eda y Desarrollo\" \/>\n<meta name=\"robots\" content=\"index, follow, max-snippet:-1, max-image-preview:large, max-video-preview:-1\" \/>\n<link rel=\"canonical\" href=\"https:\/\/www.asajacyl.com\/palencia\/asaja-palencia-informa\/asaja-valora-que-por-fin-la-consejeria-salde-las-cuentas-prometidas-para-sectores-en-crisis-y-no-cubiertos-hasta-ahora-en-las-ayudas-por-la-guerra-en-ucrania\" \/>\n<meta property=\"og:locale\" content=\"es_ES\" \/>\n<meta property=\"og:type\" content=\"article\" \/>\n<meta property=\"og:title\" content=\"ASAJA valora que por fin la Consejer\u00eda salde las cuentas prometidas para sectores en crisis y no cubiertos hasta ahora en las ayudas por la guerra en Ucrania - ASAJA Palencia\" \/>\n<meta property=\"og:description\" content=\"Con las ayudas aprobadas hoy en Consejo de Gobierno, ASAJA valora que en estas dos \u00faltimas semanas la Consejer\u00eda de Agricultura, Ganader\u00eda y Desarrollo\" \/>\n<meta property=\"og:url\" content=\"https:\/\/www.asajacyl.com\/palencia\/asaja-palencia-informa\/asaja-valora-que-por-fin-la-consejeria-salde-las-cuentas-prometidas-para-sectores-en-crisis-y-no-cubiertos-hasta-ahora-en-las-ayudas-por-la-guerra-en-ucrania\" \/>\n<meta property=\"og:site_name\" content=\"ASAJA Palencia\" \/>\n<meta property=\"article:published_time\" content=\"2022-11-24T13:09:00+00:00\" \/>\n<meta property=\"article:modified_time\" content=\"2022-11-24T13:12:58+00:00\" \/>\n<meta property=\"og:image\" content=\"https:\/\/www.asajacyl.com\/palencia\/wp-content\/uploads\/sites\/3\/2022\/07\/REGADIO-PIVOT.jpg\" \/>\n\t<meta property=\"og:image:width\" content=\"2500\" \/>\n\t<meta property=\"og:image:height\" content=\"1875\" \/>\n\t<meta property=\"og:image:type\" content=\"image\/jpeg\" \/>\n<meta name=\"author\" content=\"Administrador\" \/>\n<meta name=\"twitter:card\" content=\"summary_large_image\" \/>\n<meta name=\"twitter:label1\" content=\"Escrito por\" \/>\n\t<meta name=\"twitter:data1\" content=\"Administrador\" \/>\n\t<meta name=\"twitter:label2\" content=\"Tiempo de lectura\" \/>\n\t<meta name=\"twitter:data2\" content=\"2 minutos\" \/>\n<script type=\"application\/ld+json\" class=\"yoast-schema-graph\">{\"@context\":\"https:\/\/schema.org\",\"@graph\":[{\"@type\":\"WebPage\",\"@id\":\"https:\/\/www.asajacyl.com\/palencia\/asaja-palencia-informa\/asaja-valora-que-por-fin-la-consejeria-salde-las-cuentas-prometidas-para-sectores-en-crisis-y-no-cubiertos-hasta-ahora-en-las-ayudas-por-la-guerra-en-ucrania\",\"url\":\"https:\/\/www.asajacyl.com\/palencia\/asaja-palencia-informa\/asaja-valora-que-por-fin-la-consejeria-salde-las-cuentas-prometidas-para-sectores-en-crisis-y-no-cubiertos-hasta-ahora-en-las-ayudas-por-la-guerra-en-ucrania\",\"name\":\"ASAJA valora que por fin la Consejer\u00eda salde las cuentas prometidas para sectores en crisis y no cubiertos hasta ahora en las ayudas por la guerra en Ucrania - ASAJA Palencia\",\"isPartOf\":{\"@id\":\"https:\/\/www.asajacyl.com\/palencia\/#website\"},\"primaryImageOfPage\":{\"@id\":\"https:\/\/www.asajacyl.com\/palencia\/asaja-palencia-informa\/asaja-valora-que-por-fin-la-consejeria-salde-las-cuentas-prometidas-para-sectores-en-crisis-y-no-cubiertos-hasta-ahora-en-las-ayudas-por-la-guerra-en-ucrania#primaryimage\"},\"image\":{\"@id\":\"https:\/\/www.asajacyl.com\/palencia\/asaja-palencia-informa\/asaja-valora-que-por-fin-la-consejeria-salde-las-cuentas-prometidas-para-sectores-en-crisis-y-no-cubiertos-hasta-ahora-en-las-ayudas-por-la-guerra-en-ucrania#primaryimage\"},\"thumbnailUrl\":\"https:\/\/www.asajacyl.com\/palencia\/wp-content\/uploads\/sites\/3\/2022\/07\/REGADIO-PIVOT.jpg\",\"datePublished\":\"2022-11-24T13:09:00+00:00\",\"dateModified\":\"2022-11-24T13:12:58+00:00\",\"author\":{\"@id\":\"https:\/\/www.asajacyl.com\/palencia\/#\/schema\/person\/3ab17aeb03527485c317557fae64aab1\"},\"description\":\"Con las ayudas aprobadas hoy en Consejo de Gobierno, ASAJA valora que en estas dos \u00faltimas semanas la Consejer\u00eda de Agricultura, Ganader\u00eda y Desarrollo\",\"breadcrumb\":{\"@id\":\"https:\/\/www.asajacyl.com\/palencia\/asaja-palencia-informa\/asaja-valora-que-por-fin-la-consejeria-salde-las-cuentas-prometidas-para-sectores-en-crisis-y-no-cubiertos-hasta-ahora-en-las-ayudas-por-la-guerra-en-ucrania#breadcrumb\"},\"inLanguage\":\"es\",\"potentialAction\":[{\"@type\":\"ReadAction\",\"target\":[\"https:\/\/www.asajacyl.com\/palencia\/asaja-palencia-informa\/asaja-valora-que-por-fin-la-consejeria-salde-las-cuentas-prometidas-para-sectores-en-crisis-y-no-cubiertos-hasta-ahora-en-las-ayudas-por-la-guerra-en-ucrania\"]}]},{\"@type\":\"ImageObject\",\"inLanguage\":\"es\",\"@id\":\"https:\/\/www.asajacyl.com\/palencia\/asaja-palencia-informa\/asaja-valora-que-por-fin-la-consejeria-salde-las-cuentas-prometidas-para-sectores-en-crisis-y-no-cubiertos-hasta-ahora-en-las-ayudas-por-la-guerra-en-ucrania#primaryimage\",\"url\":\"https:\/\/www.asajacyl.com\/palencia\/wp-content\/uploads\/sites\/3\/2022\/07\/REGADIO-PIVOT.jpg\",\"contentUrl\":\"https:\/\/www.asajacyl.com\/palencia\/wp-content\/uploads\/sites\/3\/2022\/07\/REGADIO-PIVOT.jpg\",\"width\":2500,\"height\":1875},{\"@type\":\"BreadcrumbList\",\"@id\":\"https:\/\/www.asajacyl.com\/palencia\/asaja-palencia-informa\/asaja-valora-que-por-fin-la-consejeria-salde-las-cuentas-prometidas-para-sectores-en-crisis-y-no-cubiertos-hasta-ahora-en-las-ayudas-por-la-guerra-en-ucrania#breadcrumb\",\"itemListElement\":[{\"@type\":\"ListItem\",\"position\":1,\"name\":\"Portada\",\"item\":\"https:\/\/www.asajacyl.com\/palencia\/\"},{\"@type\":\"ListItem\",\"position\":2,\"name\":\"ASAJA valora que por fin la Consejer\u00eda salde las cuentas prometidas para sectores en crisis y no cubiertos hasta ahora en las ayudas por la guerra en Ucrania\"}]},{\"@type\":\"WebSite\",\"@id\":\"https:\/\/www.asajacyl.com\/palencia\/#website\",\"url\":\"https:\/\/www.asajacyl.com\/palencia\/\",\"name\":\"ASAJA Palencia\",\"description\":\"Otro sitio m\u00e1s de Provincias ASAJA Castilla y Le\u00f3n\",\"potentialAction\":[{\"@type\":\"SearchAction\",\"target\":{\"@type\":\"EntryPoint\",\"urlTemplate\":\"https:\/\/www.asajacyl.com\/palencia\/?s={search_term_string}\"},\"query-input\":{\"@type\":\"PropertyValueSpecification\",\"valueRequired\":true,\"valueName\":\"search_term_string\"}}],\"inLanguage\":\"es\"},{\"@type\":\"Person\",\"@id\":\"https:\/\/www.asajacyl.com\/palencia\/#\/schema\/person\/3ab17aeb03527485c317557fae64aab1\",\"name\":\"Administrador\",\"image\":{\"@type\":\"ImageObject\",\"inLanguage\":\"es\",\"@id\":\"https:\/\/www.asajacyl.com\/palencia\/#\/schema\/person\/image\/\",\"url\":\"https:\/\/secure.gravatar.com\/avatar\/517384810d242ca9e38c180f3c9fb973?s=96&d=mm&r=g\",\"contentUrl\":\"https:\/\/secure.gravatar.com\/avatar\/517384810d242ca9e38c180f3c9fb973?s=96&d=mm&r=g\",\"caption\":\"Administrador\"},\"url\":\"https:\/\/www.asajacyl.com\/palencia\/author\/carlosrm\"}]}<\/script>\n<!-- \/ Yoast SEO plugin. -->","yoast_head_json":{"title":"ASAJA valora que por fin la Consejer\u00eda salde las cuentas prometidas para sectores en crisis y no cubiertos hasta ahora en las ayudas por la guerra en Ucrania - ASAJA Palencia","description":"Con las ayudas aprobadas hoy en Consejo de Gobierno, ASAJA valora que en estas dos \u00faltimas semanas la Consejer\u00eda de Agricultura, Ganader\u00eda y Desarrollo","robots":{"index":"index","follow":"follow","max-snippet":"max-snippet:-1","max-image-preview":"max-image-preview:large","max-video-preview":"max-video-preview:-1"},"canonical":"https:\/\/www.asajacyl.com\/palencia\/asaja-palencia-informa\/asaja-valora-que-por-fin-la-consejeria-salde-las-cuentas-prometidas-para-sectores-en-crisis-y-no-cubiertos-hasta-ahora-en-las-ayudas-por-la-guerra-en-ucrania","og_locale":"es_ES","og_type":"article","og_title":"ASAJA valora que por fin la Consejer\u00eda salde las cuentas prometidas para sectores en crisis y no cubiertos hasta ahora en las ayudas por la guerra en Ucrania - ASAJA Palencia","og_description":"Con las ayudas aprobadas hoy en Consejo de Gobierno, ASAJA valora que en estas dos \u00faltimas semanas la Consejer\u00eda de Agricultura, Ganader\u00eda y Desarrollo","og_url":"https:\/\/www.asajacyl.com\/palencia\/asaja-palencia-informa\/asaja-valora-que-por-fin-la-consejeria-salde-las-cuentas-prometidas-para-sectores-en-crisis-y-no-cubiertos-hasta-ahora-en-las-ayudas-por-la-guerra-en-ucrania","og_site_name":"ASAJA Palencia","article_published_time":"2022-11-24T13:09:00+00:00","article_modified_time":"2022-11-24T13:12:58+00:00","og_image":[{"width":2500,"height":1875,"url":"https:\/\/www.asajacyl.com\/palencia\/wp-content\/uploads\/sites\/3\/2022\/07\/REGADIO-PIVOT.jpg","type":"image\/jpeg"}],"author":"Administrador","twitter_card":"summary_large_image","twitter_misc":{"Escrito por":"Administrador","Tiempo de lectura":"2 minutos"},"schema":{"@context":"https:\/\/schema.org","@graph":[{"@type":"WebPage","@id":"https:\/\/www.asajacyl.com\/palencia\/asaja-palencia-informa\/asaja-valora-que-por-fin-la-consejeria-salde-las-cuentas-prometidas-para-sectores-en-crisis-y-no-cubiertos-hasta-ahora-en-las-ayudas-por-la-guerra-en-ucrania","url":"https:\/\/www.asajacyl.com\/palencia\/asaja-palencia-informa\/asaja-valora-que-por-fin-la-consejeria-salde-las-cuentas-prometidas-para-sectores-en-crisis-y-no-cubiertos-hasta-ahora-en-las-ayudas-por-la-guerra-en-ucrania","name":"ASAJA valora que por fin la Consejer\u00eda salde las cuentas prometidas para sectores en crisis y no cubiertos hasta ahora en las ayudas por la guerra en Ucrania - ASAJA Palencia","isPartOf":{"@id":"https:\/\/www.asajacyl.com\/palencia\/#website"},"primaryImageOfPage":{"@id":"https:\/\/www.asajacyl.com\/palencia\/asaja-palencia-informa\/asaja-valora-que-por-fin-la-consejeria-salde-las-cuentas-prometidas-para-sectores-en-crisis-y-no-cubiertos-hasta-ahora-en-las-ayudas-por-la-guerra-en-ucrania#primaryimage"},"image":{"@id":"https:\/\/www.asajacyl.com\/palencia\/asaja-palencia-informa\/asaja-valora-que-por-fin-la-consejeria-salde-las-cuentas-prometidas-para-sectores-en-crisis-y-no-cubiertos-hasta-ahora-en-las-ayudas-por-la-guerra-en-ucrania#primaryimage"},"thumbnailUrl":"https:\/\/www.asajacyl.com\/palencia\/wp-content\/uploads\/sites\/3\/2022\/07\/REGADIO-PIVOT.jpg","datePublished":"2022-11-24T13:09:00+00:00","dateModified":"2022-11-24T13:12:58+00:00","author":{"@id":"https:\/\/www.asajacyl.com\/palencia\/#\/schema\/person\/3ab17aeb03527485c317557fae64aab1"},"description":"Con las ayudas aprobadas hoy en Consejo de Gobierno, ASAJA valora que en estas dos \u00faltimas semanas la Consejer\u00eda de Agricultura, Ganader\u00eda y Desarrollo","breadcrumb":{"@id":"https:\/\/www.asajacyl.com\/palencia\/asaja-palencia-informa\/asaja-valora-que-por-fin-la-consejeria-salde-las-cuentas-prometidas-para-sectores-en-crisis-y-no-cubiertos-hasta-ahora-en-las-ayudas-por-la-guerra-en-ucrania#breadcrumb"},"inLanguage":"es","potentialAction":[{"@type":"ReadAction","target":["https:\/\/www.asajacyl.com\/palencia\/asaja-palencia-informa\/asaja-valora-que-por-fin-la-consejeria-salde-las-cuentas-prometidas-para-sectores-en-crisis-y-no-cubiertos-hasta-ahora-en-las-ayudas-por-la-guerra-en-ucrania"]}]},{"@type":"ImageObject","inLanguage":"es","@id":"https:\/\/www.asajacyl.com\/palencia\/asaja-palencia-informa\/asaja-valora-que-por-fin-la-consejeria-salde-las-cuentas-prometidas-para-sectores-en-crisis-y-no-cubiertos-hasta-ahora-en-las-ayudas-por-la-guerra-en-ucrania#primaryimage","url":"https:\/\/www.asajacyl.com\/palencia\/wp-content\/uploads\/sites\/3\/2022\/07\/REGADIO-PIVOT.jpg","contentUrl":"https:\/\/www.asajacyl.com\/palencia\/wp-content\/uploads\/sites\/3\/2022\/07\/REGADIO-PIVOT.jpg","width":2500,"height":1875},{"@type":"BreadcrumbList","@id":"https:\/\/www.asajacyl.com\/palencia\/asaja-palencia-informa\/asaja-valora-que-por-fin-la-consejeria-salde-las-cuentas-prometidas-para-sectores-en-crisis-y-no-cubiertos-hasta-ahora-en-las-ayudas-por-la-guerra-en-ucrania#breadcrumb","itemListElement":[{"@type":"ListItem","position":1,"name":"Portada","item":"https:\/\/www.asajacyl.com\/palencia\/"},{"@type":"ListItem","position":2,"name":"ASAJA valora que por fin la Consejer\u00eda salde las cuentas prometidas para sectores en crisis y no cubiertos hasta ahora en las ayudas por la guerra en Ucrania"}]},{"@type":"WebSite","@id":"https:\/\/www.asajacyl.com\/palencia\/#website","url":"https:\/\/www.asajacyl.com\/palencia\/","name":"ASAJA Palencia","description":"Otro sitio m\u00e1s de Provincias ASAJA Castilla y Le\u00f3n","potentialAction":[{"@type":"SearchAction","target":{"@type":"EntryPoint","urlTemplate":"https:\/\/www.asajacyl.com\/palencia\/?s={search_term_string}"},"query-input":{"@type":"PropertyValueSpecification","valueRequired":true,"valueName":"search_term_string"}}],"inLanguage":"es"},{"@type":"Person","@id":"https:\/\/www.asajacyl.com\/palencia\/#\/schema\/person\/3ab17aeb03527485c317557fae64aab1","name":"Administrador","image":{"@type":"ImageObject","inLanguage":"es","@id":"https:\/\/www.asajacyl.com\/palencia\/#\/schema\/person\/image\/","url":"https:\/\/secure.gravatar.com\/avatar\/517384810d242ca9e38c180f3c9fb973?s=96&d=mm&r=g","contentUrl":"https:\/\/secure.gravatar.com\/avatar\/517384810d242ca9e38c180f3c9fb973?s=96&d=mm&r=g","caption":"Administrador"},"url":"https:\/\/www.asajacyl.com\/palencia\/author\/carlosrm"}]}},"_links":{"self":[{"href":"https:\/\/www.asajacyl.com\/palencia\/wp-json\/wp\/v2\/posts\/11824"}],"collection":[{"href":"https:\/\/www.asajacyl.com\/palencia\/wp-json\/wp\/v2\/posts"}],"about":[{"href":"https:\/\/www.asajacyl.com\/palencia\/wp-json\/wp\/v2\/types\/post"}],"author":[{"embeddable":true,"href":"https:\/\/www.asajacyl.com\/palencia\/wp-json\/wp\/v2\/users\/9"}],"replies":[{"embeddable":true,"href":"https:\/\/www.asajacyl.com\/palencia\/wp-json\/wp\/v2\/comments?post=11824"}],"version-history":[{"count":2,"href":"https:\/\/www.asajacyl.com\/palencia\/wp-json\/wp\/v2\/posts\/11824\/revisions"}],"predecessor-version":[{"id":11829,"href":"https:\/\/www.asajacyl.com\/palencia\/wp-json\/wp\/v2\/posts\/11824\/revisions\/11829"}],"wp:featuredmedia":[{"embeddable":true,"href":"https:\/\/www.asajacyl.com\/palencia\/wp-json\/wp\/v2\/media\/10992"}],"wp:attachment":[{"href":"https:\/\/www.asajacyl.com\/palencia\/wp-json\/wp\/v2\/media?parent=11824"}],"wp:term":[{"taxonomy":"category","embeddable":true,"href":"https:\/\/www.asajacyl.com\/palencia\/wp-json\/wp\/v2\/categories?post=11824"},{"taxonomy":"post_tag","embeddable":true,"href":"https:\/\/www.asajacyl.com\/palencia\/wp-json\/wp\/v2\/tags?post=11824"}],"curies":[{"name":"wp","href":"https:\/\/api.w.org\/{rel}","templated":true}]}}