{"id":11840,"date":"2022-12-06T09:22:04","date_gmt":"2022-12-06T08:22:04","guid":{"rendered":"https:\/\/www.asajacyl.com\/palencia\/?p=11840"},"modified":"2022-12-02T10:24:53","modified_gmt":"2022-12-02T09:24:53","slug":"sobre-el-resultado-de-la-votacion-en-el-pleno-de-la-resolucion-conjunta-sobre-los-grandes-carnivoros","status":"publish","type":"post","link":"https:\/\/www.asajacyl.com\/palencia\/asaja-palencia-informa\/sobre-el-resultado-de-la-votacion-en-el-pleno-de-la-resolucion-conjunta-sobre-los-grandes-carnivoros","title":{"rendered":"Sobre el resultado de la votaci\u00f3n en el Pleno de la resoluci\u00f3n conjunta sobre los grandes carn\u00edvoros"},"content":{"rendered":"\n<p>El Copa y la Cogeca acogen con satisfacci\u00f3n la conclusi\u00f3n de un a\u00f1o de debate sobre el tema de los grandes carn\u00edvoros en el Parlamento Europeo. La resoluci\u00f3n conjunta votada hoy con una s\u00f3lida mayor\u00eda (306 votos a favor y 225 en contra) ha reunido muchos puntos de vista opuestos para debatir genuinamente el tema y llevar el tema a las otras instituciones de la UE para que act\u00faen al respecto.<\/p>\n\n\n\n<p>El Copa y la Cogeca respaldan el mensaje claro y f\u00e1ctico enviado hoy por los eurodiputados: las grandes poblaciones de carn\u00edvoros han experimentado un aumento sin precedentes en los \u00faltimos a\u00f1os y podr\u00edan crecer exponencialmente en los pr\u00f3ximos a\u00f1os. Se debe implementar un nuevo enfoque para la gesti\u00f3n de la poblaci\u00f3n porque el marco actual es obsoleto e inadecuado. Con m\u00e1s y m\u00e1s tragedias ocurriendo en nuestro campo como resultado de esta presi\u00f3n, \u00a1es urgente actuar ahora! Los Estados miembros deben abordar el tema con rapidez, y la Comisi\u00f3n Europea, a trav\u00e9s de la DG ENVI (Direcci\u00f3n General de Medio Ambiente), debe dejar de ser dogm\u00e1tica y proponer soluciones concretas sobre la gesti\u00f3n de la poblaci\u00f3n.<\/p>\n\n\n\n<p>El Copa y la Cogeca ven las enmiendas que respaldan la inclusi\u00f3n del art\u00edculo 19 de la Directiva de H\u00e1bitats como un paso en la direcci\u00f3n correcta y una indicaci\u00f3n de que es una parte esencial del camino hacia el cambio. Del mismo modo, el llamado a una evaluaci\u00f3n regular y actualizada del estado de conservaci\u00f3n de nuestras especies protegidas muestra apoyo a la coexistencia entre el hombre y la bestia, pero que es m\u00e1s consciente de los impactos de cada uno sobre el otro que en el pasado. Es esencial que se incluya un elemento legal concreto para avanzar hacia la gesti\u00f3n sostenible de las grandes poblaciones de carn\u00edvoros en Europa.<\/p>\n\n\n\n<p>El Copa y la Cogeca siguen abiertos a trabajar junto con las instituciones de la UE a medida que avanzamos; se ha trabajado mucho, pero queda mucho m\u00e1s por hacer para lograr el equilibrio adecuado.<\/p>\n","protected":false},"excerpt":{"rendered":"<p>El Copa y la Cogeca acogen con satisfacci\u00f3n la conclusi\u00f3n de un a\u00f1o de debate sobre el tema de los grandes carn\u00edvoros en el Parlamento Europeo. La resoluci\u00f3n conjunta votada hoy con una s\u00f3lida mayor\u00eda (306 votos a favor y 225 en contra) ha reunido muchos puntos de vista opuestos para debatir genuinamente el tema [&hellip;]<\/p>\n","protected":false},"author":9,"featured_media":8194,"comment_status":"open","ping_status":"open","sticky":false,"template":"","format":"standard","meta":{"footnotes":""},"categories":[9,29,28],"tags":[],"yoast_head":"<!-- This site is optimized with the Yoast SEO plugin v24.5 - https:\/\/yoast.com\/wordpress\/plugins\/seo\/ -->\n<title>Sobre el resultado de la votaci\u00f3n en el Pleno de la resoluci\u00f3n conjunta sobre los grandes carn\u00edvoros - ASAJA Palencia<\/title>\n<meta name=\"description\" content=\"El Copa y la Cogeca acogen con satisfacci\u00f3n la conclusi\u00f3n de un a\u00f1o de debate sobre el tema de los grandes carn\u00edvoros en el Parlamento Europeo. La\" \/>\n<meta name=\"robots\" content=\"index, follow, max-snippet:-1, max-image-preview:large, max-video-preview:-1\" \/>\n<link rel=\"canonical\" href=\"https:\/\/www.asajacyl.com\/palencia\/asaja-palencia-informa\/sobre-el-resultado-de-la-votacion-en-el-pleno-de-la-resolucion-conjunta-sobre-los-grandes-carnivoros\" \/>\n<meta property=\"og:locale\" content=\"es_ES\" \/>\n<meta property=\"og:type\" content=\"article\" \/>\n<meta property=\"og:title\" content=\"Sobre el resultado de la votaci\u00f3n en el Pleno de la resoluci\u00f3n conjunta sobre los grandes carn\u00edvoros - ASAJA Palencia\" \/>\n<meta property=\"og:description\" content=\"El Copa y la Cogeca acogen con satisfacci\u00f3n la conclusi\u00f3n de un a\u00f1o de debate sobre el tema de los grandes carn\u00edvoros en el Parlamento Europeo. La\" \/>\n<meta property=\"og:url\" content=\"https:\/\/www.asajacyl.com\/palencia\/asaja-palencia-informa\/sobre-el-resultado-de-la-votacion-en-el-pleno-de-la-resolucion-conjunta-sobre-los-grandes-carnivoros\" \/>\n<meta property=\"og:site_name\" content=\"ASAJA Palencia\" \/>\n<meta property=\"article:published_time\" content=\"2022-12-06T08:22:04+00:00\" \/>\n<meta property=\"og:image\" content=\"https:\/\/www.asajacyl.com\/palencia\/wp-content\/uploads\/sites\/3\/2021\/04\/COPACOGECA.jpg\" \/>\n\t<meta property=\"og:image:width\" content=\"1280\" \/>\n\t<meta property=\"og:image:height\" content=\"693\" \/>\n\t<meta property=\"og:image:type\" content=\"image\/jpeg\" \/>\n<meta name=\"author\" content=\"Administrador\" \/>\n<meta name=\"twitter:card\" content=\"summary_large_image\" \/>\n<meta name=\"twitter:label1\" content=\"Escrito por\" \/>\n\t<meta name=\"twitter:data1\" content=\"Administrador\" \/>\n\t<meta name=\"twitter:label2\" content=\"Tiempo de lectura\" \/>\n\t<meta name=\"twitter:data2\" content=\"2 minutos\" \/>\n<script type=\"application\/ld+json\" class=\"yoast-schema-graph\">{\"@context\":\"https:\/\/schema.org\",\"@graph\":[{\"@type\":\"WebPage\",\"@id\":\"https:\/\/www.asajacyl.com\/palencia\/asaja-palencia-informa\/sobre-el-resultado-de-la-votacion-en-el-pleno-de-la-resolucion-conjunta-sobre-los-grandes-carnivoros\",\"url\":\"https:\/\/www.asajacyl.com\/palencia\/asaja-palencia-informa\/sobre-el-resultado-de-la-votacion-en-el-pleno-de-la-resolucion-conjunta-sobre-los-grandes-carnivoros\",\"name\":\"Sobre el resultado de la votaci\u00f3n en el Pleno de la resoluci\u00f3n conjunta sobre los grandes carn\u00edvoros - ASAJA Palencia\",\"isPartOf\":{\"@id\":\"https:\/\/www.asajacyl.com\/palencia\/#website\"},\"primaryImageOfPage\":{\"@id\":\"https:\/\/www.asajacyl.com\/palencia\/asaja-palencia-informa\/sobre-el-resultado-de-la-votacion-en-el-pleno-de-la-resolucion-conjunta-sobre-los-grandes-carnivoros#primaryimage\"},\"image\":{\"@id\":\"https:\/\/www.asajacyl.com\/palencia\/asaja-palencia-informa\/sobre-el-resultado-de-la-votacion-en-el-pleno-de-la-resolucion-conjunta-sobre-los-grandes-carnivoros#primaryimage\"},\"thumbnailUrl\":\"https:\/\/www.asajacyl.com\/palencia\/wp-content\/uploads\/sites\/3\/2021\/04\/COPACOGECA.jpg\",\"datePublished\":\"2022-12-06T08:22:04+00:00\",\"author\":{\"@id\":\"https:\/\/www.asajacyl.com\/palencia\/#\/schema\/person\/3ab17aeb03527485c317557fae64aab1\"},\"description\":\"El Copa y la Cogeca acogen con satisfacci\u00f3n la conclusi\u00f3n de un a\u00f1o de debate sobre el tema de los grandes carn\u00edvoros en el Parlamento Europeo. La\",\"breadcrumb\":{\"@id\":\"https:\/\/www.asajacyl.com\/palencia\/asaja-palencia-informa\/sobre-el-resultado-de-la-votacion-en-el-pleno-de-la-resolucion-conjunta-sobre-los-grandes-carnivoros#breadcrumb\"},\"inLanguage\":\"es\",\"potentialAction\":[{\"@type\":\"ReadAction\",\"target\":[\"https:\/\/www.asajacyl.com\/palencia\/asaja-palencia-informa\/sobre-el-resultado-de-la-votacion-en-el-pleno-de-la-resolucion-conjunta-sobre-los-grandes-carnivoros\"]}]},{\"@type\":\"ImageObject\",\"inLanguage\":\"es\",\"@id\":\"https:\/\/www.asajacyl.com\/palencia\/asaja-palencia-informa\/sobre-el-resultado-de-la-votacion-en-el-pleno-de-la-resolucion-conjunta-sobre-los-grandes-carnivoros#primaryimage\",\"url\":\"https:\/\/www.asajacyl.com\/palencia\/wp-content\/uploads\/sites\/3\/2021\/04\/COPACOGECA.jpg\",\"contentUrl\":\"https:\/\/www.asajacyl.com\/palencia\/wp-content\/uploads\/sites\/3\/2021\/04\/COPACOGECA.jpg\",\"width\":1280,\"height\":693},{\"@type\":\"BreadcrumbList\",\"@id\":\"https:\/\/www.asajacyl.com\/palencia\/asaja-palencia-informa\/sobre-el-resultado-de-la-votacion-en-el-pleno-de-la-resolucion-conjunta-sobre-los-grandes-carnivoros#breadcrumb\",\"itemListElement\":[{\"@type\":\"ListItem\",\"position\":1,\"name\":\"Portada\",\"item\":\"https:\/\/www.asajacyl.com\/palencia\/\"},{\"@type\":\"ListItem\",\"position\":2,\"name\":\"Sobre el resultado de la votaci\u00f3n en el Pleno de la resoluci\u00f3n conjunta sobre los grandes carn\u00edvoros\"}]},{\"@type\":\"WebSite\",\"@id\":\"https:\/\/www.asajacyl.com\/palencia\/#website\",\"url\":\"https:\/\/www.asajacyl.com\/palencia\/\",\"name\":\"ASAJA Palencia\",\"description\":\"Otro sitio m\u00e1s de Provincias ASAJA Castilla y Le\u00f3n\",\"potentialAction\":[{\"@type\":\"SearchAction\",\"target\":{\"@type\":\"EntryPoint\",\"urlTemplate\":\"https:\/\/www.asajacyl.com\/palencia\/?s={search_term_string}\"},\"query-input\":{\"@type\":\"PropertyValueSpecification\",\"valueRequired\":true,\"valueName\":\"search_term_string\"}}],\"inLanguage\":\"es\"},{\"@type\":\"Person\",\"@id\":\"https:\/\/www.asajacyl.com\/palencia\/#\/schema\/person\/3ab17aeb03527485c317557fae64aab1\",\"name\":\"Administrador\",\"image\":{\"@type\":\"ImageObject\",\"inLanguage\":\"es\",\"@id\":\"https:\/\/www.asajacyl.com\/palencia\/#\/schema\/person\/image\/\",\"url\":\"https:\/\/secure.gravatar.com\/avatar\/517384810d242ca9e38c180f3c9fb973?s=96&d=mm&r=g\",\"contentUrl\":\"https:\/\/secure.gravatar.com\/avatar\/517384810d242ca9e38c180f3c9fb973?s=96&d=mm&r=g\",\"caption\":\"Administrador\"},\"url\":\"https:\/\/www.asajacyl.com\/palencia\/author\/carlosrm\"}]}<\/script>\n<!-- \/ Yoast SEO plugin. -->","yoast_head_json":{"title":"Sobre el resultado de la votaci\u00f3n en el Pleno de la resoluci\u00f3n conjunta sobre los grandes carn\u00edvoros - ASAJA Palencia","description":"El Copa y la Cogeca acogen con satisfacci\u00f3n la conclusi\u00f3n de un a\u00f1o de debate sobre el tema de los grandes carn\u00edvoros en el Parlamento Europeo. La","robots":{"index":"index","follow":"follow","max-snippet":"max-snippet:-1","max-image-preview":"max-image-preview:large","max-video-preview":"max-video-preview:-1"},"canonical":"https:\/\/www.asajacyl.com\/palencia\/asaja-palencia-informa\/sobre-el-resultado-de-la-votacion-en-el-pleno-de-la-resolucion-conjunta-sobre-los-grandes-carnivoros","og_locale":"es_ES","og_type":"article","og_title":"Sobre el resultado de la votaci\u00f3n en el Pleno de la resoluci\u00f3n conjunta sobre los grandes carn\u00edvoros - ASAJA Palencia","og_description":"El Copa y la Cogeca acogen con satisfacci\u00f3n la conclusi\u00f3n de un a\u00f1o de debate sobre el tema de los grandes carn\u00edvoros en el Parlamento Europeo. La","og_url":"https:\/\/www.asajacyl.com\/palencia\/asaja-palencia-informa\/sobre-el-resultado-de-la-votacion-en-el-pleno-de-la-resolucion-conjunta-sobre-los-grandes-carnivoros","og_site_name":"ASAJA Palencia","article_published_time":"2022-12-06T08:22:04+00:00","og_image":[{"width":1280,"height":693,"url":"https:\/\/www.asajacyl.com\/palencia\/wp-content\/uploads\/sites\/3\/2021\/04\/COPACOGECA.jpg","type":"image\/jpeg"}],"author":"Administrador","twitter_card":"summary_large_image","twitter_misc":{"Escrito por":"Administrador","Tiempo de lectura":"2 minutos"},"schema":{"@context":"https:\/\/schema.org","@graph":[{"@type":"WebPage","@id":"https:\/\/www.asajacyl.com\/palencia\/asaja-palencia-informa\/sobre-el-resultado-de-la-votacion-en-el-pleno-de-la-resolucion-conjunta-sobre-los-grandes-carnivoros","url":"https:\/\/www.asajacyl.com\/palencia\/asaja-palencia-informa\/sobre-el-resultado-de-la-votacion-en-el-pleno-de-la-resolucion-conjunta-sobre-los-grandes-carnivoros","name":"Sobre el resultado de la votaci\u00f3n en el Pleno de la resoluci\u00f3n conjunta sobre los grandes carn\u00edvoros - ASAJA Palencia","isPartOf":{"@id":"https:\/\/www.asajacyl.com\/palencia\/#website"},"primaryImageOfPage":{"@id":"https:\/\/www.asajacyl.com\/palencia\/asaja-palencia-informa\/sobre-el-resultado-de-la-votacion-en-el-pleno-de-la-resolucion-conjunta-sobre-los-grandes-carnivoros#primaryimage"},"image":{"@id":"https:\/\/www.asajacyl.com\/palencia\/asaja-palencia-informa\/sobre-el-resultado-de-la-votacion-en-el-pleno-de-la-resolucion-conjunta-sobre-los-grandes-carnivoros#primaryimage"},"thumbnailUrl":"https:\/\/www.asajacyl.com\/palencia\/wp-content\/uploads\/sites\/3\/2021\/04\/COPACOGECA.jpg","datePublished":"2022-12-06T08:22:04+00:00","author":{"@id":"https:\/\/www.asajacyl.com\/palencia\/#\/schema\/person\/3ab17aeb03527485c317557fae64aab1"},"description":"El Copa y la Cogeca acogen con satisfacci\u00f3n la conclusi\u00f3n de un a\u00f1o de debate sobre el tema de los grandes carn\u00edvoros en el Parlamento Europeo. La","breadcrumb":{"@id":"https:\/\/www.asajacyl.com\/palencia\/asaja-palencia-informa\/sobre-el-resultado-de-la-votacion-en-el-pleno-de-la-resolucion-conjunta-sobre-los-grandes-carnivoros#breadcrumb"},"inLanguage":"es","potentialAction":[{"@type":"ReadAction","target":["https:\/\/www.asajacyl.com\/palencia\/asaja-palencia-informa\/sobre-el-resultado-de-la-votacion-en-el-pleno-de-la-resolucion-conjunta-sobre-los-grandes-carnivoros"]}]},{"@type":"ImageObject","inLanguage":"es","@id":"https:\/\/www.asajacyl.com\/palencia\/asaja-palencia-informa\/sobre-el-resultado-de-la-votacion-en-el-pleno-de-la-resolucion-conjunta-sobre-los-grandes-carnivoros#primaryimage","url":"https:\/\/www.asajacyl.com\/palencia\/wp-content\/uploads\/sites\/3\/2021\/04\/COPACOGECA.jpg","contentUrl":"https:\/\/www.asajacyl.com\/palencia\/wp-content\/uploads\/sites\/3\/2021\/04\/COPACOGECA.jpg","width":1280,"height":693},{"@type":"BreadcrumbList","@id":"https:\/\/www.asajacyl.com\/palencia\/asaja-palencia-informa\/sobre-el-resultado-de-la-votacion-en-el-pleno-de-la-resolucion-conjunta-sobre-los-grandes-carnivoros#breadcrumb","itemListElement":[{"@type":"ListItem","position":1,"name":"Portada","item":"https:\/\/www.asajacyl.com\/palencia\/"},{"@type":"ListItem","position":2,"name":"Sobre el resultado de la votaci\u00f3n en el Pleno de la resoluci\u00f3n conjunta sobre los grandes carn\u00edvoros"}]},{"@type":"WebSite","@id":"https:\/\/www.asajacyl.com\/palencia\/#website","url":"https:\/\/www.asajacyl.com\/palencia\/","name":"ASAJA Palencia","description":"Otro sitio m\u00e1s de Provincias ASAJA Castilla y Le\u00f3n","potentialAction":[{"@type":"SearchAction","target":{"@type":"EntryPoint","urlTemplate":"https:\/\/www.asajacyl.com\/palencia\/?s={search_term_string}"},"query-input":{"@type":"PropertyValueSpecification","valueRequired":true,"valueName":"search_term_string"}}],"inLanguage":"es"},{"@type":"Person","@id":"https:\/\/www.asajacyl.com\/palencia\/#\/schema\/person\/3ab17aeb03527485c317557fae64aab1","name":"Administrador","image":{"@type":"ImageObject","inLanguage":"es","@id":"https:\/\/www.asajacyl.com\/palencia\/#\/schema\/person\/image\/","url":"https:\/\/secure.gravatar.com\/avatar\/517384810d242ca9e38c180f3c9fb973?s=96&d=mm&r=g","contentUrl":"https:\/\/secure.gravatar.com\/avatar\/517384810d242ca9e38c180f3c9fb973?s=96&d=mm&r=g","caption":"Administrador"},"url":"https:\/\/www.asajacyl.com\/palencia\/author\/carlosrm"}]}},"_links":{"self":[{"href":"https:\/\/www.asajacyl.com\/palencia\/wp-json\/wp\/v2\/posts\/11840"}],"collection":[{"href":"https:\/\/www.asajacyl.com\/palencia\/wp-json\/wp\/v2\/posts"}],"about":[{"href":"https:\/\/www.asajacyl.com\/palencia\/wp-json\/wp\/v2\/types\/post"}],"author":[{"embeddable":true,"href":"https:\/\/www.asajacyl.com\/palencia\/wp-json\/wp\/v2\/users\/9"}],"replies":[{"embeddable":true,"href":"https:\/\/www.asajacyl.com\/palencia\/wp-json\/wp\/v2\/comments?post=11840"}],"version-history":[{"count":1,"href":"https:\/\/www.asajacyl.com\/palencia\/wp-json\/wp\/v2\/posts\/11840\/revisions"}],"predecessor-version":[{"id":11841,"href":"https:\/\/www.asajacyl.com\/palencia\/wp-json\/wp\/v2\/posts\/11840\/revisions\/11841"}],"wp:featuredmedia":[{"embeddable":true,"href":"https:\/\/www.asajacyl.com\/palencia\/wp-json\/wp\/v2\/media\/8194"}],"wp:attachment":[{"href":"https:\/\/www.asajacyl.com\/palencia\/wp-json\/wp\/v2\/media?parent=11840"}],"wp:term":[{"taxonomy":"category","embeddable":true,"href":"https:\/\/www.asajacyl.com\/palencia\/wp-json\/wp\/v2\/categories?post=11840"},{"taxonomy":"post_tag","embeddable":true,"href":"https:\/\/www.asajacyl.com\/palencia\/wp-json\/wp\/v2\/tags?post=11840"}],"curies":[{"name":"wp","href":"https:\/\/api.w.org\/{rel}","templated":true}]}}