{"id":11843,"date":"2022-11-29T12:40:05","date_gmt":"2022-11-29T11:40:05","guid":{"rendered":"https:\/\/www.asajacyl.com\/palencia\/?p=11843"},"modified":"2022-11-30T07:10:35","modified_gmt":"2022-11-30T06:10:35","slug":"asaja-palencia-patrocinara-el-festival-de-cine-de-aguilar","status":"publish","type":"post","link":"https:\/\/www.asajacyl.com\/palencia\/asaja-palencia-informa\/asaja-palencia-patrocinara-el-festival-de-cine-de-aguilar","title":{"rendered":"ASAJA-Palencia patrocinar\u00e1 el festival de cine de Aguilar"},"content":{"rendered":"\n<p>En el puente de la Constituci\u00f3n se celebra habitualmente lo que comenz\u00f3 siendo la Semana de Cine de Aguilar y actualmente ha tomado un cariz m\u00e1s internacional denomin\u00e1ndose oficialmente \u201cAguilar Film Festival\u201d y siendo una fecha ineludible para el mundillo de los cortometrajes y del cine en general.<\/p>\n\n\n\n<p>Son varias las secciones de este reconocido cert\u00e1men dedicado al s\u00e9ptimo arte, donde destaca l\u00f3gicamente la Secci\u00f3n Oficial, seguida de la secci\u00f3n \u201cCastilla y Le\u00f3n\u201d y la secci\u00f3n \u201cMINI AGUILAR\u201d, destinada al p\u00fablico infantil.<\/p>\n\n\n\n<p>ASAJA patrocinar\u00e1 la secci\u00f3n \u201cDe Campo\u201d, sin duda la apuesta m\u00e1s decidida por el medio en el que se encuentra el festival, el medio rural. Esta secci\u00f3n propone a concurso cortometrajes de tem\u00e1tica rural de realizaci\u00f3n nacional e internacional. Dentro de estos catorce cortos se pueden ver cuestiones que se dan en medio rural, como costumbres, despoblaci\u00f3n, realidades rurales, diferentes tipos de explotaciones y las diferentes narrativas que surgen entorno a ellas.<\/p>\n\n\n\n<p>Durante el festival se proyectar\u00e1n un total de 135 trabajos. Las proyecciones de esta secci\u00f3n tendr\u00e1n lugar del martes 6 de diciembre al viernes 9 de diciembre a las 17:00 en el Cine Amor (c\/ Puente) de la localidad norte\u00f1a. Los cortos a exhibir proceden de Canad\u00e1, Francia, Lituania, Dinamarca, Turqu\u00eda, Portugal, junto con seis trabajos nacionales, de los cuales uno de ellos esta grabado en Monta\u00f1a Palentina. La entrada a todas las proyecciones ser\u00e1 gratuita hasta completar aforo.<\/p>\n\n\n\n<p>Las proyecciones de la secci\u00f3n \u00abDe Campo\u00bb tendr\u00e1n lugar a las 17:00 horas de los d\u00edas 6, 7, 8 y 9 de diciembre:<\/p>\n\n\n\n<ul>\n<li>Martes, d\u00eda 6 de diciembre (52 minutos):\n<ul>\n<li>Belle River (Canad\u00e1 y Estados Unidos)<\/li>\n\n\n\n<li>On my bicycle (Francia)<\/li>\n\n\n\n<li>Bos (Lituania)<\/li>\n\n\n\n<li>Aves de corral (Espa\u00f1a)<\/li>\n<\/ul>\n<\/li>\n\n\n\n<li>Mi\u00e9rcoles, d\u00eda 7 de diciembre (55 minutos):\n<ul>\n<li>El \u00faltimo de Arganeo (Espa\u00f1a)<\/li>\n\n\n\n<li>Garrano (Portugal)<\/li>\n\n\n\n<li>Fence (Dinamarca)<\/li>\n<\/ul>\n<\/li>\n\n\n\n<li>Jueves, d\u00eda 8 de diciembre (55 minutos):\n<ul>\n<li>Dos corazones (Espa\u00f1a)<\/li>\n\n\n\n<li>O que resta (Portugal)<\/li>\n\n\n\n<li>Etxetxipia (Espa\u00f1a)<\/li>\n<\/ul>\n<\/li>\n\n\n\n<li>Viernes, d\u00eda 9 de diciembre (56 minutos):\n<ul>\n<li>El maestrat filmat (Espa\u00f1a)<\/li>\n\n\n\n<li>The address (Turqu\u00eda)<\/li>\n\n\n\n<li>Puyuelo (Espa\u00f1a)<\/li>\n<\/ul>\n<\/li>\n<\/ul>\n\n\n\n<figure class=\"wp-block-image size-large\"><img loading=\"lazy\" decoding=\"async\" width=\"1024\" height=\"499\" src=\"https:\/\/www.asajacyl.com\/palencia\/wp-content\/uploads\/sites\/3\/2022\/11\/FESTIVAL-CINE-AGUILAR-1024x499.jpg\" alt=\"\" class=\"wp-image-11844\" srcset=\"https:\/\/www.asajacyl.com\/palencia\/wp-content\/uploads\/sites\/3\/2022\/11\/FESTIVAL-CINE-AGUILAR-1024x499.jpg 1024w, https:\/\/www.asajacyl.com\/palencia\/wp-content\/uploads\/sites\/3\/2022\/11\/FESTIVAL-CINE-AGUILAR-300x146.jpg 300w, https:\/\/www.asajacyl.com\/palencia\/wp-content\/uploads\/sites\/3\/2022\/11\/FESTIVAL-CINE-AGUILAR-768x375.jpg 768w, https:\/\/www.asajacyl.com\/palencia\/wp-content\/uploads\/sites\/3\/2022\/11\/FESTIVAL-CINE-AGUILAR-1536x749.jpg 1536w, https:\/\/www.asajacyl.com\/palencia\/wp-content\/uploads\/sites\/3\/2022\/11\/FESTIVAL-CINE-AGUILAR-696x339.jpg 696w, https:\/\/www.asajacyl.com\/palencia\/wp-content\/uploads\/sites\/3\/2022\/11\/FESTIVAL-CINE-AGUILAR-1068x521.jpg 1068w, https:\/\/www.asajacyl.com\/palencia\/wp-content\/uploads\/sites\/3\/2022\/11\/FESTIVAL-CINE-AGUILAR-861x420.jpg 861w, https:\/\/www.asajacyl.com\/palencia\/wp-content\/uploads\/sites\/3\/2022\/11\/FESTIVAL-CINE-AGUILAR.jpg 1702w\" sizes=\"(max-width: 1024px) 100vw, 1024px\" \/><figcaption class=\"wp-element-caption\">A la izquierda Luis Mar\u00eda Santiago, secretario de ASAJA-Palencia, en la rueda de prensa de presentaci\u00f3n oficial del Aguilar Film Festival.<\/figcaption><\/figure>\n","protected":false},"excerpt":{"rendered":"<p>En el puente de la Constituci\u00f3n se celebra habitualmente lo que comenz\u00f3 siendo la Semana de Cine de Aguilar y actualmente ha tomado un cariz m\u00e1s internacional denomin\u00e1ndose oficialmente \u201cAguilar Film Festival\u201d y siendo una fecha ineludible para el mundillo de los cortometrajes y del cine en general. Son varias las secciones de este reconocido [&hellip;]<\/p>\n","protected":false},"author":9,"featured_media":11844,"comment_status":"open","ping_status":"open","sticky":false,"template":"","format":"standard","meta":{"footnotes":""},"categories":[9,29,28],"tags":[],"yoast_head":"<!-- This site is optimized with the Yoast SEO plugin v24.5 - https:\/\/yoast.com\/wordpress\/plugins\/seo\/ -->\n<title>ASAJA-Palencia patrocinar\u00e1 el festival de cine de Aguilar - ASAJA Palencia<\/title>\n<meta name=\"description\" content=\"En el puente de la Constituci\u00f3n se celebra habitualmente lo que comenz\u00f3 siendo la Semana de Cine de Aguilar y actualmente ha tomado un cariz m\u00e1s\" \/>\n<meta name=\"robots\" content=\"index, follow, max-snippet:-1, max-image-preview:large, max-video-preview:-1\" \/>\n<link rel=\"canonical\" href=\"https:\/\/www.asajacyl.com\/palencia\/asaja-palencia-informa\/asaja-palencia-patrocinara-el-festival-de-cine-de-aguilar\" \/>\n<meta property=\"og:locale\" content=\"es_ES\" \/>\n<meta property=\"og:type\" content=\"article\" \/>\n<meta property=\"og:title\" content=\"ASAJA-Palencia patrocinar\u00e1 el festival de cine de Aguilar - ASAJA Palencia\" \/>\n<meta property=\"og:description\" content=\"En el puente de la Constituci\u00f3n se celebra habitualmente lo que comenz\u00f3 siendo la Semana de Cine de Aguilar y actualmente ha tomado un cariz m\u00e1s\" \/>\n<meta property=\"og:url\" content=\"https:\/\/www.asajacyl.com\/palencia\/asaja-palencia-informa\/asaja-palencia-patrocinara-el-festival-de-cine-de-aguilar\" \/>\n<meta property=\"og:site_name\" content=\"ASAJA Palencia\" \/>\n<meta property=\"article:published_time\" content=\"2022-11-29T11:40:05+00:00\" \/>\n<meta property=\"article:modified_time\" content=\"2022-11-30T06:10:35+00:00\" \/>\n<meta property=\"og:image\" content=\"https:\/\/www.asajacyl.com\/palencia\/wp-content\/uploads\/sites\/3\/2022\/11\/FESTIVAL-CINE-AGUILAR.jpg\" \/>\n\t<meta property=\"og:image:width\" content=\"1702\" \/>\n\t<meta property=\"og:image:height\" content=\"830\" \/>\n\t<meta property=\"og:image:type\" content=\"image\/jpeg\" \/>\n<meta name=\"author\" content=\"Administrador\" \/>\n<meta name=\"twitter:card\" content=\"summary_large_image\" \/>\n<meta name=\"twitter:label1\" content=\"Escrito por\" \/>\n\t<meta name=\"twitter:data1\" content=\"Administrador\" \/>\n\t<meta name=\"twitter:label2\" content=\"Tiempo de lectura\" \/>\n\t<meta name=\"twitter:data2\" content=\"2 minutos\" \/>\n<script type=\"application\/ld+json\" class=\"yoast-schema-graph\">{\"@context\":\"https:\/\/schema.org\",\"@graph\":[{\"@type\":\"WebPage\",\"@id\":\"https:\/\/www.asajacyl.com\/palencia\/asaja-palencia-informa\/asaja-palencia-patrocinara-el-festival-de-cine-de-aguilar\",\"url\":\"https:\/\/www.asajacyl.com\/palencia\/asaja-palencia-informa\/asaja-palencia-patrocinara-el-festival-de-cine-de-aguilar\",\"name\":\"ASAJA-Palencia patrocinar\u00e1 el festival de cine de Aguilar - ASAJA Palencia\",\"isPartOf\":{\"@id\":\"https:\/\/www.asajacyl.com\/palencia\/#website\"},\"primaryImageOfPage\":{\"@id\":\"https:\/\/www.asajacyl.com\/palencia\/asaja-palencia-informa\/asaja-palencia-patrocinara-el-festival-de-cine-de-aguilar#primaryimage\"},\"image\":{\"@id\":\"https:\/\/www.asajacyl.com\/palencia\/asaja-palencia-informa\/asaja-palencia-patrocinara-el-festival-de-cine-de-aguilar#primaryimage\"},\"thumbnailUrl\":\"https:\/\/www.asajacyl.com\/palencia\/wp-content\/uploads\/sites\/3\/2022\/11\/FESTIVAL-CINE-AGUILAR.jpg\",\"datePublished\":\"2022-11-29T11:40:05+00:00\",\"dateModified\":\"2022-11-30T06:10:35+00:00\",\"author\":{\"@id\":\"https:\/\/www.asajacyl.com\/palencia\/#\/schema\/person\/3ab17aeb03527485c317557fae64aab1\"},\"description\":\"En el puente de la Constituci\u00f3n se celebra habitualmente lo que comenz\u00f3 siendo la Semana de Cine de Aguilar y actualmente ha tomado un cariz m\u00e1s\",\"breadcrumb\":{\"@id\":\"https:\/\/www.asajacyl.com\/palencia\/asaja-palencia-informa\/asaja-palencia-patrocinara-el-festival-de-cine-de-aguilar#breadcrumb\"},\"inLanguage\":\"es\",\"potentialAction\":[{\"@type\":\"ReadAction\",\"target\":[\"https:\/\/www.asajacyl.com\/palencia\/asaja-palencia-informa\/asaja-palencia-patrocinara-el-festival-de-cine-de-aguilar\"]}]},{\"@type\":\"ImageObject\",\"inLanguage\":\"es\",\"@id\":\"https:\/\/www.asajacyl.com\/palencia\/asaja-palencia-informa\/asaja-palencia-patrocinara-el-festival-de-cine-de-aguilar#primaryimage\",\"url\":\"https:\/\/www.asajacyl.com\/palencia\/wp-content\/uploads\/sites\/3\/2022\/11\/FESTIVAL-CINE-AGUILAR.jpg\",\"contentUrl\":\"https:\/\/www.asajacyl.com\/palencia\/wp-content\/uploads\/sites\/3\/2022\/11\/FESTIVAL-CINE-AGUILAR.jpg\",\"width\":1702,\"height\":830},{\"@type\":\"BreadcrumbList\",\"@id\":\"https:\/\/www.asajacyl.com\/palencia\/asaja-palencia-informa\/asaja-palencia-patrocinara-el-festival-de-cine-de-aguilar#breadcrumb\",\"itemListElement\":[{\"@type\":\"ListItem\",\"position\":1,\"name\":\"Portada\",\"item\":\"https:\/\/www.asajacyl.com\/palencia\/\"},{\"@type\":\"ListItem\",\"position\":2,\"name\":\"ASAJA-Palencia patrocinar\u00e1 el festival de cine de Aguilar\"}]},{\"@type\":\"WebSite\",\"@id\":\"https:\/\/www.asajacyl.com\/palencia\/#website\",\"url\":\"https:\/\/www.asajacyl.com\/palencia\/\",\"name\":\"ASAJA Palencia\",\"description\":\"Otro sitio m\u00e1s de Provincias ASAJA Castilla y Le\u00f3n\",\"potentialAction\":[{\"@type\":\"SearchAction\",\"target\":{\"@type\":\"EntryPoint\",\"urlTemplate\":\"https:\/\/www.asajacyl.com\/palencia\/?s={search_term_string}\"},\"query-input\":{\"@type\":\"PropertyValueSpecification\",\"valueRequired\":true,\"valueName\":\"search_term_string\"}}],\"inLanguage\":\"es\"},{\"@type\":\"Person\",\"@id\":\"https:\/\/www.asajacyl.com\/palencia\/#\/schema\/person\/3ab17aeb03527485c317557fae64aab1\",\"name\":\"Administrador\",\"image\":{\"@type\":\"ImageObject\",\"inLanguage\":\"es\",\"@id\":\"https:\/\/www.asajacyl.com\/palencia\/#\/schema\/person\/image\/\",\"url\":\"https:\/\/secure.gravatar.com\/avatar\/517384810d242ca9e38c180f3c9fb973?s=96&d=mm&r=g\",\"contentUrl\":\"https:\/\/secure.gravatar.com\/avatar\/517384810d242ca9e38c180f3c9fb973?s=96&d=mm&r=g\",\"caption\":\"Administrador\"},\"url\":\"https:\/\/www.asajacyl.com\/palencia\/author\/carlosrm\"}]}<\/script>\n<!-- \/ Yoast SEO plugin. -->","yoast_head_json":{"title":"ASAJA-Palencia patrocinar\u00e1 el festival de cine de Aguilar - ASAJA Palencia","description":"En el puente de la Constituci\u00f3n se celebra habitualmente lo que comenz\u00f3 siendo la Semana de Cine de Aguilar y actualmente ha tomado un cariz m\u00e1s","robots":{"index":"index","follow":"follow","max-snippet":"max-snippet:-1","max-image-preview":"max-image-preview:large","max-video-preview":"max-video-preview:-1"},"canonical":"https:\/\/www.asajacyl.com\/palencia\/asaja-palencia-informa\/asaja-palencia-patrocinara-el-festival-de-cine-de-aguilar","og_locale":"es_ES","og_type":"article","og_title":"ASAJA-Palencia patrocinar\u00e1 el festival de cine de Aguilar - ASAJA Palencia","og_description":"En el puente de la Constituci\u00f3n se celebra habitualmente lo que comenz\u00f3 siendo la Semana de Cine de Aguilar y actualmente ha tomado un cariz m\u00e1s","og_url":"https:\/\/www.asajacyl.com\/palencia\/asaja-palencia-informa\/asaja-palencia-patrocinara-el-festival-de-cine-de-aguilar","og_site_name":"ASAJA Palencia","article_published_time":"2022-11-29T11:40:05+00:00","article_modified_time":"2022-11-30T06:10:35+00:00","og_image":[{"width":1702,"height":830,"url":"https:\/\/www.asajacyl.com\/palencia\/wp-content\/uploads\/sites\/3\/2022\/11\/FESTIVAL-CINE-AGUILAR.jpg","type":"image\/jpeg"}],"author":"Administrador","twitter_card":"summary_large_image","twitter_misc":{"Escrito por":"Administrador","Tiempo de lectura":"2 minutos"},"schema":{"@context":"https:\/\/schema.org","@graph":[{"@type":"WebPage","@id":"https:\/\/www.asajacyl.com\/palencia\/asaja-palencia-informa\/asaja-palencia-patrocinara-el-festival-de-cine-de-aguilar","url":"https:\/\/www.asajacyl.com\/palencia\/asaja-palencia-informa\/asaja-palencia-patrocinara-el-festival-de-cine-de-aguilar","name":"ASAJA-Palencia patrocinar\u00e1 el festival de cine de Aguilar - ASAJA Palencia","isPartOf":{"@id":"https:\/\/www.asajacyl.com\/palencia\/#website"},"primaryImageOfPage":{"@id":"https:\/\/www.asajacyl.com\/palencia\/asaja-palencia-informa\/asaja-palencia-patrocinara-el-festival-de-cine-de-aguilar#primaryimage"},"image":{"@id":"https:\/\/www.asajacyl.com\/palencia\/asaja-palencia-informa\/asaja-palencia-patrocinara-el-festival-de-cine-de-aguilar#primaryimage"},"thumbnailUrl":"https:\/\/www.asajacyl.com\/palencia\/wp-content\/uploads\/sites\/3\/2022\/11\/FESTIVAL-CINE-AGUILAR.jpg","datePublished":"2022-11-29T11:40:05+00:00","dateModified":"2022-11-30T06:10:35+00:00","author":{"@id":"https:\/\/www.asajacyl.com\/palencia\/#\/schema\/person\/3ab17aeb03527485c317557fae64aab1"},"description":"En el puente de la Constituci\u00f3n se celebra habitualmente lo que comenz\u00f3 siendo la Semana de Cine de Aguilar y actualmente ha tomado un cariz m\u00e1s","breadcrumb":{"@id":"https:\/\/www.asajacyl.com\/palencia\/asaja-palencia-informa\/asaja-palencia-patrocinara-el-festival-de-cine-de-aguilar#breadcrumb"},"inLanguage":"es","potentialAction":[{"@type":"ReadAction","target":["https:\/\/www.asajacyl.com\/palencia\/asaja-palencia-informa\/asaja-palencia-patrocinara-el-festival-de-cine-de-aguilar"]}]},{"@type":"ImageObject","inLanguage":"es","@id":"https:\/\/www.asajacyl.com\/palencia\/asaja-palencia-informa\/asaja-palencia-patrocinara-el-festival-de-cine-de-aguilar#primaryimage","url":"https:\/\/www.asajacyl.com\/palencia\/wp-content\/uploads\/sites\/3\/2022\/11\/FESTIVAL-CINE-AGUILAR.jpg","contentUrl":"https:\/\/www.asajacyl.com\/palencia\/wp-content\/uploads\/sites\/3\/2022\/11\/FESTIVAL-CINE-AGUILAR.jpg","width":1702,"height":830},{"@type":"BreadcrumbList","@id":"https:\/\/www.asajacyl.com\/palencia\/asaja-palencia-informa\/asaja-palencia-patrocinara-el-festival-de-cine-de-aguilar#breadcrumb","itemListElement":[{"@type":"ListItem","position":1,"name":"Portada","item":"https:\/\/www.asajacyl.com\/palencia\/"},{"@type":"ListItem","position":2,"name":"ASAJA-Palencia patrocinar\u00e1 el festival de cine de Aguilar"}]},{"@type":"WebSite","@id":"https:\/\/www.asajacyl.com\/palencia\/#website","url":"https:\/\/www.asajacyl.com\/palencia\/","name":"ASAJA Palencia","description":"Otro sitio m\u00e1s de Provincias ASAJA Castilla y Le\u00f3n","potentialAction":[{"@type":"SearchAction","target":{"@type":"EntryPoint","urlTemplate":"https:\/\/www.asajacyl.com\/palencia\/?s={search_term_string}"},"query-input":{"@type":"PropertyValueSpecification","valueRequired":true,"valueName":"search_term_string"}}],"inLanguage":"es"},{"@type":"Person","@id":"https:\/\/www.asajacyl.com\/palencia\/#\/schema\/person\/3ab17aeb03527485c317557fae64aab1","name":"Administrador","image":{"@type":"ImageObject","inLanguage":"es","@id":"https:\/\/www.asajacyl.com\/palencia\/#\/schema\/person\/image\/","url":"https:\/\/secure.gravatar.com\/avatar\/517384810d242ca9e38c180f3c9fb973?s=96&d=mm&r=g","contentUrl":"https:\/\/secure.gravatar.com\/avatar\/517384810d242ca9e38c180f3c9fb973?s=96&d=mm&r=g","caption":"Administrador"},"url":"https:\/\/www.asajacyl.com\/palencia\/author\/carlosrm"}]}},"_links":{"self":[{"href":"https:\/\/www.asajacyl.com\/palencia\/wp-json\/wp\/v2\/posts\/11843"}],"collection":[{"href":"https:\/\/www.asajacyl.com\/palencia\/wp-json\/wp\/v2\/posts"}],"about":[{"href":"https:\/\/www.asajacyl.com\/palencia\/wp-json\/wp\/v2\/types\/post"}],"author":[{"embeddable":true,"href":"https:\/\/www.asajacyl.com\/palencia\/wp-json\/wp\/v2\/users\/9"}],"replies":[{"embeddable":true,"href":"https:\/\/www.asajacyl.com\/palencia\/wp-json\/wp\/v2\/comments?post=11843"}],"version-history":[{"count":2,"href":"https:\/\/www.asajacyl.com\/palencia\/wp-json\/wp\/v2\/posts\/11843\/revisions"}],"predecessor-version":[{"id":11854,"href":"https:\/\/www.asajacyl.com\/palencia\/wp-json\/wp\/v2\/posts\/11843\/revisions\/11854"}],"wp:featuredmedia":[{"embeddable":true,"href":"https:\/\/www.asajacyl.com\/palencia\/wp-json\/wp\/v2\/media\/11844"}],"wp:attachment":[{"href":"https:\/\/www.asajacyl.com\/palencia\/wp-json\/wp\/v2\/media?parent=11843"}],"wp:term":[{"taxonomy":"category","embeddable":true,"href":"https:\/\/www.asajacyl.com\/palencia\/wp-json\/wp\/v2\/categories?post=11843"},{"taxonomy":"post_tag","embeddable":true,"href":"https:\/\/www.asajacyl.com\/palencia\/wp-json\/wp\/v2\/tags?post=11843"}],"curies":[{"name":"wp","href":"https:\/\/api.w.org\/{rel}","templated":true}]}}