{"id":11851,"date":"2022-12-04T15:11:11","date_gmt":"2022-12-04T14:11:11","guid":{"rendered":"https:\/\/www.asajacyl.com\/palencia\/?p=11851"},"modified":"2022-11-30T07:33:44","modified_gmt":"2022-11-30T06:33:44","slug":"una-pac-que-nace-vieja","status":"publish","type":"post","link":"https:\/\/www.asajacyl.com\/palencia\/asaja-palencia-informa\/opinion-asaja\/una-pac-que-nace-vieja","title":{"rendered":"Una PAC que nace vieja"},"content":{"rendered":"\n<p>Desde el a\u00f1o 2017 hasta el 2023, se dice pronto. Cinco a\u00f1os llevamos ya dando vueltas a una Pol\u00edtica Agraria Com\u00fan que no estrenaremos hasta el pr\u00f3ximo mes de enero, y que deber\u00eda durarnos hasta 2027, o incluso m\u00e1s. Sin embargo, nace vieja, y desde hace meses las administraciones con competencias en el asunto, consejer\u00eda y ministerio, advertidas del peligro por las organizaciones agrarias, no dejan de poner remiendos para conseguir que, pese a sus fallos de base, al menos no estalle por los aires cuando comencemos a rellenar nuestras solicitudes de la PAC.<\/p>\n\n\n\n<p>Digo que nace vieja porque el contexto mundial y europeo es radicalmente distinto al de cuando se iniciaron las negociaciones, en 2017. Acontecimientos como la crisis del Covid-19, la crisis energ\u00e9tica, la invasi\u00f3n de Rusia a Ucrania, han barrido el planeta y dejado un mundo muy diferente al de hace cinco a\u00f1os. Pero los bur\u00f3cratas de Bruselas no sabemos si porque son optimistas y creen que todo se pasar\u00e1 en breve o porque son incapaces de rectificar y siguen su linde, mantienen el mismo exiguo presupuesto y unas l\u00edneas maestras \u201cverdes\u201d y de pa\u00edses ricos que desde luego Espa\u00f1a ni lo era ni lo es, mucho menos, ahora.<\/p>\n\n\n\n<p>El 1 de enero est\u00e1 a la vuelta de la esquina, y la PAC se estrenar\u00e1 sin una verdadera pol\u00edtica de incorporaci\u00f3n de j\u00f3venes, sin una apuesta firme por la mejora de infraestructuras, sin apoyo claro a los sectores estrat\u00e9gicos de nuestra Comunidad Aut\u00f3noma. Y no solo eso. La PAC se implantar\u00e1 sin unos cimientos agron\u00f3micos que sustenten las medidas a las que obligatoriamente todo el sector estar\u00e1 sometido. Es decir, ser\u00e1 una Pol\u00edtica Com\u00fan, pero desde luego poco Agraria. Porque llevarla a la pr\u00e1ctica va a ser todav\u00eda m\u00e1s dif\u00edcil que negociarla, dada la diversidad de los terrenos a nivel europeo, nacional y hasta dentro de la propia autonom\u00eda, las diferencias entre secanos, entre regad\u00edos, entre pastos, entre cultivos permanentes\u2026 y lo mismo con los sectores ganaderos. Y, por si fuera poco, hay que sumar las oscilaciones de clima de unos a\u00f1os a otros, y la inestabilidad de los precios de nuestros productos, y de los costes de producci\u00f3n.<\/p>\n\n\n\n<p>Prueba del susto que llevamos los profesionales en el cuerpo es que, reuni\u00f3n que los t\u00e9cnicos de ASAJA convocan, reuni\u00f3n que se llena hasta la bandera. No recuerdo otras charlas con un p\u00fablico tan atento y silencioso, escuchando cada explicaci\u00f3n. La casu\u00edstica es casi infinita, as\u00ed que despu\u00e9s de haber digerido las l\u00edneas generales, son muchos los que, uno a uno, van pasando por la oficina, preguntando por su caso particular. Y todav\u00eda surgen dudas, porque hay cosas tan il\u00f3gicas, que sesgan brutalmente la capacidad productiva, que nos resistimos a aceptarlas.<\/p>\n\n\n\n<p>En ASAJA no nos resignamos, y estos d\u00edas hemos protestado frente a la sede de la Comisi\u00f3n Europea, en Madrid. Los mensajes eran claros: no puede funcionar una PAC sin agricultores. Si el campo se arruina, no habr\u00e1 comida, as\u00ed de simple. Pedimos a las administraciones, nacional y sobre todo auton\u00f3mica, que se pongan de nuestro lado, del lado de los agricultores y ganaderos. Porque hundir al sector y someter a nuestro pa\u00eds a depender de importaciones no es una opci\u00f3n. Nos va en ello la supervivencia del sector, pero tambi\u00e9n la alimentaci\u00f3n de todos.<\/p>\n","protected":false},"excerpt":{"rendered":"<p>Desde el a\u00f1o 2017 hasta el 2023, se dice pronto. Cinco a\u00f1os llevamos ya dando vueltas a una Pol\u00edtica Agraria Com\u00fan que no estrenaremos hasta el pr\u00f3ximo mes de enero, y que deber\u00eda durarnos hasta 2027, o incluso m\u00e1s. Sin embargo, nace vieja, y desde hace meses las administraciones con competencias en el asunto, consejer\u00eda [&hellip;]<\/p>\n","protected":false},"author":9,"featured_media":5369,"comment_status":"open","ping_status":"open","sticky":false,"template":"","format":"standard","meta":{"footnotes":""},"categories":[30],"tags":[],"yoast_head":"<!-- This site is optimized with the Yoast SEO plugin v24.5 - https:\/\/yoast.com\/wordpress\/plugins\/seo\/ -->\n<title>Una PAC que nace vieja - ASAJA Palencia<\/title>\n<meta name=\"description\" content=\"Desde el a\u00f1o 2017 hasta el 2023, se dice pronto. Cinco a\u00f1os llevamos ya dando vueltas a una Pol\u00edtica Agraria Com\u00fan que no estrenaremos hasta el pr\u00f3ximo\" \/>\n<meta name=\"robots\" content=\"index, follow, max-snippet:-1, max-image-preview:large, max-video-preview:-1\" \/>\n<link rel=\"canonical\" href=\"https:\/\/www.asajacyl.com\/palencia\/asaja-palencia-informa\/opinion-asaja\/una-pac-que-nace-vieja\" \/>\n<meta property=\"og:locale\" content=\"es_ES\" \/>\n<meta property=\"og:type\" content=\"article\" \/>\n<meta property=\"og:title\" content=\"Una PAC que nace vieja - ASAJA Palencia\" \/>\n<meta property=\"og:description\" content=\"Desde el a\u00f1o 2017 hasta el 2023, se dice pronto. Cinco a\u00f1os llevamos ya dando vueltas a una Pol\u00edtica Agraria Com\u00fan que no estrenaremos hasta el pr\u00f3ximo\" \/>\n<meta property=\"og:url\" content=\"https:\/\/www.asajacyl.com\/palencia\/asaja-palencia-informa\/opinion-asaja\/una-pac-que-nace-vieja\" \/>\n<meta property=\"og:site_name\" content=\"ASAJA Palencia\" \/>\n<meta property=\"article:published_time\" content=\"2022-12-04T14:11:11+00:00\" \/>\n<meta property=\"og:image\" content=\"https:\/\/www.asajacyl.com\/palencia\/wp-content\/uploads\/sites\/3\/2018\/09\/donaciano-dujo-opini\u00f3n.jpg\" \/>\n\t<meta property=\"og:image:width\" content=\"394\" \/>\n\t<meta property=\"og:image:height\" content=\"320\" \/>\n\t<meta property=\"og:image:type\" content=\"image\/jpeg\" \/>\n<meta name=\"author\" content=\"Administrador\" \/>\n<meta name=\"twitter:card\" content=\"summary_large_image\" \/>\n<meta name=\"twitter:label1\" content=\"Escrito por\" \/>\n\t<meta name=\"twitter:data1\" content=\"Administrador\" \/>\n\t<meta name=\"twitter:label2\" content=\"Tiempo de lectura\" \/>\n\t<meta name=\"twitter:data2\" content=\"3 minutos\" \/>\n<script type=\"application\/ld+json\" class=\"yoast-schema-graph\">{\"@context\":\"https:\/\/schema.org\",\"@graph\":[{\"@type\":\"WebPage\",\"@id\":\"https:\/\/www.asajacyl.com\/palencia\/asaja-palencia-informa\/opinion-asaja\/una-pac-que-nace-vieja\",\"url\":\"https:\/\/www.asajacyl.com\/palencia\/asaja-palencia-informa\/opinion-asaja\/una-pac-que-nace-vieja\",\"name\":\"Una PAC que nace vieja - ASAJA Palencia\",\"isPartOf\":{\"@id\":\"https:\/\/www.asajacyl.com\/palencia\/#website\"},\"primaryImageOfPage\":{\"@id\":\"https:\/\/www.asajacyl.com\/palencia\/asaja-palencia-informa\/opinion-asaja\/una-pac-que-nace-vieja#primaryimage\"},\"image\":{\"@id\":\"https:\/\/www.asajacyl.com\/palencia\/asaja-palencia-informa\/opinion-asaja\/una-pac-que-nace-vieja#primaryimage\"},\"thumbnailUrl\":\"https:\/\/www.asajacyl.com\/palencia\/wp-content\/uploads\/sites\/3\/2018\/09\/donaciano-dujo-opini\u00f3n.jpg\",\"datePublished\":\"2022-12-04T14:11:11+00:00\",\"author\":{\"@id\":\"https:\/\/www.asajacyl.com\/palencia\/#\/schema\/person\/3ab17aeb03527485c317557fae64aab1\"},\"description\":\"Desde el a\u00f1o 2017 hasta el 2023, se dice pronto. Cinco a\u00f1os llevamos ya dando vueltas a una Pol\u00edtica Agraria Com\u00fan que no estrenaremos hasta el pr\u00f3ximo\",\"breadcrumb\":{\"@id\":\"https:\/\/www.asajacyl.com\/palencia\/asaja-palencia-informa\/opinion-asaja\/una-pac-que-nace-vieja#breadcrumb\"},\"inLanguage\":\"es\",\"potentialAction\":[{\"@type\":\"ReadAction\",\"target\":[\"https:\/\/www.asajacyl.com\/palencia\/asaja-palencia-informa\/opinion-asaja\/una-pac-que-nace-vieja\"]}]},{\"@type\":\"ImageObject\",\"inLanguage\":\"es\",\"@id\":\"https:\/\/www.asajacyl.com\/palencia\/asaja-palencia-informa\/opinion-asaja\/una-pac-que-nace-vieja#primaryimage\",\"url\":\"https:\/\/www.asajacyl.com\/palencia\/wp-content\/uploads\/sites\/3\/2018\/09\/donaciano-dujo-opini\u00f3n.jpg\",\"contentUrl\":\"https:\/\/www.asajacyl.com\/palencia\/wp-content\/uploads\/sites\/3\/2018\/09\/donaciano-dujo-opini\u00f3n.jpg\",\"width\":394,\"height\":320},{\"@type\":\"BreadcrumbList\",\"@id\":\"https:\/\/www.asajacyl.com\/palencia\/asaja-palencia-informa\/opinion-asaja\/una-pac-que-nace-vieja#breadcrumb\",\"itemListElement\":[{\"@type\":\"ListItem\",\"position\":1,\"name\":\"Portada\",\"item\":\"https:\/\/www.asajacyl.com\/palencia\/\"},{\"@type\":\"ListItem\",\"position\":2,\"name\":\"Una PAC que nace vieja\"}]},{\"@type\":\"WebSite\",\"@id\":\"https:\/\/www.asajacyl.com\/palencia\/#website\",\"url\":\"https:\/\/www.asajacyl.com\/palencia\/\",\"name\":\"ASAJA Palencia\",\"description\":\"Otro sitio m\u00e1s de Provincias ASAJA Castilla y Le\u00f3n\",\"potentialAction\":[{\"@type\":\"SearchAction\",\"target\":{\"@type\":\"EntryPoint\",\"urlTemplate\":\"https:\/\/www.asajacyl.com\/palencia\/?s={search_term_string}\"},\"query-input\":{\"@type\":\"PropertyValueSpecification\",\"valueRequired\":true,\"valueName\":\"search_term_string\"}}],\"inLanguage\":\"es\"},{\"@type\":\"Person\",\"@id\":\"https:\/\/www.asajacyl.com\/palencia\/#\/schema\/person\/3ab17aeb03527485c317557fae64aab1\",\"name\":\"Administrador\",\"image\":{\"@type\":\"ImageObject\",\"inLanguage\":\"es\",\"@id\":\"https:\/\/www.asajacyl.com\/palencia\/#\/schema\/person\/image\/\",\"url\":\"https:\/\/secure.gravatar.com\/avatar\/517384810d242ca9e38c180f3c9fb973?s=96&d=mm&r=g\",\"contentUrl\":\"https:\/\/secure.gravatar.com\/avatar\/517384810d242ca9e38c180f3c9fb973?s=96&d=mm&r=g\",\"caption\":\"Administrador\"},\"url\":\"https:\/\/www.asajacyl.com\/palencia\/author\/carlosrm\"}]}<\/script>\n<!-- \/ Yoast SEO plugin. -->","yoast_head_json":{"title":"Una PAC que nace vieja - ASAJA Palencia","description":"Desde el a\u00f1o 2017 hasta el 2023, se dice pronto. Cinco a\u00f1os llevamos ya dando vueltas a una Pol\u00edtica Agraria Com\u00fan que no estrenaremos hasta el pr\u00f3ximo","robots":{"index":"index","follow":"follow","max-snippet":"max-snippet:-1","max-image-preview":"max-image-preview:large","max-video-preview":"max-video-preview:-1"},"canonical":"https:\/\/www.asajacyl.com\/palencia\/asaja-palencia-informa\/opinion-asaja\/una-pac-que-nace-vieja","og_locale":"es_ES","og_type":"article","og_title":"Una PAC que nace vieja - ASAJA Palencia","og_description":"Desde el a\u00f1o 2017 hasta el 2023, se dice pronto. Cinco a\u00f1os llevamos ya dando vueltas a una Pol\u00edtica Agraria Com\u00fan que no estrenaremos hasta el pr\u00f3ximo","og_url":"https:\/\/www.asajacyl.com\/palencia\/asaja-palencia-informa\/opinion-asaja\/una-pac-que-nace-vieja","og_site_name":"ASAJA Palencia","article_published_time":"2022-12-04T14:11:11+00:00","og_image":[{"width":394,"height":320,"url":"https:\/\/www.asajacyl.com\/palencia\/wp-content\/uploads\/sites\/3\/2018\/09\/donaciano-dujo-opini\u00f3n.jpg","type":"image\/jpeg"}],"author":"Administrador","twitter_card":"summary_large_image","twitter_misc":{"Escrito por":"Administrador","Tiempo de lectura":"3 minutos"},"schema":{"@context":"https:\/\/schema.org","@graph":[{"@type":"WebPage","@id":"https:\/\/www.asajacyl.com\/palencia\/asaja-palencia-informa\/opinion-asaja\/una-pac-que-nace-vieja","url":"https:\/\/www.asajacyl.com\/palencia\/asaja-palencia-informa\/opinion-asaja\/una-pac-que-nace-vieja","name":"Una PAC que nace vieja - ASAJA Palencia","isPartOf":{"@id":"https:\/\/www.asajacyl.com\/palencia\/#website"},"primaryImageOfPage":{"@id":"https:\/\/www.asajacyl.com\/palencia\/asaja-palencia-informa\/opinion-asaja\/una-pac-que-nace-vieja#primaryimage"},"image":{"@id":"https:\/\/www.asajacyl.com\/palencia\/asaja-palencia-informa\/opinion-asaja\/una-pac-que-nace-vieja#primaryimage"},"thumbnailUrl":"https:\/\/www.asajacyl.com\/palencia\/wp-content\/uploads\/sites\/3\/2018\/09\/donaciano-dujo-opini\u00f3n.jpg","datePublished":"2022-12-04T14:11:11+00:00","author":{"@id":"https:\/\/www.asajacyl.com\/palencia\/#\/schema\/person\/3ab17aeb03527485c317557fae64aab1"},"description":"Desde el a\u00f1o 2017 hasta el 2023, se dice pronto. Cinco a\u00f1os llevamos ya dando vueltas a una Pol\u00edtica Agraria Com\u00fan que no estrenaremos hasta el pr\u00f3ximo","breadcrumb":{"@id":"https:\/\/www.asajacyl.com\/palencia\/asaja-palencia-informa\/opinion-asaja\/una-pac-que-nace-vieja#breadcrumb"},"inLanguage":"es","potentialAction":[{"@type":"ReadAction","target":["https:\/\/www.asajacyl.com\/palencia\/asaja-palencia-informa\/opinion-asaja\/una-pac-que-nace-vieja"]}]},{"@type":"ImageObject","inLanguage":"es","@id":"https:\/\/www.asajacyl.com\/palencia\/asaja-palencia-informa\/opinion-asaja\/una-pac-que-nace-vieja#primaryimage","url":"https:\/\/www.asajacyl.com\/palencia\/wp-content\/uploads\/sites\/3\/2018\/09\/donaciano-dujo-opini\u00f3n.jpg","contentUrl":"https:\/\/www.asajacyl.com\/palencia\/wp-content\/uploads\/sites\/3\/2018\/09\/donaciano-dujo-opini\u00f3n.jpg","width":394,"height":320},{"@type":"BreadcrumbList","@id":"https:\/\/www.asajacyl.com\/palencia\/asaja-palencia-informa\/opinion-asaja\/una-pac-que-nace-vieja#breadcrumb","itemListElement":[{"@type":"ListItem","position":1,"name":"Portada","item":"https:\/\/www.asajacyl.com\/palencia\/"},{"@type":"ListItem","position":2,"name":"Una PAC que nace vieja"}]},{"@type":"WebSite","@id":"https:\/\/www.asajacyl.com\/palencia\/#website","url":"https:\/\/www.asajacyl.com\/palencia\/","name":"ASAJA Palencia","description":"Otro sitio m\u00e1s de Provincias ASAJA Castilla y Le\u00f3n","potentialAction":[{"@type":"SearchAction","target":{"@type":"EntryPoint","urlTemplate":"https:\/\/www.asajacyl.com\/palencia\/?s={search_term_string}"},"query-input":{"@type":"PropertyValueSpecification","valueRequired":true,"valueName":"search_term_string"}}],"inLanguage":"es"},{"@type":"Person","@id":"https:\/\/www.asajacyl.com\/palencia\/#\/schema\/person\/3ab17aeb03527485c317557fae64aab1","name":"Administrador","image":{"@type":"ImageObject","inLanguage":"es","@id":"https:\/\/www.asajacyl.com\/palencia\/#\/schema\/person\/image\/","url":"https:\/\/secure.gravatar.com\/avatar\/517384810d242ca9e38c180f3c9fb973?s=96&d=mm&r=g","contentUrl":"https:\/\/secure.gravatar.com\/avatar\/517384810d242ca9e38c180f3c9fb973?s=96&d=mm&r=g","caption":"Administrador"},"url":"https:\/\/www.asajacyl.com\/palencia\/author\/carlosrm"}]}},"_links":{"self":[{"href":"https:\/\/www.asajacyl.com\/palencia\/wp-json\/wp\/v2\/posts\/11851"}],"collection":[{"href":"https:\/\/www.asajacyl.com\/palencia\/wp-json\/wp\/v2\/posts"}],"about":[{"href":"https:\/\/www.asajacyl.com\/palencia\/wp-json\/wp\/v2\/types\/post"}],"author":[{"embeddable":true,"href":"https:\/\/www.asajacyl.com\/palencia\/wp-json\/wp\/v2\/users\/9"}],"replies":[{"embeddable":true,"href":"https:\/\/www.asajacyl.com\/palencia\/wp-json\/wp\/v2\/comments?post=11851"}],"version-history":[{"count":1,"href":"https:\/\/www.asajacyl.com\/palencia\/wp-json\/wp\/v2\/posts\/11851\/revisions"}],"predecessor-version":[{"id":11852,"href":"https:\/\/www.asajacyl.com\/palencia\/wp-json\/wp\/v2\/posts\/11851\/revisions\/11852"}],"wp:featuredmedia":[{"embeddable":true,"href":"https:\/\/www.asajacyl.com\/palencia\/wp-json\/wp\/v2\/media\/5369"}],"wp:attachment":[{"href":"https:\/\/www.asajacyl.com\/palencia\/wp-json\/wp\/v2\/media?parent=11851"}],"wp:term":[{"taxonomy":"category","embeddable":true,"href":"https:\/\/www.asajacyl.com\/palencia\/wp-json\/wp\/v2\/categories?post=11851"},{"taxonomy":"post_tag","embeddable":true,"href":"https:\/\/www.asajacyl.com\/palencia\/wp-json\/wp\/v2\/tags?post=11851"}],"curies":[{"name":"wp","href":"https:\/\/api.w.org\/{rel}","templated":true}]}}