{"id":11867,"date":"2022-12-05T08:40:01","date_gmt":"2022-12-05T07:40:01","guid":{"rendered":"https:\/\/www.asajacyl.com\/palencia\/?p=11867"},"modified":"2022-12-02T10:24:17","modified_gmt":"2022-12-02T09:24:17","slug":"asaja-palencia-convoca-un-concurso-de-cuentos-de-navidad","status":"publish","type":"post","link":"https:\/\/www.asajacyl.com\/palencia\/asaja-palencia-informa\/asaja-palencia-convoca-un-concurso-de-cuentos-de-navidad","title":{"rendered":"ASAJA-Palencia convoca un concurso de cuentos de Navidad"},"content":{"rendered":"\n<p>ASAJA-Palencia organiza un a\u00f1o m\u00e1s su ya tradicional concurso de cuentos de Navidad al que anima a participar a todos los ni\u00f1os relacionados con el medio rural, bien porque residen all\u00ed o porque les guste ese ambiente tan familiar que s\u00f3lo se respira en los pueblos. Si la Navidad siempre resulta entra\u00f1able, esto es as\u00ed en mayor medida en los pueblos, lejos del ruido, el estr\u00e9s y la contaminaci\u00f3n de las grandes ciudades.<\/p>\n\n\n\n<p>BASES DEL CONCURSO<\/p>\n\n\n\n<ul>\n<li>Plazo: 30 de diciembre<\/li>\n\n\n\n<li>Tema: Navidad, preferiblemente en el medio rural<\/li>\n\n\n\n<li>Concursantes: Ni\u00f1os hasta 14 a\u00f1os<\/li>\n\n\n\n<li>Los trabajos deber\u00e1n ser in\u00e9ditos y que no se hayan presentado en a\u00f1os anteriores.<\/li>\n\n\n\n<li>Extensi\u00f3n m\u00ednima de un folio.<\/li>\n\n\n\n<li>Premios: Habr\u00e1 tres premios.<\/li>\n<\/ul>\n\n\n\n<p>Los trabajos se entregar\u00e1n :<\/p>\n\n\n\n<ul>\n<li>En las oficinas de ASAJA de la capital o del resto de la provincia<\/li>\n\n\n\n<li>Por correo postal a la direcci\u00f3n de ASAJA (Calle Felipe Prieto 8, Plaza Bigar Centro \u2013 34001 Palencia) indicando \u201cconcurso de cuentos\u201d.<\/li>\n\n\n\n<li>Por correo electr\u00f3nico a: asajapalencia@asajapalencia.com<\/li>\n<\/ul>\n\n\n\n<p>Los trabajos presentados deben incluir los siguientes datos:<\/p>\n\n\n\n<ul>\n<li>Nombre y apellidos<\/li>\n\n\n\n<li>Edad<\/li>\n\n\n\n<li>Direcci\u00f3n<\/li>\n\n\n\n<li>Localidad<\/li>\n\n\n\n<li>Tel\u00e9fono de contacto<\/li>\n<\/ul>\n","protected":false},"excerpt":{"rendered":"<p>ASAJA-Palencia organiza un a\u00f1o m\u00e1s su ya tradicional concurso de cuentos de Navidad al que anima a participar a todos los ni\u00f1os relacionados con el medio rural, bien porque residen all\u00ed o porque les guste ese ambiente tan familiar que s\u00f3lo se respira en los pueblos. Si la Navidad siempre resulta entra\u00f1able, esto es as\u00ed [&hellip;]<\/p>\n","protected":false},"author":9,"featured_media":7823,"comment_status":"open","ping_status":"open","sticky":false,"template":"","format":"standard","meta":{"footnotes":""},"categories":[9,28],"tags":[],"yoast_head":"<!-- This site is optimized with the Yoast SEO plugin v24.5 - https:\/\/yoast.com\/wordpress\/plugins\/seo\/ -->\n<title>ASAJA-Palencia convoca un concurso de cuentos de Navidad - ASAJA Palencia<\/title>\n<meta name=\"description\" content=\"ASAJA-Palencia organiza un a\u00f1o m\u00e1s su ya tradicional concurso de cuentos de Navidad al que anima a participar a todos los ni\u00f1os relacionados con el medio\" \/>\n<meta name=\"robots\" content=\"index, follow, max-snippet:-1, max-image-preview:large, max-video-preview:-1\" \/>\n<link rel=\"canonical\" href=\"https:\/\/www.asajacyl.com\/palencia\/asaja-palencia-informa\/asaja-palencia-convoca-un-concurso-de-cuentos-de-navidad\" \/>\n<meta property=\"og:locale\" content=\"es_ES\" \/>\n<meta property=\"og:type\" content=\"article\" \/>\n<meta property=\"og:title\" content=\"ASAJA-Palencia convoca un concurso de cuentos de Navidad - ASAJA Palencia\" \/>\n<meta property=\"og:description\" content=\"ASAJA-Palencia organiza un a\u00f1o m\u00e1s su ya tradicional concurso de cuentos de Navidad al que anima a participar a todos los ni\u00f1os relacionados con el medio\" \/>\n<meta property=\"og:url\" content=\"https:\/\/www.asajacyl.com\/palencia\/asaja-palencia-informa\/asaja-palencia-convoca-un-concurso-de-cuentos-de-navidad\" \/>\n<meta property=\"og:site_name\" content=\"ASAJA Palencia\" \/>\n<meta property=\"article:published_time\" content=\"2022-12-05T07:40:01+00:00\" \/>\n<meta property=\"og:image\" content=\"https:\/\/www.asajacyl.com\/palencia\/wp-content\/uploads\/sites\/3\/2020\/12\/nino-carta-navidad-c_0.jpg\" \/>\n\t<meta property=\"og:image:width\" content=\"760\" \/>\n\t<meta property=\"og:image:height\" content=\"570\" \/>\n\t<meta property=\"og:image:type\" content=\"image\/jpeg\" \/>\n<meta name=\"author\" content=\"Administrador\" \/>\n<meta name=\"twitter:card\" content=\"summary_large_image\" \/>\n<meta name=\"twitter:label1\" content=\"Escrito por\" \/>\n\t<meta name=\"twitter:data1\" content=\"Administrador\" \/>\n\t<meta name=\"twitter:label2\" content=\"Tiempo de lectura\" \/>\n\t<meta name=\"twitter:data2\" content=\"1 minuto\" \/>\n<script type=\"application\/ld+json\" class=\"yoast-schema-graph\">{\"@context\":\"https:\/\/schema.org\",\"@graph\":[{\"@type\":\"WebPage\",\"@id\":\"https:\/\/www.asajacyl.com\/palencia\/asaja-palencia-informa\/asaja-palencia-convoca-un-concurso-de-cuentos-de-navidad\",\"url\":\"https:\/\/www.asajacyl.com\/palencia\/asaja-palencia-informa\/asaja-palencia-convoca-un-concurso-de-cuentos-de-navidad\",\"name\":\"ASAJA-Palencia convoca un concurso de cuentos de Navidad - ASAJA Palencia\",\"isPartOf\":{\"@id\":\"https:\/\/www.asajacyl.com\/palencia\/#website\"},\"primaryImageOfPage\":{\"@id\":\"https:\/\/www.asajacyl.com\/palencia\/asaja-palencia-informa\/asaja-palencia-convoca-un-concurso-de-cuentos-de-navidad#primaryimage\"},\"image\":{\"@id\":\"https:\/\/www.asajacyl.com\/palencia\/asaja-palencia-informa\/asaja-palencia-convoca-un-concurso-de-cuentos-de-navidad#primaryimage\"},\"thumbnailUrl\":\"https:\/\/www.asajacyl.com\/palencia\/wp-content\/uploads\/sites\/3\/2020\/12\/nino-carta-navidad-c_0.jpg\",\"datePublished\":\"2022-12-05T07:40:01+00:00\",\"author\":{\"@id\":\"https:\/\/www.asajacyl.com\/palencia\/#\/schema\/person\/3ab17aeb03527485c317557fae64aab1\"},\"description\":\"ASAJA-Palencia organiza un a\u00f1o m\u00e1s su ya tradicional concurso de cuentos de Navidad al que anima a participar a todos los ni\u00f1os relacionados con el medio\",\"breadcrumb\":{\"@id\":\"https:\/\/www.asajacyl.com\/palencia\/asaja-palencia-informa\/asaja-palencia-convoca-un-concurso-de-cuentos-de-navidad#breadcrumb\"},\"inLanguage\":\"es\",\"potentialAction\":[{\"@type\":\"ReadAction\",\"target\":[\"https:\/\/www.asajacyl.com\/palencia\/asaja-palencia-informa\/asaja-palencia-convoca-un-concurso-de-cuentos-de-navidad\"]}]},{\"@type\":\"ImageObject\",\"inLanguage\":\"es\",\"@id\":\"https:\/\/www.asajacyl.com\/palencia\/asaja-palencia-informa\/asaja-palencia-convoca-un-concurso-de-cuentos-de-navidad#primaryimage\",\"url\":\"https:\/\/www.asajacyl.com\/palencia\/wp-content\/uploads\/sites\/3\/2020\/12\/nino-carta-navidad-c_0.jpg\",\"contentUrl\":\"https:\/\/www.asajacyl.com\/palencia\/wp-content\/uploads\/sites\/3\/2020\/12\/nino-carta-navidad-c_0.jpg\",\"width\":760,\"height\":570},{\"@type\":\"BreadcrumbList\",\"@id\":\"https:\/\/www.asajacyl.com\/palencia\/asaja-palencia-informa\/asaja-palencia-convoca-un-concurso-de-cuentos-de-navidad#breadcrumb\",\"itemListElement\":[{\"@type\":\"ListItem\",\"position\":1,\"name\":\"Portada\",\"item\":\"https:\/\/www.asajacyl.com\/palencia\/\"},{\"@type\":\"ListItem\",\"position\":2,\"name\":\"ASAJA-Palencia convoca un concurso de cuentos de Navidad\"}]},{\"@type\":\"WebSite\",\"@id\":\"https:\/\/www.asajacyl.com\/palencia\/#website\",\"url\":\"https:\/\/www.asajacyl.com\/palencia\/\",\"name\":\"ASAJA Palencia\",\"description\":\"Otro sitio m\u00e1s de Provincias ASAJA Castilla y Le\u00f3n\",\"potentialAction\":[{\"@type\":\"SearchAction\",\"target\":{\"@type\":\"EntryPoint\",\"urlTemplate\":\"https:\/\/www.asajacyl.com\/palencia\/?s={search_term_string}\"},\"query-input\":{\"@type\":\"PropertyValueSpecification\",\"valueRequired\":true,\"valueName\":\"search_term_string\"}}],\"inLanguage\":\"es\"},{\"@type\":\"Person\",\"@id\":\"https:\/\/www.asajacyl.com\/palencia\/#\/schema\/person\/3ab17aeb03527485c317557fae64aab1\",\"name\":\"Administrador\",\"image\":{\"@type\":\"ImageObject\",\"inLanguage\":\"es\",\"@id\":\"https:\/\/www.asajacyl.com\/palencia\/#\/schema\/person\/image\/\",\"url\":\"https:\/\/secure.gravatar.com\/avatar\/517384810d242ca9e38c180f3c9fb973?s=96&d=mm&r=g\",\"contentUrl\":\"https:\/\/secure.gravatar.com\/avatar\/517384810d242ca9e38c180f3c9fb973?s=96&d=mm&r=g\",\"caption\":\"Administrador\"},\"url\":\"https:\/\/www.asajacyl.com\/palencia\/author\/carlosrm\"}]}<\/script>\n<!-- \/ Yoast SEO plugin. -->","yoast_head_json":{"title":"ASAJA-Palencia convoca un concurso de cuentos de Navidad - ASAJA Palencia","description":"ASAJA-Palencia organiza un a\u00f1o m\u00e1s su ya tradicional concurso de cuentos de Navidad al que anima a participar a todos los ni\u00f1os relacionados con el medio","robots":{"index":"index","follow":"follow","max-snippet":"max-snippet:-1","max-image-preview":"max-image-preview:large","max-video-preview":"max-video-preview:-1"},"canonical":"https:\/\/www.asajacyl.com\/palencia\/asaja-palencia-informa\/asaja-palencia-convoca-un-concurso-de-cuentos-de-navidad","og_locale":"es_ES","og_type":"article","og_title":"ASAJA-Palencia convoca un concurso de cuentos de Navidad - ASAJA Palencia","og_description":"ASAJA-Palencia organiza un a\u00f1o m\u00e1s su ya tradicional concurso de cuentos de Navidad al que anima a participar a todos los ni\u00f1os relacionados con el medio","og_url":"https:\/\/www.asajacyl.com\/palencia\/asaja-palencia-informa\/asaja-palencia-convoca-un-concurso-de-cuentos-de-navidad","og_site_name":"ASAJA Palencia","article_published_time":"2022-12-05T07:40:01+00:00","og_image":[{"width":760,"height":570,"url":"https:\/\/www.asajacyl.com\/palencia\/wp-content\/uploads\/sites\/3\/2020\/12\/nino-carta-navidad-c_0.jpg","type":"image\/jpeg"}],"author":"Administrador","twitter_card":"summary_large_image","twitter_misc":{"Escrito por":"Administrador","Tiempo de lectura":"1 minuto"},"schema":{"@context":"https:\/\/schema.org","@graph":[{"@type":"WebPage","@id":"https:\/\/www.asajacyl.com\/palencia\/asaja-palencia-informa\/asaja-palencia-convoca-un-concurso-de-cuentos-de-navidad","url":"https:\/\/www.asajacyl.com\/palencia\/asaja-palencia-informa\/asaja-palencia-convoca-un-concurso-de-cuentos-de-navidad","name":"ASAJA-Palencia convoca un concurso de cuentos de Navidad - ASAJA Palencia","isPartOf":{"@id":"https:\/\/www.asajacyl.com\/palencia\/#website"},"primaryImageOfPage":{"@id":"https:\/\/www.asajacyl.com\/palencia\/asaja-palencia-informa\/asaja-palencia-convoca-un-concurso-de-cuentos-de-navidad#primaryimage"},"image":{"@id":"https:\/\/www.asajacyl.com\/palencia\/asaja-palencia-informa\/asaja-palencia-convoca-un-concurso-de-cuentos-de-navidad#primaryimage"},"thumbnailUrl":"https:\/\/www.asajacyl.com\/palencia\/wp-content\/uploads\/sites\/3\/2020\/12\/nino-carta-navidad-c_0.jpg","datePublished":"2022-12-05T07:40:01+00:00","author":{"@id":"https:\/\/www.asajacyl.com\/palencia\/#\/schema\/person\/3ab17aeb03527485c317557fae64aab1"},"description":"ASAJA-Palencia organiza un a\u00f1o m\u00e1s su ya tradicional concurso de cuentos de Navidad al que anima a participar a todos los ni\u00f1os relacionados con el medio","breadcrumb":{"@id":"https:\/\/www.asajacyl.com\/palencia\/asaja-palencia-informa\/asaja-palencia-convoca-un-concurso-de-cuentos-de-navidad#breadcrumb"},"inLanguage":"es","potentialAction":[{"@type":"ReadAction","target":["https:\/\/www.asajacyl.com\/palencia\/asaja-palencia-informa\/asaja-palencia-convoca-un-concurso-de-cuentos-de-navidad"]}]},{"@type":"ImageObject","inLanguage":"es","@id":"https:\/\/www.asajacyl.com\/palencia\/asaja-palencia-informa\/asaja-palencia-convoca-un-concurso-de-cuentos-de-navidad#primaryimage","url":"https:\/\/www.asajacyl.com\/palencia\/wp-content\/uploads\/sites\/3\/2020\/12\/nino-carta-navidad-c_0.jpg","contentUrl":"https:\/\/www.asajacyl.com\/palencia\/wp-content\/uploads\/sites\/3\/2020\/12\/nino-carta-navidad-c_0.jpg","width":760,"height":570},{"@type":"BreadcrumbList","@id":"https:\/\/www.asajacyl.com\/palencia\/asaja-palencia-informa\/asaja-palencia-convoca-un-concurso-de-cuentos-de-navidad#breadcrumb","itemListElement":[{"@type":"ListItem","position":1,"name":"Portada","item":"https:\/\/www.asajacyl.com\/palencia\/"},{"@type":"ListItem","position":2,"name":"ASAJA-Palencia convoca un concurso de cuentos de Navidad"}]},{"@type":"WebSite","@id":"https:\/\/www.asajacyl.com\/palencia\/#website","url":"https:\/\/www.asajacyl.com\/palencia\/","name":"ASAJA Palencia","description":"Otro sitio m\u00e1s de Provincias ASAJA Castilla y Le\u00f3n","potentialAction":[{"@type":"SearchAction","target":{"@type":"EntryPoint","urlTemplate":"https:\/\/www.asajacyl.com\/palencia\/?s={search_term_string}"},"query-input":{"@type":"PropertyValueSpecification","valueRequired":true,"valueName":"search_term_string"}}],"inLanguage":"es"},{"@type":"Person","@id":"https:\/\/www.asajacyl.com\/palencia\/#\/schema\/person\/3ab17aeb03527485c317557fae64aab1","name":"Administrador","image":{"@type":"ImageObject","inLanguage":"es","@id":"https:\/\/www.asajacyl.com\/palencia\/#\/schema\/person\/image\/","url":"https:\/\/secure.gravatar.com\/avatar\/517384810d242ca9e38c180f3c9fb973?s=96&d=mm&r=g","contentUrl":"https:\/\/secure.gravatar.com\/avatar\/517384810d242ca9e38c180f3c9fb973?s=96&d=mm&r=g","caption":"Administrador"},"url":"https:\/\/www.asajacyl.com\/palencia\/author\/carlosrm"}]}},"_links":{"self":[{"href":"https:\/\/www.asajacyl.com\/palencia\/wp-json\/wp\/v2\/posts\/11867"}],"collection":[{"href":"https:\/\/www.asajacyl.com\/palencia\/wp-json\/wp\/v2\/posts"}],"about":[{"href":"https:\/\/www.asajacyl.com\/palencia\/wp-json\/wp\/v2\/types\/post"}],"author":[{"embeddable":true,"href":"https:\/\/www.asajacyl.com\/palencia\/wp-json\/wp\/v2\/users\/9"}],"replies":[{"embeddable":true,"href":"https:\/\/www.asajacyl.com\/palencia\/wp-json\/wp\/v2\/comments?post=11867"}],"version-history":[{"count":3,"href":"https:\/\/www.asajacyl.com\/palencia\/wp-json\/wp\/v2\/posts\/11867\/revisions"}],"predecessor-version":[{"id":11904,"href":"https:\/\/www.asajacyl.com\/palencia\/wp-json\/wp\/v2\/posts\/11867\/revisions\/11904"}],"wp:featuredmedia":[{"embeddable":true,"href":"https:\/\/www.asajacyl.com\/palencia\/wp-json\/wp\/v2\/media\/7823"}],"wp:attachment":[{"href":"https:\/\/www.asajacyl.com\/palencia\/wp-json\/wp\/v2\/media?parent=11867"}],"wp:term":[{"taxonomy":"category","embeddable":true,"href":"https:\/\/www.asajacyl.com\/palencia\/wp-json\/wp\/v2\/categories?post=11867"},{"taxonomy":"post_tag","embeddable":true,"href":"https:\/\/www.asajacyl.com\/palencia\/wp-json\/wp\/v2\/tags?post=11867"}],"curies":[{"name":"wp","href":"https:\/\/api.w.org\/{rel}","templated":true}]}}