{"id":11870,"date":"2022-12-08T14:20:29","date_gmt":"2022-12-08T13:20:29","guid":{"rendered":"https:\/\/www.asajacyl.com\/palencia\/?p=11870"},"modified":"2022-11-30T14:22:19","modified_gmt":"2022-11-30T13:22:19","slug":"espana-aprueba-nuevas-medidas-para-el-uso-sostenible-de-antibioticos-en-ganaderia","status":"publish","type":"post","link":"https:\/\/www.asajacyl.com\/palencia\/asaja-palencia-informa\/espana-aprueba-nuevas-medidas-para-el-uso-sostenible-de-antibioticos-en-ganaderia","title":{"rendered":"Espa\u00f1a aprueba nuevas medidas para el uso sostenible de antibi\u00f3ticos en ganader\u00eda"},"content":{"rendered":"\n<p>El Consejo de Ministros ha aprobado este martes 29 de noviembre, a propuesta del Ministerio de Agricultura, Pesca y Alimentaci\u00f3n y del Ministerio de Sanidad, un Real Decreto que establece una serie de medidas nacionales para favorecer un uso sostenible de antibi\u00f3ticos en el \u00e1mbito de las especies de inter\u00e9s ganadero.<\/p>\n\n\n\n<p>La norma establecer\u00e1 un valor de referencia nacional de consumo, que se definir\u00e1 en funci\u00f3n de la especie y la clasificaci\u00f3n zoot\u00e9cnica, y se plantear\u00e1n medidas en funci\u00f3n de la superaci\u00f3n de este l\u00edmite, siempre sobre la base de las recomendaciones del veterinario de explotaci\u00f3n.<br>El Sistema Inform\u00e1tico Central de Control de Prescripciones Veterinarias de Antibi\u00f3ticos (PRESVET) en la actualidad ya permite el conocimiento por parte del ganadero de los datos de consumo de antibi\u00f3ticos en su explotaci\u00f3n, informaci\u00f3n necesaria para comenzar a abordar lo antes posible la problem\u00e1tica de las resistencias antimicrobianas.<\/p>\n","protected":false},"excerpt":{"rendered":"<p>El Consejo de Ministros ha aprobado este martes 29 de noviembre, a propuesta del Ministerio de Agricultura, Pesca y Alimentaci\u00f3n y del Ministerio de Sanidad, un Real Decreto que establece una serie de medidas nacionales para favorecer un uso sostenible de antibi\u00f3ticos en el \u00e1mbito de las especies de inter\u00e9s ganadero. La norma establecer\u00e1 un [&hellip;]<\/p>\n","protected":false},"author":9,"featured_media":11049,"comment_status":"open","ping_status":"open","sticky":false,"template":"","format":"standard","meta":{"footnotes":""},"categories":[9,29,28],"tags":[],"yoast_head":"<!-- This site is optimized with the Yoast SEO plugin v24.5 - https:\/\/yoast.com\/wordpress\/plugins\/seo\/ -->\n<title>Espa\u00f1a aprueba nuevas medidas para el uso sostenible de antibi\u00f3ticos en ganader\u00eda - ASAJA Palencia<\/title>\n<meta name=\"description\" content=\"El Consejo de Ministros ha aprobado este martes 29 de noviembre, a propuesta del Ministerio de Agricultura, Pesca y Alimentaci\u00f3n y del Ministerio de\" \/>\n<meta name=\"robots\" content=\"index, follow, max-snippet:-1, max-image-preview:large, max-video-preview:-1\" \/>\n<link rel=\"canonical\" href=\"https:\/\/www.asajacyl.com\/palencia\/asaja-palencia-informa\/espana-aprueba-nuevas-medidas-para-el-uso-sostenible-de-antibioticos-en-ganaderia\" \/>\n<meta property=\"og:locale\" content=\"es_ES\" \/>\n<meta property=\"og:type\" content=\"article\" \/>\n<meta property=\"og:title\" content=\"Espa\u00f1a aprueba nuevas medidas para el uso sostenible de antibi\u00f3ticos en ganader\u00eda - ASAJA Palencia\" \/>\n<meta property=\"og:description\" content=\"El Consejo de Ministros ha aprobado este martes 29 de noviembre, a propuesta del Ministerio de Agricultura, Pesca y Alimentaci\u00f3n y del Ministerio de\" \/>\n<meta property=\"og:url\" content=\"https:\/\/www.asajacyl.com\/palencia\/asaja-palencia-informa\/espana-aprueba-nuevas-medidas-para-el-uso-sostenible-de-antibioticos-en-ganaderia\" \/>\n<meta property=\"og:site_name\" content=\"ASAJA Palencia\" \/>\n<meta property=\"article:published_time\" content=\"2022-12-08T13:20:29+00:00\" \/>\n<meta property=\"og:image\" content=\"https:\/\/www.asajacyl.com\/palencia\/wp-content\/uploads\/sites\/3\/2022\/07\/image-1.jpg\" \/>\n\t<meta property=\"og:image:width\" content=\"2210\" \/>\n\t<meta property=\"og:image:height\" content=\"1272\" \/>\n\t<meta property=\"og:image:type\" content=\"image\/jpeg\" \/>\n<meta name=\"author\" content=\"Administrador\" \/>\n<meta name=\"twitter:card\" content=\"summary_large_image\" \/>\n<meta name=\"twitter:label1\" content=\"Escrito por\" \/>\n\t<meta name=\"twitter:data1\" content=\"Administrador\" \/>\n\t<meta name=\"twitter:label2\" content=\"Tiempo de lectura\" \/>\n\t<meta name=\"twitter:data2\" content=\"1 minuto\" \/>\n<script type=\"application\/ld+json\" class=\"yoast-schema-graph\">{\"@context\":\"https:\/\/schema.org\",\"@graph\":[{\"@type\":\"WebPage\",\"@id\":\"https:\/\/www.asajacyl.com\/palencia\/asaja-palencia-informa\/espana-aprueba-nuevas-medidas-para-el-uso-sostenible-de-antibioticos-en-ganaderia\",\"url\":\"https:\/\/www.asajacyl.com\/palencia\/asaja-palencia-informa\/espana-aprueba-nuevas-medidas-para-el-uso-sostenible-de-antibioticos-en-ganaderia\",\"name\":\"Espa\u00f1a aprueba nuevas medidas para el uso sostenible de antibi\u00f3ticos en ganader\u00eda - ASAJA Palencia\",\"isPartOf\":{\"@id\":\"https:\/\/www.asajacyl.com\/palencia\/#website\"},\"primaryImageOfPage\":{\"@id\":\"https:\/\/www.asajacyl.com\/palencia\/asaja-palencia-informa\/espana-aprueba-nuevas-medidas-para-el-uso-sostenible-de-antibioticos-en-ganaderia#primaryimage\"},\"image\":{\"@id\":\"https:\/\/www.asajacyl.com\/palencia\/asaja-palencia-informa\/espana-aprueba-nuevas-medidas-para-el-uso-sostenible-de-antibioticos-en-ganaderia#primaryimage\"},\"thumbnailUrl\":\"https:\/\/www.asajacyl.com\/palencia\/wp-content\/uploads\/sites\/3\/2022\/07\/image-1.jpg\",\"datePublished\":\"2022-12-08T13:20:29+00:00\",\"author\":{\"@id\":\"https:\/\/www.asajacyl.com\/palencia\/#\/schema\/person\/3ab17aeb03527485c317557fae64aab1\"},\"description\":\"El Consejo de Ministros ha aprobado este martes 29 de noviembre, a propuesta del Ministerio de Agricultura, Pesca y Alimentaci\u00f3n y del Ministerio de\",\"breadcrumb\":{\"@id\":\"https:\/\/www.asajacyl.com\/palencia\/asaja-palencia-informa\/espana-aprueba-nuevas-medidas-para-el-uso-sostenible-de-antibioticos-en-ganaderia#breadcrumb\"},\"inLanguage\":\"es\",\"potentialAction\":[{\"@type\":\"ReadAction\",\"target\":[\"https:\/\/www.asajacyl.com\/palencia\/asaja-palencia-informa\/espana-aprueba-nuevas-medidas-para-el-uso-sostenible-de-antibioticos-en-ganaderia\"]}]},{\"@type\":\"ImageObject\",\"inLanguage\":\"es\",\"@id\":\"https:\/\/www.asajacyl.com\/palencia\/asaja-palencia-informa\/espana-aprueba-nuevas-medidas-para-el-uso-sostenible-de-antibioticos-en-ganaderia#primaryimage\",\"url\":\"https:\/\/www.asajacyl.com\/palencia\/wp-content\/uploads\/sites\/3\/2022\/07\/image-1.jpg\",\"contentUrl\":\"https:\/\/www.asajacyl.com\/palencia\/wp-content\/uploads\/sites\/3\/2022\/07\/image-1.jpg\",\"width\":2210,\"height\":1272},{\"@type\":\"BreadcrumbList\",\"@id\":\"https:\/\/www.asajacyl.com\/palencia\/asaja-palencia-informa\/espana-aprueba-nuevas-medidas-para-el-uso-sostenible-de-antibioticos-en-ganaderia#breadcrumb\",\"itemListElement\":[{\"@type\":\"ListItem\",\"position\":1,\"name\":\"Portada\",\"item\":\"https:\/\/www.asajacyl.com\/palencia\/\"},{\"@type\":\"ListItem\",\"position\":2,\"name\":\"Espa\u00f1a aprueba nuevas medidas para el uso sostenible de antibi\u00f3ticos en ganader\u00eda\"}]},{\"@type\":\"WebSite\",\"@id\":\"https:\/\/www.asajacyl.com\/palencia\/#website\",\"url\":\"https:\/\/www.asajacyl.com\/palencia\/\",\"name\":\"ASAJA Palencia\",\"description\":\"Otro sitio m\u00e1s de Provincias ASAJA Castilla y Le\u00f3n\",\"potentialAction\":[{\"@type\":\"SearchAction\",\"target\":{\"@type\":\"EntryPoint\",\"urlTemplate\":\"https:\/\/www.asajacyl.com\/palencia\/?s={search_term_string}\"},\"query-input\":{\"@type\":\"PropertyValueSpecification\",\"valueRequired\":true,\"valueName\":\"search_term_string\"}}],\"inLanguage\":\"es\"},{\"@type\":\"Person\",\"@id\":\"https:\/\/www.asajacyl.com\/palencia\/#\/schema\/person\/3ab17aeb03527485c317557fae64aab1\",\"name\":\"Administrador\",\"image\":{\"@type\":\"ImageObject\",\"inLanguage\":\"es\",\"@id\":\"https:\/\/www.asajacyl.com\/palencia\/#\/schema\/person\/image\/\",\"url\":\"https:\/\/secure.gravatar.com\/avatar\/517384810d242ca9e38c180f3c9fb973?s=96&d=mm&r=g\",\"contentUrl\":\"https:\/\/secure.gravatar.com\/avatar\/517384810d242ca9e38c180f3c9fb973?s=96&d=mm&r=g\",\"caption\":\"Administrador\"},\"url\":\"https:\/\/www.asajacyl.com\/palencia\/author\/carlosrm\"}]}<\/script>\n<!-- \/ Yoast SEO plugin. -->","yoast_head_json":{"title":"Espa\u00f1a aprueba nuevas medidas para el uso sostenible de antibi\u00f3ticos en ganader\u00eda - ASAJA Palencia","description":"El Consejo de Ministros ha aprobado este martes 29 de noviembre, a propuesta del Ministerio de Agricultura, Pesca y Alimentaci\u00f3n y del Ministerio de","robots":{"index":"index","follow":"follow","max-snippet":"max-snippet:-1","max-image-preview":"max-image-preview:large","max-video-preview":"max-video-preview:-1"},"canonical":"https:\/\/www.asajacyl.com\/palencia\/asaja-palencia-informa\/espana-aprueba-nuevas-medidas-para-el-uso-sostenible-de-antibioticos-en-ganaderia","og_locale":"es_ES","og_type":"article","og_title":"Espa\u00f1a aprueba nuevas medidas para el uso sostenible de antibi\u00f3ticos en ganader\u00eda - ASAJA Palencia","og_description":"El Consejo de Ministros ha aprobado este martes 29 de noviembre, a propuesta del Ministerio de Agricultura, Pesca y Alimentaci\u00f3n y del Ministerio de","og_url":"https:\/\/www.asajacyl.com\/palencia\/asaja-palencia-informa\/espana-aprueba-nuevas-medidas-para-el-uso-sostenible-de-antibioticos-en-ganaderia","og_site_name":"ASAJA Palencia","article_published_time":"2022-12-08T13:20:29+00:00","og_image":[{"width":2210,"height":1272,"url":"https:\/\/www.asajacyl.com\/palencia\/wp-content\/uploads\/sites\/3\/2022\/07\/image-1.jpg","type":"image\/jpeg"}],"author":"Administrador","twitter_card":"summary_large_image","twitter_misc":{"Escrito por":"Administrador","Tiempo de lectura":"1 minuto"},"schema":{"@context":"https:\/\/schema.org","@graph":[{"@type":"WebPage","@id":"https:\/\/www.asajacyl.com\/palencia\/asaja-palencia-informa\/espana-aprueba-nuevas-medidas-para-el-uso-sostenible-de-antibioticos-en-ganaderia","url":"https:\/\/www.asajacyl.com\/palencia\/asaja-palencia-informa\/espana-aprueba-nuevas-medidas-para-el-uso-sostenible-de-antibioticos-en-ganaderia","name":"Espa\u00f1a aprueba nuevas medidas para el uso sostenible de antibi\u00f3ticos en ganader\u00eda - ASAJA Palencia","isPartOf":{"@id":"https:\/\/www.asajacyl.com\/palencia\/#website"},"primaryImageOfPage":{"@id":"https:\/\/www.asajacyl.com\/palencia\/asaja-palencia-informa\/espana-aprueba-nuevas-medidas-para-el-uso-sostenible-de-antibioticos-en-ganaderia#primaryimage"},"image":{"@id":"https:\/\/www.asajacyl.com\/palencia\/asaja-palencia-informa\/espana-aprueba-nuevas-medidas-para-el-uso-sostenible-de-antibioticos-en-ganaderia#primaryimage"},"thumbnailUrl":"https:\/\/www.asajacyl.com\/palencia\/wp-content\/uploads\/sites\/3\/2022\/07\/image-1.jpg","datePublished":"2022-12-08T13:20:29+00:00","author":{"@id":"https:\/\/www.asajacyl.com\/palencia\/#\/schema\/person\/3ab17aeb03527485c317557fae64aab1"},"description":"El Consejo de Ministros ha aprobado este martes 29 de noviembre, a propuesta del Ministerio de Agricultura, Pesca y Alimentaci\u00f3n y del Ministerio de","breadcrumb":{"@id":"https:\/\/www.asajacyl.com\/palencia\/asaja-palencia-informa\/espana-aprueba-nuevas-medidas-para-el-uso-sostenible-de-antibioticos-en-ganaderia#breadcrumb"},"inLanguage":"es","potentialAction":[{"@type":"ReadAction","target":["https:\/\/www.asajacyl.com\/palencia\/asaja-palencia-informa\/espana-aprueba-nuevas-medidas-para-el-uso-sostenible-de-antibioticos-en-ganaderia"]}]},{"@type":"ImageObject","inLanguage":"es","@id":"https:\/\/www.asajacyl.com\/palencia\/asaja-palencia-informa\/espana-aprueba-nuevas-medidas-para-el-uso-sostenible-de-antibioticos-en-ganaderia#primaryimage","url":"https:\/\/www.asajacyl.com\/palencia\/wp-content\/uploads\/sites\/3\/2022\/07\/image-1.jpg","contentUrl":"https:\/\/www.asajacyl.com\/palencia\/wp-content\/uploads\/sites\/3\/2022\/07\/image-1.jpg","width":2210,"height":1272},{"@type":"BreadcrumbList","@id":"https:\/\/www.asajacyl.com\/palencia\/asaja-palencia-informa\/espana-aprueba-nuevas-medidas-para-el-uso-sostenible-de-antibioticos-en-ganaderia#breadcrumb","itemListElement":[{"@type":"ListItem","position":1,"name":"Portada","item":"https:\/\/www.asajacyl.com\/palencia\/"},{"@type":"ListItem","position":2,"name":"Espa\u00f1a aprueba nuevas medidas para el uso sostenible de antibi\u00f3ticos en ganader\u00eda"}]},{"@type":"WebSite","@id":"https:\/\/www.asajacyl.com\/palencia\/#website","url":"https:\/\/www.asajacyl.com\/palencia\/","name":"ASAJA Palencia","description":"Otro sitio m\u00e1s de Provincias ASAJA Castilla y Le\u00f3n","potentialAction":[{"@type":"SearchAction","target":{"@type":"EntryPoint","urlTemplate":"https:\/\/www.asajacyl.com\/palencia\/?s={search_term_string}"},"query-input":{"@type":"PropertyValueSpecification","valueRequired":true,"valueName":"search_term_string"}}],"inLanguage":"es"},{"@type":"Person","@id":"https:\/\/www.asajacyl.com\/palencia\/#\/schema\/person\/3ab17aeb03527485c317557fae64aab1","name":"Administrador","image":{"@type":"ImageObject","inLanguage":"es","@id":"https:\/\/www.asajacyl.com\/palencia\/#\/schema\/person\/image\/","url":"https:\/\/secure.gravatar.com\/avatar\/517384810d242ca9e38c180f3c9fb973?s=96&d=mm&r=g","contentUrl":"https:\/\/secure.gravatar.com\/avatar\/517384810d242ca9e38c180f3c9fb973?s=96&d=mm&r=g","caption":"Administrador"},"url":"https:\/\/www.asajacyl.com\/palencia\/author\/carlosrm"}]}},"_links":{"self":[{"href":"https:\/\/www.asajacyl.com\/palencia\/wp-json\/wp\/v2\/posts\/11870"}],"collection":[{"href":"https:\/\/www.asajacyl.com\/palencia\/wp-json\/wp\/v2\/posts"}],"about":[{"href":"https:\/\/www.asajacyl.com\/palencia\/wp-json\/wp\/v2\/types\/post"}],"author":[{"embeddable":true,"href":"https:\/\/www.asajacyl.com\/palencia\/wp-json\/wp\/v2\/users\/9"}],"replies":[{"embeddable":true,"href":"https:\/\/www.asajacyl.com\/palencia\/wp-json\/wp\/v2\/comments?post=11870"}],"version-history":[{"count":1,"href":"https:\/\/www.asajacyl.com\/palencia\/wp-json\/wp\/v2\/posts\/11870\/revisions"}],"predecessor-version":[{"id":11871,"href":"https:\/\/www.asajacyl.com\/palencia\/wp-json\/wp\/v2\/posts\/11870\/revisions\/11871"}],"wp:featuredmedia":[{"embeddable":true,"href":"https:\/\/www.asajacyl.com\/palencia\/wp-json\/wp\/v2\/media\/11049"}],"wp:attachment":[{"href":"https:\/\/www.asajacyl.com\/palencia\/wp-json\/wp\/v2\/media?parent=11870"}],"wp:term":[{"taxonomy":"category","embeddable":true,"href":"https:\/\/www.asajacyl.com\/palencia\/wp-json\/wp\/v2\/categories?post=11870"},{"taxonomy":"post_tag","embeddable":true,"href":"https:\/\/www.asajacyl.com\/palencia\/wp-json\/wp\/v2\/tags?post=11870"}],"curies":[{"name":"wp","href":"https:\/\/api.w.org\/{rel}","templated":true}]}}