{"id":11901,"date":"2022-12-05T14:55:00","date_gmt":"2022-12-05T13:55:00","guid":{"rendered":"https:\/\/www.asajacyl.com\/palencia\/?p=11901"},"modified":"2022-12-05T14:55:15","modified_gmt":"2022-12-05T13:55:15","slug":"el-glifosato-seguira-al-menos-un-ano-mas","status":"publish","type":"post","link":"https:\/\/www.asajacyl.com\/palencia\/asaja-palencia-informa\/el-glifosato-seguira-al-menos-un-ano-mas","title":{"rendered":"Ya es oficial, el glifosato seguir\u00e1 al menos un a\u00f1o m\u00e1s"},"content":{"rendered":"\n<p>Hoy se ha publicado en el Diario Oficial de la Uni\u00f3n Europea el Reglamento de Ejecuci\u00f3n que ampl\u00eda el per\u00edodo de aprobaci\u00f3n del glifosato. La aprobaci\u00f3n de esta sustancia, imprescindible para realizar la agricultura de conservaci\u00f3n, expiraba el d\u00eda 15 de diciembre de 2022 y se le ha dado un nuevo plazo hasta el d\u00eda 15 de diciembre de 2023.<\/p>\n\n\n\n<p>Esta pr\u00f3rroga ha tenido lugar porque al Agencia Europea de Sustancias y Mezclas Qu\u00edmica (ECHA) advirti\u00f3 de que al menos hasta julio de 2023 no ser\u00eda capaz de adoptar las conclusiones de la revisi\u00f3n por pares de la evaluaci\u00f3n del riesgo del glifosato. Por tanto, no se pod\u00eda dar un pronunciamiento ni a favor ni en contra antes del 15 de diciembre de este a\u00f1o.<\/p>\n","protected":false},"excerpt":{"rendered":"<p>Hoy se ha publicado en el Diario Oficial de la Uni\u00f3n Europea el Reglamento de Ejecuci\u00f3n que ampl\u00eda el per\u00edodo de aprobaci\u00f3n del glifosato. La aprobaci\u00f3n de esta sustancia, imprescindible para realizar la agricultura de conservaci\u00f3n, expiraba el d\u00eda 15 de diciembre de 2022 y se le ha dado un nuevo plazo hasta el d\u00eda [&hellip;]<\/p>\n","protected":false},"author":9,"featured_media":11883,"comment_status":"open","ping_status":"open","sticky":false,"template":"","format":"standard","meta":{"footnotes":""},"categories":[9,29,28],"tags":[],"yoast_head":"<!-- This site is optimized with the Yoast SEO plugin v24.5 - https:\/\/yoast.com\/wordpress\/plugins\/seo\/ -->\n<title>Ya es oficial, el glifosato seguir\u00e1 al menos un a\u00f1o m\u00e1s - ASAJA Palencia<\/title>\n<meta name=\"description\" content=\"Hoy se ha publicado en el Diario Oficial de la Uni\u00f3n Europea el Reglamento de Ejecuci\u00f3n que ampl\u00eda el per\u00edodo de aprobaci\u00f3n del glifosato. La aprobaci\u00f3n\" \/>\n<meta name=\"robots\" content=\"index, follow, max-snippet:-1, max-image-preview:large, max-video-preview:-1\" \/>\n<link rel=\"canonical\" href=\"https:\/\/www.asajacyl.com\/palencia\/asaja-palencia-informa\/el-glifosato-seguira-al-menos-un-ano-mas\" \/>\n<meta property=\"og:locale\" content=\"es_ES\" \/>\n<meta property=\"og:type\" content=\"article\" \/>\n<meta property=\"og:title\" content=\"Ya es oficial, el glifosato seguir\u00e1 al menos un a\u00f1o m\u00e1s - ASAJA Palencia\" \/>\n<meta property=\"og:description\" content=\"Hoy se ha publicado en el Diario Oficial de la Uni\u00f3n Europea el Reglamento de Ejecuci\u00f3n que ampl\u00eda el per\u00edodo de aprobaci\u00f3n del glifosato. La aprobaci\u00f3n\" \/>\n<meta property=\"og:url\" content=\"https:\/\/www.asajacyl.com\/palencia\/asaja-palencia-informa\/el-glifosato-seguira-al-menos-un-ano-mas\" \/>\n<meta property=\"og:site_name\" content=\"ASAJA Palencia\" \/>\n<meta property=\"article:published_time\" content=\"2022-12-05T13:55:00+00:00\" \/>\n<meta property=\"article:modified_time\" content=\"2022-12-05T13:55:15+00:00\" \/>\n<meta property=\"og:image\" content=\"https:\/\/www.asajacyl.com\/palencia\/wp-content\/uploads\/sites\/3\/2022\/12\/TRATAMIENTO-FITOSANITARIOS.jpg\" \/>\n\t<meta property=\"og:image:width\" content=\"1024\" \/>\n\t<meta property=\"og:image:height\" content=\"768\" \/>\n\t<meta property=\"og:image:type\" content=\"image\/jpeg\" \/>\n<meta name=\"author\" content=\"Administrador\" \/>\n<meta name=\"twitter:card\" content=\"summary_large_image\" \/>\n<meta name=\"twitter:label1\" content=\"Escrito por\" \/>\n\t<meta name=\"twitter:data1\" content=\"Administrador\" \/>\n\t<meta name=\"twitter:label2\" content=\"Tiempo de lectura\" \/>\n\t<meta name=\"twitter:data2\" content=\"1 minuto\" \/>\n<script type=\"application\/ld+json\" class=\"yoast-schema-graph\">{\"@context\":\"https:\/\/schema.org\",\"@graph\":[{\"@type\":\"WebPage\",\"@id\":\"https:\/\/www.asajacyl.com\/palencia\/asaja-palencia-informa\/el-glifosato-seguira-al-menos-un-ano-mas\",\"url\":\"https:\/\/www.asajacyl.com\/palencia\/asaja-palencia-informa\/el-glifosato-seguira-al-menos-un-ano-mas\",\"name\":\"Ya es oficial, el glifosato seguir\u00e1 al menos un a\u00f1o m\u00e1s - ASAJA Palencia\",\"isPartOf\":{\"@id\":\"https:\/\/www.asajacyl.com\/palencia\/#website\"},\"primaryImageOfPage\":{\"@id\":\"https:\/\/www.asajacyl.com\/palencia\/asaja-palencia-informa\/el-glifosato-seguira-al-menos-un-ano-mas#primaryimage\"},\"image\":{\"@id\":\"https:\/\/www.asajacyl.com\/palencia\/asaja-palencia-informa\/el-glifosato-seguira-al-menos-un-ano-mas#primaryimage\"},\"thumbnailUrl\":\"https:\/\/www.asajacyl.com\/palencia\/wp-content\/uploads\/sites\/3\/2022\/12\/TRATAMIENTO-FITOSANITARIOS.jpg\",\"datePublished\":\"2022-12-05T13:55:00+00:00\",\"dateModified\":\"2022-12-05T13:55:15+00:00\",\"author\":{\"@id\":\"https:\/\/www.asajacyl.com\/palencia\/#\/schema\/person\/3ab17aeb03527485c317557fae64aab1\"},\"description\":\"Hoy se ha publicado en el Diario Oficial de la Uni\u00f3n Europea el Reglamento de Ejecuci\u00f3n que ampl\u00eda el per\u00edodo de aprobaci\u00f3n del glifosato. La aprobaci\u00f3n\",\"breadcrumb\":{\"@id\":\"https:\/\/www.asajacyl.com\/palencia\/asaja-palencia-informa\/el-glifosato-seguira-al-menos-un-ano-mas#breadcrumb\"},\"inLanguage\":\"es\",\"potentialAction\":[{\"@type\":\"ReadAction\",\"target\":[\"https:\/\/www.asajacyl.com\/palencia\/asaja-palencia-informa\/el-glifosato-seguira-al-menos-un-ano-mas\"]}]},{\"@type\":\"ImageObject\",\"inLanguage\":\"es\",\"@id\":\"https:\/\/www.asajacyl.com\/palencia\/asaja-palencia-informa\/el-glifosato-seguira-al-menos-un-ano-mas#primaryimage\",\"url\":\"https:\/\/www.asajacyl.com\/palencia\/wp-content\/uploads\/sites\/3\/2022\/12\/TRATAMIENTO-FITOSANITARIOS.jpg\",\"contentUrl\":\"https:\/\/www.asajacyl.com\/palencia\/wp-content\/uploads\/sites\/3\/2022\/12\/TRATAMIENTO-FITOSANITARIOS.jpg\",\"width\":1024,\"height\":768},{\"@type\":\"BreadcrumbList\",\"@id\":\"https:\/\/www.asajacyl.com\/palencia\/asaja-palencia-informa\/el-glifosato-seguira-al-menos-un-ano-mas#breadcrumb\",\"itemListElement\":[{\"@type\":\"ListItem\",\"position\":1,\"name\":\"Portada\",\"item\":\"https:\/\/www.asajacyl.com\/palencia\/\"},{\"@type\":\"ListItem\",\"position\":2,\"name\":\"Ya es oficial, el glifosato seguir\u00e1 al menos un a\u00f1o m\u00e1s\"}]},{\"@type\":\"WebSite\",\"@id\":\"https:\/\/www.asajacyl.com\/palencia\/#website\",\"url\":\"https:\/\/www.asajacyl.com\/palencia\/\",\"name\":\"ASAJA Palencia\",\"description\":\"Otro sitio m\u00e1s de Provincias ASAJA Castilla y Le\u00f3n\",\"potentialAction\":[{\"@type\":\"SearchAction\",\"target\":{\"@type\":\"EntryPoint\",\"urlTemplate\":\"https:\/\/www.asajacyl.com\/palencia\/?s={search_term_string}\"},\"query-input\":{\"@type\":\"PropertyValueSpecification\",\"valueRequired\":true,\"valueName\":\"search_term_string\"}}],\"inLanguage\":\"es\"},{\"@type\":\"Person\",\"@id\":\"https:\/\/www.asajacyl.com\/palencia\/#\/schema\/person\/3ab17aeb03527485c317557fae64aab1\",\"name\":\"Administrador\",\"image\":{\"@type\":\"ImageObject\",\"inLanguage\":\"es\",\"@id\":\"https:\/\/www.asajacyl.com\/palencia\/#\/schema\/person\/image\/\",\"url\":\"https:\/\/secure.gravatar.com\/avatar\/517384810d242ca9e38c180f3c9fb973?s=96&d=mm&r=g\",\"contentUrl\":\"https:\/\/secure.gravatar.com\/avatar\/517384810d242ca9e38c180f3c9fb973?s=96&d=mm&r=g\",\"caption\":\"Administrador\"},\"url\":\"https:\/\/www.asajacyl.com\/palencia\/author\/carlosrm\"}]}<\/script>\n<!-- \/ Yoast SEO plugin. -->","yoast_head_json":{"title":"Ya es oficial, el glifosato seguir\u00e1 al menos un a\u00f1o m\u00e1s - ASAJA Palencia","description":"Hoy se ha publicado en el Diario Oficial de la Uni\u00f3n Europea el Reglamento de Ejecuci\u00f3n que ampl\u00eda el per\u00edodo de aprobaci\u00f3n del glifosato. La aprobaci\u00f3n","robots":{"index":"index","follow":"follow","max-snippet":"max-snippet:-1","max-image-preview":"max-image-preview:large","max-video-preview":"max-video-preview:-1"},"canonical":"https:\/\/www.asajacyl.com\/palencia\/asaja-palencia-informa\/el-glifosato-seguira-al-menos-un-ano-mas","og_locale":"es_ES","og_type":"article","og_title":"Ya es oficial, el glifosato seguir\u00e1 al menos un a\u00f1o m\u00e1s - ASAJA Palencia","og_description":"Hoy se ha publicado en el Diario Oficial de la Uni\u00f3n Europea el Reglamento de Ejecuci\u00f3n que ampl\u00eda el per\u00edodo de aprobaci\u00f3n del glifosato. La aprobaci\u00f3n","og_url":"https:\/\/www.asajacyl.com\/palencia\/asaja-palencia-informa\/el-glifosato-seguira-al-menos-un-ano-mas","og_site_name":"ASAJA Palencia","article_published_time":"2022-12-05T13:55:00+00:00","article_modified_time":"2022-12-05T13:55:15+00:00","og_image":[{"width":1024,"height":768,"url":"https:\/\/www.asajacyl.com\/palencia\/wp-content\/uploads\/sites\/3\/2022\/12\/TRATAMIENTO-FITOSANITARIOS.jpg","type":"image\/jpeg"}],"author":"Administrador","twitter_card":"summary_large_image","twitter_misc":{"Escrito por":"Administrador","Tiempo de lectura":"1 minuto"},"schema":{"@context":"https:\/\/schema.org","@graph":[{"@type":"WebPage","@id":"https:\/\/www.asajacyl.com\/palencia\/asaja-palencia-informa\/el-glifosato-seguira-al-menos-un-ano-mas","url":"https:\/\/www.asajacyl.com\/palencia\/asaja-palencia-informa\/el-glifosato-seguira-al-menos-un-ano-mas","name":"Ya es oficial, el glifosato seguir\u00e1 al menos un a\u00f1o m\u00e1s - ASAJA Palencia","isPartOf":{"@id":"https:\/\/www.asajacyl.com\/palencia\/#website"},"primaryImageOfPage":{"@id":"https:\/\/www.asajacyl.com\/palencia\/asaja-palencia-informa\/el-glifosato-seguira-al-menos-un-ano-mas#primaryimage"},"image":{"@id":"https:\/\/www.asajacyl.com\/palencia\/asaja-palencia-informa\/el-glifosato-seguira-al-menos-un-ano-mas#primaryimage"},"thumbnailUrl":"https:\/\/www.asajacyl.com\/palencia\/wp-content\/uploads\/sites\/3\/2022\/12\/TRATAMIENTO-FITOSANITARIOS.jpg","datePublished":"2022-12-05T13:55:00+00:00","dateModified":"2022-12-05T13:55:15+00:00","author":{"@id":"https:\/\/www.asajacyl.com\/palencia\/#\/schema\/person\/3ab17aeb03527485c317557fae64aab1"},"description":"Hoy se ha publicado en el Diario Oficial de la Uni\u00f3n Europea el Reglamento de Ejecuci\u00f3n que ampl\u00eda el per\u00edodo de aprobaci\u00f3n del glifosato. La aprobaci\u00f3n","breadcrumb":{"@id":"https:\/\/www.asajacyl.com\/palencia\/asaja-palencia-informa\/el-glifosato-seguira-al-menos-un-ano-mas#breadcrumb"},"inLanguage":"es","potentialAction":[{"@type":"ReadAction","target":["https:\/\/www.asajacyl.com\/palencia\/asaja-palencia-informa\/el-glifosato-seguira-al-menos-un-ano-mas"]}]},{"@type":"ImageObject","inLanguage":"es","@id":"https:\/\/www.asajacyl.com\/palencia\/asaja-palencia-informa\/el-glifosato-seguira-al-menos-un-ano-mas#primaryimage","url":"https:\/\/www.asajacyl.com\/palencia\/wp-content\/uploads\/sites\/3\/2022\/12\/TRATAMIENTO-FITOSANITARIOS.jpg","contentUrl":"https:\/\/www.asajacyl.com\/palencia\/wp-content\/uploads\/sites\/3\/2022\/12\/TRATAMIENTO-FITOSANITARIOS.jpg","width":1024,"height":768},{"@type":"BreadcrumbList","@id":"https:\/\/www.asajacyl.com\/palencia\/asaja-palencia-informa\/el-glifosato-seguira-al-menos-un-ano-mas#breadcrumb","itemListElement":[{"@type":"ListItem","position":1,"name":"Portada","item":"https:\/\/www.asajacyl.com\/palencia\/"},{"@type":"ListItem","position":2,"name":"Ya es oficial, el glifosato seguir\u00e1 al menos un a\u00f1o m\u00e1s"}]},{"@type":"WebSite","@id":"https:\/\/www.asajacyl.com\/palencia\/#website","url":"https:\/\/www.asajacyl.com\/palencia\/","name":"ASAJA Palencia","description":"Otro sitio m\u00e1s de Provincias ASAJA Castilla y Le\u00f3n","potentialAction":[{"@type":"SearchAction","target":{"@type":"EntryPoint","urlTemplate":"https:\/\/www.asajacyl.com\/palencia\/?s={search_term_string}"},"query-input":{"@type":"PropertyValueSpecification","valueRequired":true,"valueName":"search_term_string"}}],"inLanguage":"es"},{"@type":"Person","@id":"https:\/\/www.asajacyl.com\/palencia\/#\/schema\/person\/3ab17aeb03527485c317557fae64aab1","name":"Administrador","image":{"@type":"ImageObject","inLanguage":"es","@id":"https:\/\/www.asajacyl.com\/palencia\/#\/schema\/person\/image\/","url":"https:\/\/secure.gravatar.com\/avatar\/517384810d242ca9e38c180f3c9fb973?s=96&d=mm&r=g","contentUrl":"https:\/\/secure.gravatar.com\/avatar\/517384810d242ca9e38c180f3c9fb973?s=96&d=mm&r=g","caption":"Administrador"},"url":"https:\/\/www.asajacyl.com\/palencia\/author\/carlosrm"}]}},"_links":{"self":[{"href":"https:\/\/www.asajacyl.com\/palencia\/wp-json\/wp\/v2\/posts\/11901"}],"collection":[{"href":"https:\/\/www.asajacyl.com\/palencia\/wp-json\/wp\/v2\/posts"}],"about":[{"href":"https:\/\/www.asajacyl.com\/palencia\/wp-json\/wp\/v2\/types\/post"}],"author":[{"embeddable":true,"href":"https:\/\/www.asajacyl.com\/palencia\/wp-json\/wp\/v2\/users\/9"}],"replies":[{"embeddable":true,"href":"https:\/\/www.asajacyl.com\/palencia\/wp-json\/wp\/v2\/comments?post=11901"}],"version-history":[{"count":2,"href":"https:\/\/www.asajacyl.com\/palencia\/wp-json\/wp\/v2\/posts\/11901\/revisions"}],"predecessor-version":[{"id":11903,"href":"https:\/\/www.asajacyl.com\/palencia\/wp-json\/wp\/v2\/posts\/11901\/revisions\/11903"}],"wp:featuredmedia":[{"embeddable":true,"href":"https:\/\/www.asajacyl.com\/palencia\/wp-json\/wp\/v2\/media\/11883"}],"wp:attachment":[{"href":"https:\/\/www.asajacyl.com\/palencia\/wp-json\/wp\/v2\/media?parent=11901"}],"wp:term":[{"taxonomy":"category","embeddable":true,"href":"https:\/\/www.asajacyl.com\/palencia\/wp-json\/wp\/v2\/categories?post=11901"},{"taxonomy":"post_tag","embeddable":true,"href":"https:\/\/www.asajacyl.com\/palencia\/wp-json\/wp\/v2\/tags?post=11901"}],"curies":[{"name":"wp","href":"https:\/\/api.w.org\/{rel}","templated":true}]}}