{"id":11910,"date":"2022-12-07T14:44:30","date_gmt":"2022-12-07T13:44:30","guid":{"rendered":"https:\/\/www.asajacyl.com\/palencia\/?p=11910"},"modified":"2022-12-07T14:44:38","modified_gmt":"2022-12-07T13:44:38","slug":"todos-a-una","status":"publish","type":"post","link":"https:\/\/www.asajacyl.com\/palencia\/asaja-palencia-informa\/opinion-asaja\/todos-a-una","title":{"rendered":"Todos a una"},"content":{"rendered":"\n<p>Ya venimos avisando hace muchos meses: \u201cLa PAC que viene es mucho peor que la anterior\u201d\u2026 As\u00ed es, la PAC de la que estamos oyendo hablar a diario, y que nos est\u00e1 dando tantos quebraderos de cabeza, es un aut\u00e9ntico desprop\u00f3sito. Adem\u00e1s, ya no cuela lo de que nos lo impone Bruselas, para este per\u00edodo 2023-2027 la Comisi\u00f3n Europea ha dado a los Estados Miembros, como Espa\u00f1a, mucha libertad para actuar as\u00ed que de todo lo que se nos viene encima algo de culpa tendr\u00e1 el Ministerio, que por otra parte, no puede ir sacando m\u00e1s pecho,<br>y es que para el MAPA el Plan Estrat\u00e9gico de la PAC es una aut\u00e9ntica obra de arte.<\/p>\n\n\n\n<p>Nos encontramos con una PAC donde nos acribillan a restricciones, vamos a tener que pasarnos el d\u00eda dando datos de nuestra explotaci\u00f3n,<br>tenemos que cumplir con mil porcentajes y siempre vamos a estar con el miedo de estar haciendo algo mal. La agricultura y la ganader\u00eda no deber\u00eda ser as\u00ed. Yo no me hice agricultor para tener que aguantar a tanto bur\u00f3crata que no ha visto el campo m\u00e1s que en fotos. A m\u00ed me  gusta sembrar una tierra, ver c\u00f3mo las plantas van creciendo, dominar las malas hierbas o los hongos que puedan aparecer y obtener la mejor cosecha posible. \u00bfQu\u00e9 tiene esto que ver con la agricultura de hoy en d\u00eda? Nada. Vivimos acorralados por el papeleo y as\u00ed no se puede estar. Y si los agricultores estamos en esta situaci\u00f3n, \u00bfc\u00f3mo est\u00e1n los ganaderos? Pues desgraciadamente much\u00edsimo peor. Constantemente en el punto de mira, plagados de inspecciones que no les dejan producir en paz y sin parar de trabajar, algo que en definitiva han hecho toda la vida y de los que, al menos los que conozco, nunca se quejan. Es deprimente o\u00edr que los ganaderos tienen que preocuparse de que alguien pueda denunciar que una vaca o un gallo emiten m\u00e1s decibelios de lo debido, de que el calentamiento global sea culpa de los rumiantes, de que al limpiar las cuadras huele &#8211; pues claro\u2026- y de un largo etc\u00e9tera de hechos que al o\u00edrlos entran ganas de tirarse de los pelos.<\/p>\n\n\n\n<p>Por si ten\u00edamos poco estr\u00e9s soportando la tensi\u00f3n de los papeles, ahora viene una PAC nueva llena de ellos. Estoy harto de o\u00edr hablar de la<br>simplificaci\u00f3n, cada vez que oigo la palabra est\u00e1 saliendo del pol\u00edtico de turno que ya no sabe<br>cuando miente y cuando dice la verdad. La palabra simplificaci\u00f3n nunca sale del sector agrario, no nos han simplificado nada jam\u00e1s, m\u00e1s bien al contrario, cada vez enrevesan m\u00e1s las cosas y nosotros somos los paganos de la situaci\u00f3n, y adem\u00e1s nos piden que sonriamos porque la PAC que viene va a ser superguay. Pues no se\u00f1or ministro, no estamos para bromas, nos est\u00e1 metiendo en un l\u00edo impresionante y el que no piensa eso es porque a\u00fan no es consciente de lo que se le viene encima.<\/p>\n\n\n\n<p>Y todo esto en un contexto de p\u00e9rdida de soberan\u00eda alimentaria continua por parte de la Uni\u00f3n Europea, a la que pertenecemos. Est\u00e1n dejando a la poblaci\u00f3n a su merced, con unas pol\u00edticas enmarcadas en el Pacto Verde donde se plantean medidas que reducir\u00e1n la producci\u00f3n, lo que har\u00e1 que la traigamos de fuera, si la hay, y paguemos caros productos que ahora no tocar\u00edamos ni con un palo. Porque de eso no se preocupa la UE, s\u00f3lo se preocupa de coartar la libertad productiva del sector agrario pero no de mejorar la calidad de los productos que importamos, eso da igual, que venga todo como venga, qu\u00e9 m\u00e1s da, el caso es molar un mont\u00f3n, aunque no pintemos nada en la escena internacional, como nos ha recordado la invasi\u00f3n rusa de Ucrania.<\/p>\n\n\n\n<p>El caso es que la PAC ya est\u00e1 aqu\u00ed, tarde como de costumbre aunque esta vez se ha llevado la palma. Y adem\u00e1s nos encontramos  indefensos porque la normativa est\u00e1 en borradores pero nosotros tenemos que sembrar. El a\u00f1o agr\u00edcola no espera, en eso no mandan los Gobiernos. Nuestra sementera est\u00e1 en marcha y estamos con el miedo en el cuerpo de hacer algo mal.<\/p>\n\n\n\n<p>Por ello estamos intentando dar el mejor asesoramiento desde ASAJA. Organizamos en septiembre una conferencia del mejor conocedor de<br>la PAC que conozco, Pedro Medina. La conferencia fue un \u00e9xito y los socios acudimos a cientos a informarnos, como debe ser, la ocasi\u00f3n lo<br>merec\u00eda. En octubre los t\u00e9cnicos de nuestra asociaci\u00f3n nos est\u00e1n dando a todos la mejor informaci\u00f3n d\u00eda tras d\u00eda y as\u00ed lo seguir\u00e1n haciendo lo que haga falta. Por ellos no va a quedar, aunque los legisladores no se lo est\u00e1n poniendo nada f\u00e1cil. Son duros de pelar y entregados a su trabajo, se est\u00e1n formando constantemente y ya han capeado situaciones como \u00e9sta. Al final me quedo con una frase que me dijo un amigo hace tiempo: \u201cMenos mal que existe ASAJA porque si no habr\u00eda que inventarla\u201d.<\/p>\n","protected":false},"excerpt":{"rendered":"<p>Ya venimos avisando hace muchos meses: \u201cLa PAC que viene es mucho peor que la anterior\u201d\u2026 As\u00ed es, la PAC de la que estamos oyendo hablar a diario, y que nos est\u00e1 dando tantos quebraderos de cabeza, es un aut\u00e9ntico desprop\u00f3sito. Adem\u00e1s, ya no cuela lo de que nos lo impone Bruselas, para este per\u00edodo [&hellip;]<\/p>\n","protected":false},"author":9,"featured_media":8911,"comment_status":"open","ping_status":"open","sticky":false,"template":"","format":"standard","meta":{"footnotes":""},"categories":[30],"tags":[],"yoast_head":"<!-- This site is optimized with the Yoast SEO plugin v24.5 - https:\/\/yoast.com\/wordpress\/plugins\/seo\/ -->\n<title>Todos a una - ASAJA Palencia<\/title>\n<meta name=\"description\" content=\"Ya venimos avisando hace muchos meses: \u201cLa PAC que viene es mucho peor que la anterior\u201d\u2026 As\u00ed es, la PAC de la que estamos oyendo hablar a diario, y que\" \/>\n<meta name=\"robots\" content=\"index, follow, max-snippet:-1, max-image-preview:large, max-video-preview:-1\" \/>\n<link rel=\"canonical\" href=\"https:\/\/www.asajacyl.com\/palencia\/asaja-palencia-informa\/opinion-asaja\/todos-a-una\" \/>\n<meta property=\"og:locale\" content=\"es_ES\" \/>\n<meta property=\"og:type\" content=\"article\" \/>\n<meta property=\"og:title\" content=\"Todos a una - ASAJA Palencia\" \/>\n<meta property=\"og:description\" content=\"Ya venimos avisando hace muchos meses: \u201cLa PAC que viene es mucho peor que la anterior\u201d\u2026 As\u00ed es, la PAC de la que estamos oyendo hablar a diario, y que\" \/>\n<meta property=\"og:url\" content=\"https:\/\/www.asajacyl.com\/palencia\/asaja-palencia-informa\/opinion-asaja\/todos-a-una\" \/>\n<meta property=\"og:site_name\" content=\"ASAJA Palencia\" \/>\n<meta property=\"article:published_time\" content=\"2022-12-07T13:44:30+00:00\" \/>\n<meta property=\"article:modified_time\" content=\"2022-12-07T13:44:38+00:00\" \/>\n<meta property=\"og:image\" content=\"https:\/\/www.asajacyl.com\/palencia\/wp-content\/uploads\/sites\/3\/2021\/09\/JOSE-LUIS-MARCOS.jpg\" \/>\n\t<meta property=\"og:image:width\" content=\"2016\" \/>\n\t<meta property=\"og:image:height\" content=\"1512\" \/>\n\t<meta property=\"og:image:type\" content=\"image\/jpeg\" \/>\n<meta name=\"author\" content=\"Administrador\" \/>\n<meta name=\"twitter:card\" content=\"summary_large_image\" \/>\n<meta name=\"twitter:label1\" content=\"Escrito por\" \/>\n\t<meta name=\"twitter:data1\" content=\"Administrador\" \/>\n\t<meta name=\"twitter:label2\" content=\"Tiempo de lectura\" \/>\n\t<meta name=\"twitter:data2\" content=\"4 minutos\" \/>\n<script type=\"application\/ld+json\" class=\"yoast-schema-graph\">{\"@context\":\"https:\/\/schema.org\",\"@graph\":[{\"@type\":\"WebPage\",\"@id\":\"https:\/\/www.asajacyl.com\/palencia\/asaja-palencia-informa\/opinion-asaja\/todos-a-una\",\"url\":\"https:\/\/www.asajacyl.com\/palencia\/asaja-palencia-informa\/opinion-asaja\/todos-a-una\",\"name\":\"Todos a una - ASAJA Palencia\",\"isPartOf\":{\"@id\":\"https:\/\/www.asajacyl.com\/palencia\/#website\"},\"primaryImageOfPage\":{\"@id\":\"https:\/\/www.asajacyl.com\/palencia\/asaja-palencia-informa\/opinion-asaja\/todos-a-una#primaryimage\"},\"image\":{\"@id\":\"https:\/\/www.asajacyl.com\/palencia\/asaja-palencia-informa\/opinion-asaja\/todos-a-una#primaryimage\"},\"thumbnailUrl\":\"https:\/\/www.asajacyl.com\/palencia\/wp-content\/uploads\/sites\/3\/2021\/09\/JOSE-LUIS-MARCOS.jpg\",\"datePublished\":\"2022-12-07T13:44:30+00:00\",\"dateModified\":\"2022-12-07T13:44:38+00:00\",\"author\":{\"@id\":\"https:\/\/www.asajacyl.com\/palencia\/#\/schema\/person\/3ab17aeb03527485c317557fae64aab1\"},\"description\":\"Ya venimos avisando hace muchos meses: \u201cLa PAC que viene es mucho peor que la anterior\u201d\u2026 As\u00ed es, la PAC de la que estamos oyendo hablar a diario, y que\",\"breadcrumb\":{\"@id\":\"https:\/\/www.asajacyl.com\/palencia\/asaja-palencia-informa\/opinion-asaja\/todos-a-una#breadcrumb\"},\"inLanguage\":\"es\",\"potentialAction\":[{\"@type\":\"ReadAction\",\"target\":[\"https:\/\/www.asajacyl.com\/palencia\/asaja-palencia-informa\/opinion-asaja\/todos-a-una\"]}]},{\"@type\":\"ImageObject\",\"inLanguage\":\"es\",\"@id\":\"https:\/\/www.asajacyl.com\/palencia\/asaja-palencia-informa\/opinion-asaja\/todos-a-una#primaryimage\",\"url\":\"https:\/\/www.asajacyl.com\/palencia\/wp-content\/uploads\/sites\/3\/2021\/09\/JOSE-LUIS-MARCOS.jpg\",\"contentUrl\":\"https:\/\/www.asajacyl.com\/palencia\/wp-content\/uploads\/sites\/3\/2021\/09\/JOSE-LUIS-MARCOS.jpg\",\"width\":2016,\"height\":1512},{\"@type\":\"BreadcrumbList\",\"@id\":\"https:\/\/www.asajacyl.com\/palencia\/asaja-palencia-informa\/opinion-asaja\/todos-a-una#breadcrumb\",\"itemListElement\":[{\"@type\":\"ListItem\",\"position\":1,\"name\":\"Portada\",\"item\":\"https:\/\/www.asajacyl.com\/palencia\/\"},{\"@type\":\"ListItem\",\"position\":2,\"name\":\"Todos a una\"}]},{\"@type\":\"WebSite\",\"@id\":\"https:\/\/www.asajacyl.com\/palencia\/#website\",\"url\":\"https:\/\/www.asajacyl.com\/palencia\/\",\"name\":\"ASAJA Palencia\",\"description\":\"Otro sitio m\u00e1s de Provincias ASAJA Castilla y Le\u00f3n\",\"potentialAction\":[{\"@type\":\"SearchAction\",\"target\":{\"@type\":\"EntryPoint\",\"urlTemplate\":\"https:\/\/www.asajacyl.com\/palencia\/?s={search_term_string}\"},\"query-input\":{\"@type\":\"PropertyValueSpecification\",\"valueRequired\":true,\"valueName\":\"search_term_string\"}}],\"inLanguage\":\"es\"},{\"@type\":\"Person\",\"@id\":\"https:\/\/www.asajacyl.com\/palencia\/#\/schema\/person\/3ab17aeb03527485c317557fae64aab1\",\"name\":\"Administrador\",\"image\":{\"@type\":\"ImageObject\",\"inLanguage\":\"es\",\"@id\":\"https:\/\/www.asajacyl.com\/palencia\/#\/schema\/person\/image\/\",\"url\":\"https:\/\/secure.gravatar.com\/avatar\/517384810d242ca9e38c180f3c9fb973?s=96&d=mm&r=g\",\"contentUrl\":\"https:\/\/secure.gravatar.com\/avatar\/517384810d242ca9e38c180f3c9fb973?s=96&d=mm&r=g\",\"caption\":\"Administrador\"},\"url\":\"https:\/\/www.asajacyl.com\/palencia\/author\/carlosrm\"}]}<\/script>\n<!-- \/ Yoast SEO plugin. -->","yoast_head_json":{"title":"Todos a una - ASAJA Palencia","description":"Ya venimos avisando hace muchos meses: \u201cLa PAC que viene es mucho peor que la anterior\u201d\u2026 As\u00ed es, la PAC de la que estamos oyendo hablar a diario, y que","robots":{"index":"index","follow":"follow","max-snippet":"max-snippet:-1","max-image-preview":"max-image-preview:large","max-video-preview":"max-video-preview:-1"},"canonical":"https:\/\/www.asajacyl.com\/palencia\/asaja-palencia-informa\/opinion-asaja\/todos-a-una","og_locale":"es_ES","og_type":"article","og_title":"Todos a una - ASAJA Palencia","og_description":"Ya venimos avisando hace muchos meses: \u201cLa PAC que viene es mucho peor que la anterior\u201d\u2026 As\u00ed es, la PAC de la que estamos oyendo hablar a diario, y que","og_url":"https:\/\/www.asajacyl.com\/palencia\/asaja-palencia-informa\/opinion-asaja\/todos-a-una","og_site_name":"ASAJA Palencia","article_published_time":"2022-12-07T13:44:30+00:00","article_modified_time":"2022-12-07T13:44:38+00:00","og_image":[{"width":2016,"height":1512,"url":"https:\/\/www.asajacyl.com\/palencia\/wp-content\/uploads\/sites\/3\/2021\/09\/JOSE-LUIS-MARCOS.jpg","type":"image\/jpeg"}],"author":"Administrador","twitter_card":"summary_large_image","twitter_misc":{"Escrito por":"Administrador","Tiempo de lectura":"4 minutos"},"schema":{"@context":"https:\/\/schema.org","@graph":[{"@type":"WebPage","@id":"https:\/\/www.asajacyl.com\/palencia\/asaja-palencia-informa\/opinion-asaja\/todos-a-una","url":"https:\/\/www.asajacyl.com\/palencia\/asaja-palencia-informa\/opinion-asaja\/todos-a-una","name":"Todos a una - ASAJA Palencia","isPartOf":{"@id":"https:\/\/www.asajacyl.com\/palencia\/#website"},"primaryImageOfPage":{"@id":"https:\/\/www.asajacyl.com\/palencia\/asaja-palencia-informa\/opinion-asaja\/todos-a-una#primaryimage"},"image":{"@id":"https:\/\/www.asajacyl.com\/palencia\/asaja-palencia-informa\/opinion-asaja\/todos-a-una#primaryimage"},"thumbnailUrl":"https:\/\/www.asajacyl.com\/palencia\/wp-content\/uploads\/sites\/3\/2021\/09\/JOSE-LUIS-MARCOS.jpg","datePublished":"2022-12-07T13:44:30+00:00","dateModified":"2022-12-07T13:44:38+00:00","author":{"@id":"https:\/\/www.asajacyl.com\/palencia\/#\/schema\/person\/3ab17aeb03527485c317557fae64aab1"},"description":"Ya venimos avisando hace muchos meses: \u201cLa PAC que viene es mucho peor que la anterior\u201d\u2026 As\u00ed es, la PAC de la que estamos oyendo hablar a diario, y que","breadcrumb":{"@id":"https:\/\/www.asajacyl.com\/palencia\/asaja-palencia-informa\/opinion-asaja\/todos-a-una#breadcrumb"},"inLanguage":"es","potentialAction":[{"@type":"ReadAction","target":["https:\/\/www.asajacyl.com\/palencia\/asaja-palencia-informa\/opinion-asaja\/todos-a-una"]}]},{"@type":"ImageObject","inLanguage":"es","@id":"https:\/\/www.asajacyl.com\/palencia\/asaja-palencia-informa\/opinion-asaja\/todos-a-una#primaryimage","url":"https:\/\/www.asajacyl.com\/palencia\/wp-content\/uploads\/sites\/3\/2021\/09\/JOSE-LUIS-MARCOS.jpg","contentUrl":"https:\/\/www.asajacyl.com\/palencia\/wp-content\/uploads\/sites\/3\/2021\/09\/JOSE-LUIS-MARCOS.jpg","width":2016,"height":1512},{"@type":"BreadcrumbList","@id":"https:\/\/www.asajacyl.com\/palencia\/asaja-palencia-informa\/opinion-asaja\/todos-a-una#breadcrumb","itemListElement":[{"@type":"ListItem","position":1,"name":"Portada","item":"https:\/\/www.asajacyl.com\/palencia\/"},{"@type":"ListItem","position":2,"name":"Todos a una"}]},{"@type":"WebSite","@id":"https:\/\/www.asajacyl.com\/palencia\/#website","url":"https:\/\/www.asajacyl.com\/palencia\/","name":"ASAJA Palencia","description":"Otro sitio m\u00e1s de Provincias ASAJA Castilla y Le\u00f3n","potentialAction":[{"@type":"SearchAction","target":{"@type":"EntryPoint","urlTemplate":"https:\/\/www.asajacyl.com\/palencia\/?s={search_term_string}"},"query-input":{"@type":"PropertyValueSpecification","valueRequired":true,"valueName":"search_term_string"}}],"inLanguage":"es"},{"@type":"Person","@id":"https:\/\/www.asajacyl.com\/palencia\/#\/schema\/person\/3ab17aeb03527485c317557fae64aab1","name":"Administrador","image":{"@type":"ImageObject","inLanguage":"es","@id":"https:\/\/www.asajacyl.com\/palencia\/#\/schema\/person\/image\/","url":"https:\/\/secure.gravatar.com\/avatar\/517384810d242ca9e38c180f3c9fb973?s=96&d=mm&r=g","contentUrl":"https:\/\/secure.gravatar.com\/avatar\/517384810d242ca9e38c180f3c9fb973?s=96&d=mm&r=g","caption":"Administrador"},"url":"https:\/\/www.asajacyl.com\/palencia\/author\/carlosrm"}]}},"_links":{"self":[{"href":"https:\/\/www.asajacyl.com\/palencia\/wp-json\/wp\/v2\/posts\/11910"}],"collection":[{"href":"https:\/\/www.asajacyl.com\/palencia\/wp-json\/wp\/v2\/posts"}],"about":[{"href":"https:\/\/www.asajacyl.com\/palencia\/wp-json\/wp\/v2\/types\/post"}],"author":[{"embeddable":true,"href":"https:\/\/www.asajacyl.com\/palencia\/wp-json\/wp\/v2\/users\/9"}],"replies":[{"embeddable":true,"href":"https:\/\/www.asajacyl.com\/palencia\/wp-json\/wp\/v2\/comments?post=11910"}],"version-history":[{"count":1,"href":"https:\/\/www.asajacyl.com\/palencia\/wp-json\/wp\/v2\/posts\/11910\/revisions"}],"predecessor-version":[{"id":11911,"href":"https:\/\/www.asajacyl.com\/palencia\/wp-json\/wp\/v2\/posts\/11910\/revisions\/11911"}],"wp:featuredmedia":[{"embeddable":true,"href":"https:\/\/www.asajacyl.com\/palencia\/wp-json\/wp\/v2\/media\/8911"}],"wp:attachment":[{"href":"https:\/\/www.asajacyl.com\/palencia\/wp-json\/wp\/v2\/media?parent=11910"}],"wp:term":[{"taxonomy":"category","embeddable":true,"href":"https:\/\/www.asajacyl.com\/palencia\/wp-json\/wp\/v2\/categories?post=11910"},{"taxonomy":"post_tag","embeddable":true,"href":"https:\/\/www.asajacyl.com\/palencia\/wp-json\/wp\/v2\/tags?post=11910"}],"curies":[{"name":"wp","href":"https:\/\/api.w.org\/{rel}","templated":true}]}}