{"id":11921,"date":"2022-12-17T10:00:56","date_gmt":"2022-12-17T09:00:56","guid":{"rendered":"https:\/\/www.asajacyl.com\/palencia\/?p=11921"},"modified":"2022-12-31T11:03:01","modified_gmt":"2022-12-31T10:03:01","slug":"nueva-reunion-de-la-junta-provincial-de-asaja-palencia","status":"publish","type":"post","link":"https:\/\/www.asajacyl.com\/palencia\/asaja-palencia-informa\/nueva-reunion-de-la-junta-provincial-de-asaja-palencia","title":{"rendered":"Nueva reuni\u00f3n de la Junta Provincial de ASAJA-Palencia"},"content":{"rendered":"\n<p>De forma previa a la celebraci\u00f3n del tradicional Balance Anual de ASAJA-Palencia, se reuni\u00f3n la Junta Provincial donde se engloban todos los representantes comarcales y los presidentes de las ramas sectoriales.<\/p>\n\n\n\n<p>La Junta Provincial trat\u00f3 diversos temas de actualidad donde destacan las \u00faltimas manifestaciones realizadas en Valladolid y Madrid. Tambi\u00e9n se indici\u00f3 en la mala situaci\u00f3n de los regad\u00edos, tanto por la carencia cr\u00f3nica de agua en el sistema Carri\u00f3n como por la falta de agua en el Pisuerga, el cual no est\u00e1 mejorando mucho pese a las lluvias de los \u00faltimos d\u00edas. Otro tema de gran inter\u00e9s fue el precio de los insumos, principalmente los fertilizantes, que se han encarecido y el de los cereales, y a su vez el alto coste de la alimentaci\u00f3n para el ganado, que no permite que el precio de la leche haga sostenible la situaci\u00f3n de los ganaderos.<\/p>\n\n\n\n<p>En el \u00e1mbito t\u00e9cnico, en esta ocasi\u00f3n centr\u00f3 la reuni\u00f3n la nueva PAC y las novedades existentes en tributaci\u00f3n y en la nueva normativa de la Seguridad Social. Al final de la reuni\u00f3n presentaron sus informes los presidentes de las ramas sectoriales de la asociaci\u00f3n.<\/p>\n","protected":false},"excerpt":{"rendered":"<p>De forma previa a la celebraci\u00f3n del tradicional Balance Anual de ASAJA-Palencia, se reuni\u00f3n la Junta Provincial donde se engloban todos los representantes comarcales y los presidentes de las ramas sectoriales. La Junta Provincial trat\u00f3 diversos temas de actualidad donde destacan las \u00faltimas manifestaciones realizadas en Valladolid y Madrid. Tambi\u00e9n se indici\u00f3 en la mala [&hellip;]<\/p>\n","protected":false},"author":9,"featured_media":11550,"comment_status":"open","ping_status":"open","sticky":false,"template":"","format":"standard","meta":{"footnotes":""},"categories":[9,28],"tags":[],"yoast_head":"<!-- This site is optimized with the Yoast SEO plugin v24.5 - https:\/\/yoast.com\/wordpress\/plugins\/seo\/ -->\n<title>Nueva reuni\u00f3n de la Junta Provincial de ASAJA-Palencia - ASAJA Palencia<\/title>\n<meta name=\"description\" content=\"De forma previa a la celebraci\u00f3n del tradicional Balance Anual de ASAJA-Palencia, se reuni\u00f3n la Junta Provincial donde se engloban todos los\" \/>\n<meta name=\"robots\" content=\"index, follow, max-snippet:-1, max-image-preview:large, max-video-preview:-1\" \/>\n<link rel=\"canonical\" href=\"https:\/\/www.asajacyl.com\/palencia\/asaja-palencia-informa\/nueva-reunion-de-la-junta-provincial-de-asaja-palencia\" \/>\n<meta property=\"og:locale\" content=\"es_ES\" \/>\n<meta property=\"og:type\" content=\"article\" \/>\n<meta property=\"og:title\" content=\"Nueva reuni\u00f3n de la Junta Provincial de ASAJA-Palencia - ASAJA Palencia\" \/>\n<meta property=\"og:description\" content=\"De forma previa a la celebraci\u00f3n del tradicional Balance Anual de ASAJA-Palencia, se reuni\u00f3n la Junta Provincial donde se engloban todos los\" \/>\n<meta property=\"og:url\" content=\"https:\/\/www.asajacyl.com\/palencia\/asaja-palencia-informa\/nueva-reunion-de-la-junta-provincial-de-asaja-palencia\" \/>\n<meta property=\"og:site_name\" content=\"ASAJA Palencia\" \/>\n<meta property=\"article:published_time\" content=\"2022-12-17T09:00:56+00:00\" \/>\n<meta property=\"article:modified_time\" content=\"2022-12-31T10:03:01+00:00\" \/>\n<meta property=\"og:image\" content=\"https:\/\/www.asajacyl.com\/palencia\/wp-content\/uploads\/sites\/3\/2022\/10\/JUNTA-PROVINCIAL-1.jpg\" \/>\n\t<meta property=\"og:image:width\" content=\"2016\" \/>\n\t<meta property=\"og:image:height\" content=\"908\" \/>\n\t<meta property=\"og:image:type\" content=\"image\/jpeg\" \/>\n<meta name=\"author\" content=\"Administrador\" \/>\n<meta name=\"twitter:card\" content=\"summary_large_image\" \/>\n<meta name=\"twitter:label1\" content=\"Escrito por\" \/>\n\t<meta name=\"twitter:data1\" content=\"Administrador\" \/>\n\t<meta name=\"twitter:label2\" content=\"Tiempo de lectura\" \/>\n\t<meta name=\"twitter:data2\" content=\"1 minuto\" \/>\n<script type=\"application\/ld+json\" class=\"yoast-schema-graph\">{\"@context\":\"https:\/\/schema.org\",\"@graph\":[{\"@type\":\"WebPage\",\"@id\":\"https:\/\/www.asajacyl.com\/palencia\/asaja-palencia-informa\/nueva-reunion-de-la-junta-provincial-de-asaja-palencia\",\"url\":\"https:\/\/www.asajacyl.com\/palencia\/asaja-palencia-informa\/nueva-reunion-de-la-junta-provincial-de-asaja-palencia\",\"name\":\"Nueva reuni\u00f3n de la Junta Provincial de ASAJA-Palencia - ASAJA Palencia\",\"isPartOf\":{\"@id\":\"https:\/\/www.asajacyl.com\/palencia\/#website\"},\"primaryImageOfPage\":{\"@id\":\"https:\/\/www.asajacyl.com\/palencia\/asaja-palencia-informa\/nueva-reunion-de-la-junta-provincial-de-asaja-palencia#primaryimage\"},\"image\":{\"@id\":\"https:\/\/www.asajacyl.com\/palencia\/asaja-palencia-informa\/nueva-reunion-de-la-junta-provincial-de-asaja-palencia#primaryimage\"},\"thumbnailUrl\":\"https:\/\/www.asajacyl.com\/palencia\/wp-content\/uploads\/sites\/3\/2022\/10\/JUNTA-PROVINCIAL-1.jpg\",\"datePublished\":\"2022-12-17T09:00:56+00:00\",\"dateModified\":\"2022-12-31T10:03:01+00:00\",\"author\":{\"@id\":\"https:\/\/www.asajacyl.com\/palencia\/#\/schema\/person\/3ab17aeb03527485c317557fae64aab1\"},\"description\":\"De forma previa a la celebraci\u00f3n del tradicional Balance Anual de ASAJA-Palencia, se reuni\u00f3n la Junta Provincial donde se engloban todos los\",\"breadcrumb\":{\"@id\":\"https:\/\/www.asajacyl.com\/palencia\/asaja-palencia-informa\/nueva-reunion-de-la-junta-provincial-de-asaja-palencia#breadcrumb\"},\"inLanguage\":\"es\",\"potentialAction\":[{\"@type\":\"ReadAction\",\"target\":[\"https:\/\/www.asajacyl.com\/palencia\/asaja-palencia-informa\/nueva-reunion-de-la-junta-provincial-de-asaja-palencia\"]}]},{\"@type\":\"ImageObject\",\"inLanguage\":\"es\",\"@id\":\"https:\/\/www.asajacyl.com\/palencia\/asaja-palencia-informa\/nueva-reunion-de-la-junta-provincial-de-asaja-palencia#primaryimage\",\"url\":\"https:\/\/www.asajacyl.com\/palencia\/wp-content\/uploads\/sites\/3\/2022\/10\/JUNTA-PROVINCIAL-1.jpg\",\"contentUrl\":\"https:\/\/www.asajacyl.com\/palencia\/wp-content\/uploads\/sites\/3\/2022\/10\/JUNTA-PROVINCIAL-1.jpg\",\"width\":2016,\"height\":908},{\"@type\":\"BreadcrumbList\",\"@id\":\"https:\/\/www.asajacyl.com\/palencia\/asaja-palencia-informa\/nueva-reunion-de-la-junta-provincial-de-asaja-palencia#breadcrumb\",\"itemListElement\":[{\"@type\":\"ListItem\",\"position\":1,\"name\":\"Portada\",\"item\":\"https:\/\/www.asajacyl.com\/palencia\/\"},{\"@type\":\"ListItem\",\"position\":2,\"name\":\"Nueva reuni\u00f3n de la Junta Provincial de ASAJA-Palencia\"}]},{\"@type\":\"WebSite\",\"@id\":\"https:\/\/www.asajacyl.com\/palencia\/#website\",\"url\":\"https:\/\/www.asajacyl.com\/palencia\/\",\"name\":\"ASAJA Palencia\",\"description\":\"Otro sitio m\u00e1s de Provincias ASAJA Castilla y Le\u00f3n\",\"potentialAction\":[{\"@type\":\"SearchAction\",\"target\":{\"@type\":\"EntryPoint\",\"urlTemplate\":\"https:\/\/www.asajacyl.com\/palencia\/?s={search_term_string}\"},\"query-input\":{\"@type\":\"PropertyValueSpecification\",\"valueRequired\":true,\"valueName\":\"search_term_string\"}}],\"inLanguage\":\"es\"},{\"@type\":\"Person\",\"@id\":\"https:\/\/www.asajacyl.com\/palencia\/#\/schema\/person\/3ab17aeb03527485c317557fae64aab1\",\"name\":\"Administrador\",\"image\":{\"@type\":\"ImageObject\",\"inLanguage\":\"es\",\"@id\":\"https:\/\/www.asajacyl.com\/palencia\/#\/schema\/person\/image\/\",\"url\":\"https:\/\/secure.gravatar.com\/avatar\/517384810d242ca9e38c180f3c9fb973?s=96&d=mm&r=g\",\"contentUrl\":\"https:\/\/secure.gravatar.com\/avatar\/517384810d242ca9e38c180f3c9fb973?s=96&d=mm&r=g\",\"caption\":\"Administrador\"},\"url\":\"https:\/\/www.asajacyl.com\/palencia\/author\/carlosrm\"}]}<\/script>\n<!-- \/ Yoast SEO plugin. -->","yoast_head_json":{"title":"Nueva reuni\u00f3n de la Junta Provincial de ASAJA-Palencia - ASAJA Palencia","description":"De forma previa a la celebraci\u00f3n del tradicional Balance Anual de ASAJA-Palencia, se reuni\u00f3n la Junta Provincial donde se engloban todos los","robots":{"index":"index","follow":"follow","max-snippet":"max-snippet:-1","max-image-preview":"max-image-preview:large","max-video-preview":"max-video-preview:-1"},"canonical":"https:\/\/www.asajacyl.com\/palencia\/asaja-palencia-informa\/nueva-reunion-de-la-junta-provincial-de-asaja-palencia","og_locale":"es_ES","og_type":"article","og_title":"Nueva reuni\u00f3n de la Junta Provincial de ASAJA-Palencia - ASAJA Palencia","og_description":"De forma previa a la celebraci\u00f3n del tradicional Balance Anual de ASAJA-Palencia, se reuni\u00f3n la Junta Provincial donde se engloban todos los","og_url":"https:\/\/www.asajacyl.com\/palencia\/asaja-palencia-informa\/nueva-reunion-de-la-junta-provincial-de-asaja-palencia","og_site_name":"ASAJA Palencia","article_published_time":"2022-12-17T09:00:56+00:00","article_modified_time":"2022-12-31T10:03:01+00:00","og_image":[{"width":2016,"height":908,"url":"https:\/\/www.asajacyl.com\/palencia\/wp-content\/uploads\/sites\/3\/2022\/10\/JUNTA-PROVINCIAL-1.jpg","type":"image\/jpeg"}],"author":"Administrador","twitter_card":"summary_large_image","twitter_misc":{"Escrito por":"Administrador","Tiempo de lectura":"1 minuto"},"schema":{"@context":"https:\/\/schema.org","@graph":[{"@type":"WebPage","@id":"https:\/\/www.asajacyl.com\/palencia\/asaja-palencia-informa\/nueva-reunion-de-la-junta-provincial-de-asaja-palencia","url":"https:\/\/www.asajacyl.com\/palencia\/asaja-palencia-informa\/nueva-reunion-de-la-junta-provincial-de-asaja-palencia","name":"Nueva reuni\u00f3n de la Junta Provincial de ASAJA-Palencia - ASAJA Palencia","isPartOf":{"@id":"https:\/\/www.asajacyl.com\/palencia\/#website"},"primaryImageOfPage":{"@id":"https:\/\/www.asajacyl.com\/palencia\/asaja-palencia-informa\/nueva-reunion-de-la-junta-provincial-de-asaja-palencia#primaryimage"},"image":{"@id":"https:\/\/www.asajacyl.com\/palencia\/asaja-palencia-informa\/nueva-reunion-de-la-junta-provincial-de-asaja-palencia#primaryimage"},"thumbnailUrl":"https:\/\/www.asajacyl.com\/palencia\/wp-content\/uploads\/sites\/3\/2022\/10\/JUNTA-PROVINCIAL-1.jpg","datePublished":"2022-12-17T09:00:56+00:00","dateModified":"2022-12-31T10:03:01+00:00","author":{"@id":"https:\/\/www.asajacyl.com\/palencia\/#\/schema\/person\/3ab17aeb03527485c317557fae64aab1"},"description":"De forma previa a la celebraci\u00f3n del tradicional Balance Anual de ASAJA-Palencia, se reuni\u00f3n la Junta Provincial donde se engloban todos los","breadcrumb":{"@id":"https:\/\/www.asajacyl.com\/palencia\/asaja-palencia-informa\/nueva-reunion-de-la-junta-provincial-de-asaja-palencia#breadcrumb"},"inLanguage":"es","potentialAction":[{"@type":"ReadAction","target":["https:\/\/www.asajacyl.com\/palencia\/asaja-palencia-informa\/nueva-reunion-de-la-junta-provincial-de-asaja-palencia"]}]},{"@type":"ImageObject","inLanguage":"es","@id":"https:\/\/www.asajacyl.com\/palencia\/asaja-palencia-informa\/nueva-reunion-de-la-junta-provincial-de-asaja-palencia#primaryimage","url":"https:\/\/www.asajacyl.com\/palencia\/wp-content\/uploads\/sites\/3\/2022\/10\/JUNTA-PROVINCIAL-1.jpg","contentUrl":"https:\/\/www.asajacyl.com\/palencia\/wp-content\/uploads\/sites\/3\/2022\/10\/JUNTA-PROVINCIAL-1.jpg","width":2016,"height":908},{"@type":"BreadcrumbList","@id":"https:\/\/www.asajacyl.com\/palencia\/asaja-palencia-informa\/nueva-reunion-de-la-junta-provincial-de-asaja-palencia#breadcrumb","itemListElement":[{"@type":"ListItem","position":1,"name":"Portada","item":"https:\/\/www.asajacyl.com\/palencia\/"},{"@type":"ListItem","position":2,"name":"Nueva reuni\u00f3n de la Junta Provincial de ASAJA-Palencia"}]},{"@type":"WebSite","@id":"https:\/\/www.asajacyl.com\/palencia\/#website","url":"https:\/\/www.asajacyl.com\/palencia\/","name":"ASAJA Palencia","description":"Otro sitio m\u00e1s de Provincias ASAJA Castilla y Le\u00f3n","potentialAction":[{"@type":"SearchAction","target":{"@type":"EntryPoint","urlTemplate":"https:\/\/www.asajacyl.com\/palencia\/?s={search_term_string}"},"query-input":{"@type":"PropertyValueSpecification","valueRequired":true,"valueName":"search_term_string"}}],"inLanguage":"es"},{"@type":"Person","@id":"https:\/\/www.asajacyl.com\/palencia\/#\/schema\/person\/3ab17aeb03527485c317557fae64aab1","name":"Administrador","image":{"@type":"ImageObject","inLanguage":"es","@id":"https:\/\/www.asajacyl.com\/palencia\/#\/schema\/person\/image\/","url":"https:\/\/secure.gravatar.com\/avatar\/517384810d242ca9e38c180f3c9fb973?s=96&d=mm&r=g","contentUrl":"https:\/\/secure.gravatar.com\/avatar\/517384810d242ca9e38c180f3c9fb973?s=96&d=mm&r=g","caption":"Administrador"},"url":"https:\/\/www.asajacyl.com\/palencia\/author\/carlosrm"}]}},"_links":{"self":[{"href":"https:\/\/www.asajacyl.com\/palencia\/wp-json\/wp\/v2\/posts\/11921"}],"collection":[{"href":"https:\/\/www.asajacyl.com\/palencia\/wp-json\/wp\/v2\/posts"}],"about":[{"href":"https:\/\/www.asajacyl.com\/palencia\/wp-json\/wp\/v2\/types\/post"}],"author":[{"embeddable":true,"href":"https:\/\/www.asajacyl.com\/palencia\/wp-json\/wp\/v2\/users\/9"}],"replies":[{"embeddable":true,"href":"https:\/\/www.asajacyl.com\/palencia\/wp-json\/wp\/v2\/comments?post=11921"}],"version-history":[{"count":3,"href":"https:\/\/www.asajacyl.com\/palencia\/wp-json\/wp\/v2\/posts\/11921\/revisions"}],"predecessor-version":[{"id":12042,"href":"https:\/\/www.asajacyl.com\/palencia\/wp-json\/wp\/v2\/posts\/11921\/revisions\/12042"}],"wp:featuredmedia":[{"embeddable":true,"href":"https:\/\/www.asajacyl.com\/palencia\/wp-json\/wp\/v2\/media\/11550"}],"wp:attachment":[{"href":"https:\/\/www.asajacyl.com\/palencia\/wp-json\/wp\/v2\/media?parent=11921"}],"wp:term":[{"taxonomy":"category","embeddable":true,"href":"https:\/\/www.asajacyl.com\/palencia\/wp-json\/wp\/v2\/categories?post=11921"},{"taxonomy":"post_tag","embeddable":true,"href":"https:\/\/www.asajacyl.com\/palencia\/wp-json\/wp\/v2\/tags?post=11921"}],"curies":[{"name":"wp","href":"https:\/\/api.w.org\/{rel}","templated":true}]}}