{"id":11926,"date":"2022-12-15T14:20:11","date_gmt":"2022-12-15T13:20:11","guid":{"rendered":"https:\/\/www.asajacyl.com\/palencia\/?p=11926"},"modified":"2022-12-15T14:28:45","modified_gmt":"2022-12-15T13:28:45","slug":"balance-anual-con-criticas-para-las-diferentes-administraciones-y-homenaje-a-mariano-bustillo","status":"publish","type":"post","link":"https:\/\/www.asajacyl.com\/palencia\/asaja-palencia-informa\/balance-anual-con-criticas-para-las-diferentes-administraciones-y-homenaje-a-mariano-bustillo","title":{"rendered":"Balance Anual de ASAJA-Palencia con cr\u00edticas para las diferentes Administraciones y homenaje a Mariano Bustillo"},"content":{"rendered":"\n<p>Un a\u00f1o m\u00e1s, y tras un lapso de dos a\u00f1os motivados por la pandemia de Covid, ASAJA-Palencia realiz\u00f3 su tradicional balance anual en las instalaciones del Hotel Castilla Vieja de la capital palentina al que acudieron alrededor de doscientas personas donde se encontraban los representantes comarcales de ASAJA, los miembros de las ramas sectoriales (joven, mujer, vacuno, ovino, cereales, forrajes, remolacha y medio ambiente), los trabajadores de ASAJA, varios presidentes de ASAJA procedentes de otras provincias de Castilla y Le\u00f3n as\u00ed como el presidente regional de ASAJA, Donaciano Dujo, y el Secretario General, Jos\u00e9 Antonio Turrado, las autoridades pol\u00edticas provinciales, el Comit\u00e9 Ejecutivo, encabezado por el presidente de ASAJA-Palencia, Jos\u00e9 Luis Marcos Fern\u00e1ndez, y el merecidamente homenajeado Mariano Bustillo y varios de sus hijos.<\/p>\n\n\n\n<p>En marzo de este a\u00f1o Jos\u00e9 Luis Marcos fue elegido nuevo presidente de ASAJA-Palencia tras la finalizaci\u00f3n del mandato de Honorato Meneses. Por tanto, \u00e9ste ha sido el estreno del nuevo presidente en el Balance Anual, el cual inici\u00f3 su discurso presentando al resto del  nuevo Comit\u00e9 Ejecutivo.<\/p>\n\n\n\n<p>A continuaci\u00f3n enumer\u00f3 las diferentes manifestaciones a que hab\u00edan acudido los socios de ASAJA en el a\u00f1o, donde se comenz\u00f3 solicitando la dimisi\u00f3n del ministro de Consumo, Alberto Garz\u00f3n, al presidente del Gobierno, Pedro S\u00e1nchez, el cual acudi\u00f3 a Palencia en los primeros d\u00edas del a\u00f1o y se asisti\u00f3 en masa a la gran manifestaci\u00f3n celebrada en marzo en Madrid, donde \u00abse actu\u00f3 de forma ejemplar, sin realizar ning\u00fan tipo de da\u00f1o al mobiliario ni generar altercados, algo que demuestra la ejemplaridad del campo espa\u00f1ol\u00bb. Tambi\u00e9n se realizaron diversas manifestaciones encaminadas a demandar un mejor precio para la leche, otra en Santovenia de Pisuerga (Valladolid) para expresar nuestra queja por el precio del gas\u00f3leo, y el culmen en una gran manifestaci\u00f3n regional que tuvo lugar en Valladolid y donde se transit\u00f3 desde la Delegaci\u00f3n del Gobierno en Castilla y Le\u00f3n hasta las Consejer\u00edas de Agricultura, Ganader\u00eda y Desarrollo Rural y de Medio Ambiente, Vivienda y Ordenaci\u00f3n del Territorio. Las manifestaciones m\u00e1s recientes han tenido lugar en Madrid, donde se acudi\u00f3 a la puerta de la Comisi\u00f3n Europea, por el ninguneo al sector agrario en la tramitaci\u00f3n de la legislaci\u00f3n de la nueva PAC, y en otra ocasi\u00f3n se celebr\u00f3 una concentraci\u00f3n frente al Ministerio para la Transici\u00f3n Ecol\u00f3gica y el Reto Demogr\u00e1fico, principalmente originada por la defensa a ultranza del lobo y los problemas existentes con la energ\u00eda el\u00e9ctrica, que afectan sobremanera a regantes y ganaderos. Jos\u00e9 Luis Marcos dej\u00f3 una frase lapidaria en esta parte de su intervenci\u00f3n: \u00abLos agricultores y ganaderos palentinos sabemos hacer muy bien las cosas y no hacemos da\u00f1o a nadie\u00bb.<\/p>\n\n\n\n<p>Tras presentar al nuevo Comit\u00e9 Ejecutivo, realiz\u00f3 una cr\u00edtica intervenci\u00f3n sobre las diferentes Administraciones que tienen competencias en el sector agrario, recordando los delirios de grandeza del ministro Garz\u00f3n en su lucha contra la ganader\u00eda y acusando a la ministra Ribera de ser \u00abla mayor responsable de la mala PAC que viene para el sector\u00bb adem\u00e1s de prohibir todo aquello que puede.<\/p>\n\n\n\n<p>Prosigui\u00f3 el presidente hablando sobre la nueva PAC, que \u00abparece mentira que a\u00fan no est\u00e9 oficialmente en los boletines oficiales y los agricultores hayan tenido que sembrar sin conocer sus textos legales\u00bb. Adem\u00e1s record\u00f3 que es \u00abla peor PAC que el sector ha conocido hasta la fecha y va a hacer que agricultores y ganaderos se conviertan en administrativos\u00bb.<\/p>\n\n\n\n<p>No olvid\u00f3 a la Comisi\u00f3n, que ahora ha planteado prohibir el uso de plaguicidas en las zonas Red Natura, algo que \u00abconvertir\u00eda a muchas zonas en un desierto, porque la Red Natura ocupa m\u00e1s del 23% de la superficie de Palencia\u00bb. <\/p>\n\n\n\n<p>Para la Junta de Castilla y Le\u00f3n tambi\u00e9n tuvo palabras de queja, concretamente por el perjuicio causado con la convocatoria de la l\u00ednea D de modernizaci\u00f3n, \u00aben la que se ofrec\u00eda un 75% de subvenci\u00f3n con un presupuesto pr\u00e1cticamente ilimitado pero que en la realidad s\u00f3lo se va a aprobar a uno de cada diez expedientes tramitados por ASAJA-Palencia\u00bb. A esto a\u00f1adi\u00f3 la falta de empat\u00eda con los trabajadores de ASAJA por haber solapado el plazo de tramitaci\u00f3n de la modernizaci\u00f3n con el de la PAC, algo f\u00e1cilmente evitable teniendo ganas.<\/p>\n\n\n\n<p>Tambi\u00e9n habl\u00f3 sobre los regad\u00edos, donde ASAJA exige que se trate a Castilla y Le\u00f3n como al resto de Espa\u00f1a porque la media de regad\u00edo nacional asciende al 25% de la superficie mientras la de nuestra regi\u00f3n se queda en el 15%. Adem\u00e1s, en el sistema Carri\u00f3n \u00abnos quedamos sin agua de forma reiterada por falta de regulaci\u00f3n\u00bb y la soluci\u00f3n que da Confederaci\u00f3n Hidrogr\u00e1fica del Duero es hablar durante un tiempo del proyecto de Las Cuezas, algo que olvida a los cuatro d\u00edas nuevamente. Para ahondar en el problema de los regad\u00edos en Palencia, \u00abel dinero de SEIASA no llega y est\u00e1 paralizando las modernizaciones\u00bb, cuesta mucho poner de acuerdo a los comuneros y sus familias como para que despu\u00e9s las obras se queden paralizadas.<\/p>\n\n\n\n<p>Pas\u00f3 a hablar de la cosecha, donde \u00aben Palencia hemos tenido un a\u00f1o que se puede considerar medio aunque la previsi\u00f3n, poco antes de poner a trabajar las cosechadoras, era bastante mala\u00bb. Desgraciadamente lo m\u00e1s destacado en la cosecha fue la prohibici\u00f3n de cosechar que impuso la Junta, algo que ha hecho que \u00ablos agricultores nos hayamos sentido maltratados\u00bb porque para empeorar la situaci\u00f3n \u00abpara la consejer\u00eda de Medio Ambiente \u00abtodo\u00bb es monte\u00bb.<\/p>\n\n\n\n<p>La sementera, que est\u00e1n acometiendo los agricultores palentinos est\u00e1 siendo \u00abla m\u00e1s cara de la historia\u00bb, algo si cabe m\u00e1s importante en Palencia que en otros sitios porque \u00abel agricultor palentino es el que cultiva m\u00e1s hect\u00e1reas de Espa\u00f1a\u00bb, aqu\u00ed es donde est\u00e1n las explotaciones m\u00e1s grandes y donde hay que adelantar m\u00e1s dinero por explotaci\u00f3n.<\/p>\n\n\n\n<p>Finalizando su balance tambi\u00e9n tuvo palabras sobre la ganader\u00eda donde record\u00f3 que \u00abhace a\u00f1os que la ganader\u00eda est\u00e1 mal pero antes la gente hablaba sobre el relevo en su explotaci\u00f3n\u00bb, ahora muchos \u00abs\u00f3lo piensan ya en cerrar la explotaci\u00f3n para siempre\u00bb. Enfatiz\u00f3 el presidente que \u00ablos que hacen el medio rural son los ganaderos y es a quien hay que ayudar\u00bb, no a los oportunistas que se acercan al mundo rural buscando una subvenci\u00f3n y en un alto porcentaje desaparecen a los pocos a\u00f1os.<\/p>\n\n\n\n<p>Por \u00faltimo, cerr\u00f3 su intervenci\u00f3n hablando sobre las pr\u00f3ximas elecciones a la representatividad de las organizaciones agrarias donde indic\u00f3 que \u00abser representativo es muy importante y ASAJA quiere obtener unos resultados a\u00fan mejores que los de anteriores ocasiones\u00bb.<\/p>\n\n\n\n<p>Sus \u00faltimas palabras fueron de agradecimiento para los trabajadores de las oficinas de ASAJA a los cuales denomin\u00f3 \u00abel alma de esta organizaci\u00f3n\u00bb.<\/p>\n\n\n\n<p>Seguidamente Donaciano Dujo, presidente regional de ASAJA, se dirigi\u00f3 a los presentes centrando su exposici\u00f3n en la pr\u00f3xima PAC y en las elecciones \u00abdel campo\u00bb que tendr\u00e1n lugar el d\u00eda 12 de febrero y donde todos los socios de ASAJA participen en las mismas.<\/p>\n\n\n\n<p>Finaliz\u00f3 el Balance Anual de ASAJA-Palencia con un m\u00e1s que merecido homenaje a Mariano Bustillo, \u00abel hombre del tiempo de ASAJA\u00bb y gran conocedor del refranero popular agrario. Mariano recibi\u00f3 de manos del anterior presidente Honorato Meneses el arado que la asociaci\u00f3n agraria otorga anualmente. Mariano se dirigi\u00f3 a los presentes de forma muy emotiva trasladando diversas an\u00e9cdotas relacionadas con ASAJA y con la meteorolog\u00eda y pidi\u00f3 que los socios \u00abcolaboraran con ASAJA con sus respectivas aficiones\u00bb, como la suya.<\/p>\n\n\n<div class=\"wp-block-image\">\n<figure class=\"aligncenter size-large\"><img loading=\"lazy\" decoding=\"async\" width=\"768\" height=\"1024\" src=\"https:\/\/www.asajacyl.com\/palencia\/wp-content\/uploads\/sites\/3\/2022\/12\/IMG-3775-768x1024.jpg\" alt=\"\" class=\"wp-image-11931\" srcset=\"https:\/\/www.asajacyl.com\/palencia\/wp-content\/uploads\/sites\/3\/2022\/12\/IMG-3775-768x1024.jpg 768w, https:\/\/www.asajacyl.com\/palencia\/wp-content\/uploads\/sites\/3\/2022\/12\/IMG-3775-225x300.jpg 225w, https:\/\/www.asajacyl.com\/palencia\/wp-content\/uploads\/sites\/3\/2022\/12\/IMG-3775-1152x1536.jpg 1152w, https:\/\/www.asajacyl.com\/palencia\/wp-content\/uploads\/sites\/3\/2022\/12\/IMG-3775-1536x2048.jpg 1536w, https:\/\/www.asajacyl.com\/palencia\/wp-content\/uploads\/sites\/3\/2022\/12\/IMG-3775-696x928.jpg 696w, https:\/\/www.asajacyl.com\/palencia\/wp-content\/uploads\/sites\/3\/2022\/12\/IMG-3775-1068x1424.jpg 1068w, https:\/\/www.asajacyl.com\/palencia\/wp-content\/uploads\/sites\/3\/2022\/12\/IMG-3775-315x420.jpg 315w, https:\/\/www.asajacyl.com\/palencia\/wp-content\/uploads\/sites\/3\/2022\/12\/IMG-3775.jpg 1875w\" sizes=\"(max-width: 768px) 100vw, 768px\" \/><figcaption class=\"wp-element-caption\">Mariano Bustillo con el arado de ASAJA, la m\u00e1xima distinci\u00f3n de la asociaci\u00f3n.<\/figcaption><\/figure><\/div>","protected":false},"excerpt":{"rendered":"<p>Un a\u00f1o m\u00e1s, y tras un lapso de dos a\u00f1os motivados por la pandemia de Covid, ASAJA-Palencia realiz\u00f3 su tradicional balance anual en las instalaciones del Hotel Castilla Vieja de la capital palentina al que acudieron alrededor de doscientas personas donde se encontraban los representantes comarcales de ASAJA, los miembros de las ramas sectoriales (joven, [&hellip;]<\/p>\n","protected":false},"author":9,"featured_media":11930,"comment_status":"open","ping_status":"open","sticky":false,"template":"","format":"standard","meta":{"footnotes":""},"categories":[9,29,28],"tags":[],"yoast_head":"<!-- This site is optimized with the Yoast SEO plugin v24.5 - https:\/\/yoast.com\/wordpress\/plugins\/seo\/ -->\n<title>Balance Anual de ASAJA-Palencia con cr\u00edticas para las diferentes Administraciones y homenaje a Mariano Bustillo - ASAJA Palencia<\/title>\n<meta name=\"description\" content=\"Un a\u00f1o m\u00e1s, y tras un lapso de dos a\u00f1os motivados por la pandemia de Covid, ASAJA-Palencia realiz\u00f3 su tradicional balance anual en las instalaciones del\" \/>\n<meta name=\"robots\" content=\"index, follow, max-snippet:-1, max-image-preview:large, max-video-preview:-1\" \/>\n<link rel=\"canonical\" href=\"https:\/\/www.asajacyl.com\/palencia\/asaja-palencia-informa\/balance-anual-con-criticas-para-las-diferentes-administraciones-y-homenaje-a-mariano-bustillo\" \/>\n<meta property=\"og:locale\" content=\"es_ES\" \/>\n<meta property=\"og:type\" content=\"article\" \/>\n<meta property=\"og:title\" content=\"Balance Anual de ASAJA-Palencia con cr\u00edticas para las diferentes Administraciones y homenaje a Mariano Bustillo - ASAJA Palencia\" \/>\n<meta property=\"og:description\" content=\"Un a\u00f1o m\u00e1s, y tras un lapso de dos a\u00f1os motivados por la pandemia de Covid, ASAJA-Palencia realiz\u00f3 su tradicional balance anual en las instalaciones del\" \/>\n<meta property=\"og:url\" content=\"https:\/\/www.asajacyl.com\/palencia\/asaja-palencia-informa\/balance-anual-con-criticas-para-las-diferentes-administraciones-y-homenaje-a-mariano-bustillo\" \/>\n<meta property=\"og:site_name\" content=\"ASAJA Palencia\" \/>\n<meta property=\"article:published_time\" content=\"2022-12-15T13:20:11+00:00\" \/>\n<meta property=\"article:modified_time\" content=\"2022-12-15T13:28:45+00:00\" \/>\n<meta property=\"og:image\" content=\"https:\/\/www.asajacyl.com\/palencia\/wp-content\/uploads\/sites\/3\/2022\/12\/BALANCE-JOSE.jpg\" \/>\n\t<meta property=\"og:image:width\" content=\"2016\" \/>\n\t<meta property=\"og:image:height\" content=\"1512\" \/>\n\t<meta property=\"og:image:type\" content=\"image\/jpeg\" \/>\n<meta name=\"author\" content=\"Administrador\" \/>\n<meta name=\"twitter:card\" content=\"summary_large_image\" \/>\n<meta name=\"twitter:label1\" content=\"Escrito por\" \/>\n\t<meta name=\"twitter:data1\" content=\"Administrador\" \/>\n\t<meta name=\"twitter:label2\" content=\"Tiempo de lectura\" \/>\n\t<meta name=\"twitter:data2\" content=\"6 minutos\" \/>\n<script type=\"application\/ld+json\" class=\"yoast-schema-graph\">{\"@context\":\"https:\/\/schema.org\",\"@graph\":[{\"@type\":\"WebPage\",\"@id\":\"https:\/\/www.asajacyl.com\/palencia\/asaja-palencia-informa\/balance-anual-con-criticas-para-las-diferentes-administraciones-y-homenaje-a-mariano-bustillo\",\"url\":\"https:\/\/www.asajacyl.com\/palencia\/asaja-palencia-informa\/balance-anual-con-criticas-para-las-diferentes-administraciones-y-homenaje-a-mariano-bustillo\",\"name\":\"Balance Anual de ASAJA-Palencia con cr\u00edticas para las diferentes Administraciones y homenaje a Mariano Bustillo - ASAJA Palencia\",\"isPartOf\":{\"@id\":\"https:\/\/www.asajacyl.com\/palencia\/#website\"},\"primaryImageOfPage\":{\"@id\":\"https:\/\/www.asajacyl.com\/palencia\/asaja-palencia-informa\/balance-anual-con-criticas-para-las-diferentes-administraciones-y-homenaje-a-mariano-bustillo#primaryimage\"},\"image\":{\"@id\":\"https:\/\/www.asajacyl.com\/palencia\/asaja-palencia-informa\/balance-anual-con-criticas-para-las-diferentes-administraciones-y-homenaje-a-mariano-bustillo#primaryimage\"},\"thumbnailUrl\":\"https:\/\/www.asajacyl.com\/palencia\/wp-content\/uploads\/sites\/3\/2022\/12\/BALANCE-JOSE.jpg\",\"datePublished\":\"2022-12-15T13:20:11+00:00\",\"dateModified\":\"2022-12-15T13:28:45+00:00\",\"author\":{\"@id\":\"https:\/\/www.asajacyl.com\/palencia\/#\/schema\/person\/3ab17aeb03527485c317557fae64aab1\"},\"description\":\"Un a\u00f1o m\u00e1s, y tras un lapso de dos a\u00f1os motivados por la pandemia de Covid, ASAJA-Palencia realiz\u00f3 su tradicional balance anual en las instalaciones del\",\"breadcrumb\":{\"@id\":\"https:\/\/www.asajacyl.com\/palencia\/asaja-palencia-informa\/balance-anual-con-criticas-para-las-diferentes-administraciones-y-homenaje-a-mariano-bustillo#breadcrumb\"},\"inLanguage\":\"es\",\"potentialAction\":[{\"@type\":\"ReadAction\",\"target\":[\"https:\/\/www.asajacyl.com\/palencia\/asaja-palencia-informa\/balance-anual-con-criticas-para-las-diferentes-administraciones-y-homenaje-a-mariano-bustillo\"]}]},{\"@type\":\"ImageObject\",\"inLanguage\":\"es\",\"@id\":\"https:\/\/www.asajacyl.com\/palencia\/asaja-palencia-informa\/balance-anual-con-criticas-para-las-diferentes-administraciones-y-homenaje-a-mariano-bustillo#primaryimage\",\"url\":\"https:\/\/www.asajacyl.com\/palencia\/wp-content\/uploads\/sites\/3\/2022\/12\/BALANCE-JOSE.jpg\",\"contentUrl\":\"https:\/\/www.asajacyl.com\/palencia\/wp-content\/uploads\/sites\/3\/2022\/12\/BALANCE-JOSE.jpg\",\"width\":2016,\"height\":1512},{\"@type\":\"BreadcrumbList\",\"@id\":\"https:\/\/www.asajacyl.com\/palencia\/asaja-palencia-informa\/balance-anual-con-criticas-para-las-diferentes-administraciones-y-homenaje-a-mariano-bustillo#breadcrumb\",\"itemListElement\":[{\"@type\":\"ListItem\",\"position\":1,\"name\":\"Portada\",\"item\":\"https:\/\/www.asajacyl.com\/palencia\/\"},{\"@type\":\"ListItem\",\"position\":2,\"name\":\"Balance Anual de ASAJA-Palencia con cr\u00edticas para las diferentes Administraciones y homenaje a Mariano Bustillo\"}]},{\"@type\":\"WebSite\",\"@id\":\"https:\/\/www.asajacyl.com\/palencia\/#website\",\"url\":\"https:\/\/www.asajacyl.com\/palencia\/\",\"name\":\"ASAJA Palencia\",\"description\":\"Otro sitio m\u00e1s de Provincias ASAJA Castilla y Le\u00f3n\",\"potentialAction\":[{\"@type\":\"SearchAction\",\"target\":{\"@type\":\"EntryPoint\",\"urlTemplate\":\"https:\/\/www.asajacyl.com\/palencia\/?s={search_term_string}\"},\"query-input\":{\"@type\":\"PropertyValueSpecification\",\"valueRequired\":true,\"valueName\":\"search_term_string\"}}],\"inLanguage\":\"es\"},{\"@type\":\"Person\",\"@id\":\"https:\/\/www.asajacyl.com\/palencia\/#\/schema\/person\/3ab17aeb03527485c317557fae64aab1\",\"name\":\"Administrador\",\"image\":{\"@type\":\"ImageObject\",\"inLanguage\":\"es\",\"@id\":\"https:\/\/www.asajacyl.com\/palencia\/#\/schema\/person\/image\/\",\"url\":\"https:\/\/secure.gravatar.com\/avatar\/517384810d242ca9e38c180f3c9fb973?s=96&d=mm&r=g\",\"contentUrl\":\"https:\/\/secure.gravatar.com\/avatar\/517384810d242ca9e38c180f3c9fb973?s=96&d=mm&r=g\",\"caption\":\"Administrador\"},\"url\":\"https:\/\/www.asajacyl.com\/palencia\/author\/carlosrm\"}]}<\/script>\n<!-- \/ Yoast SEO plugin. -->","yoast_head_json":{"title":"Balance Anual de ASAJA-Palencia con cr\u00edticas para las diferentes Administraciones y homenaje a Mariano Bustillo - ASAJA Palencia","description":"Un a\u00f1o m\u00e1s, y tras un lapso de dos a\u00f1os motivados por la pandemia de Covid, ASAJA-Palencia realiz\u00f3 su tradicional balance anual en las instalaciones del","robots":{"index":"index","follow":"follow","max-snippet":"max-snippet:-1","max-image-preview":"max-image-preview:large","max-video-preview":"max-video-preview:-1"},"canonical":"https:\/\/www.asajacyl.com\/palencia\/asaja-palencia-informa\/balance-anual-con-criticas-para-las-diferentes-administraciones-y-homenaje-a-mariano-bustillo","og_locale":"es_ES","og_type":"article","og_title":"Balance Anual de ASAJA-Palencia con cr\u00edticas para las diferentes Administraciones y homenaje a Mariano Bustillo - ASAJA Palencia","og_description":"Un a\u00f1o m\u00e1s, y tras un lapso de dos a\u00f1os motivados por la pandemia de Covid, ASAJA-Palencia realiz\u00f3 su tradicional balance anual en las instalaciones del","og_url":"https:\/\/www.asajacyl.com\/palencia\/asaja-palencia-informa\/balance-anual-con-criticas-para-las-diferentes-administraciones-y-homenaje-a-mariano-bustillo","og_site_name":"ASAJA Palencia","article_published_time":"2022-12-15T13:20:11+00:00","article_modified_time":"2022-12-15T13:28:45+00:00","og_image":[{"width":2016,"height":1512,"url":"https:\/\/www.asajacyl.com\/palencia\/wp-content\/uploads\/sites\/3\/2022\/12\/BALANCE-JOSE.jpg","type":"image\/jpeg"}],"author":"Administrador","twitter_card":"summary_large_image","twitter_misc":{"Escrito por":"Administrador","Tiempo de lectura":"6 minutos"},"schema":{"@context":"https:\/\/schema.org","@graph":[{"@type":"WebPage","@id":"https:\/\/www.asajacyl.com\/palencia\/asaja-palencia-informa\/balance-anual-con-criticas-para-las-diferentes-administraciones-y-homenaje-a-mariano-bustillo","url":"https:\/\/www.asajacyl.com\/palencia\/asaja-palencia-informa\/balance-anual-con-criticas-para-las-diferentes-administraciones-y-homenaje-a-mariano-bustillo","name":"Balance Anual de ASAJA-Palencia con cr\u00edticas para las diferentes Administraciones y homenaje a Mariano Bustillo - ASAJA Palencia","isPartOf":{"@id":"https:\/\/www.asajacyl.com\/palencia\/#website"},"primaryImageOfPage":{"@id":"https:\/\/www.asajacyl.com\/palencia\/asaja-palencia-informa\/balance-anual-con-criticas-para-las-diferentes-administraciones-y-homenaje-a-mariano-bustillo#primaryimage"},"image":{"@id":"https:\/\/www.asajacyl.com\/palencia\/asaja-palencia-informa\/balance-anual-con-criticas-para-las-diferentes-administraciones-y-homenaje-a-mariano-bustillo#primaryimage"},"thumbnailUrl":"https:\/\/www.asajacyl.com\/palencia\/wp-content\/uploads\/sites\/3\/2022\/12\/BALANCE-JOSE.jpg","datePublished":"2022-12-15T13:20:11+00:00","dateModified":"2022-12-15T13:28:45+00:00","author":{"@id":"https:\/\/www.asajacyl.com\/palencia\/#\/schema\/person\/3ab17aeb03527485c317557fae64aab1"},"description":"Un a\u00f1o m\u00e1s, y tras un lapso de dos a\u00f1os motivados por la pandemia de Covid, ASAJA-Palencia realiz\u00f3 su tradicional balance anual en las instalaciones del","breadcrumb":{"@id":"https:\/\/www.asajacyl.com\/palencia\/asaja-palencia-informa\/balance-anual-con-criticas-para-las-diferentes-administraciones-y-homenaje-a-mariano-bustillo#breadcrumb"},"inLanguage":"es","potentialAction":[{"@type":"ReadAction","target":["https:\/\/www.asajacyl.com\/palencia\/asaja-palencia-informa\/balance-anual-con-criticas-para-las-diferentes-administraciones-y-homenaje-a-mariano-bustillo"]}]},{"@type":"ImageObject","inLanguage":"es","@id":"https:\/\/www.asajacyl.com\/palencia\/asaja-palencia-informa\/balance-anual-con-criticas-para-las-diferentes-administraciones-y-homenaje-a-mariano-bustillo#primaryimage","url":"https:\/\/www.asajacyl.com\/palencia\/wp-content\/uploads\/sites\/3\/2022\/12\/BALANCE-JOSE.jpg","contentUrl":"https:\/\/www.asajacyl.com\/palencia\/wp-content\/uploads\/sites\/3\/2022\/12\/BALANCE-JOSE.jpg","width":2016,"height":1512},{"@type":"BreadcrumbList","@id":"https:\/\/www.asajacyl.com\/palencia\/asaja-palencia-informa\/balance-anual-con-criticas-para-las-diferentes-administraciones-y-homenaje-a-mariano-bustillo#breadcrumb","itemListElement":[{"@type":"ListItem","position":1,"name":"Portada","item":"https:\/\/www.asajacyl.com\/palencia\/"},{"@type":"ListItem","position":2,"name":"Balance Anual de ASAJA-Palencia con cr\u00edticas para las diferentes Administraciones y homenaje a Mariano Bustillo"}]},{"@type":"WebSite","@id":"https:\/\/www.asajacyl.com\/palencia\/#website","url":"https:\/\/www.asajacyl.com\/palencia\/","name":"ASAJA Palencia","description":"Otro sitio m\u00e1s de Provincias ASAJA Castilla y Le\u00f3n","potentialAction":[{"@type":"SearchAction","target":{"@type":"EntryPoint","urlTemplate":"https:\/\/www.asajacyl.com\/palencia\/?s={search_term_string}"},"query-input":{"@type":"PropertyValueSpecification","valueRequired":true,"valueName":"search_term_string"}}],"inLanguage":"es"},{"@type":"Person","@id":"https:\/\/www.asajacyl.com\/palencia\/#\/schema\/person\/3ab17aeb03527485c317557fae64aab1","name":"Administrador","image":{"@type":"ImageObject","inLanguage":"es","@id":"https:\/\/www.asajacyl.com\/palencia\/#\/schema\/person\/image\/","url":"https:\/\/secure.gravatar.com\/avatar\/517384810d242ca9e38c180f3c9fb973?s=96&d=mm&r=g","contentUrl":"https:\/\/secure.gravatar.com\/avatar\/517384810d242ca9e38c180f3c9fb973?s=96&d=mm&r=g","caption":"Administrador"},"url":"https:\/\/www.asajacyl.com\/palencia\/author\/carlosrm"}]}},"_links":{"self":[{"href":"https:\/\/www.asajacyl.com\/palencia\/wp-json\/wp\/v2\/posts\/11926"}],"collection":[{"href":"https:\/\/www.asajacyl.com\/palencia\/wp-json\/wp\/v2\/posts"}],"about":[{"href":"https:\/\/www.asajacyl.com\/palencia\/wp-json\/wp\/v2\/types\/post"}],"author":[{"embeddable":true,"href":"https:\/\/www.asajacyl.com\/palencia\/wp-json\/wp\/v2\/users\/9"}],"replies":[{"embeddable":true,"href":"https:\/\/www.asajacyl.com\/palencia\/wp-json\/wp\/v2\/comments?post=11926"}],"version-history":[{"count":5,"href":"https:\/\/www.asajacyl.com\/palencia\/wp-json\/wp\/v2\/posts\/11926\/revisions"}],"predecessor-version":[{"id":11933,"href":"https:\/\/www.asajacyl.com\/palencia\/wp-json\/wp\/v2\/posts\/11926\/revisions\/11933"}],"wp:featuredmedia":[{"embeddable":true,"href":"https:\/\/www.asajacyl.com\/palencia\/wp-json\/wp\/v2\/media\/11930"}],"wp:attachment":[{"href":"https:\/\/www.asajacyl.com\/palencia\/wp-json\/wp\/v2\/media?parent=11926"}],"wp:term":[{"taxonomy":"category","embeddable":true,"href":"https:\/\/www.asajacyl.com\/palencia\/wp-json\/wp\/v2\/categories?post=11926"},{"taxonomy":"post_tag","embeddable":true,"href":"https:\/\/www.asajacyl.com\/palencia\/wp-json\/wp\/v2\/tags?post=11926"}],"curies":[{"name":"wp","href":"https:\/\/api.w.org\/{rel}","templated":true}]}}