{"id":11938,"date":"2022-12-16T12:25:55","date_gmt":"2022-12-16T11:25:55","guid":{"rendered":"https:\/\/www.asajacyl.com\/palencia\/?p=11938"},"modified":"2022-12-16T12:25:57","modified_gmt":"2022-12-16T11:25:57","slug":"nace-el-nuevo-sello-b-de-bienestar-animal-del-sector-carnico","status":"publish","type":"post","link":"https:\/\/www.asajacyl.com\/palencia\/asaja-palencia-informa\/nace-el-nuevo-sello-b-de-bienestar-animal-del-sector-carnico","title":{"rendered":"Nace el nuevo sello B+ de Bienestar animal del sector c\u00e1rnico"},"content":{"rendered":"\n<p>El sector ganadero c\u00e1rnico espa\u00f1ol representado por sus seis Organizaciones Interprofesionales (INTERPORC, ASICI, INTERCUN, INTEROVIC, PROVACUNO,  AVIANZA) ha presentado el sello com\u00fan \u00abB+ COMPROMISO BIENESTAR ANIMAL\u00bb, que recoge en una imagen unificada todas las carnes y productos certificados por los diferentes sistemas de certificaci\u00f3n puestos en marcha de forma coordinada por cada sector.<\/p>\n\n\n\n<p>El sello com\u00fan \u00abB+ COMPROMISO BIENESTAR ANIMAL\u00bb nace para facilitar a los consumidores la identificaci\u00f3n, a trav\u00e9s de un \u00fanico sello, de todos los productos que han sido certificados por ENAC (la Entidad Nacional de Acreditaci\u00f3n) de los sectores del porcino de capa blanca, cerdo ib\u00e9rico, carne de conejo, ovino-caprino, carne de vacuno y carne de ave, y para ofrecer a las empresas de distribuci\u00f3n mayor facilidad en la gesti\u00f3n de sus requerimientos de bienestar animal para sus proveedores y clientes.<\/p>\n\n\n\n<p>Este sello garantiza que se cumplen los principios de Bienestar Animal fijados por la Organizaci\u00f3n Mundial de Sanidad Animal (OMSA). En su desarrollo han participado los mejores especialistas t\u00e9cnicos y acad\u00e9micos espa\u00f1oles en esta materia, y ha sido avalado por Comit\u00e9s Cient\u00edficos de alto nivel, dando como resultado un sistema de certificaci\u00f3n que engloba requisitos basados en criterios cient\u00edficos y t\u00e9cnicos m\u00e1s exigentes a los exigidos en la normativa europea y nacional.<\/p>\n\n\n\n<p>Detr\u00e1s de este sello \u00abB+ COMPROMISO BIENESTAR ANIMAL\u00bb hay cientos de miles de ganaderos\/as y trabajadores del sector que se esfuerzan a diario y luchan por un compromiso que todos han adquirido, con el fin de conseguir transmitir con transparencia al consumidor y a la distribuci\u00f3n todos los criterios de bienestar y producci\u00f3n \u00e9tica que se aplican en el buen cuidado de los animales y en la atenci\u00f3n a las demandas recibidas de la sociedad en este importante aspecto de la producci\u00f3n de alimentos.<\/p>\n","protected":false},"excerpt":{"rendered":"<p>El sector ganadero c\u00e1rnico espa\u00f1ol representado por sus seis Organizaciones Interprofesionales (INTERPORC, ASICI, INTERCUN, INTEROVIC, PROVACUNO, AVIANZA) ha presentado el sello com\u00fan \u00abB+ COMPROMISO BIENESTAR ANIMAL\u00bb, que recoge en una imagen unificada todas las carnes y productos certificados por los diferentes sistemas de certificaci\u00f3n puestos en marcha de forma coordinada por cada sector. El sello [&hellip;]<\/p>\n","protected":false},"author":9,"featured_media":11947,"comment_status":"open","ping_status":"open","sticky":false,"template":"","format":"standard","meta":{"footnotes":""},"categories":[9,29,28],"tags":[],"yoast_head":"<!-- This site is optimized with the Yoast SEO plugin v24.5 - https:\/\/yoast.com\/wordpress\/plugins\/seo\/ -->\n<title>Nace el nuevo sello B+ de Bienestar animal del sector c\u00e1rnico - ASAJA Palencia<\/title>\n<meta name=\"description\" content=\"El sector ganadero c\u00e1rnico espa\u00f1ol representado por sus seis Organizaciones Interprofesionales (INTERPORC, ASICI, INTERCUN, INTEROVIC, PROVACUNO, AVIANZA)\" \/>\n<meta name=\"robots\" content=\"index, follow, max-snippet:-1, max-image-preview:large, max-video-preview:-1\" \/>\n<link rel=\"canonical\" href=\"https:\/\/www.asajacyl.com\/palencia\/asaja-palencia-informa\/nace-el-nuevo-sello-b-de-bienestar-animal-del-sector-carnico\" \/>\n<meta property=\"og:locale\" content=\"es_ES\" \/>\n<meta property=\"og:type\" content=\"article\" \/>\n<meta property=\"og:title\" content=\"Nace el nuevo sello B+ de Bienestar animal del sector c\u00e1rnico - ASAJA Palencia\" \/>\n<meta property=\"og:description\" content=\"El sector ganadero c\u00e1rnico espa\u00f1ol representado por sus seis Organizaciones Interprofesionales (INTERPORC, ASICI, INTERCUN, INTEROVIC, PROVACUNO, AVIANZA)\" \/>\n<meta property=\"og:url\" content=\"https:\/\/www.asajacyl.com\/palencia\/asaja-palencia-informa\/nace-el-nuevo-sello-b-de-bienestar-animal-del-sector-carnico\" \/>\n<meta property=\"og:site_name\" content=\"ASAJA Palencia\" \/>\n<meta property=\"article:published_time\" content=\"2022-12-16T11:25:55+00:00\" \/>\n<meta property=\"article:modified_time\" content=\"2022-12-16T11:25:57+00:00\" \/>\n<meta property=\"og:image\" content=\"https:\/\/www.asajacyl.com\/palencia\/wp-content\/uploads\/sites\/3\/2022\/12\/BIENESTAR-ANIMAL.png\" \/>\n\t<meta property=\"og:image:width\" content=\"508\" \/>\n\t<meta property=\"og:image:height\" content=\"391\" \/>\n\t<meta property=\"og:image:type\" content=\"image\/png\" \/>\n<meta name=\"author\" content=\"Administrador\" \/>\n<meta name=\"twitter:card\" content=\"summary_large_image\" \/>\n<meta name=\"twitter:label1\" content=\"Escrito por\" \/>\n\t<meta name=\"twitter:data1\" content=\"Administrador\" \/>\n\t<meta name=\"twitter:label2\" content=\"Tiempo de lectura\" \/>\n\t<meta name=\"twitter:data2\" content=\"2 minutos\" \/>\n<script type=\"application\/ld+json\" class=\"yoast-schema-graph\">{\"@context\":\"https:\/\/schema.org\",\"@graph\":[{\"@type\":\"WebPage\",\"@id\":\"https:\/\/www.asajacyl.com\/palencia\/asaja-palencia-informa\/nace-el-nuevo-sello-b-de-bienestar-animal-del-sector-carnico\",\"url\":\"https:\/\/www.asajacyl.com\/palencia\/asaja-palencia-informa\/nace-el-nuevo-sello-b-de-bienestar-animal-del-sector-carnico\",\"name\":\"Nace el nuevo sello B+ de Bienestar animal del sector c\u00e1rnico - ASAJA Palencia\",\"isPartOf\":{\"@id\":\"https:\/\/www.asajacyl.com\/palencia\/#website\"},\"primaryImageOfPage\":{\"@id\":\"https:\/\/www.asajacyl.com\/palencia\/asaja-palencia-informa\/nace-el-nuevo-sello-b-de-bienestar-animal-del-sector-carnico#primaryimage\"},\"image\":{\"@id\":\"https:\/\/www.asajacyl.com\/palencia\/asaja-palencia-informa\/nace-el-nuevo-sello-b-de-bienestar-animal-del-sector-carnico#primaryimage\"},\"thumbnailUrl\":\"https:\/\/www.asajacyl.com\/palencia\/wp-content\/uploads\/sites\/3\/2022\/12\/BIENESTAR-ANIMAL.png\",\"datePublished\":\"2022-12-16T11:25:55+00:00\",\"dateModified\":\"2022-12-16T11:25:57+00:00\",\"author\":{\"@id\":\"https:\/\/www.asajacyl.com\/palencia\/#\/schema\/person\/3ab17aeb03527485c317557fae64aab1\"},\"description\":\"El sector ganadero c\u00e1rnico espa\u00f1ol representado por sus seis Organizaciones Interprofesionales (INTERPORC, ASICI, INTERCUN, INTEROVIC, PROVACUNO, AVIANZA)\",\"breadcrumb\":{\"@id\":\"https:\/\/www.asajacyl.com\/palencia\/asaja-palencia-informa\/nace-el-nuevo-sello-b-de-bienestar-animal-del-sector-carnico#breadcrumb\"},\"inLanguage\":\"es\",\"potentialAction\":[{\"@type\":\"ReadAction\",\"target\":[\"https:\/\/www.asajacyl.com\/palencia\/asaja-palencia-informa\/nace-el-nuevo-sello-b-de-bienestar-animal-del-sector-carnico\"]}]},{\"@type\":\"ImageObject\",\"inLanguage\":\"es\",\"@id\":\"https:\/\/www.asajacyl.com\/palencia\/asaja-palencia-informa\/nace-el-nuevo-sello-b-de-bienestar-animal-del-sector-carnico#primaryimage\",\"url\":\"https:\/\/www.asajacyl.com\/palencia\/wp-content\/uploads\/sites\/3\/2022\/12\/BIENESTAR-ANIMAL.png\",\"contentUrl\":\"https:\/\/www.asajacyl.com\/palencia\/wp-content\/uploads\/sites\/3\/2022\/12\/BIENESTAR-ANIMAL.png\",\"width\":508,\"height\":391},{\"@type\":\"BreadcrumbList\",\"@id\":\"https:\/\/www.asajacyl.com\/palencia\/asaja-palencia-informa\/nace-el-nuevo-sello-b-de-bienestar-animal-del-sector-carnico#breadcrumb\",\"itemListElement\":[{\"@type\":\"ListItem\",\"position\":1,\"name\":\"Portada\",\"item\":\"https:\/\/www.asajacyl.com\/palencia\/\"},{\"@type\":\"ListItem\",\"position\":2,\"name\":\"Nace el nuevo sello B+ de Bienestar animal del sector c\u00e1rnico\"}]},{\"@type\":\"WebSite\",\"@id\":\"https:\/\/www.asajacyl.com\/palencia\/#website\",\"url\":\"https:\/\/www.asajacyl.com\/palencia\/\",\"name\":\"ASAJA Palencia\",\"description\":\"Otro sitio m\u00e1s de Provincias ASAJA Castilla y Le\u00f3n\",\"potentialAction\":[{\"@type\":\"SearchAction\",\"target\":{\"@type\":\"EntryPoint\",\"urlTemplate\":\"https:\/\/www.asajacyl.com\/palencia\/?s={search_term_string}\"},\"query-input\":{\"@type\":\"PropertyValueSpecification\",\"valueRequired\":true,\"valueName\":\"search_term_string\"}}],\"inLanguage\":\"es\"},{\"@type\":\"Person\",\"@id\":\"https:\/\/www.asajacyl.com\/palencia\/#\/schema\/person\/3ab17aeb03527485c317557fae64aab1\",\"name\":\"Administrador\",\"image\":{\"@type\":\"ImageObject\",\"inLanguage\":\"es\",\"@id\":\"https:\/\/www.asajacyl.com\/palencia\/#\/schema\/person\/image\/\",\"url\":\"https:\/\/secure.gravatar.com\/avatar\/517384810d242ca9e38c180f3c9fb973?s=96&d=mm&r=g\",\"contentUrl\":\"https:\/\/secure.gravatar.com\/avatar\/517384810d242ca9e38c180f3c9fb973?s=96&d=mm&r=g\",\"caption\":\"Administrador\"},\"url\":\"https:\/\/www.asajacyl.com\/palencia\/author\/carlosrm\"}]}<\/script>\n<!-- \/ Yoast SEO plugin. -->","yoast_head_json":{"title":"Nace el nuevo sello B+ de Bienestar animal del sector c\u00e1rnico - ASAJA Palencia","description":"El sector ganadero c\u00e1rnico espa\u00f1ol representado por sus seis Organizaciones Interprofesionales (INTERPORC, ASICI, INTERCUN, INTEROVIC, PROVACUNO, AVIANZA)","robots":{"index":"index","follow":"follow","max-snippet":"max-snippet:-1","max-image-preview":"max-image-preview:large","max-video-preview":"max-video-preview:-1"},"canonical":"https:\/\/www.asajacyl.com\/palencia\/asaja-palencia-informa\/nace-el-nuevo-sello-b-de-bienestar-animal-del-sector-carnico","og_locale":"es_ES","og_type":"article","og_title":"Nace el nuevo sello B+ de Bienestar animal del sector c\u00e1rnico - ASAJA Palencia","og_description":"El sector ganadero c\u00e1rnico espa\u00f1ol representado por sus seis Organizaciones Interprofesionales (INTERPORC, ASICI, INTERCUN, INTEROVIC, PROVACUNO, AVIANZA)","og_url":"https:\/\/www.asajacyl.com\/palencia\/asaja-palencia-informa\/nace-el-nuevo-sello-b-de-bienestar-animal-del-sector-carnico","og_site_name":"ASAJA Palencia","article_published_time":"2022-12-16T11:25:55+00:00","article_modified_time":"2022-12-16T11:25:57+00:00","og_image":[{"width":508,"height":391,"url":"https:\/\/www.asajacyl.com\/palencia\/wp-content\/uploads\/sites\/3\/2022\/12\/BIENESTAR-ANIMAL.png","type":"image\/png"}],"author":"Administrador","twitter_card":"summary_large_image","twitter_misc":{"Escrito por":"Administrador","Tiempo de lectura":"2 minutos"},"schema":{"@context":"https:\/\/schema.org","@graph":[{"@type":"WebPage","@id":"https:\/\/www.asajacyl.com\/palencia\/asaja-palencia-informa\/nace-el-nuevo-sello-b-de-bienestar-animal-del-sector-carnico","url":"https:\/\/www.asajacyl.com\/palencia\/asaja-palencia-informa\/nace-el-nuevo-sello-b-de-bienestar-animal-del-sector-carnico","name":"Nace el nuevo sello B+ de Bienestar animal del sector c\u00e1rnico - ASAJA Palencia","isPartOf":{"@id":"https:\/\/www.asajacyl.com\/palencia\/#website"},"primaryImageOfPage":{"@id":"https:\/\/www.asajacyl.com\/palencia\/asaja-palencia-informa\/nace-el-nuevo-sello-b-de-bienestar-animal-del-sector-carnico#primaryimage"},"image":{"@id":"https:\/\/www.asajacyl.com\/palencia\/asaja-palencia-informa\/nace-el-nuevo-sello-b-de-bienestar-animal-del-sector-carnico#primaryimage"},"thumbnailUrl":"https:\/\/www.asajacyl.com\/palencia\/wp-content\/uploads\/sites\/3\/2022\/12\/BIENESTAR-ANIMAL.png","datePublished":"2022-12-16T11:25:55+00:00","dateModified":"2022-12-16T11:25:57+00:00","author":{"@id":"https:\/\/www.asajacyl.com\/palencia\/#\/schema\/person\/3ab17aeb03527485c317557fae64aab1"},"description":"El sector ganadero c\u00e1rnico espa\u00f1ol representado por sus seis Organizaciones Interprofesionales (INTERPORC, ASICI, INTERCUN, INTEROVIC, PROVACUNO, AVIANZA)","breadcrumb":{"@id":"https:\/\/www.asajacyl.com\/palencia\/asaja-palencia-informa\/nace-el-nuevo-sello-b-de-bienestar-animal-del-sector-carnico#breadcrumb"},"inLanguage":"es","potentialAction":[{"@type":"ReadAction","target":["https:\/\/www.asajacyl.com\/palencia\/asaja-palencia-informa\/nace-el-nuevo-sello-b-de-bienestar-animal-del-sector-carnico"]}]},{"@type":"ImageObject","inLanguage":"es","@id":"https:\/\/www.asajacyl.com\/palencia\/asaja-palencia-informa\/nace-el-nuevo-sello-b-de-bienestar-animal-del-sector-carnico#primaryimage","url":"https:\/\/www.asajacyl.com\/palencia\/wp-content\/uploads\/sites\/3\/2022\/12\/BIENESTAR-ANIMAL.png","contentUrl":"https:\/\/www.asajacyl.com\/palencia\/wp-content\/uploads\/sites\/3\/2022\/12\/BIENESTAR-ANIMAL.png","width":508,"height":391},{"@type":"BreadcrumbList","@id":"https:\/\/www.asajacyl.com\/palencia\/asaja-palencia-informa\/nace-el-nuevo-sello-b-de-bienestar-animal-del-sector-carnico#breadcrumb","itemListElement":[{"@type":"ListItem","position":1,"name":"Portada","item":"https:\/\/www.asajacyl.com\/palencia\/"},{"@type":"ListItem","position":2,"name":"Nace el nuevo sello B+ de Bienestar animal del sector c\u00e1rnico"}]},{"@type":"WebSite","@id":"https:\/\/www.asajacyl.com\/palencia\/#website","url":"https:\/\/www.asajacyl.com\/palencia\/","name":"ASAJA Palencia","description":"Otro sitio m\u00e1s de Provincias ASAJA Castilla y Le\u00f3n","potentialAction":[{"@type":"SearchAction","target":{"@type":"EntryPoint","urlTemplate":"https:\/\/www.asajacyl.com\/palencia\/?s={search_term_string}"},"query-input":{"@type":"PropertyValueSpecification","valueRequired":true,"valueName":"search_term_string"}}],"inLanguage":"es"},{"@type":"Person","@id":"https:\/\/www.asajacyl.com\/palencia\/#\/schema\/person\/3ab17aeb03527485c317557fae64aab1","name":"Administrador","image":{"@type":"ImageObject","inLanguage":"es","@id":"https:\/\/www.asajacyl.com\/palencia\/#\/schema\/person\/image\/","url":"https:\/\/secure.gravatar.com\/avatar\/517384810d242ca9e38c180f3c9fb973?s=96&d=mm&r=g","contentUrl":"https:\/\/secure.gravatar.com\/avatar\/517384810d242ca9e38c180f3c9fb973?s=96&d=mm&r=g","caption":"Administrador"},"url":"https:\/\/www.asajacyl.com\/palencia\/author\/carlosrm"}]}},"_links":{"self":[{"href":"https:\/\/www.asajacyl.com\/palencia\/wp-json\/wp\/v2\/posts\/11938"}],"collection":[{"href":"https:\/\/www.asajacyl.com\/palencia\/wp-json\/wp\/v2\/posts"}],"about":[{"href":"https:\/\/www.asajacyl.com\/palencia\/wp-json\/wp\/v2\/types\/post"}],"author":[{"embeddable":true,"href":"https:\/\/www.asajacyl.com\/palencia\/wp-json\/wp\/v2\/users\/9"}],"replies":[{"embeddable":true,"href":"https:\/\/www.asajacyl.com\/palencia\/wp-json\/wp\/v2\/comments?post=11938"}],"version-history":[{"count":1,"href":"https:\/\/www.asajacyl.com\/palencia\/wp-json\/wp\/v2\/posts\/11938\/revisions"}],"predecessor-version":[{"id":11948,"href":"https:\/\/www.asajacyl.com\/palencia\/wp-json\/wp\/v2\/posts\/11938\/revisions\/11948"}],"wp:featuredmedia":[{"embeddable":true,"href":"https:\/\/www.asajacyl.com\/palencia\/wp-json\/wp\/v2\/media\/11947"}],"wp:attachment":[{"href":"https:\/\/www.asajacyl.com\/palencia\/wp-json\/wp\/v2\/media?parent=11938"}],"wp:term":[{"taxonomy":"category","embeddable":true,"href":"https:\/\/www.asajacyl.com\/palencia\/wp-json\/wp\/v2\/categories?post=11938"},{"taxonomy":"post_tag","embeddable":true,"href":"https:\/\/www.asajacyl.com\/palencia\/wp-json\/wp\/v2\/tags?post=11938"}],"curies":[{"name":"wp","href":"https:\/\/api.w.org\/{rel}","templated":true}]}}