{"id":11986,"date":"2022-12-29T11:02:55","date_gmt":"2022-12-29T10:02:55","guid":{"rendered":"https:\/\/www.asajacyl.com\/palencia\/?p=11986"},"modified":"2022-12-28T13:36:44","modified_gmt":"2022-12-28T12:36:44","slug":"publicado-el-sistema-de-gestion-de-la-nueva-pac-acompanado-de-otras-actuaciones","status":"publish","type":"post","link":"https:\/\/www.asajacyl.com\/palencia\/asaja-palencia-informa\/publicado-el-sistema-de-gestion-de-la-nueva-pac-acompanado-de-otras-actuaciones","title":{"rendered":"Publicado el sistema de gesti\u00f3n de la nueva PAC, acompa\u00f1ado de otras actuaciones"},"content":{"rendered":"\n<p>Se ha publicado en el Bolet\u00edn Oficial del Estado la normativa que ser\u00e1 la base de la nueva PAC y que se ha denominado sistema de gesti\u00f3n. Dicha normativa consta de m\u00e1s de cincuenta p\u00e1ginas de las que m\u00e1s de veinte est\u00e1n dedicadas a las penalizaciones y sanciones. Adem\u00e1s, se incluyen diversas disposiciones adicionales de inter\u00e9s para el sector agrario, algunas de las cuales son las siguientes:<\/p>\n\n\n\n<ul>\n<li>La medida que afectar\u00e1 a m\u00e1s agricultores y ganaderos consiste en la exenci\u00f3n de las ayudas a reg\u00edmenes en favor del clima y del medio ambiente (eco-reg\u00edmenes). Estas ayudas no se integrar\u00e1n en la base imponible del Impuesto sobre la Renta de las Personas F\u00edsicas (IRPF).<\/li>\n\n\n\n<li>Se modifica el Real Decreto que establece las tarifas de acceso a redes de transporte y distribuci\u00f3n de energ\u00eda el\u00e9ctrica de modo que los titulares de explotaciones agrarias y comunidades de regantes puedan acogerse a mecanismos de flexibilizaci\u00f3n temporal de los contratos de suministro de energ\u00eda el\u00e9ctrica. Esto sentar\u00eda las bases de la ansiada doble tarifa el\u00e9ctrica para los regad\u00edos aunque con la normativa actual quedar\u00eda limitado su efecto hasta el 31 de diciembre de 2023. ASAJA demanda al Gobierno que se pueda contar con la doble tarifa de forma permanente.<\/li>\n\n\n\n<li>Cobertura del riesgo de sequ\u00eda hidrol\u00f3gica en la agricultura de regad\u00edo. El MAPA se compromete, mediante la Entidad Estatal de Seguros Agrarios, a estudiar la incorporaci\u00f3n al Plan Nacional de Seguros Agrarios, de una nueva l\u00ednea de seguro para la cobertura de sequ\u00eda hidrol\u00f3gica en las superficies de regad\u00edo para indemnizar las p\u00e9rdidas producidas por p\u00e9rdidas de rendimiento atribuibles a minoraciones de las dotaciones de riego no achacables al asegurado.<\/li>\n\n\n\n<li>Zonificaci\u00f3n agroambiental para la implantaci\u00f3n de energ\u00edas renovables. En tres meses el Gobierno se compromete a incluir como zonas de sensibilidad agraria alta, muy alta o m\u00e1xima las siguientes zonas:\n<ul>\n<li>Terrenos de explotaciones calificadas como prioritarias<\/li>\n\n\n\n<li>Terrenos de regad\u00edo de promoci\u00f3n privada<\/li>\n\n\n\n<li>Terrenos empleados en zonas de agricultura periurbana<\/li>\n\n\n\n<li>Terrenos incluidos en planes de deyecciones ganaderas<\/li>\n\n\n\n<li>Terrenos destinados a prevenir incendios forestales mediante mosaicos agroforestales<\/li>\n\n\n\n<li>Terrenos aptos para figuras de protecci\u00f3n alimentaria del origen, de la identificaci\u00f3n geogr\u00e1fica, producci\u00f3n ecol\u00f3gica, integrada o de calidad, desarrollo de razas aut\u00f3ctonas, variedades de inter\u00e9s agrario y acreditaci\u00f3n de la venta de proximidad.<\/li>\n\n\n\n<li>Terrenos de  conectividad del espacio agrario y ecol\u00f3gico.<\/li>\n<\/ul>\n<\/li>\n\n\n\n<li>El Gobierno estudiar\u00e1 y regular\u00e1 el mercado de emisiones del sector agrario como incentivo a pr\u00e1cticas de uso del suelo que contribuyan a la sostenibilidad ambiental.<\/li>\n\n\n\n<li>El Gobierno tambi\u00e9n se compromete a realizar actuaciones de control y prevenci\u00f3n contra los da\u00f1os ocasionados a la agricultura y ganader\u00eda por la sobrepoblaci\u00f3n de especies de fauna silvestre en infraestructuras p\u00fablicas estatales de transporte, dominio p\u00fablico hidr\u00e1ulico y \u00e1reas protegidas de titularidad estatal o gestionadas por el Estado.<\/li>\n<\/ul>\n","protected":false},"excerpt":{"rendered":"<p>Se ha publicado en el Bolet\u00edn Oficial del Estado la normativa que ser\u00e1 la base de la nueva PAC y que se ha denominado sistema de gesti\u00f3n. Dicha normativa consta de m\u00e1s de cincuenta p\u00e1ginas de las que m\u00e1s de veinte est\u00e1n dedicadas a las penalizaciones y sanciones. Adem\u00e1s, se incluyen diversas disposiciones adicionales de [&hellip;]<\/p>\n","protected":false},"author":9,"featured_media":11988,"comment_status":"open","ping_status":"open","sticky":false,"template":"","format":"standard","meta":{"footnotes":""},"categories":[9,29,28],"tags":[],"yoast_head":"<!-- This site is optimized with the Yoast SEO plugin v24.5 - https:\/\/yoast.com\/wordpress\/plugins\/seo\/ -->\n<title>Publicado el sistema de gesti\u00f3n de la nueva PAC, acompa\u00f1ado de otras actuaciones - ASAJA Palencia<\/title>\n<meta name=\"description\" content=\"Se ha publicado en el Bolet\u00edn Oficial del Estado la normativa que ser\u00e1 la base de la nueva PAC y que se ha denominado sistema de gesti\u00f3n. Dicha normativa\" \/>\n<meta name=\"robots\" content=\"index, follow, max-snippet:-1, max-image-preview:large, max-video-preview:-1\" \/>\n<link rel=\"canonical\" href=\"https:\/\/www.asajacyl.com\/palencia\/asaja-palencia-informa\/publicado-el-sistema-de-gestion-de-la-nueva-pac-acompanado-de-otras-actuaciones\" \/>\n<meta property=\"og:locale\" content=\"es_ES\" \/>\n<meta property=\"og:type\" content=\"article\" \/>\n<meta property=\"og:title\" content=\"Publicado el sistema de gesti\u00f3n de la nueva PAC, acompa\u00f1ado de otras actuaciones - ASAJA Palencia\" \/>\n<meta property=\"og:description\" content=\"Se ha publicado en el Bolet\u00edn Oficial del Estado la normativa que ser\u00e1 la base de la nueva PAC y que se ha denominado sistema de gesti\u00f3n. Dicha normativa\" \/>\n<meta property=\"og:url\" content=\"https:\/\/www.asajacyl.com\/palencia\/asaja-palencia-informa\/publicado-el-sistema-de-gestion-de-la-nueva-pac-acompanado-de-otras-actuaciones\" \/>\n<meta property=\"og:site_name\" content=\"ASAJA Palencia\" \/>\n<meta property=\"article:published_time\" content=\"2022-12-29T10:02:55+00:00\" \/>\n<meta property=\"og:image\" content=\"https:\/\/www.asajacyl.com\/palencia\/wp-content\/uploads\/sites\/3\/2022\/12\/TRIGO-SIEMBRA-DIRECTA.jpg\" \/>\n\t<meta property=\"og:image:width\" content=\"1024\" \/>\n\t<meta property=\"og:image:height\" content=\"768\" \/>\n\t<meta property=\"og:image:type\" content=\"image\/jpeg\" \/>\n<meta name=\"author\" content=\"Administrador\" \/>\n<meta name=\"twitter:card\" content=\"summary_large_image\" \/>\n<meta name=\"twitter:label1\" content=\"Escrito por\" \/>\n\t<meta name=\"twitter:data1\" content=\"Administrador\" \/>\n\t<meta name=\"twitter:label2\" content=\"Tiempo de lectura\" \/>\n\t<meta name=\"twitter:data2\" content=\"3 minutos\" \/>\n<script type=\"application\/ld+json\" class=\"yoast-schema-graph\">{\"@context\":\"https:\/\/schema.org\",\"@graph\":[{\"@type\":\"WebPage\",\"@id\":\"https:\/\/www.asajacyl.com\/palencia\/asaja-palencia-informa\/publicado-el-sistema-de-gestion-de-la-nueva-pac-acompanado-de-otras-actuaciones\",\"url\":\"https:\/\/www.asajacyl.com\/palencia\/asaja-palencia-informa\/publicado-el-sistema-de-gestion-de-la-nueva-pac-acompanado-de-otras-actuaciones\",\"name\":\"Publicado el sistema de gesti\u00f3n de la nueva PAC, acompa\u00f1ado de otras actuaciones - ASAJA Palencia\",\"isPartOf\":{\"@id\":\"https:\/\/www.asajacyl.com\/palencia\/#website\"},\"primaryImageOfPage\":{\"@id\":\"https:\/\/www.asajacyl.com\/palencia\/asaja-palencia-informa\/publicado-el-sistema-de-gestion-de-la-nueva-pac-acompanado-de-otras-actuaciones#primaryimage\"},\"image\":{\"@id\":\"https:\/\/www.asajacyl.com\/palencia\/asaja-palencia-informa\/publicado-el-sistema-de-gestion-de-la-nueva-pac-acompanado-de-otras-actuaciones#primaryimage\"},\"thumbnailUrl\":\"https:\/\/www.asajacyl.com\/palencia\/wp-content\/uploads\/sites\/3\/2022\/12\/TRIGO-SIEMBRA-DIRECTA.jpg\",\"datePublished\":\"2022-12-29T10:02:55+00:00\",\"author\":{\"@id\":\"https:\/\/www.asajacyl.com\/palencia\/#\/schema\/person\/3ab17aeb03527485c317557fae64aab1\"},\"description\":\"Se ha publicado en el Bolet\u00edn Oficial del Estado la normativa que ser\u00e1 la base de la nueva PAC y que se ha denominado sistema de gesti\u00f3n. Dicha normativa\",\"breadcrumb\":{\"@id\":\"https:\/\/www.asajacyl.com\/palencia\/asaja-palencia-informa\/publicado-el-sistema-de-gestion-de-la-nueva-pac-acompanado-de-otras-actuaciones#breadcrumb\"},\"inLanguage\":\"es\",\"potentialAction\":[{\"@type\":\"ReadAction\",\"target\":[\"https:\/\/www.asajacyl.com\/palencia\/asaja-palencia-informa\/publicado-el-sistema-de-gestion-de-la-nueva-pac-acompanado-de-otras-actuaciones\"]}]},{\"@type\":\"ImageObject\",\"inLanguage\":\"es\",\"@id\":\"https:\/\/www.asajacyl.com\/palencia\/asaja-palencia-informa\/publicado-el-sistema-de-gestion-de-la-nueva-pac-acompanado-de-otras-actuaciones#primaryimage\",\"url\":\"https:\/\/www.asajacyl.com\/palencia\/wp-content\/uploads\/sites\/3\/2022\/12\/TRIGO-SIEMBRA-DIRECTA.jpg\",\"contentUrl\":\"https:\/\/www.asajacyl.com\/palencia\/wp-content\/uploads\/sites\/3\/2022\/12\/TRIGO-SIEMBRA-DIRECTA.jpg\",\"width\":1024,\"height\":768},{\"@type\":\"BreadcrumbList\",\"@id\":\"https:\/\/www.asajacyl.com\/palencia\/asaja-palencia-informa\/publicado-el-sistema-de-gestion-de-la-nueva-pac-acompanado-de-otras-actuaciones#breadcrumb\",\"itemListElement\":[{\"@type\":\"ListItem\",\"position\":1,\"name\":\"Portada\",\"item\":\"https:\/\/www.asajacyl.com\/palencia\/\"},{\"@type\":\"ListItem\",\"position\":2,\"name\":\"Publicado el sistema de gesti\u00f3n de la nueva PAC, acompa\u00f1ado de otras actuaciones\"}]},{\"@type\":\"WebSite\",\"@id\":\"https:\/\/www.asajacyl.com\/palencia\/#website\",\"url\":\"https:\/\/www.asajacyl.com\/palencia\/\",\"name\":\"ASAJA Palencia\",\"description\":\"Otro sitio m\u00e1s de Provincias ASAJA Castilla y Le\u00f3n\",\"potentialAction\":[{\"@type\":\"SearchAction\",\"target\":{\"@type\":\"EntryPoint\",\"urlTemplate\":\"https:\/\/www.asajacyl.com\/palencia\/?s={search_term_string}\"},\"query-input\":{\"@type\":\"PropertyValueSpecification\",\"valueRequired\":true,\"valueName\":\"search_term_string\"}}],\"inLanguage\":\"es\"},{\"@type\":\"Person\",\"@id\":\"https:\/\/www.asajacyl.com\/palencia\/#\/schema\/person\/3ab17aeb03527485c317557fae64aab1\",\"name\":\"Administrador\",\"image\":{\"@type\":\"ImageObject\",\"inLanguage\":\"es\",\"@id\":\"https:\/\/www.asajacyl.com\/palencia\/#\/schema\/person\/image\/\",\"url\":\"https:\/\/secure.gravatar.com\/avatar\/517384810d242ca9e38c180f3c9fb973?s=96&d=mm&r=g\",\"contentUrl\":\"https:\/\/secure.gravatar.com\/avatar\/517384810d242ca9e38c180f3c9fb973?s=96&d=mm&r=g\",\"caption\":\"Administrador\"},\"url\":\"https:\/\/www.asajacyl.com\/palencia\/author\/carlosrm\"}]}<\/script>\n<!-- \/ Yoast SEO plugin. -->","yoast_head_json":{"title":"Publicado el sistema de gesti\u00f3n de la nueva PAC, acompa\u00f1ado de otras actuaciones - ASAJA Palencia","description":"Se ha publicado en el Bolet\u00edn Oficial del Estado la normativa que ser\u00e1 la base de la nueva PAC y que se ha denominado sistema de gesti\u00f3n. Dicha normativa","robots":{"index":"index","follow":"follow","max-snippet":"max-snippet:-1","max-image-preview":"max-image-preview:large","max-video-preview":"max-video-preview:-1"},"canonical":"https:\/\/www.asajacyl.com\/palencia\/asaja-palencia-informa\/publicado-el-sistema-de-gestion-de-la-nueva-pac-acompanado-de-otras-actuaciones","og_locale":"es_ES","og_type":"article","og_title":"Publicado el sistema de gesti\u00f3n de la nueva PAC, acompa\u00f1ado de otras actuaciones - ASAJA Palencia","og_description":"Se ha publicado en el Bolet\u00edn Oficial del Estado la normativa que ser\u00e1 la base de la nueva PAC y que se ha denominado sistema de gesti\u00f3n. Dicha normativa","og_url":"https:\/\/www.asajacyl.com\/palencia\/asaja-palencia-informa\/publicado-el-sistema-de-gestion-de-la-nueva-pac-acompanado-de-otras-actuaciones","og_site_name":"ASAJA Palencia","article_published_time":"2022-12-29T10:02:55+00:00","og_image":[{"width":1024,"height":768,"url":"https:\/\/www.asajacyl.com\/palencia\/wp-content\/uploads\/sites\/3\/2022\/12\/TRIGO-SIEMBRA-DIRECTA.jpg","type":"image\/jpeg"}],"author":"Administrador","twitter_card":"summary_large_image","twitter_misc":{"Escrito por":"Administrador","Tiempo de lectura":"3 minutos"},"schema":{"@context":"https:\/\/schema.org","@graph":[{"@type":"WebPage","@id":"https:\/\/www.asajacyl.com\/palencia\/asaja-palencia-informa\/publicado-el-sistema-de-gestion-de-la-nueva-pac-acompanado-de-otras-actuaciones","url":"https:\/\/www.asajacyl.com\/palencia\/asaja-palencia-informa\/publicado-el-sistema-de-gestion-de-la-nueva-pac-acompanado-de-otras-actuaciones","name":"Publicado el sistema de gesti\u00f3n de la nueva PAC, acompa\u00f1ado de otras actuaciones - ASAJA Palencia","isPartOf":{"@id":"https:\/\/www.asajacyl.com\/palencia\/#website"},"primaryImageOfPage":{"@id":"https:\/\/www.asajacyl.com\/palencia\/asaja-palencia-informa\/publicado-el-sistema-de-gestion-de-la-nueva-pac-acompanado-de-otras-actuaciones#primaryimage"},"image":{"@id":"https:\/\/www.asajacyl.com\/palencia\/asaja-palencia-informa\/publicado-el-sistema-de-gestion-de-la-nueva-pac-acompanado-de-otras-actuaciones#primaryimage"},"thumbnailUrl":"https:\/\/www.asajacyl.com\/palencia\/wp-content\/uploads\/sites\/3\/2022\/12\/TRIGO-SIEMBRA-DIRECTA.jpg","datePublished":"2022-12-29T10:02:55+00:00","author":{"@id":"https:\/\/www.asajacyl.com\/palencia\/#\/schema\/person\/3ab17aeb03527485c317557fae64aab1"},"description":"Se ha publicado en el Bolet\u00edn Oficial del Estado la normativa que ser\u00e1 la base de la nueva PAC y que se ha denominado sistema de gesti\u00f3n. Dicha normativa","breadcrumb":{"@id":"https:\/\/www.asajacyl.com\/palencia\/asaja-palencia-informa\/publicado-el-sistema-de-gestion-de-la-nueva-pac-acompanado-de-otras-actuaciones#breadcrumb"},"inLanguage":"es","potentialAction":[{"@type":"ReadAction","target":["https:\/\/www.asajacyl.com\/palencia\/asaja-palencia-informa\/publicado-el-sistema-de-gestion-de-la-nueva-pac-acompanado-de-otras-actuaciones"]}]},{"@type":"ImageObject","inLanguage":"es","@id":"https:\/\/www.asajacyl.com\/palencia\/asaja-palencia-informa\/publicado-el-sistema-de-gestion-de-la-nueva-pac-acompanado-de-otras-actuaciones#primaryimage","url":"https:\/\/www.asajacyl.com\/palencia\/wp-content\/uploads\/sites\/3\/2022\/12\/TRIGO-SIEMBRA-DIRECTA.jpg","contentUrl":"https:\/\/www.asajacyl.com\/palencia\/wp-content\/uploads\/sites\/3\/2022\/12\/TRIGO-SIEMBRA-DIRECTA.jpg","width":1024,"height":768},{"@type":"BreadcrumbList","@id":"https:\/\/www.asajacyl.com\/palencia\/asaja-palencia-informa\/publicado-el-sistema-de-gestion-de-la-nueva-pac-acompanado-de-otras-actuaciones#breadcrumb","itemListElement":[{"@type":"ListItem","position":1,"name":"Portada","item":"https:\/\/www.asajacyl.com\/palencia\/"},{"@type":"ListItem","position":2,"name":"Publicado el sistema de gesti\u00f3n de la nueva PAC, acompa\u00f1ado de otras actuaciones"}]},{"@type":"WebSite","@id":"https:\/\/www.asajacyl.com\/palencia\/#website","url":"https:\/\/www.asajacyl.com\/palencia\/","name":"ASAJA Palencia","description":"Otro sitio m\u00e1s de Provincias ASAJA Castilla y Le\u00f3n","potentialAction":[{"@type":"SearchAction","target":{"@type":"EntryPoint","urlTemplate":"https:\/\/www.asajacyl.com\/palencia\/?s={search_term_string}"},"query-input":{"@type":"PropertyValueSpecification","valueRequired":true,"valueName":"search_term_string"}}],"inLanguage":"es"},{"@type":"Person","@id":"https:\/\/www.asajacyl.com\/palencia\/#\/schema\/person\/3ab17aeb03527485c317557fae64aab1","name":"Administrador","image":{"@type":"ImageObject","inLanguage":"es","@id":"https:\/\/www.asajacyl.com\/palencia\/#\/schema\/person\/image\/","url":"https:\/\/secure.gravatar.com\/avatar\/517384810d242ca9e38c180f3c9fb973?s=96&d=mm&r=g","contentUrl":"https:\/\/secure.gravatar.com\/avatar\/517384810d242ca9e38c180f3c9fb973?s=96&d=mm&r=g","caption":"Administrador"},"url":"https:\/\/www.asajacyl.com\/palencia\/author\/carlosrm"}]}},"_links":{"self":[{"href":"https:\/\/www.asajacyl.com\/palencia\/wp-json\/wp\/v2\/posts\/11986"}],"collection":[{"href":"https:\/\/www.asajacyl.com\/palencia\/wp-json\/wp\/v2\/posts"}],"about":[{"href":"https:\/\/www.asajacyl.com\/palencia\/wp-json\/wp\/v2\/types\/post"}],"author":[{"embeddable":true,"href":"https:\/\/www.asajacyl.com\/palencia\/wp-json\/wp\/v2\/users\/9"}],"replies":[{"embeddable":true,"href":"https:\/\/www.asajacyl.com\/palencia\/wp-json\/wp\/v2\/comments?post=11986"}],"version-history":[{"count":2,"href":"https:\/\/www.asajacyl.com\/palencia\/wp-json\/wp\/v2\/posts\/11986\/revisions"}],"predecessor-version":[{"id":12001,"href":"https:\/\/www.asajacyl.com\/palencia\/wp-json\/wp\/v2\/posts\/11986\/revisions\/12001"}],"wp:featuredmedia":[{"embeddable":true,"href":"https:\/\/www.asajacyl.com\/palencia\/wp-json\/wp\/v2\/media\/11988"}],"wp:attachment":[{"href":"https:\/\/www.asajacyl.com\/palencia\/wp-json\/wp\/v2\/media?parent=11986"}],"wp:term":[{"taxonomy":"category","embeddable":true,"href":"https:\/\/www.asajacyl.com\/palencia\/wp-json\/wp\/v2\/categories?post=11986"},{"taxonomy":"post_tag","embeddable":true,"href":"https:\/\/www.asajacyl.com\/palencia\/wp-json\/wp\/v2\/tags?post=11986"}],"curies":[{"name":"wp","href":"https:\/\/api.w.org\/{rel}","templated":true}]}}