{"id":11990,"date":"2022-12-28T12:21:04","date_gmt":"2022-12-28T11:21:04","guid":{"rendered":"https:\/\/www.asajacyl.com\/palencia\/?p=11990"},"modified":"2022-12-28T12:21:08","modified_gmt":"2022-12-28T11:21:08","slug":"aprobado-el-real-decreto-de-ordenacion-de-granjas-bovinas","status":"publish","type":"post","link":"https:\/\/www.asajacyl.com\/palencia\/asaja-palencia-informa\/aprobado-el-real-decreto-de-ordenacion-de-granjas-bovinas","title":{"rendered":"Aprobado el Real Decreto de ordenaci\u00f3n de granjas bovinas"},"content":{"rendered":"\n<p>El Consejo de Ministros ha aprobado el Real Decreto que regula la ordenaci\u00f3n de las granjas bovinas existentes en Espa\u00f1a y de aquellas que se quieran instalar en un futuro. Este tipo de normativa ya est\u00e1 presente en el sector porcino y el av\u00edcola y ahora llega al sector bovino que, uniendo la aptitud c\u00e1rnica y la l\u00e1ctea representa m\u00e1s del 30% de la producci\u00f3n final ganadera.<\/p>\n\n\n\n<p>Esta normativa, seg\u00fan indica el Gobierno, busca desarrollar ordenadamente la actividad del sector en los pr\u00f3ximos a\u00f1os, principalmente en materia de bienestar animal, bioseguridad y medio ambiente.<\/p>\n\n\n\n<p>Dentro del texto legal se incluyen diferentes categor\u00edas en funci\u00f3n del tama\u00f1o de la explotaci\u00f3n, el objetivo es \u00abque el grueso de las granjas ya existentes de car\u00e1cter familiar no vea comprometida su competitividad en t\u00e9rminos de costes adicionales\u00bb. Adem\u00e1s se crea una diferenciaci\u00f3n entre las granjas existentes y las de nueva instalaci\u00f3n, de forma que las existentes tengan un per\u00edodo transitorio para cumplir los requisitos exigidos por la normativa. Tambi\u00e9n hay diferencias entre las diferentes aptitudes del ganado.<\/p>\n\n\n\n<p>Para las granjas de nueva creaci\u00f3n se estableces una capacidad m\u00e1xima de 850 unidades de ganado mayor.<\/p>\n\n\n\n<p><em>De esta normativa daremos cuenta m\u00e1s detallada cuando se produzca la publicaci\u00f3n del Real Decreto en el Bolet\u00edn Oficial del Estado y conozcamos los detalles.<\/em><\/p>\n","protected":false},"excerpt":{"rendered":"<p>El Consejo de Ministros ha aprobado el Real Decreto que regula la ordenaci\u00f3n de las granjas bovinas existentes en Espa\u00f1a y de aquellas que se quieran instalar en un futuro. Este tipo de normativa ya est\u00e1 presente en el sector porcino y el av\u00edcola y ahora llega al sector bovino que, uniendo la aptitud c\u00e1rnica [&hellip;]<\/p>\n","protected":false},"author":9,"featured_media":11440,"comment_status":"open","ping_status":"open","sticky":false,"template":"","format":"standard","meta":{"footnotes":""},"categories":[9,29,28],"tags":[],"yoast_head":"<!-- This site is optimized with the Yoast SEO plugin v24.5 - https:\/\/yoast.com\/wordpress\/plugins\/seo\/ -->\n<title>Aprobado el Real Decreto de ordenaci\u00f3n de granjas bovinas - ASAJA Palencia<\/title>\n<meta name=\"description\" content=\"El Consejo de Ministros ha aprobado el Real Decreto que regula la ordenaci\u00f3n de las granjas bovinas existentes en Espa\u00f1a y de aquellas que se quieran\" \/>\n<meta name=\"robots\" content=\"index, follow, max-snippet:-1, max-image-preview:large, max-video-preview:-1\" \/>\n<link rel=\"canonical\" href=\"https:\/\/www.asajacyl.com\/palencia\/asaja-palencia-informa\/aprobado-el-real-decreto-de-ordenacion-de-granjas-bovinas\" \/>\n<meta property=\"og:locale\" content=\"es_ES\" \/>\n<meta property=\"og:type\" content=\"article\" \/>\n<meta property=\"og:title\" content=\"Aprobado el Real Decreto de ordenaci\u00f3n de granjas bovinas - ASAJA Palencia\" \/>\n<meta property=\"og:description\" content=\"El Consejo de Ministros ha aprobado el Real Decreto que regula la ordenaci\u00f3n de las granjas bovinas existentes en Espa\u00f1a y de aquellas que se quieran\" \/>\n<meta property=\"og:url\" content=\"https:\/\/www.asajacyl.com\/palencia\/asaja-palencia-informa\/aprobado-el-real-decreto-de-ordenacion-de-granjas-bovinas\" \/>\n<meta property=\"og:site_name\" content=\"ASAJA Palencia\" \/>\n<meta property=\"article:published_time\" content=\"2022-12-28T11:21:04+00:00\" \/>\n<meta property=\"article:modified_time\" content=\"2022-12-28T11:21:08+00:00\" \/>\n<meta property=\"og:image\" content=\"https:\/\/www.asajacyl.com\/palencia\/wp-content\/uploads\/sites\/3\/2022\/09\/VACUNO-LECHE-3.jpg\" \/>\n\t<meta property=\"og:image:width\" content=\"2500\" \/>\n\t<meta property=\"og:image:height\" content=\"1875\" \/>\n\t<meta property=\"og:image:type\" content=\"image\/jpeg\" \/>\n<meta name=\"author\" content=\"Administrador\" \/>\n<meta name=\"twitter:card\" content=\"summary_large_image\" \/>\n<meta name=\"twitter:label1\" content=\"Escrito por\" \/>\n\t<meta name=\"twitter:data1\" content=\"Administrador\" \/>\n\t<meta name=\"twitter:label2\" content=\"Tiempo de lectura\" \/>\n\t<meta name=\"twitter:data2\" content=\"1 minuto\" \/>\n<script type=\"application\/ld+json\" class=\"yoast-schema-graph\">{\"@context\":\"https:\/\/schema.org\",\"@graph\":[{\"@type\":\"WebPage\",\"@id\":\"https:\/\/www.asajacyl.com\/palencia\/asaja-palencia-informa\/aprobado-el-real-decreto-de-ordenacion-de-granjas-bovinas\",\"url\":\"https:\/\/www.asajacyl.com\/palencia\/asaja-palencia-informa\/aprobado-el-real-decreto-de-ordenacion-de-granjas-bovinas\",\"name\":\"Aprobado el Real Decreto de ordenaci\u00f3n de granjas bovinas - ASAJA Palencia\",\"isPartOf\":{\"@id\":\"https:\/\/www.asajacyl.com\/palencia\/#website\"},\"primaryImageOfPage\":{\"@id\":\"https:\/\/www.asajacyl.com\/palencia\/asaja-palencia-informa\/aprobado-el-real-decreto-de-ordenacion-de-granjas-bovinas#primaryimage\"},\"image\":{\"@id\":\"https:\/\/www.asajacyl.com\/palencia\/asaja-palencia-informa\/aprobado-el-real-decreto-de-ordenacion-de-granjas-bovinas#primaryimage\"},\"thumbnailUrl\":\"https:\/\/www.asajacyl.com\/palencia\/wp-content\/uploads\/sites\/3\/2022\/09\/VACUNO-LECHE-3.jpg\",\"datePublished\":\"2022-12-28T11:21:04+00:00\",\"dateModified\":\"2022-12-28T11:21:08+00:00\",\"author\":{\"@id\":\"https:\/\/www.asajacyl.com\/palencia\/#\/schema\/person\/3ab17aeb03527485c317557fae64aab1\"},\"description\":\"El Consejo de Ministros ha aprobado el Real Decreto que regula la ordenaci\u00f3n de las granjas bovinas existentes en Espa\u00f1a y de aquellas que se quieran\",\"breadcrumb\":{\"@id\":\"https:\/\/www.asajacyl.com\/palencia\/asaja-palencia-informa\/aprobado-el-real-decreto-de-ordenacion-de-granjas-bovinas#breadcrumb\"},\"inLanguage\":\"es\",\"potentialAction\":[{\"@type\":\"ReadAction\",\"target\":[\"https:\/\/www.asajacyl.com\/palencia\/asaja-palencia-informa\/aprobado-el-real-decreto-de-ordenacion-de-granjas-bovinas\"]}]},{\"@type\":\"ImageObject\",\"inLanguage\":\"es\",\"@id\":\"https:\/\/www.asajacyl.com\/palencia\/asaja-palencia-informa\/aprobado-el-real-decreto-de-ordenacion-de-granjas-bovinas#primaryimage\",\"url\":\"https:\/\/www.asajacyl.com\/palencia\/wp-content\/uploads\/sites\/3\/2022\/09\/VACUNO-LECHE-3.jpg\",\"contentUrl\":\"https:\/\/www.asajacyl.com\/palencia\/wp-content\/uploads\/sites\/3\/2022\/09\/VACUNO-LECHE-3.jpg\",\"width\":2500,\"height\":1875},{\"@type\":\"BreadcrumbList\",\"@id\":\"https:\/\/www.asajacyl.com\/palencia\/asaja-palencia-informa\/aprobado-el-real-decreto-de-ordenacion-de-granjas-bovinas#breadcrumb\",\"itemListElement\":[{\"@type\":\"ListItem\",\"position\":1,\"name\":\"Portada\",\"item\":\"https:\/\/www.asajacyl.com\/palencia\/\"},{\"@type\":\"ListItem\",\"position\":2,\"name\":\"Aprobado el Real Decreto de ordenaci\u00f3n de granjas bovinas\"}]},{\"@type\":\"WebSite\",\"@id\":\"https:\/\/www.asajacyl.com\/palencia\/#website\",\"url\":\"https:\/\/www.asajacyl.com\/palencia\/\",\"name\":\"ASAJA Palencia\",\"description\":\"Otro sitio m\u00e1s de Provincias ASAJA Castilla y Le\u00f3n\",\"potentialAction\":[{\"@type\":\"SearchAction\",\"target\":{\"@type\":\"EntryPoint\",\"urlTemplate\":\"https:\/\/www.asajacyl.com\/palencia\/?s={search_term_string}\"},\"query-input\":{\"@type\":\"PropertyValueSpecification\",\"valueRequired\":true,\"valueName\":\"search_term_string\"}}],\"inLanguage\":\"es\"},{\"@type\":\"Person\",\"@id\":\"https:\/\/www.asajacyl.com\/palencia\/#\/schema\/person\/3ab17aeb03527485c317557fae64aab1\",\"name\":\"Administrador\",\"image\":{\"@type\":\"ImageObject\",\"inLanguage\":\"es\",\"@id\":\"https:\/\/www.asajacyl.com\/palencia\/#\/schema\/person\/image\/\",\"url\":\"https:\/\/secure.gravatar.com\/avatar\/517384810d242ca9e38c180f3c9fb973?s=96&d=mm&r=g\",\"contentUrl\":\"https:\/\/secure.gravatar.com\/avatar\/517384810d242ca9e38c180f3c9fb973?s=96&d=mm&r=g\",\"caption\":\"Administrador\"},\"url\":\"https:\/\/www.asajacyl.com\/palencia\/author\/carlosrm\"}]}<\/script>\n<!-- \/ Yoast SEO plugin. -->","yoast_head_json":{"title":"Aprobado el Real Decreto de ordenaci\u00f3n de granjas bovinas - ASAJA Palencia","description":"El Consejo de Ministros ha aprobado el Real Decreto que regula la ordenaci\u00f3n de las granjas bovinas existentes en Espa\u00f1a y de aquellas que se quieran","robots":{"index":"index","follow":"follow","max-snippet":"max-snippet:-1","max-image-preview":"max-image-preview:large","max-video-preview":"max-video-preview:-1"},"canonical":"https:\/\/www.asajacyl.com\/palencia\/asaja-palencia-informa\/aprobado-el-real-decreto-de-ordenacion-de-granjas-bovinas","og_locale":"es_ES","og_type":"article","og_title":"Aprobado el Real Decreto de ordenaci\u00f3n de granjas bovinas - ASAJA Palencia","og_description":"El Consejo de Ministros ha aprobado el Real Decreto que regula la ordenaci\u00f3n de las granjas bovinas existentes en Espa\u00f1a y de aquellas que se quieran","og_url":"https:\/\/www.asajacyl.com\/palencia\/asaja-palencia-informa\/aprobado-el-real-decreto-de-ordenacion-de-granjas-bovinas","og_site_name":"ASAJA Palencia","article_published_time":"2022-12-28T11:21:04+00:00","article_modified_time":"2022-12-28T11:21:08+00:00","og_image":[{"width":2500,"height":1875,"url":"https:\/\/www.asajacyl.com\/palencia\/wp-content\/uploads\/sites\/3\/2022\/09\/VACUNO-LECHE-3.jpg","type":"image\/jpeg"}],"author":"Administrador","twitter_card":"summary_large_image","twitter_misc":{"Escrito por":"Administrador","Tiempo de lectura":"1 minuto"},"schema":{"@context":"https:\/\/schema.org","@graph":[{"@type":"WebPage","@id":"https:\/\/www.asajacyl.com\/palencia\/asaja-palencia-informa\/aprobado-el-real-decreto-de-ordenacion-de-granjas-bovinas","url":"https:\/\/www.asajacyl.com\/palencia\/asaja-palencia-informa\/aprobado-el-real-decreto-de-ordenacion-de-granjas-bovinas","name":"Aprobado el Real Decreto de ordenaci\u00f3n de granjas bovinas - ASAJA Palencia","isPartOf":{"@id":"https:\/\/www.asajacyl.com\/palencia\/#website"},"primaryImageOfPage":{"@id":"https:\/\/www.asajacyl.com\/palencia\/asaja-palencia-informa\/aprobado-el-real-decreto-de-ordenacion-de-granjas-bovinas#primaryimage"},"image":{"@id":"https:\/\/www.asajacyl.com\/palencia\/asaja-palencia-informa\/aprobado-el-real-decreto-de-ordenacion-de-granjas-bovinas#primaryimage"},"thumbnailUrl":"https:\/\/www.asajacyl.com\/palencia\/wp-content\/uploads\/sites\/3\/2022\/09\/VACUNO-LECHE-3.jpg","datePublished":"2022-12-28T11:21:04+00:00","dateModified":"2022-12-28T11:21:08+00:00","author":{"@id":"https:\/\/www.asajacyl.com\/palencia\/#\/schema\/person\/3ab17aeb03527485c317557fae64aab1"},"description":"El Consejo de Ministros ha aprobado el Real Decreto que regula la ordenaci\u00f3n de las granjas bovinas existentes en Espa\u00f1a y de aquellas que se quieran","breadcrumb":{"@id":"https:\/\/www.asajacyl.com\/palencia\/asaja-palencia-informa\/aprobado-el-real-decreto-de-ordenacion-de-granjas-bovinas#breadcrumb"},"inLanguage":"es","potentialAction":[{"@type":"ReadAction","target":["https:\/\/www.asajacyl.com\/palencia\/asaja-palencia-informa\/aprobado-el-real-decreto-de-ordenacion-de-granjas-bovinas"]}]},{"@type":"ImageObject","inLanguage":"es","@id":"https:\/\/www.asajacyl.com\/palencia\/asaja-palencia-informa\/aprobado-el-real-decreto-de-ordenacion-de-granjas-bovinas#primaryimage","url":"https:\/\/www.asajacyl.com\/palencia\/wp-content\/uploads\/sites\/3\/2022\/09\/VACUNO-LECHE-3.jpg","contentUrl":"https:\/\/www.asajacyl.com\/palencia\/wp-content\/uploads\/sites\/3\/2022\/09\/VACUNO-LECHE-3.jpg","width":2500,"height":1875},{"@type":"BreadcrumbList","@id":"https:\/\/www.asajacyl.com\/palencia\/asaja-palencia-informa\/aprobado-el-real-decreto-de-ordenacion-de-granjas-bovinas#breadcrumb","itemListElement":[{"@type":"ListItem","position":1,"name":"Portada","item":"https:\/\/www.asajacyl.com\/palencia\/"},{"@type":"ListItem","position":2,"name":"Aprobado el Real Decreto de ordenaci\u00f3n de granjas bovinas"}]},{"@type":"WebSite","@id":"https:\/\/www.asajacyl.com\/palencia\/#website","url":"https:\/\/www.asajacyl.com\/palencia\/","name":"ASAJA Palencia","description":"Otro sitio m\u00e1s de Provincias ASAJA Castilla y Le\u00f3n","potentialAction":[{"@type":"SearchAction","target":{"@type":"EntryPoint","urlTemplate":"https:\/\/www.asajacyl.com\/palencia\/?s={search_term_string}"},"query-input":{"@type":"PropertyValueSpecification","valueRequired":true,"valueName":"search_term_string"}}],"inLanguage":"es"},{"@type":"Person","@id":"https:\/\/www.asajacyl.com\/palencia\/#\/schema\/person\/3ab17aeb03527485c317557fae64aab1","name":"Administrador","image":{"@type":"ImageObject","inLanguage":"es","@id":"https:\/\/www.asajacyl.com\/palencia\/#\/schema\/person\/image\/","url":"https:\/\/secure.gravatar.com\/avatar\/517384810d242ca9e38c180f3c9fb973?s=96&d=mm&r=g","contentUrl":"https:\/\/secure.gravatar.com\/avatar\/517384810d242ca9e38c180f3c9fb973?s=96&d=mm&r=g","caption":"Administrador"},"url":"https:\/\/www.asajacyl.com\/palencia\/author\/carlosrm"}]}},"_links":{"self":[{"href":"https:\/\/www.asajacyl.com\/palencia\/wp-json\/wp\/v2\/posts\/11990"}],"collection":[{"href":"https:\/\/www.asajacyl.com\/palencia\/wp-json\/wp\/v2\/posts"}],"about":[{"href":"https:\/\/www.asajacyl.com\/palencia\/wp-json\/wp\/v2\/types\/post"}],"author":[{"embeddable":true,"href":"https:\/\/www.asajacyl.com\/palencia\/wp-json\/wp\/v2\/users\/9"}],"replies":[{"embeddable":true,"href":"https:\/\/www.asajacyl.com\/palencia\/wp-json\/wp\/v2\/comments?post=11990"}],"version-history":[{"count":1,"href":"https:\/\/www.asajacyl.com\/palencia\/wp-json\/wp\/v2\/posts\/11990\/revisions"}],"predecessor-version":[{"id":11991,"href":"https:\/\/www.asajacyl.com\/palencia\/wp-json\/wp\/v2\/posts\/11990\/revisions\/11991"}],"wp:featuredmedia":[{"embeddable":true,"href":"https:\/\/www.asajacyl.com\/palencia\/wp-json\/wp\/v2\/media\/11440"}],"wp:attachment":[{"href":"https:\/\/www.asajacyl.com\/palencia\/wp-json\/wp\/v2\/media?parent=11990"}],"wp:term":[{"taxonomy":"category","embeddable":true,"href":"https:\/\/www.asajacyl.com\/palencia\/wp-json\/wp\/v2\/categories?post=11990"},{"taxonomy":"post_tag","embeddable":true,"href":"https:\/\/www.asajacyl.com\/palencia\/wp-json\/wp\/v2\/tags?post=11990"}],"curies":[{"name":"wp","href":"https:\/\/api.w.org\/{rel}","templated":true}]}}