{"id":11992,"date":"2023-01-02T13:09:40","date_gmt":"2023-01-02T12:09:40","guid":{"rendered":"https:\/\/www.asajacyl.com\/palencia\/?p=11992"},"modified":"2022-12-29T17:08:30","modified_gmt":"2022-12-29T16:08:30","slug":"el-campo-votara-el-12-de-febrero","status":"publish","type":"post","link":"https:\/\/www.asajacyl.com\/palencia\/asaja-palencia-informa\/el-campo-votara-el-12-de-febrero","title":{"rendered":"El campo votar\u00e1 el 12 de febrero"},"content":{"rendered":"\n<p>La Junta de Castilla y Le\u00f3n ha convocado el procedimiento de evaluaci\u00f3n de la representatividad de las organizaciones agrarias en Castilla y Le\u00f3n y la jornada de votaci\u00f3n tendr\u00e1 lugar el d\u00eda 12 de febrero.<\/p>\n\n\n\n<p>Seg\u00fan la normativa podr\u00e1n votar las personas f\u00edsicas que, como consecuencia de su actividad agraria, est\u00e9n inscritas en el registro de explotaciones agrarias de Castilla y Le\u00f3n (REACYL) y afiliadas a la Seguridad Social como trabajadores agrarios por cuenta propia. Tambi\u00e9n podr\u00e1n votar las personas jur\u00eddicas que en sus estatutos tengan por objeto exclusivo la actividad agraria y que efectivamente la ejerzan y est\u00e9n inscritos en los registros de cooperativas, de sociedades agrarias de transformaci\u00f3n o en el REACYL.<\/p>\n\n\n\n<p>Para votar se podr\u00e1 acudir a la mesa electoral asignada el d\u00eda 12 de febrero de 10:00 a 17:00 horas. Tambi\u00e9n cabe la posibilidad de votar de forma anticipada en el Servicio Territorial de Agricultura y Ganader\u00eda (Avda. Casado del Alisal, 27) desde el d\u00eda 23 de enero al 6 de febrero, ambos incluidos, en horario de 9:00 a 14:00 horas.<\/p>\n\n\n\n<p>Estas elecciones sirven para decidir las organizaciones agrarias que ser\u00e1n interlocutoras con la Administraci\u00f3n y en qu\u00e9 medida lo ser\u00e1n. En las anteriores elecciones, celebradas en 2018, la provincia de Palencia cont\u00f3 con una participaci\u00f3n del 83,82%, la m\u00e1s alta de la regi\u00f3n, donde la media fue del 66,17%. ASAJA-Palencia obtuvo un gran resultado con 1.921 votos de los 3.100 emitidos a alguna organizaci\u00f3n agraria (61,97%). En Castilla y Le\u00f3n ASAJA obtuvo 10.957 votos de los 25.516 emitidos a las organizaciones agrarias  (42,9%).<\/p>\n\n\n\n<p>En estas nuevas elecciones ASAJA-Palencia buscar\u00e1 obtener el apoyo de todos sus socios y simpatizantes y mejorar las cifras de las pasadas elecciones. Para ello, nuestra asociaci\u00f3n ha realizado una labor constante de reivindicaci\u00f3n y oferta de servicios de la mayor calidad. <\/p>\n","protected":false},"excerpt":{"rendered":"<p>La Junta de Castilla y Le\u00f3n ha convocado el procedimiento de evaluaci\u00f3n de la representatividad de las organizaciones agrarias en Castilla y Le\u00f3n y la jornada de votaci\u00f3n tendr\u00e1 lugar el d\u00eda 12 de febrero. Seg\u00fan la normativa podr\u00e1n votar las personas f\u00edsicas que, como consecuencia de su actividad agraria, est\u00e9n inscritas en el registro [&hellip;]<\/p>\n","protected":false},"author":9,"featured_media":11775,"comment_status":"open","ping_status":"open","sticky":false,"template":"","format":"standard","meta":{"footnotes":""},"categories":[9,28],"tags":[],"yoast_head":"<!-- This site is optimized with the Yoast SEO plugin v24.5 - https:\/\/yoast.com\/wordpress\/plugins\/seo\/ -->\n<title>El campo votar\u00e1 el 12 de febrero - ASAJA Palencia<\/title>\n<meta name=\"description\" content=\"La Junta de Castilla y Le\u00f3n ha convocado el procedimiento de evaluaci\u00f3n de la representatividad de las organizaciones agrarias en Castilla y Le\u00f3n y la\" \/>\n<meta name=\"robots\" content=\"index, follow, max-snippet:-1, max-image-preview:large, max-video-preview:-1\" \/>\n<link rel=\"canonical\" href=\"https:\/\/www.asajacyl.com\/palencia\/asaja-palencia-informa\/el-campo-votara-el-12-de-febrero\" \/>\n<meta property=\"og:locale\" content=\"es_ES\" \/>\n<meta property=\"og:type\" content=\"article\" \/>\n<meta property=\"og:title\" content=\"El campo votar\u00e1 el 12 de febrero - ASAJA Palencia\" \/>\n<meta property=\"og:description\" content=\"La Junta de Castilla y Le\u00f3n ha convocado el procedimiento de evaluaci\u00f3n de la representatividad de las organizaciones agrarias en Castilla y Le\u00f3n y la\" \/>\n<meta property=\"og:url\" content=\"https:\/\/www.asajacyl.com\/palencia\/asaja-palencia-informa\/el-campo-votara-el-12-de-febrero\" \/>\n<meta property=\"og:site_name\" content=\"ASAJA Palencia\" \/>\n<meta property=\"article:published_time\" content=\"2023-01-02T12:09:40+00:00\" \/>\n<meta property=\"og:image\" content=\"https:\/\/www.asajacyl.com\/palencia\/wp-content\/uploads\/sites\/3\/2022\/11\/TRIGO-SIEMBRA-DIRECTA-2.jpg\" \/>\n\t<meta property=\"og:image:width\" content=\"2500\" \/>\n\t<meta property=\"og:image:height\" content=\"1875\" \/>\n\t<meta property=\"og:image:type\" content=\"image\/jpeg\" \/>\n<meta name=\"author\" content=\"Administrador\" \/>\n<meta name=\"twitter:card\" content=\"summary_large_image\" \/>\n<meta name=\"twitter:label1\" content=\"Escrito por\" \/>\n\t<meta name=\"twitter:data1\" content=\"Administrador\" \/>\n\t<meta name=\"twitter:label2\" content=\"Tiempo de lectura\" \/>\n\t<meta name=\"twitter:data2\" content=\"2 minutos\" \/>\n<script type=\"application\/ld+json\" class=\"yoast-schema-graph\">{\"@context\":\"https:\/\/schema.org\",\"@graph\":[{\"@type\":\"WebPage\",\"@id\":\"https:\/\/www.asajacyl.com\/palencia\/asaja-palencia-informa\/el-campo-votara-el-12-de-febrero\",\"url\":\"https:\/\/www.asajacyl.com\/palencia\/asaja-palencia-informa\/el-campo-votara-el-12-de-febrero\",\"name\":\"El campo votar\u00e1 el 12 de febrero - ASAJA Palencia\",\"isPartOf\":{\"@id\":\"https:\/\/www.asajacyl.com\/palencia\/#website\"},\"primaryImageOfPage\":{\"@id\":\"https:\/\/www.asajacyl.com\/palencia\/asaja-palencia-informa\/el-campo-votara-el-12-de-febrero#primaryimage\"},\"image\":{\"@id\":\"https:\/\/www.asajacyl.com\/palencia\/asaja-palencia-informa\/el-campo-votara-el-12-de-febrero#primaryimage\"},\"thumbnailUrl\":\"https:\/\/www.asajacyl.com\/palencia\/wp-content\/uploads\/sites\/3\/2022\/11\/TRIGO-SIEMBRA-DIRECTA-2.jpg\",\"datePublished\":\"2023-01-02T12:09:40+00:00\",\"author\":{\"@id\":\"https:\/\/www.asajacyl.com\/palencia\/#\/schema\/person\/3ab17aeb03527485c317557fae64aab1\"},\"description\":\"La Junta de Castilla y Le\u00f3n ha convocado el procedimiento de evaluaci\u00f3n de la representatividad de las organizaciones agrarias en Castilla y Le\u00f3n y la\",\"breadcrumb\":{\"@id\":\"https:\/\/www.asajacyl.com\/palencia\/asaja-palencia-informa\/el-campo-votara-el-12-de-febrero#breadcrumb\"},\"inLanguage\":\"es\",\"potentialAction\":[{\"@type\":\"ReadAction\",\"target\":[\"https:\/\/www.asajacyl.com\/palencia\/asaja-palencia-informa\/el-campo-votara-el-12-de-febrero\"]}]},{\"@type\":\"ImageObject\",\"inLanguage\":\"es\",\"@id\":\"https:\/\/www.asajacyl.com\/palencia\/asaja-palencia-informa\/el-campo-votara-el-12-de-febrero#primaryimage\",\"url\":\"https:\/\/www.asajacyl.com\/palencia\/wp-content\/uploads\/sites\/3\/2022\/11\/TRIGO-SIEMBRA-DIRECTA-2.jpg\",\"contentUrl\":\"https:\/\/www.asajacyl.com\/palencia\/wp-content\/uploads\/sites\/3\/2022\/11\/TRIGO-SIEMBRA-DIRECTA-2.jpg\",\"width\":2500,\"height\":1875},{\"@type\":\"BreadcrumbList\",\"@id\":\"https:\/\/www.asajacyl.com\/palencia\/asaja-palencia-informa\/el-campo-votara-el-12-de-febrero#breadcrumb\",\"itemListElement\":[{\"@type\":\"ListItem\",\"position\":1,\"name\":\"Portada\",\"item\":\"https:\/\/www.asajacyl.com\/palencia\/\"},{\"@type\":\"ListItem\",\"position\":2,\"name\":\"El campo votar\u00e1 el 12 de febrero\"}]},{\"@type\":\"WebSite\",\"@id\":\"https:\/\/www.asajacyl.com\/palencia\/#website\",\"url\":\"https:\/\/www.asajacyl.com\/palencia\/\",\"name\":\"ASAJA Palencia\",\"description\":\"Otro sitio m\u00e1s de Provincias ASAJA Castilla y Le\u00f3n\",\"potentialAction\":[{\"@type\":\"SearchAction\",\"target\":{\"@type\":\"EntryPoint\",\"urlTemplate\":\"https:\/\/www.asajacyl.com\/palencia\/?s={search_term_string}\"},\"query-input\":{\"@type\":\"PropertyValueSpecification\",\"valueRequired\":true,\"valueName\":\"search_term_string\"}}],\"inLanguage\":\"es\"},{\"@type\":\"Person\",\"@id\":\"https:\/\/www.asajacyl.com\/palencia\/#\/schema\/person\/3ab17aeb03527485c317557fae64aab1\",\"name\":\"Administrador\",\"image\":{\"@type\":\"ImageObject\",\"inLanguage\":\"es\",\"@id\":\"https:\/\/www.asajacyl.com\/palencia\/#\/schema\/person\/image\/\",\"url\":\"https:\/\/secure.gravatar.com\/avatar\/517384810d242ca9e38c180f3c9fb973?s=96&d=mm&r=g\",\"contentUrl\":\"https:\/\/secure.gravatar.com\/avatar\/517384810d242ca9e38c180f3c9fb973?s=96&d=mm&r=g\",\"caption\":\"Administrador\"},\"url\":\"https:\/\/www.asajacyl.com\/palencia\/author\/carlosrm\"}]}<\/script>\n<!-- \/ Yoast SEO plugin. -->","yoast_head_json":{"title":"El campo votar\u00e1 el 12 de febrero - ASAJA Palencia","description":"La Junta de Castilla y Le\u00f3n ha convocado el procedimiento de evaluaci\u00f3n de la representatividad de las organizaciones agrarias en Castilla y Le\u00f3n y la","robots":{"index":"index","follow":"follow","max-snippet":"max-snippet:-1","max-image-preview":"max-image-preview:large","max-video-preview":"max-video-preview:-1"},"canonical":"https:\/\/www.asajacyl.com\/palencia\/asaja-palencia-informa\/el-campo-votara-el-12-de-febrero","og_locale":"es_ES","og_type":"article","og_title":"El campo votar\u00e1 el 12 de febrero - ASAJA Palencia","og_description":"La Junta de Castilla y Le\u00f3n ha convocado el procedimiento de evaluaci\u00f3n de la representatividad de las organizaciones agrarias en Castilla y Le\u00f3n y la","og_url":"https:\/\/www.asajacyl.com\/palencia\/asaja-palencia-informa\/el-campo-votara-el-12-de-febrero","og_site_name":"ASAJA Palencia","article_published_time":"2023-01-02T12:09:40+00:00","og_image":[{"width":2500,"height":1875,"url":"https:\/\/www.asajacyl.com\/palencia\/wp-content\/uploads\/sites\/3\/2022\/11\/TRIGO-SIEMBRA-DIRECTA-2.jpg","type":"image\/jpeg"}],"author":"Administrador","twitter_card":"summary_large_image","twitter_misc":{"Escrito por":"Administrador","Tiempo de lectura":"2 minutos"},"schema":{"@context":"https:\/\/schema.org","@graph":[{"@type":"WebPage","@id":"https:\/\/www.asajacyl.com\/palencia\/asaja-palencia-informa\/el-campo-votara-el-12-de-febrero","url":"https:\/\/www.asajacyl.com\/palencia\/asaja-palencia-informa\/el-campo-votara-el-12-de-febrero","name":"El campo votar\u00e1 el 12 de febrero - ASAJA Palencia","isPartOf":{"@id":"https:\/\/www.asajacyl.com\/palencia\/#website"},"primaryImageOfPage":{"@id":"https:\/\/www.asajacyl.com\/palencia\/asaja-palencia-informa\/el-campo-votara-el-12-de-febrero#primaryimage"},"image":{"@id":"https:\/\/www.asajacyl.com\/palencia\/asaja-palencia-informa\/el-campo-votara-el-12-de-febrero#primaryimage"},"thumbnailUrl":"https:\/\/www.asajacyl.com\/palencia\/wp-content\/uploads\/sites\/3\/2022\/11\/TRIGO-SIEMBRA-DIRECTA-2.jpg","datePublished":"2023-01-02T12:09:40+00:00","author":{"@id":"https:\/\/www.asajacyl.com\/palencia\/#\/schema\/person\/3ab17aeb03527485c317557fae64aab1"},"description":"La Junta de Castilla y Le\u00f3n ha convocado el procedimiento de evaluaci\u00f3n de la representatividad de las organizaciones agrarias en Castilla y Le\u00f3n y la","breadcrumb":{"@id":"https:\/\/www.asajacyl.com\/palencia\/asaja-palencia-informa\/el-campo-votara-el-12-de-febrero#breadcrumb"},"inLanguage":"es","potentialAction":[{"@type":"ReadAction","target":["https:\/\/www.asajacyl.com\/palencia\/asaja-palencia-informa\/el-campo-votara-el-12-de-febrero"]}]},{"@type":"ImageObject","inLanguage":"es","@id":"https:\/\/www.asajacyl.com\/palencia\/asaja-palencia-informa\/el-campo-votara-el-12-de-febrero#primaryimage","url":"https:\/\/www.asajacyl.com\/palencia\/wp-content\/uploads\/sites\/3\/2022\/11\/TRIGO-SIEMBRA-DIRECTA-2.jpg","contentUrl":"https:\/\/www.asajacyl.com\/palencia\/wp-content\/uploads\/sites\/3\/2022\/11\/TRIGO-SIEMBRA-DIRECTA-2.jpg","width":2500,"height":1875},{"@type":"BreadcrumbList","@id":"https:\/\/www.asajacyl.com\/palencia\/asaja-palencia-informa\/el-campo-votara-el-12-de-febrero#breadcrumb","itemListElement":[{"@type":"ListItem","position":1,"name":"Portada","item":"https:\/\/www.asajacyl.com\/palencia\/"},{"@type":"ListItem","position":2,"name":"El campo votar\u00e1 el 12 de febrero"}]},{"@type":"WebSite","@id":"https:\/\/www.asajacyl.com\/palencia\/#website","url":"https:\/\/www.asajacyl.com\/palencia\/","name":"ASAJA Palencia","description":"Otro sitio m\u00e1s de Provincias ASAJA Castilla y Le\u00f3n","potentialAction":[{"@type":"SearchAction","target":{"@type":"EntryPoint","urlTemplate":"https:\/\/www.asajacyl.com\/palencia\/?s={search_term_string}"},"query-input":{"@type":"PropertyValueSpecification","valueRequired":true,"valueName":"search_term_string"}}],"inLanguage":"es"},{"@type":"Person","@id":"https:\/\/www.asajacyl.com\/palencia\/#\/schema\/person\/3ab17aeb03527485c317557fae64aab1","name":"Administrador","image":{"@type":"ImageObject","inLanguage":"es","@id":"https:\/\/www.asajacyl.com\/palencia\/#\/schema\/person\/image\/","url":"https:\/\/secure.gravatar.com\/avatar\/517384810d242ca9e38c180f3c9fb973?s=96&d=mm&r=g","contentUrl":"https:\/\/secure.gravatar.com\/avatar\/517384810d242ca9e38c180f3c9fb973?s=96&d=mm&r=g","caption":"Administrador"},"url":"https:\/\/www.asajacyl.com\/palencia\/author\/carlosrm"}]}},"_links":{"self":[{"href":"https:\/\/www.asajacyl.com\/palencia\/wp-json\/wp\/v2\/posts\/11992"}],"collection":[{"href":"https:\/\/www.asajacyl.com\/palencia\/wp-json\/wp\/v2\/posts"}],"about":[{"href":"https:\/\/www.asajacyl.com\/palencia\/wp-json\/wp\/v2\/types\/post"}],"author":[{"embeddable":true,"href":"https:\/\/www.asajacyl.com\/palencia\/wp-json\/wp\/v2\/users\/9"}],"replies":[{"embeddable":true,"href":"https:\/\/www.asajacyl.com\/palencia\/wp-json\/wp\/v2\/comments?post=11992"}],"version-history":[{"count":3,"href":"https:\/\/www.asajacyl.com\/palencia\/wp-json\/wp\/v2\/posts\/11992\/revisions"}],"predecessor-version":[{"id":12034,"href":"https:\/\/www.asajacyl.com\/palencia\/wp-json\/wp\/v2\/posts\/11992\/revisions\/12034"}],"wp:featuredmedia":[{"embeddable":true,"href":"https:\/\/www.asajacyl.com\/palencia\/wp-json\/wp\/v2\/media\/11775"}],"wp:attachment":[{"href":"https:\/\/www.asajacyl.com\/palencia\/wp-json\/wp\/v2\/media?parent=11992"}],"wp:term":[{"taxonomy":"category","embeddable":true,"href":"https:\/\/www.asajacyl.com\/palencia\/wp-json\/wp\/v2\/categories?post=11992"},{"taxonomy":"post_tag","embeddable":true,"href":"https:\/\/www.asajacyl.com\/palencia\/wp-json\/wp\/v2\/tags?post=11992"}],"curies":[{"name":"wp","href":"https:\/\/api.w.org\/{rel}","templated":true}]}}