{"id":12002,"date":"2022-12-28T13:52:44","date_gmt":"2022-12-28T12:52:44","guid":{"rendered":"https:\/\/www.asajacyl.com\/palencia\/?p=12002"},"modified":"2022-12-28T13:53:01","modified_gmt":"2022-12-28T12:53:01","slug":"publicadas-las-lineas-de-declaracion-de-2022-en-el-sigpac","status":"publish","type":"post","link":"https:\/\/www.asajacyl.com\/palencia\/asaja-palencia-informa\/publicadas-las-lineas-de-declaracion-de-2022-en-el-sigpac","title":{"rendered":"Publicadas las l\u00edneas de declaraci\u00f3n de 2022 en el SIGPAC"},"content":{"rendered":"\n<p>Las l\u00edneas de declaraci\u00f3n contienen informaci\u00f3n de las parcelas agr\u00edcolas declaradas en la Solicitud \u00danica por agricultores y ganaderos cada a\u00f1o. Las autonom\u00edas aportan los datos que tienen al Ministerio y \u00e9ste genera una capa del SIGPAC donde una de las cosas m\u00e1s aprovechables por los solicitantes es que se indica el cultivo de las parcelas.<\/p>\n\n\n\n<p>Recientemente se han publicado los datos provisionales de 2022 (concretamente los que ten\u00eda la Administraci\u00f3n en el mes de julio) y son consultables en el SIGPAC Nacional junto con los datos definitivos de 2021.<\/p>\n\n\n\n<p>Para utilizarlo se debe acceder a la web del <a href=\"https:\/\/sigpac.mapa.es\/fega\/visor\/\">SIGPAC<\/a>, seleccionar la capa \u00abL\u00ednea de Declaraci\u00f3n\u00bb y, seleccionando en el men\u00fa \u00abConsultas\u00bb la opci\u00f3n \u00abL\u00ednea de Declaraci\u00f3n\u00bb, buscar la parcela deseada y pinchar sobre ella. En el ejemplo inferior se puede ver que en la campa\u00f1a 2022 la parcela en cuesti\u00f3n ha sido declarada de trigo blando. <\/p>\n\n\n<div class=\"wp-block-image\">\n<figure class=\"aligncenter size-full\"><img loading=\"lazy\" decoding=\"async\" width=\"775\" height=\"332\" src=\"https:\/\/www.asajacyl.com\/palencia\/wp-content\/uploads\/sites\/3\/2022\/12\/SIGPAC.jpg\" alt=\"\" class=\"wp-image-12003\" srcset=\"https:\/\/www.asajacyl.com\/palencia\/wp-content\/uploads\/sites\/3\/2022\/12\/SIGPAC.jpg 775w, https:\/\/www.asajacyl.com\/palencia\/wp-content\/uploads\/sites\/3\/2022\/12\/SIGPAC-300x129.jpg 300w, https:\/\/www.asajacyl.com\/palencia\/wp-content\/uploads\/sites\/3\/2022\/12\/SIGPAC-768x329.jpg 768w, https:\/\/www.asajacyl.com\/palencia\/wp-content\/uploads\/sites\/3\/2022\/12\/SIGPAC-696x298.jpg 696w\" sizes=\"(max-width: 775px) 100vw, 775px\" \/><\/figure><\/div>","protected":false},"excerpt":{"rendered":"<p>Las l\u00edneas de declaraci\u00f3n contienen informaci\u00f3n de las parcelas agr\u00edcolas declaradas en la Solicitud \u00danica por agricultores y ganaderos cada a\u00f1o. Las autonom\u00edas aportan los datos que tienen al Ministerio y \u00e9ste genera una capa del SIGPAC donde una de las cosas m\u00e1s aprovechables por los solicitantes es que se indica el cultivo de las [&hellip;]<\/p>\n","protected":false},"author":9,"featured_media":12003,"comment_status":"open","ping_status":"open","sticky":false,"template":"","format":"standard","meta":{"footnotes":""},"categories":[9,29,28],"tags":[],"yoast_head":"<!-- This site is optimized with the Yoast SEO plugin v24.5 - https:\/\/yoast.com\/wordpress\/plugins\/seo\/ -->\n<title>Publicadas las l\u00edneas de declaraci\u00f3n de 2022 en el SIGPAC - ASAJA Palencia<\/title>\n<meta name=\"description\" content=\"Las l\u00edneas de declaraci\u00f3n contienen informaci\u00f3n de las parcelas agr\u00edcolas declaradas en la Solicitud \u00danica por agricultores y ganaderos cada a\u00f1o. Las\" \/>\n<meta name=\"robots\" content=\"index, follow, max-snippet:-1, max-image-preview:large, max-video-preview:-1\" \/>\n<link rel=\"canonical\" href=\"https:\/\/www.asajacyl.com\/palencia\/asaja-palencia-informa\/publicadas-las-lineas-de-declaracion-de-2022-en-el-sigpac\" \/>\n<meta property=\"og:locale\" content=\"es_ES\" \/>\n<meta property=\"og:type\" content=\"article\" \/>\n<meta property=\"og:title\" content=\"Publicadas las l\u00edneas de declaraci\u00f3n de 2022 en el SIGPAC - ASAJA Palencia\" \/>\n<meta property=\"og:description\" content=\"Las l\u00edneas de declaraci\u00f3n contienen informaci\u00f3n de las parcelas agr\u00edcolas declaradas en la Solicitud \u00danica por agricultores y ganaderos cada a\u00f1o. Las\" \/>\n<meta property=\"og:url\" content=\"https:\/\/www.asajacyl.com\/palencia\/asaja-palencia-informa\/publicadas-las-lineas-de-declaracion-de-2022-en-el-sigpac\" \/>\n<meta property=\"og:site_name\" content=\"ASAJA Palencia\" \/>\n<meta property=\"article:published_time\" content=\"2022-12-28T12:52:44+00:00\" \/>\n<meta property=\"article:modified_time\" content=\"2022-12-28T12:53:01+00:00\" \/>\n<meta property=\"og:image\" content=\"https:\/\/www.asajacyl.com\/palencia\/wp-content\/uploads\/sites\/3\/2022\/12\/SIGPAC.jpg\" \/>\n\t<meta property=\"og:image:width\" content=\"775\" \/>\n\t<meta property=\"og:image:height\" content=\"332\" \/>\n\t<meta property=\"og:image:type\" content=\"image\/jpeg\" \/>\n<meta name=\"author\" content=\"Administrador\" \/>\n<meta name=\"twitter:card\" content=\"summary_large_image\" \/>\n<meta name=\"twitter:label1\" content=\"Escrito por\" \/>\n\t<meta name=\"twitter:data1\" content=\"Administrador\" \/>\n\t<meta name=\"twitter:label2\" content=\"Tiempo de lectura\" \/>\n\t<meta name=\"twitter:data2\" content=\"1 minuto\" \/>\n<script type=\"application\/ld+json\" class=\"yoast-schema-graph\">{\"@context\":\"https:\/\/schema.org\",\"@graph\":[{\"@type\":\"WebPage\",\"@id\":\"https:\/\/www.asajacyl.com\/palencia\/asaja-palencia-informa\/publicadas-las-lineas-de-declaracion-de-2022-en-el-sigpac\",\"url\":\"https:\/\/www.asajacyl.com\/palencia\/asaja-palencia-informa\/publicadas-las-lineas-de-declaracion-de-2022-en-el-sigpac\",\"name\":\"Publicadas las l\u00edneas de declaraci\u00f3n de 2022 en el SIGPAC - ASAJA Palencia\",\"isPartOf\":{\"@id\":\"https:\/\/www.asajacyl.com\/palencia\/#website\"},\"primaryImageOfPage\":{\"@id\":\"https:\/\/www.asajacyl.com\/palencia\/asaja-palencia-informa\/publicadas-las-lineas-de-declaracion-de-2022-en-el-sigpac#primaryimage\"},\"image\":{\"@id\":\"https:\/\/www.asajacyl.com\/palencia\/asaja-palencia-informa\/publicadas-las-lineas-de-declaracion-de-2022-en-el-sigpac#primaryimage\"},\"thumbnailUrl\":\"https:\/\/www.asajacyl.com\/palencia\/wp-content\/uploads\/sites\/3\/2022\/12\/SIGPAC.jpg\",\"datePublished\":\"2022-12-28T12:52:44+00:00\",\"dateModified\":\"2022-12-28T12:53:01+00:00\",\"author\":{\"@id\":\"https:\/\/www.asajacyl.com\/palencia\/#\/schema\/person\/3ab17aeb03527485c317557fae64aab1\"},\"description\":\"Las l\u00edneas de declaraci\u00f3n contienen informaci\u00f3n de las parcelas agr\u00edcolas declaradas en la Solicitud \u00danica por agricultores y ganaderos cada a\u00f1o. Las\",\"breadcrumb\":{\"@id\":\"https:\/\/www.asajacyl.com\/palencia\/asaja-palencia-informa\/publicadas-las-lineas-de-declaracion-de-2022-en-el-sigpac#breadcrumb\"},\"inLanguage\":\"es\",\"potentialAction\":[{\"@type\":\"ReadAction\",\"target\":[\"https:\/\/www.asajacyl.com\/palencia\/asaja-palencia-informa\/publicadas-las-lineas-de-declaracion-de-2022-en-el-sigpac\"]}]},{\"@type\":\"ImageObject\",\"inLanguage\":\"es\",\"@id\":\"https:\/\/www.asajacyl.com\/palencia\/asaja-palencia-informa\/publicadas-las-lineas-de-declaracion-de-2022-en-el-sigpac#primaryimage\",\"url\":\"https:\/\/www.asajacyl.com\/palencia\/wp-content\/uploads\/sites\/3\/2022\/12\/SIGPAC.jpg\",\"contentUrl\":\"https:\/\/www.asajacyl.com\/palencia\/wp-content\/uploads\/sites\/3\/2022\/12\/SIGPAC.jpg\",\"width\":775,\"height\":332},{\"@type\":\"BreadcrumbList\",\"@id\":\"https:\/\/www.asajacyl.com\/palencia\/asaja-palencia-informa\/publicadas-las-lineas-de-declaracion-de-2022-en-el-sigpac#breadcrumb\",\"itemListElement\":[{\"@type\":\"ListItem\",\"position\":1,\"name\":\"Portada\",\"item\":\"https:\/\/www.asajacyl.com\/palencia\/\"},{\"@type\":\"ListItem\",\"position\":2,\"name\":\"Publicadas las l\u00edneas de declaraci\u00f3n de 2022 en el SIGPAC\"}]},{\"@type\":\"WebSite\",\"@id\":\"https:\/\/www.asajacyl.com\/palencia\/#website\",\"url\":\"https:\/\/www.asajacyl.com\/palencia\/\",\"name\":\"ASAJA Palencia\",\"description\":\"Otro sitio m\u00e1s de Provincias ASAJA Castilla y Le\u00f3n\",\"potentialAction\":[{\"@type\":\"SearchAction\",\"target\":{\"@type\":\"EntryPoint\",\"urlTemplate\":\"https:\/\/www.asajacyl.com\/palencia\/?s={search_term_string}\"},\"query-input\":{\"@type\":\"PropertyValueSpecification\",\"valueRequired\":true,\"valueName\":\"search_term_string\"}}],\"inLanguage\":\"es\"},{\"@type\":\"Person\",\"@id\":\"https:\/\/www.asajacyl.com\/palencia\/#\/schema\/person\/3ab17aeb03527485c317557fae64aab1\",\"name\":\"Administrador\",\"image\":{\"@type\":\"ImageObject\",\"inLanguage\":\"es\",\"@id\":\"https:\/\/www.asajacyl.com\/palencia\/#\/schema\/person\/image\/\",\"url\":\"https:\/\/secure.gravatar.com\/avatar\/517384810d242ca9e38c180f3c9fb973?s=96&d=mm&r=g\",\"contentUrl\":\"https:\/\/secure.gravatar.com\/avatar\/517384810d242ca9e38c180f3c9fb973?s=96&d=mm&r=g\",\"caption\":\"Administrador\"},\"url\":\"https:\/\/www.asajacyl.com\/palencia\/author\/carlosrm\"}]}<\/script>\n<!-- \/ Yoast SEO plugin. -->","yoast_head_json":{"title":"Publicadas las l\u00edneas de declaraci\u00f3n de 2022 en el SIGPAC - ASAJA Palencia","description":"Las l\u00edneas de declaraci\u00f3n contienen informaci\u00f3n de las parcelas agr\u00edcolas declaradas en la Solicitud \u00danica por agricultores y ganaderos cada a\u00f1o. Las","robots":{"index":"index","follow":"follow","max-snippet":"max-snippet:-1","max-image-preview":"max-image-preview:large","max-video-preview":"max-video-preview:-1"},"canonical":"https:\/\/www.asajacyl.com\/palencia\/asaja-palencia-informa\/publicadas-las-lineas-de-declaracion-de-2022-en-el-sigpac","og_locale":"es_ES","og_type":"article","og_title":"Publicadas las l\u00edneas de declaraci\u00f3n de 2022 en el SIGPAC - ASAJA Palencia","og_description":"Las l\u00edneas de declaraci\u00f3n contienen informaci\u00f3n de las parcelas agr\u00edcolas declaradas en la Solicitud \u00danica por agricultores y ganaderos cada a\u00f1o. Las","og_url":"https:\/\/www.asajacyl.com\/palencia\/asaja-palencia-informa\/publicadas-las-lineas-de-declaracion-de-2022-en-el-sigpac","og_site_name":"ASAJA Palencia","article_published_time":"2022-12-28T12:52:44+00:00","article_modified_time":"2022-12-28T12:53:01+00:00","og_image":[{"width":775,"height":332,"url":"https:\/\/www.asajacyl.com\/palencia\/wp-content\/uploads\/sites\/3\/2022\/12\/SIGPAC.jpg","type":"image\/jpeg"}],"author":"Administrador","twitter_card":"summary_large_image","twitter_misc":{"Escrito por":"Administrador","Tiempo de lectura":"1 minuto"},"schema":{"@context":"https:\/\/schema.org","@graph":[{"@type":"WebPage","@id":"https:\/\/www.asajacyl.com\/palencia\/asaja-palencia-informa\/publicadas-las-lineas-de-declaracion-de-2022-en-el-sigpac","url":"https:\/\/www.asajacyl.com\/palencia\/asaja-palencia-informa\/publicadas-las-lineas-de-declaracion-de-2022-en-el-sigpac","name":"Publicadas las l\u00edneas de declaraci\u00f3n de 2022 en el SIGPAC - ASAJA Palencia","isPartOf":{"@id":"https:\/\/www.asajacyl.com\/palencia\/#website"},"primaryImageOfPage":{"@id":"https:\/\/www.asajacyl.com\/palencia\/asaja-palencia-informa\/publicadas-las-lineas-de-declaracion-de-2022-en-el-sigpac#primaryimage"},"image":{"@id":"https:\/\/www.asajacyl.com\/palencia\/asaja-palencia-informa\/publicadas-las-lineas-de-declaracion-de-2022-en-el-sigpac#primaryimage"},"thumbnailUrl":"https:\/\/www.asajacyl.com\/palencia\/wp-content\/uploads\/sites\/3\/2022\/12\/SIGPAC.jpg","datePublished":"2022-12-28T12:52:44+00:00","dateModified":"2022-12-28T12:53:01+00:00","author":{"@id":"https:\/\/www.asajacyl.com\/palencia\/#\/schema\/person\/3ab17aeb03527485c317557fae64aab1"},"description":"Las l\u00edneas de declaraci\u00f3n contienen informaci\u00f3n de las parcelas agr\u00edcolas declaradas en la Solicitud \u00danica por agricultores y ganaderos cada a\u00f1o. Las","breadcrumb":{"@id":"https:\/\/www.asajacyl.com\/palencia\/asaja-palencia-informa\/publicadas-las-lineas-de-declaracion-de-2022-en-el-sigpac#breadcrumb"},"inLanguage":"es","potentialAction":[{"@type":"ReadAction","target":["https:\/\/www.asajacyl.com\/palencia\/asaja-palencia-informa\/publicadas-las-lineas-de-declaracion-de-2022-en-el-sigpac"]}]},{"@type":"ImageObject","inLanguage":"es","@id":"https:\/\/www.asajacyl.com\/palencia\/asaja-palencia-informa\/publicadas-las-lineas-de-declaracion-de-2022-en-el-sigpac#primaryimage","url":"https:\/\/www.asajacyl.com\/palencia\/wp-content\/uploads\/sites\/3\/2022\/12\/SIGPAC.jpg","contentUrl":"https:\/\/www.asajacyl.com\/palencia\/wp-content\/uploads\/sites\/3\/2022\/12\/SIGPAC.jpg","width":775,"height":332},{"@type":"BreadcrumbList","@id":"https:\/\/www.asajacyl.com\/palencia\/asaja-palencia-informa\/publicadas-las-lineas-de-declaracion-de-2022-en-el-sigpac#breadcrumb","itemListElement":[{"@type":"ListItem","position":1,"name":"Portada","item":"https:\/\/www.asajacyl.com\/palencia\/"},{"@type":"ListItem","position":2,"name":"Publicadas las l\u00edneas de declaraci\u00f3n de 2022 en el SIGPAC"}]},{"@type":"WebSite","@id":"https:\/\/www.asajacyl.com\/palencia\/#website","url":"https:\/\/www.asajacyl.com\/palencia\/","name":"ASAJA Palencia","description":"Otro sitio m\u00e1s de Provincias ASAJA Castilla y Le\u00f3n","potentialAction":[{"@type":"SearchAction","target":{"@type":"EntryPoint","urlTemplate":"https:\/\/www.asajacyl.com\/palencia\/?s={search_term_string}"},"query-input":{"@type":"PropertyValueSpecification","valueRequired":true,"valueName":"search_term_string"}}],"inLanguage":"es"},{"@type":"Person","@id":"https:\/\/www.asajacyl.com\/palencia\/#\/schema\/person\/3ab17aeb03527485c317557fae64aab1","name":"Administrador","image":{"@type":"ImageObject","inLanguage":"es","@id":"https:\/\/www.asajacyl.com\/palencia\/#\/schema\/person\/image\/","url":"https:\/\/secure.gravatar.com\/avatar\/517384810d242ca9e38c180f3c9fb973?s=96&d=mm&r=g","contentUrl":"https:\/\/secure.gravatar.com\/avatar\/517384810d242ca9e38c180f3c9fb973?s=96&d=mm&r=g","caption":"Administrador"},"url":"https:\/\/www.asajacyl.com\/palencia\/author\/carlosrm"}]}},"_links":{"self":[{"href":"https:\/\/www.asajacyl.com\/palencia\/wp-json\/wp\/v2\/posts\/12002"}],"collection":[{"href":"https:\/\/www.asajacyl.com\/palencia\/wp-json\/wp\/v2\/posts"}],"about":[{"href":"https:\/\/www.asajacyl.com\/palencia\/wp-json\/wp\/v2\/types\/post"}],"author":[{"embeddable":true,"href":"https:\/\/www.asajacyl.com\/palencia\/wp-json\/wp\/v2\/users\/9"}],"replies":[{"embeddable":true,"href":"https:\/\/www.asajacyl.com\/palencia\/wp-json\/wp\/v2\/comments?post=12002"}],"version-history":[{"count":1,"href":"https:\/\/www.asajacyl.com\/palencia\/wp-json\/wp\/v2\/posts\/12002\/revisions"}],"predecessor-version":[{"id":12004,"href":"https:\/\/www.asajacyl.com\/palencia\/wp-json\/wp\/v2\/posts\/12002\/revisions\/12004"}],"wp:featuredmedia":[{"embeddable":true,"href":"https:\/\/www.asajacyl.com\/palencia\/wp-json\/wp\/v2\/media\/12003"}],"wp:attachment":[{"href":"https:\/\/www.asajacyl.com\/palencia\/wp-json\/wp\/v2\/media?parent=12002"}],"wp:term":[{"taxonomy":"category","embeddable":true,"href":"https:\/\/www.asajacyl.com\/palencia\/wp-json\/wp\/v2\/categories?post=12002"},{"taxonomy":"post_tag","embeddable":true,"href":"https:\/\/www.asajacyl.com\/palencia\/wp-json\/wp\/v2\/tags?post=12002"}],"curies":[{"name":"wp","href":"https:\/\/api.w.org\/{rel}","templated":true}]}}