{"id":12012,"date":"2022-12-29T08:47:54","date_gmt":"2022-12-29T07:47:54","guid":{"rendered":"https:\/\/www.asajacyl.com\/palencia\/?p=12012"},"modified":"2022-12-31T10:36:59","modified_gmt":"2022-12-31T09:36:59","slug":"publicado-el-grueso-del-marco-regulatorio-de-la-nueva-pac","status":"publish","type":"post","link":"https:\/\/www.asajacyl.com\/palencia\/asaja-palencia-informa\/publicado-el-grueso-del-marco-regulatorio-de-la-nueva-pac","title":{"rendered":"Publicado el grueso del marco regulatorio de la nueva PAC"},"content":{"rendered":"\n<p>Hoy aparecen publicados en el Bolet\u00edn Oficial del Estado ocho Reales Decretos que son la base normativa de la nueva PAC y se unen a la Ley que regula el sistema de gesti\u00f3n de la PAC y las intervenciones espec\u00edficas en frutas y hortalizas, vino y apicultura. A esta normativa faltar\u00eda a\u00f1adir tres Reales Decretos m\u00e1s, el de potencial vitivin\u00edcola y el de bienestar animal.<\/p>\n\n\n\n<p>La normativa publicada hoy trata de los siguientes temas:<\/p>\n\n\n\n<ul>\n<li>Derechos de ayuda b\u00e1sica a la renta para la sostenibilidad de la Pol\u00edtica Agr\u00edcola Com\u00fan<\/li>\n\n\n\n<li>Regulaci\u00f3n de la gobernanza<\/li>\n\n\n\n<li>Sistema de gesti\u00f3n y control de las intervenciones<\/li>\n\n\n\n<li>Pagos directos y establecimiento de requisitos comunes<\/li>\n\n\n\n<li>Condicionalidad reforzada y social<\/li>\n\n\n\n<li>Uso sostenible de productos fitosanitarios<\/li>\n\n\n\n<li>Nutrici\u00f3n sostenible en los suelos agrarios<\/li>\n\n\n\n<li>Sistema de informaci\u00f3n de explotaciones agr\u00edcolas y ganaderas y de la producci\u00f3n agraria (SIEX)<\/li>\n<\/ul>\n\n\n\n<p>Esta normativa da el pistoletazo de salida a la nueva PAC, una PAC absolutamente negativa para el sector donde adem\u00e1s se vende la manida \u00abreducci\u00f3n de la carga administrativa\u00bb de forma vergonzante ya que para ser agricultor o ganadero hoy es m\u00e1s importante cursar un m\u00f3dulo de administrativo que uno sobre producci\u00f3n agraria o ganadera.<\/p>\n\n\n\n<p>Los servicios t\u00e9cnicos de ASAJA-Palencia ya est\u00e1n estudiando a fondo los textos para dar la mejor informaci\u00f3n a los socios.<\/p>\n","protected":false},"excerpt":{"rendered":"<p>Hoy aparecen publicados en el Bolet\u00edn Oficial del Estado ocho Reales Decretos que son la base normativa de la nueva PAC y se unen a la Ley que regula el sistema de gesti\u00f3n de la PAC y las intervenciones espec\u00edficas en frutas y hortalizas, vino y apicultura. A esta normativa faltar\u00eda a\u00f1adir tres Reales Decretos [&hellip;]<\/p>\n","protected":false},"author":9,"featured_media":11802,"comment_status":"open","ping_status":"open","sticky":false,"template":"","format":"standard","meta":{"footnotes":""},"categories":[9,29,28],"tags":[],"yoast_head":"<!-- This site is optimized with the Yoast SEO plugin v24.5 - https:\/\/yoast.com\/wordpress\/plugins\/seo\/ -->\n<title>Publicado el grueso del marco regulatorio de la nueva PAC - ASAJA Palencia<\/title>\n<meta name=\"description\" content=\"Hoy aparecen publicados en el Bolet\u00edn Oficial del Estado ocho Reales Decretos que son la base normativa de la nueva PAC y se unen a la Ley que regula el\" \/>\n<meta name=\"robots\" content=\"index, follow, max-snippet:-1, max-image-preview:large, max-video-preview:-1\" \/>\n<link rel=\"canonical\" href=\"https:\/\/www.asajacyl.com\/palencia\/asaja-palencia-informa\/publicado-el-grueso-del-marco-regulatorio-de-la-nueva-pac\" \/>\n<meta property=\"og:locale\" content=\"es_ES\" \/>\n<meta property=\"og:type\" content=\"article\" \/>\n<meta property=\"og:title\" content=\"Publicado el grueso del marco regulatorio de la nueva PAC - ASAJA Palencia\" \/>\n<meta property=\"og:description\" content=\"Hoy aparecen publicados en el Bolet\u00edn Oficial del Estado ocho Reales Decretos que son la base normativa de la nueva PAC y se unen a la Ley que regula el\" \/>\n<meta property=\"og:url\" content=\"https:\/\/www.asajacyl.com\/palencia\/asaja-palencia-informa\/publicado-el-grueso-del-marco-regulatorio-de-la-nueva-pac\" \/>\n<meta property=\"og:site_name\" content=\"ASAJA Palencia\" \/>\n<meta property=\"article:published_time\" content=\"2022-12-29T07:47:54+00:00\" \/>\n<meta property=\"article:modified_time\" content=\"2022-12-31T09:36:59+00:00\" \/>\n<meta property=\"og:image\" content=\"https:\/\/www.asajacyl.com\/palencia\/wp-content\/uploads\/sites\/3\/2022\/11\/MONTANA.jpg\" \/>\n\t<meta property=\"og:image:width\" content=\"1599\" \/>\n\t<meta property=\"og:image:height\" content=\"899\" \/>\n\t<meta property=\"og:image:type\" content=\"image\/jpeg\" \/>\n<meta name=\"author\" content=\"Administrador\" \/>\n<meta name=\"twitter:card\" content=\"summary_large_image\" \/>\n<meta name=\"twitter:label1\" content=\"Escrito por\" \/>\n\t<meta name=\"twitter:data1\" content=\"Administrador\" \/>\n\t<meta name=\"twitter:label2\" content=\"Tiempo de lectura\" \/>\n\t<meta name=\"twitter:data2\" content=\"1 minuto\" \/>\n<script type=\"application\/ld+json\" class=\"yoast-schema-graph\">{\"@context\":\"https:\/\/schema.org\",\"@graph\":[{\"@type\":\"WebPage\",\"@id\":\"https:\/\/www.asajacyl.com\/palencia\/asaja-palencia-informa\/publicado-el-grueso-del-marco-regulatorio-de-la-nueva-pac\",\"url\":\"https:\/\/www.asajacyl.com\/palencia\/asaja-palencia-informa\/publicado-el-grueso-del-marco-regulatorio-de-la-nueva-pac\",\"name\":\"Publicado el grueso del marco regulatorio de la nueva PAC - ASAJA Palencia\",\"isPartOf\":{\"@id\":\"https:\/\/www.asajacyl.com\/palencia\/#website\"},\"primaryImageOfPage\":{\"@id\":\"https:\/\/www.asajacyl.com\/palencia\/asaja-palencia-informa\/publicado-el-grueso-del-marco-regulatorio-de-la-nueva-pac#primaryimage\"},\"image\":{\"@id\":\"https:\/\/www.asajacyl.com\/palencia\/asaja-palencia-informa\/publicado-el-grueso-del-marco-regulatorio-de-la-nueva-pac#primaryimage\"},\"thumbnailUrl\":\"https:\/\/www.asajacyl.com\/palencia\/wp-content\/uploads\/sites\/3\/2022\/11\/MONTANA.jpg\",\"datePublished\":\"2022-12-29T07:47:54+00:00\",\"dateModified\":\"2022-12-31T09:36:59+00:00\",\"author\":{\"@id\":\"https:\/\/www.asajacyl.com\/palencia\/#\/schema\/person\/3ab17aeb03527485c317557fae64aab1\"},\"description\":\"Hoy aparecen publicados en el Bolet\u00edn Oficial del Estado ocho Reales Decretos que son la base normativa de la nueva PAC y se unen a la Ley que regula el\",\"breadcrumb\":{\"@id\":\"https:\/\/www.asajacyl.com\/palencia\/asaja-palencia-informa\/publicado-el-grueso-del-marco-regulatorio-de-la-nueva-pac#breadcrumb\"},\"inLanguage\":\"es\",\"potentialAction\":[{\"@type\":\"ReadAction\",\"target\":[\"https:\/\/www.asajacyl.com\/palencia\/asaja-palencia-informa\/publicado-el-grueso-del-marco-regulatorio-de-la-nueva-pac\"]}]},{\"@type\":\"ImageObject\",\"inLanguage\":\"es\",\"@id\":\"https:\/\/www.asajacyl.com\/palencia\/asaja-palencia-informa\/publicado-el-grueso-del-marco-regulatorio-de-la-nueva-pac#primaryimage\",\"url\":\"https:\/\/www.asajacyl.com\/palencia\/wp-content\/uploads\/sites\/3\/2022\/11\/MONTANA.jpg\",\"contentUrl\":\"https:\/\/www.asajacyl.com\/palencia\/wp-content\/uploads\/sites\/3\/2022\/11\/MONTANA.jpg\",\"width\":1599,\"height\":899},{\"@type\":\"BreadcrumbList\",\"@id\":\"https:\/\/www.asajacyl.com\/palencia\/asaja-palencia-informa\/publicado-el-grueso-del-marco-regulatorio-de-la-nueva-pac#breadcrumb\",\"itemListElement\":[{\"@type\":\"ListItem\",\"position\":1,\"name\":\"Portada\",\"item\":\"https:\/\/www.asajacyl.com\/palencia\/\"},{\"@type\":\"ListItem\",\"position\":2,\"name\":\"Publicado el grueso del marco regulatorio de la nueva PAC\"}]},{\"@type\":\"WebSite\",\"@id\":\"https:\/\/www.asajacyl.com\/palencia\/#website\",\"url\":\"https:\/\/www.asajacyl.com\/palencia\/\",\"name\":\"ASAJA Palencia\",\"description\":\"Otro sitio m\u00e1s de Provincias ASAJA Castilla y Le\u00f3n\",\"potentialAction\":[{\"@type\":\"SearchAction\",\"target\":{\"@type\":\"EntryPoint\",\"urlTemplate\":\"https:\/\/www.asajacyl.com\/palencia\/?s={search_term_string}\"},\"query-input\":{\"@type\":\"PropertyValueSpecification\",\"valueRequired\":true,\"valueName\":\"search_term_string\"}}],\"inLanguage\":\"es\"},{\"@type\":\"Person\",\"@id\":\"https:\/\/www.asajacyl.com\/palencia\/#\/schema\/person\/3ab17aeb03527485c317557fae64aab1\",\"name\":\"Administrador\",\"image\":{\"@type\":\"ImageObject\",\"inLanguage\":\"es\",\"@id\":\"https:\/\/www.asajacyl.com\/palencia\/#\/schema\/person\/image\/\",\"url\":\"https:\/\/secure.gravatar.com\/avatar\/517384810d242ca9e38c180f3c9fb973?s=96&d=mm&r=g\",\"contentUrl\":\"https:\/\/secure.gravatar.com\/avatar\/517384810d242ca9e38c180f3c9fb973?s=96&d=mm&r=g\",\"caption\":\"Administrador\"},\"url\":\"https:\/\/www.asajacyl.com\/palencia\/author\/carlosrm\"}]}<\/script>\n<!-- \/ Yoast SEO plugin. -->","yoast_head_json":{"title":"Publicado el grueso del marco regulatorio de la nueva PAC - ASAJA Palencia","description":"Hoy aparecen publicados en el Bolet\u00edn Oficial del Estado ocho Reales Decretos que son la base normativa de la nueva PAC y se unen a la Ley que regula el","robots":{"index":"index","follow":"follow","max-snippet":"max-snippet:-1","max-image-preview":"max-image-preview:large","max-video-preview":"max-video-preview:-1"},"canonical":"https:\/\/www.asajacyl.com\/palencia\/asaja-palencia-informa\/publicado-el-grueso-del-marco-regulatorio-de-la-nueva-pac","og_locale":"es_ES","og_type":"article","og_title":"Publicado el grueso del marco regulatorio de la nueva PAC - ASAJA Palencia","og_description":"Hoy aparecen publicados en el Bolet\u00edn Oficial del Estado ocho Reales Decretos que son la base normativa de la nueva PAC y se unen a la Ley que regula el","og_url":"https:\/\/www.asajacyl.com\/palencia\/asaja-palencia-informa\/publicado-el-grueso-del-marco-regulatorio-de-la-nueva-pac","og_site_name":"ASAJA Palencia","article_published_time":"2022-12-29T07:47:54+00:00","article_modified_time":"2022-12-31T09:36:59+00:00","og_image":[{"width":1599,"height":899,"url":"https:\/\/www.asajacyl.com\/palencia\/wp-content\/uploads\/sites\/3\/2022\/11\/MONTANA.jpg","type":"image\/jpeg"}],"author":"Administrador","twitter_card":"summary_large_image","twitter_misc":{"Escrito por":"Administrador","Tiempo de lectura":"1 minuto"},"schema":{"@context":"https:\/\/schema.org","@graph":[{"@type":"WebPage","@id":"https:\/\/www.asajacyl.com\/palencia\/asaja-palencia-informa\/publicado-el-grueso-del-marco-regulatorio-de-la-nueva-pac","url":"https:\/\/www.asajacyl.com\/palencia\/asaja-palencia-informa\/publicado-el-grueso-del-marco-regulatorio-de-la-nueva-pac","name":"Publicado el grueso del marco regulatorio de la nueva PAC - ASAJA Palencia","isPartOf":{"@id":"https:\/\/www.asajacyl.com\/palencia\/#website"},"primaryImageOfPage":{"@id":"https:\/\/www.asajacyl.com\/palencia\/asaja-palencia-informa\/publicado-el-grueso-del-marco-regulatorio-de-la-nueva-pac#primaryimage"},"image":{"@id":"https:\/\/www.asajacyl.com\/palencia\/asaja-palencia-informa\/publicado-el-grueso-del-marco-regulatorio-de-la-nueva-pac#primaryimage"},"thumbnailUrl":"https:\/\/www.asajacyl.com\/palencia\/wp-content\/uploads\/sites\/3\/2022\/11\/MONTANA.jpg","datePublished":"2022-12-29T07:47:54+00:00","dateModified":"2022-12-31T09:36:59+00:00","author":{"@id":"https:\/\/www.asajacyl.com\/palencia\/#\/schema\/person\/3ab17aeb03527485c317557fae64aab1"},"description":"Hoy aparecen publicados en el Bolet\u00edn Oficial del Estado ocho Reales Decretos que son la base normativa de la nueva PAC y se unen a la Ley que regula el","breadcrumb":{"@id":"https:\/\/www.asajacyl.com\/palencia\/asaja-palencia-informa\/publicado-el-grueso-del-marco-regulatorio-de-la-nueva-pac#breadcrumb"},"inLanguage":"es","potentialAction":[{"@type":"ReadAction","target":["https:\/\/www.asajacyl.com\/palencia\/asaja-palencia-informa\/publicado-el-grueso-del-marco-regulatorio-de-la-nueva-pac"]}]},{"@type":"ImageObject","inLanguage":"es","@id":"https:\/\/www.asajacyl.com\/palencia\/asaja-palencia-informa\/publicado-el-grueso-del-marco-regulatorio-de-la-nueva-pac#primaryimage","url":"https:\/\/www.asajacyl.com\/palencia\/wp-content\/uploads\/sites\/3\/2022\/11\/MONTANA.jpg","contentUrl":"https:\/\/www.asajacyl.com\/palencia\/wp-content\/uploads\/sites\/3\/2022\/11\/MONTANA.jpg","width":1599,"height":899},{"@type":"BreadcrumbList","@id":"https:\/\/www.asajacyl.com\/palencia\/asaja-palencia-informa\/publicado-el-grueso-del-marco-regulatorio-de-la-nueva-pac#breadcrumb","itemListElement":[{"@type":"ListItem","position":1,"name":"Portada","item":"https:\/\/www.asajacyl.com\/palencia\/"},{"@type":"ListItem","position":2,"name":"Publicado el grueso del marco regulatorio de la nueva PAC"}]},{"@type":"WebSite","@id":"https:\/\/www.asajacyl.com\/palencia\/#website","url":"https:\/\/www.asajacyl.com\/palencia\/","name":"ASAJA Palencia","description":"Otro sitio m\u00e1s de Provincias ASAJA Castilla y Le\u00f3n","potentialAction":[{"@type":"SearchAction","target":{"@type":"EntryPoint","urlTemplate":"https:\/\/www.asajacyl.com\/palencia\/?s={search_term_string}"},"query-input":{"@type":"PropertyValueSpecification","valueRequired":true,"valueName":"search_term_string"}}],"inLanguage":"es"},{"@type":"Person","@id":"https:\/\/www.asajacyl.com\/palencia\/#\/schema\/person\/3ab17aeb03527485c317557fae64aab1","name":"Administrador","image":{"@type":"ImageObject","inLanguage":"es","@id":"https:\/\/www.asajacyl.com\/palencia\/#\/schema\/person\/image\/","url":"https:\/\/secure.gravatar.com\/avatar\/517384810d242ca9e38c180f3c9fb973?s=96&d=mm&r=g","contentUrl":"https:\/\/secure.gravatar.com\/avatar\/517384810d242ca9e38c180f3c9fb973?s=96&d=mm&r=g","caption":"Administrador"},"url":"https:\/\/www.asajacyl.com\/palencia\/author\/carlosrm"}]}},"_links":{"self":[{"href":"https:\/\/www.asajacyl.com\/palencia\/wp-json\/wp\/v2\/posts\/12012"}],"collection":[{"href":"https:\/\/www.asajacyl.com\/palencia\/wp-json\/wp\/v2\/posts"}],"about":[{"href":"https:\/\/www.asajacyl.com\/palencia\/wp-json\/wp\/v2\/types\/post"}],"author":[{"embeddable":true,"href":"https:\/\/www.asajacyl.com\/palencia\/wp-json\/wp\/v2\/users\/9"}],"replies":[{"embeddable":true,"href":"https:\/\/www.asajacyl.com\/palencia\/wp-json\/wp\/v2\/comments?post=12012"}],"version-history":[{"count":3,"href":"https:\/\/www.asajacyl.com\/palencia\/wp-json\/wp\/v2\/posts\/12012\/revisions"}],"predecessor-version":[{"id":12040,"href":"https:\/\/www.asajacyl.com\/palencia\/wp-json\/wp\/v2\/posts\/12012\/revisions\/12040"}],"wp:featuredmedia":[{"embeddable":true,"href":"https:\/\/www.asajacyl.com\/palencia\/wp-json\/wp\/v2\/media\/11802"}],"wp:attachment":[{"href":"https:\/\/www.asajacyl.com\/palencia\/wp-json\/wp\/v2\/media?parent=12012"}],"wp:term":[{"taxonomy":"category","embeddable":true,"href":"https:\/\/www.asajacyl.com\/palencia\/wp-json\/wp\/v2\/categories?post=12012"},{"taxonomy":"post_tag","embeddable":true,"href":"https:\/\/www.asajacyl.com\/palencia\/wp-json\/wp\/v2\/tags?post=12012"}],"curies":[{"name":"wp","href":"https:\/\/api.w.org\/{rel}","templated":true}]}}