{"id":12020,"date":"2023-01-07T10:31:49","date_gmt":"2023-01-07T09:31:49","guid":{"rendered":"https:\/\/www.asajacyl.com\/palencia\/?p=12020"},"modified":"2023-01-04T13:59:03","modified_gmt":"2023-01-04T12:59:03","slug":"fijada-la-renta-de-referencia-para-2023","status":"publish","type":"post","link":"https:\/\/www.asajacyl.com\/palencia\/asaja-palencia-informa\/fijada-la-renta-de-referencia-para-2023","title":{"rendered":"Fijada la renta de referencia para 2023"},"content":{"rendered":"\n<p>La Ley de Modernizaci\u00f3n de las Explotaciones Agrarias establece que el Ministerio de Agricutura, Pesca y Alimentaci\u00f3n (MAPA) determinar\u00e1 peri\u00f3dicamente la cuant\u00eda de la renta de referencia, dato que afecta a los c\u00e1lculos que los servicios t\u00e9cnicos de ASAJA realizan, tanto para la tramitaci\u00f3n de los certificados de explotaci\u00f3n prioritaria como para los planes de mejora o los expedientes de primera instalaci\u00f3n. Este dato tiene su origen en los salarios publicados por el Instituto Nacional de Estad\u00edstica (INE).<\/p>\n\n\n\n<p>Para el a\u00f1o 2023 la renta de referencia que se tendr\u00e1 en cuenta tendr\u00e1 una cuant\u00eda de 32.570,47 euros.<\/p>\n","protected":false},"excerpt":{"rendered":"<p>La Ley de Modernizaci\u00f3n de las Explotaciones Agrarias establece que el Ministerio de Agricutura, Pesca y Alimentaci\u00f3n (MAPA) determinar\u00e1 peri\u00f3dicamente la cuant\u00eda de la renta de referencia, dato que afecta a los c\u00e1lculos que los servicios t\u00e9cnicos de ASAJA realizan, tanto para la tramitaci\u00f3n de los certificados de explotaci\u00f3n prioritaria como para los planes de [&hellip;]<\/p>\n","protected":false},"author":9,"featured_media":11691,"comment_status":"open","ping_status":"open","sticky":false,"template":"","format":"standard","meta":{"footnotes":""},"categories":[9,29,28],"tags":[],"yoast_head":"<!-- This site is optimized with the Yoast SEO plugin v24.5 - https:\/\/yoast.com\/wordpress\/plugins\/seo\/ -->\n<title>Fijada la renta de referencia para 2023 - ASAJA Palencia<\/title>\n<meta name=\"description\" content=\"La Ley de Modernizaci\u00f3n de las Explotaciones Agrarias establece que el Ministerio de Agricutura, Pesca y Alimentaci\u00f3n (MAPA) determinar\u00e1 peri\u00f3dicamente la\" \/>\n<meta name=\"robots\" content=\"index, follow, max-snippet:-1, max-image-preview:large, max-video-preview:-1\" \/>\n<link rel=\"canonical\" href=\"https:\/\/www.asajacyl.com\/palencia\/asaja-palencia-informa\/fijada-la-renta-de-referencia-para-2023\" \/>\n<meta property=\"og:locale\" content=\"es_ES\" \/>\n<meta property=\"og:type\" content=\"article\" \/>\n<meta property=\"og:title\" content=\"Fijada la renta de referencia para 2023 - ASAJA Palencia\" \/>\n<meta property=\"og:description\" content=\"La Ley de Modernizaci\u00f3n de las Explotaciones Agrarias establece que el Ministerio de Agricutura, Pesca y Alimentaci\u00f3n (MAPA) determinar\u00e1 peri\u00f3dicamente la\" \/>\n<meta property=\"og:url\" content=\"https:\/\/www.asajacyl.com\/palencia\/asaja-palencia-informa\/fijada-la-renta-de-referencia-para-2023\" \/>\n<meta property=\"og:site_name\" content=\"ASAJA Palencia\" \/>\n<meta property=\"article:published_time\" content=\"2023-01-07T09:31:49+00:00\" \/>\n<meta property=\"og:image\" content=\"https:\/\/www.asajacyl.com\/palencia\/wp-content\/uploads\/sites\/3\/2022\/11\/EUROS.jpg\" \/>\n\t<meta property=\"og:image:width\" content=\"1599\" \/>\n\t<meta property=\"og:image:height\" content=\"1199\" \/>\n\t<meta property=\"og:image:type\" content=\"image\/jpeg\" \/>\n<meta name=\"author\" content=\"Administrador\" \/>\n<meta name=\"twitter:card\" content=\"summary_large_image\" \/>\n<meta name=\"twitter:label1\" content=\"Escrito por\" \/>\n\t<meta name=\"twitter:data1\" content=\"Administrador\" \/>\n\t<meta name=\"twitter:label2\" content=\"Tiempo de lectura\" \/>\n\t<meta name=\"twitter:data2\" content=\"1 minuto\" \/>\n<script type=\"application\/ld+json\" class=\"yoast-schema-graph\">{\"@context\":\"https:\/\/schema.org\",\"@graph\":[{\"@type\":\"WebPage\",\"@id\":\"https:\/\/www.asajacyl.com\/palencia\/asaja-palencia-informa\/fijada-la-renta-de-referencia-para-2023\",\"url\":\"https:\/\/www.asajacyl.com\/palencia\/asaja-palencia-informa\/fijada-la-renta-de-referencia-para-2023\",\"name\":\"Fijada la renta de referencia para 2023 - ASAJA Palencia\",\"isPartOf\":{\"@id\":\"https:\/\/www.asajacyl.com\/palencia\/#website\"},\"primaryImageOfPage\":{\"@id\":\"https:\/\/www.asajacyl.com\/palencia\/asaja-palencia-informa\/fijada-la-renta-de-referencia-para-2023#primaryimage\"},\"image\":{\"@id\":\"https:\/\/www.asajacyl.com\/palencia\/asaja-palencia-informa\/fijada-la-renta-de-referencia-para-2023#primaryimage\"},\"thumbnailUrl\":\"https:\/\/www.asajacyl.com\/palencia\/wp-content\/uploads\/sites\/3\/2022\/11\/EUROS.jpg\",\"datePublished\":\"2023-01-07T09:31:49+00:00\",\"author\":{\"@id\":\"https:\/\/www.asajacyl.com\/palencia\/#\/schema\/person\/3ab17aeb03527485c317557fae64aab1\"},\"description\":\"La Ley de Modernizaci\u00f3n de las Explotaciones Agrarias establece que el Ministerio de Agricutura, Pesca y Alimentaci\u00f3n (MAPA) determinar\u00e1 peri\u00f3dicamente la\",\"breadcrumb\":{\"@id\":\"https:\/\/www.asajacyl.com\/palencia\/asaja-palencia-informa\/fijada-la-renta-de-referencia-para-2023#breadcrumb\"},\"inLanguage\":\"es\",\"potentialAction\":[{\"@type\":\"ReadAction\",\"target\":[\"https:\/\/www.asajacyl.com\/palencia\/asaja-palencia-informa\/fijada-la-renta-de-referencia-para-2023\"]}]},{\"@type\":\"ImageObject\",\"inLanguage\":\"es\",\"@id\":\"https:\/\/www.asajacyl.com\/palencia\/asaja-palencia-informa\/fijada-la-renta-de-referencia-para-2023#primaryimage\",\"url\":\"https:\/\/www.asajacyl.com\/palencia\/wp-content\/uploads\/sites\/3\/2022\/11\/EUROS.jpg\",\"contentUrl\":\"https:\/\/www.asajacyl.com\/palencia\/wp-content\/uploads\/sites\/3\/2022\/11\/EUROS.jpg\",\"width\":1599,\"height\":1199},{\"@type\":\"BreadcrumbList\",\"@id\":\"https:\/\/www.asajacyl.com\/palencia\/asaja-palencia-informa\/fijada-la-renta-de-referencia-para-2023#breadcrumb\",\"itemListElement\":[{\"@type\":\"ListItem\",\"position\":1,\"name\":\"Portada\",\"item\":\"https:\/\/www.asajacyl.com\/palencia\/\"},{\"@type\":\"ListItem\",\"position\":2,\"name\":\"Fijada la renta de referencia para 2023\"}]},{\"@type\":\"WebSite\",\"@id\":\"https:\/\/www.asajacyl.com\/palencia\/#website\",\"url\":\"https:\/\/www.asajacyl.com\/palencia\/\",\"name\":\"ASAJA Palencia\",\"description\":\"Otro sitio m\u00e1s de Provincias ASAJA Castilla y Le\u00f3n\",\"potentialAction\":[{\"@type\":\"SearchAction\",\"target\":{\"@type\":\"EntryPoint\",\"urlTemplate\":\"https:\/\/www.asajacyl.com\/palencia\/?s={search_term_string}\"},\"query-input\":{\"@type\":\"PropertyValueSpecification\",\"valueRequired\":true,\"valueName\":\"search_term_string\"}}],\"inLanguage\":\"es\"},{\"@type\":\"Person\",\"@id\":\"https:\/\/www.asajacyl.com\/palencia\/#\/schema\/person\/3ab17aeb03527485c317557fae64aab1\",\"name\":\"Administrador\",\"image\":{\"@type\":\"ImageObject\",\"inLanguage\":\"es\",\"@id\":\"https:\/\/www.asajacyl.com\/palencia\/#\/schema\/person\/image\/\",\"url\":\"https:\/\/secure.gravatar.com\/avatar\/517384810d242ca9e38c180f3c9fb973?s=96&d=mm&r=g\",\"contentUrl\":\"https:\/\/secure.gravatar.com\/avatar\/517384810d242ca9e38c180f3c9fb973?s=96&d=mm&r=g\",\"caption\":\"Administrador\"},\"url\":\"https:\/\/www.asajacyl.com\/palencia\/author\/carlosrm\"}]}<\/script>\n<!-- \/ Yoast SEO plugin. -->","yoast_head_json":{"title":"Fijada la renta de referencia para 2023 - ASAJA Palencia","description":"La Ley de Modernizaci\u00f3n de las Explotaciones Agrarias establece que el Ministerio de Agricutura, Pesca y Alimentaci\u00f3n (MAPA) determinar\u00e1 peri\u00f3dicamente la","robots":{"index":"index","follow":"follow","max-snippet":"max-snippet:-1","max-image-preview":"max-image-preview:large","max-video-preview":"max-video-preview:-1"},"canonical":"https:\/\/www.asajacyl.com\/palencia\/asaja-palencia-informa\/fijada-la-renta-de-referencia-para-2023","og_locale":"es_ES","og_type":"article","og_title":"Fijada la renta de referencia para 2023 - ASAJA Palencia","og_description":"La Ley de Modernizaci\u00f3n de las Explotaciones Agrarias establece que el Ministerio de Agricutura, Pesca y Alimentaci\u00f3n (MAPA) determinar\u00e1 peri\u00f3dicamente la","og_url":"https:\/\/www.asajacyl.com\/palencia\/asaja-palencia-informa\/fijada-la-renta-de-referencia-para-2023","og_site_name":"ASAJA Palencia","article_published_time":"2023-01-07T09:31:49+00:00","og_image":[{"width":1599,"height":1199,"url":"https:\/\/www.asajacyl.com\/palencia\/wp-content\/uploads\/sites\/3\/2022\/11\/EUROS.jpg","type":"image\/jpeg"}],"author":"Administrador","twitter_card":"summary_large_image","twitter_misc":{"Escrito por":"Administrador","Tiempo de lectura":"1 minuto"},"schema":{"@context":"https:\/\/schema.org","@graph":[{"@type":"WebPage","@id":"https:\/\/www.asajacyl.com\/palencia\/asaja-palencia-informa\/fijada-la-renta-de-referencia-para-2023","url":"https:\/\/www.asajacyl.com\/palencia\/asaja-palencia-informa\/fijada-la-renta-de-referencia-para-2023","name":"Fijada la renta de referencia para 2023 - ASAJA Palencia","isPartOf":{"@id":"https:\/\/www.asajacyl.com\/palencia\/#website"},"primaryImageOfPage":{"@id":"https:\/\/www.asajacyl.com\/palencia\/asaja-palencia-informa\/fijada-la-renta-de-referencia-para-2023#primaryimage"},"image":{"@id":"https:\/\/www.asajacyl.com\/palencia\/asaja-palencia-informa\/fijada-la-renta-de-referencia-para-2023#primaryimage"},"thumbnailUrl":"https:\/\/www.asajacyl.com\/palencia\/wp-content\/uploads\/sites\/3\/2022\/11\/EUROS.jpg","datePublished":"2023-01-07T09:31:49+00:00","author":{"@id":"https:\/\/www.asajacyl.com\/palencia\/#\/schema\/person\/3ab17aeb03527485c317557fae64aab1"},"description":"La Ley de Modernizaci\u00f3n de las Explotaciones Agrarias establece que el Ministerio de Agricutura, Pesca y Alimentaci\u00f3n (MAPA) determinar\u00e1 peri\u00f3dicamente la","breadcrumb":{"@id":"https:\/\/www.asajacyl.com\/palencia\/asaja-palencia-informa\/fijada-la-renta-de-referencia-para-2023#breadcrumb"},"inLanguage":"es","potentialAction":[{"@type":"ReadAction","target":["https:\/\/www.asajacyl.com\/palencia\/asaja-palencia-informa\/fijada-la-renta-de-referencia-para-2023"]}]},{"@type":"ImageObject","inLanguage":"es","@id":"https:\/\/www.asajacyl.com\/palencia\/asaja-palencia-informa\/fijada-la-renta-de-referencia-para-2023#primaryimage","url":"https:\/\/www.asajacyl.com\/palencia\/wp-content\/uploads\/sites\/3\/2022\/11\/EUROS.jpg","contentUrl":"https:\/\/www.asajacyl.com\/palencia\/wp-content\/uploads\/sites\/3\/2022\/11\/EUROS.jpg","width":1599,"height":1199},{"@type":"BreadcrumbList","@id":"https:\/\/www.asajacyl.com\/palencia\/asaja-palencia-informa\/fijada-la-renta-de-referencia-para-2023#breadcrumb","itemListElement":[{"@type":"ListItem","position":1,"name":"Portada","item":"https:\/\/www.asajacyl.com\/palencia\/"},{"@type":"ListItem","position":2,"name":"Fijada la renta de referencia para 2023"}]},{"@type":"WebSite","@id":"https:\/\/www.asajacyl.com\/palencia\/#website","url":"https:\/\/www.asajacyl.com\/palencia\/","name":"ASAJA Palencia","description":"Otro sitio m\u00e1s de Provincias ASAJA Castilla y Le\u00f3n","potentialAction":[{"@type":"SearchAction","target":{"@type":"EntryPoint","urlTemplate":"https:\/\/www.asajacyl.com\/palencia\/?s={search_term_string}"},"query-input":{"@type":"PropertyValueSpecification","valueRequired":true,"valueName":"search_term_string"}}],"inLanguage":"es"},{"@type":"Person","@id":"https:\/\/www.asajacyl.com\/palencia\/#\/schema\/person\/3ab17aeb03527485c317557fae64aab1","name":"Administrador","image":{"@type":"ImageObject","inLanguage":"es","@id":"https:\/\/www.asajacyl.com\/palencia\/#\/schema\/person\/image\/","url":"https:\/\/secure.gravatar.com\/avatar\/517384810d242ca9e38c180f3c9fb973?s=96&d=mm&r=g","contentUrl":"https:\/\/secure.gravatar.com\/avatar\/517384810d242ca9e38c180f3c9fb973?s=96&d=mm&r=g","caption":"Administrador"},"url":"https:\/\/www.asajacyl.com\/palencia\/author\/carlosrm"}]}},"_links":{"self":[{"href":"https:\/\/www.asajacyl.com\/palencia\/wp-json\/wp\/v2\/posts\/12020"}],"collection":[{"href":"https:\/\/www.asajacyl.com\/palencia\/wp-json\/wp\/v2\/posts"}],"about":[{"href":"https:\/\/www.asajacyl.com\/palencia\/wp-json\/wp\/v2\/types\/post"}],"author":[{"embeddable":true,"href":"https:\/\/www.asajacyl.com\/palencia\/wp-json\/wp\/v2\/users\/9"}],"replies":[{"embeddable":true,"href":"https:\/\/www.asajacyl.com\/palencia\/wp-json\/wp\/v2\/comments?post=12020"}],"version-history":[{"count":2,"href":"https:\/\/www.asajacyl.com\/palencia\/wp-json\/wp\/v2\/posts\/12020\/revisions"}],"predecessor-version":[{"id":12044,"href":"https:\/\/www.asajacyl.com\/palencia\/wp-json\/wp\/v2\/posts\/12020\/revisions\/12044"}],"wp:featuredmedia":[{"embeddable":true,"href":"https:\/\/www.asajacyl.com\/palencia\/wp-json\/wp\/v2\/media\/11691"}],"wp:attachment":[{"href":"https:\/\/www.asajacyl.com\/palencia\/wp-json\/wp\/v2\/media?parent=12020"}],"wp:term":[{"taxonomy":"category","embeddable":true,"href":"https:\/\/www.asajacyl.com\/palencia\/wp-json\/wp\/v2\/categories?post=12020"},{"taxonomy":"post_tag","embeddable":true,"href":"https:\/\/www.asajacyl.com\/palencia\/wp-json\/wp\/v2\/tags?post=12020"}],"curies":[{"name":"wp","href":"https:\/\/api.w.org\/{rel}","templated":true}]}}