{"id":12029,"date":"2022-12-29T12:58:03","date_gmt":"2022-12-29T11:58:03","guid":{"rendered":"https:\/\/www.asajacyl.com\/palencia\/?p=12029"},"modified":"2022-12-29T12:59:00","modified_gmt":"2022-12-29T11:59:00","slug":"el-carrion-se-recupera-y-el-miedo-se-extiende-por-el-pisuerga","status":"publish","type":"post","link":"https:\/\/www.asajacyl.com\/palencia\/asaja-palencia-informa\/el-carrion-se-recupera-y-el-miedo-se-extiende-por-el-pisuerga","title":{"rendered":"El Carri\u00f3n se recupera y el miedo se extiende por el Pisuerga"},"content":{"rendered":"\n<p>Los \u00faltimos indicadores de la CHD son del mes de noviembre y el \u00edndice de escasez muestra que nuestro sistema Pisuerga es el \u00fanico de toda la cuenca del Duero que a\u00fan se encuentra en situaci\u00f3n de \u00abemergencia\u00bb. Por su parte el Carri\u00f3n se encuentra en \u00abnormalidad\u00bb. Por su parte, el indicador de sequ\u00eda prolongada s\u00ed que pone a ambos sistemas en \u00absequ\u00eda prolongada\u00bb.<\/p>\n\n\n\n<p>En el caso del sistema Pisuerga, su \u00edndice de escasez se calcula en funci\u00f3n del volumen de agua embalsada en los embalses de Ruesga, La Requejada y Aguilar de Campoo mientras que el \u00edndice de sequ\u00eda prolongada se calcula en funci\u00f3n de las aportaciones en seis meses a los embalses de  Ruesga y La Requejada, del aforo en seis meses en los r\u00edos Odra (en Pedrosa del Pr\u00edncipe, Burgos), Esgueva (en Caba\u00f1es de Esgueva, Valladolid) y Camesa (en Villaescusa de las Torres, Palencia) y de la pluviometr\u00eda acumulada en nueve meses en Valladolid.<\/p>\n\n\n\n<p>Por su parte, para calcular el \u00edndice de escasez del sistema Carri\u00f3n se utiliza el volumen de agua embalsada de los embalses de Camporredondo y Compuerto, y el \u00edndice de sequ\u00eda prolongada tiene en cuenta las aportaciones en seis meses al embalse de Camporredondo, el aforo en seis meses del r\u00edo Grande (en Besande, Le\u00f3n) y del r\u00edo Ucieza (en Villalc\u00e1zar de Sirga, Palencia) as\u00ed como la precipitaci\u00f3n acumulada durante nueves meses en la estaci\u00f3n meteorol\u00f3gica de Autilla del Pino (Palencia).<\/p>\n\n\n\n<p>El sistema Carri\u00f3n es capaz de embalsar 165 hm<sup>3<\/sup> mientras que el sistema Pisuerga tiene una capacidad de 315,7 hm<sup>3<\/sup>. A d\u00eda 29 de diciembre el sistema Carri\u00f3n ya acumula 88,6 hm<sup>3<\/sup> (53,7% del total) cuando la media de diez a\u00f1os es de 80,9 hm<sup>3<\/sup>. Esto quiere decir que este a\u00f1o est\u00e1 por encima de la media aunque bien es cierto que la capacidad del sistema es absolutamente insuficiente para la demanda existente y es urgente la creaci\u00f3n de infraestructuras que permitan hacer acopio de agua en este sistema. En el caso del Pisuerga, el sistema s\u00f3lo recoge hasta ahora 43,5 hm<sup>3<\/sup> (17,6% del total) cuando el a\u00f1o pasado, en el que la dotaci\u00f3n se redujo a 3.500 m<sup>3<\/sup>\/ha hab\u00eda 79,7 hm<sup>3<\/sup>, pero es que adem\u00e1s la media a diez a\u00f1os es de 118,4 hm<sup>3<\/sup> (2,7 veces la cantidad embalsada actualmente).<\/p>\n\n\n\n<p>Las precipitaciones recogidas por las estaciones meteorol\u00f3gicas de Inforiego desde el uno de octubre son las siguientes:<\/p>\n\n\n\n<figure class=\"wp-block-table aligncenter is-style-stripes\"><table><tbody><tr><td>ESTACI\u00d3N<\/td><td class=\"has-text-align-center\" data-align=\"center\">PLUVIOMETR\u00cdA (mm)<\/td><\/tr><tr><td>Villaluenga de la Vega<\/td><td class=\"has-text-align-center\" data-align=\"center\">231<\/td><\/tr><tr><td>Fuentes de Nava<\/td><td class=\"has-text-align-center\" data-align=\"center\">229<\/td><\/tr><tr><td>Herrera de Pisuerga<\/td><td class=\"has-text-align-center\" data-align=\"center\">228<\/td><\/tr><tr><td>Villaeles de Valdavia<\/td><td class=\"has-text-align-center\" data-align=\"center\">227<\/td><\/tr><tr><td>Villoldo<\/td><td class=\"has-text-align-center\" data-align=\"center\">219<\/td><\/tr><tr><td>Torquemada<\/td><td class=\"has-text-align-center\" data-align=\"center\">179<\/td><\/tr><tr><td>Villamuriel de Cerrato<\/td><td class=\"has-text-align-center\" data-align=\"center\">177<\/td><\/tr><tr><td>Lantadilla<\/td><td class=\"has-text-align-center\" data-align=\"center\">150<\/td><\/tr><tr><td><\/td><td class=\"has-text-align-center\" data-align=\"center\"><\/td><\/tr><\/tbody><\/table><\/figure>\n\n\n\n<p>Desde el 1 de octubre los datos de precipitaciones recogidas en la zona de los embalses son los siguientes:<\/p>\n\n\n\n<figure class=\"wp-block-table aligncenter is-style-stripes\"><table><tbody><tr><td>EMBALSE<\/td><td class=\"has-text-align-center\" data-align=\"center\">PLUVIOMETR\u00cdA (mm)<\/td><\/tr><tr><td>CARRI\u00d3N &#8211; Camporredondo<\/td><td class=\"has-text-align-center\" data-align=\"center\">276,1<\/td><\/tr><tr><td>CARRI\u00d3N &#8211; Compuerto<\/td><td class=\"has-text-align-center\" data-align=\"center\">420,7<\/td><\/tr><tr><td>PISUERGA &#8211; Ruesga<\/td><td class=\"has-text-align-center\" data-align=\"center\">374,6<\/td><\/tr><tr><td>PISUERGA &#8211; La Requejada<\/td><td class=\"has-text-align-center\" data-align=\"center\">351,5<\/td><\/tr><tr><td>PISUERGA &#8211; Aguilar de Campo<\/td><td class=\"has-text-align-center\" data-align=\"center\">192,5<\/td><\/tr><\/tbody><\/table><\/figure>\n","protected":false},"excerpt":{"rendered":"<p>Los \u00faltimos indicadores de la CHD son del mes de noviembre y el \u00edndice de escasez muestra que nuestro sistema Pisuerga es el \u00fanico de toda la cuenca del Duero que a\u00fan se encuentra en situaci\u00f3n de \u00abemergencia\u00bb. Por su parte el Carri\u00f3n se encuentra en \u00abnormalidad\u00bb. Por su parte, el indicador de sequ\u00eda prolongada [&hellip;]<\/p>\n","protected":false},"author":9,"featured_media":11468,"comment_status":"open","ping_status":"open","sticky":false,"template":"","format":"standard","meta":{"footnotes":""},"categories":[9,29,28],"tags":[],"yoast_head":"<!-- This site is optimized with the Yoast SEO plugin v24.5 - https:\/\/yoast.com\/wordpress\/plugins\/seo\/ -->\n<title>El Carri\u00f3n se recupera y el miedo se extiende por el Pisuerga - ASAJA Palencia<\/title>\n<meta name=\"description\" content=\"Los \u00faltimos indicadores de la CHD son del mes de noviembre y el \u00edndice de escasez muestra que nuestro sistema Pisuerga es el \u00fanico de toda la cuenca del\" \/>\n<meta name=\"robots\" content=\"index, follow, max-snippet:-1, max-image-preview:large, max-video-preview:-1\" \/>\n<link rel=\"canonical\" href=\"https:\/\/www.asajacyl.com\/palencia\/asaja-palencia-informa\/el-carrion-se-recupera-y-el-miedo-se-extiende-por-el-pisuerga\" \/>\n<meta property=\"og:locale\" content=\"es_ES\" \/>\n<meta property=\"og:type\" content=\"article\" \/>\n<meta property=\"og:title\" content=\"El Carri\u00f3n se recupera y el miedo se extiende por el Pisuerga - ASAJA Palencia\" \/>\n<meta property=\"og:description\" content=\"Los \u00faltimos indicadores de la CHD son del mes de noviembre y el \u00edndice de escasez muestra que nuestro sistema Pisuerga es el \u00fanico de toda la cuenca del\" \/>\n<meta property=\"og:url\" content=\"https:\/\/www.asajacyl.com\/palencia\/asaja-palencia-informa\/el-carrion-se-recupera-y-el-miedo-se-extiende-por-el-pisuerga\" \/>\n<meta property=\"og:site_name\" content=\"ASAJA Palencia\" \/>\n<meta property=\"article:published_time\" content=\"2022-12-29T11:58:03+00:00\" \/>\n<meta property=\"article:modified_time\" content=\"2022-12-29T11:59:00+00:00\" \/>\n<meta property=\"og:image\" content=\"https:\/\/www.asajacyl.com\/palencia\/wp-content\/uploads\/sites\/3\/2022\/09\/EMBALSE-REQUEJADA.jpg\" \/>\n\t<meta property=\"og:image:width\" content=\"2048\" \/>\n\t<meta property=\"og:image:height\" content=\"1536\" \/>\n\t<meta property=\"og:image:type\" content=\"image\/jpeg\" \/>\n<meta name=\"author\" content=\"Administrador\" \/>\n<meta name=\"twitter:card\" content=\"summary_large_image\" \/>\n<meta name=\"twitter:label1\" content=\"Escrito por\" \/>\n\t<meta name=\"twitter:data1\" content=\"Administrador\" \/>\n\t<meta name=\"twitter:label2\" content=\"Tiempo de lectura\" \/>\n\t<meta name=\"twitter:data2\" content=\"3 minutos\" \/>\n<script type=\"application\/ld+json\" class=\"yoast-schema-graph\">{\"@context\":\"https:\/\/schema.org\",\"@graph\":[{\"@type\":\"WebPage\",\"@id\":\"https:\/\/www.asajacyl.com\/palencia\/asaja-palencia-informa\/el-carrion-se-recupera-y-el-miedo-se-extiende-por-el-pisuerga\",\"url\":\"https:\/\/www.asajacyl.com\/palencia\/asaja-palencia-informa\/el-carrion-se-recupera-y-el-miedo-se-extiende-por-el-pisuerga\",\"name\":\"El Carri\u00f3n se recupera y el miedo se extiende por el Pisuerga - ASAJA Palencia\",\"isPartOf\":{\"@id\":\"https:\/\/www.asajacyl.com\/palencia\/#website\"},\"primaryImageOfPage\":{\"@id\":\"https:\/\/www.asajacyl.com\/palencia\/asaja-palencia-informa\/el-carrion-se-recupera-y-el-miedo-se-extiende-por-el-pisuerga#primaryimage\"},\"image\":{\"@id\":\"https:\/\/www.asajacyl.com\/palencia\/asaja-palencia-informa\/el-carrion-se-recupera-y-el-miedo-se-extiende-por-el-pisuerga#primaryimage\"},\"thumbnailUrl\":\"https:\/\/www.asajacyl.com\/palencia\/wp-content\/uploads\/sites\/3\/2022\/09\/EMBALSE-REQUEJADA.jpg\",\"datePublished\":\"2022-12-29T11:58:03+00:00\",\"dateModified\":\"2022-12-29T11:59:00+00:00\",\"author\":{\"@id\":\"https:\/\/www.asajacyl.com\/palencia\/#\/schema\/person\/3ab17aeb03527485c317557fae64aab1\"},\"description\":\"Los \u00faltimos indicadores de la CHD son del mes de noviembre y el \u00edndice de escasez muestra que nuestro sistema Pisuerga es el \u00fanico de toda la cuenca del\",\"breadcrumb\":{\"@id\":\"https:\/\/www.asajacyl.com\/palencia\/asaja-palencia-informa\/el-carrion-se-recupera-y-el-miedo-se-extiende-por-el-pisuerga#breadcrumb\"},\"inLanguage\":\"es\",\"potentialAction\":[{\"@type\":\"ReadAction\",\"target\":[\"https:\/\/www.asajacyl.com\/palencia\/asaja-palencia-informa\/el-carrion-se-recupera-y-el-miedo-se-extiende-por-el-pisuerga\"]}]},{\"@type\":\"ImageObject\",\"inLanguage\":\"es\",\"@id\":\"https:\/\/www.asajacyl.com\/palencia\/asaja-palencia-informa\/el-carrion-se-recupera-y-el-miedo-se-extiende-por-el-pisuerga#primaryimage\",\"url\":\"https:\/\/www.asajacyl.com\/palencia\/wp-content\/uploads\/sites\/3\/2022\/09\/EMBALSE-REQUEJADA.jpg\",\"contentUrl\":\"https:\/\/www.asajacyl.com\/palencia\/wp-content\/uploads\/sites\/3\/2022\/09\/EMBALSE-REQUEJADA.jpg\",\"width\":2048,\"height\":1536},{\"@type\":\"BreadcrumbList\",\"@id\":\"https:\/\/www.asajacyl.com\/palencia\/asaja-palencia-informa\/el-carrion-se-recupera-y-el-miedo-se-extiende-por-el-pisuerga#breadcrumb\",\"itemListElement\":[{\"@type\":\"ListItem\",\"position\":1,\"name\":\"Portada\",\"item\":\"https:\/\/www.asajacyl.com\/palencia\/\"},{\"@type\":\"ListItem\",\"position\":2,\"name\":\"El Carri\u00f3n se recupera y el miedo se extiende por el Pisuerga\"}]},{\"@type\":\"WebSite\",\"@id\":\"https:\/\/www.asajacyl.com\/palencia\/#website\",\"url\":\"https:\/\/www.asajacyl.com\/palencia\/\",\"name\":\"ASAJA Palencia\",\"description\":\"Otro sitio m\u00e1s de Provincias ASAJA Castilla y Le\u00f3n\",\"potentialAction\":[{\"@type\":\"SearchAction\",\"target\":{\"@type\":\"EntryPoint\",\"urlTemplate\":\"https:\/\/www.asajacyl.com\/palencia\/?s={search_term_string}\"},\"query-input\":{\"@type\":\"PropertyValueSpecification\",\"valueRequired\":true,\"valueName\":\"search_term_string\"}}],\"inLanguage\":\"es\"},{\"@type\":\"Person\",\"@id\":\"https:\/\/www.asajacyl.com\/palencia\/#\/schema\/person\/3ab17aeb03527485c317557fae64aab1\",\"name\":\"Administrador\",\"image\":{\"@type\":\"ImageObject\",\"inLanguage\":\"es\",\"@id\":\"https:\/\/www.asajacyl.com\/palencia\/#\/schema\/person\/image\/\",\"url\":\"https:\/\/secure.gravatar.com\/avatar\/517384810d242ca9e38c180f3c9fb973?s=96&d=mm&r=g\",\"contentUrl\":\"https:\/\/secure.gravatar.com\/avatar\/517384810d242ca9e38c180f3c9fb973?s=96&d=mm&r=g\",\"caption\":\"Administrador\"},\"url\":\"https:\/\/www.asajacyl.com\/palencia\/author\/carlosrm\"}]}<\/script>\n<!-- \/ Yoast SEO plugin. -->","yoast_head_json":{"title":"El Carri\u00f3n se recupera y el miedo se extiende por el Pisuerga - ASAJA Palencia","description":"Los \u00faltimos indicadores de la CHD son del mes de noviembre y el \u00edndice de escasez muestra que nuestro sistema Pisuerga es el \u00fanico de toda la cuenca del","robots":{"index":"index","follow":"follow","max-snippet":"max-snippet:-1","max-image-preview":"max-image-preview:large","max-video-preview":"max-video-preview:-1"},"canonical":"https:\/\/www.asajacyl.com\/palencia\/asaja-palencia-informa\/el-carrion-se-recupera-y-el-miedo-se-extiende-por-el-pisuerga","og_locale":"es_ES","og_type":"article","og_title":"El Carri\u00f3n se recupera y el miedo se extiende por el Pisuerga - ASAJA Palencia","og_description":"Los \u00faltimos indicadores de la CHD son del mes de noviembre y el \u00edndice de escasez muestra que nuestro sistema Pisuerga es el \u00fanico de toda la cuenca del","og_url":"https:\/\/www.asajacyl.com\/palencia\/asaja-palencia-informa\/el-carrion-se-recupera-y-el-miedo-se-extiende-por-el-pisuerga","og_site_name":"ASAJA Palencia","article_published_time":"2022-12-29T11:58:03+00:00","article_modified_time":"2022-12-29T11:59:00+00:00","og_image":[{"width":2048,"height":1536,"url":"https:\/\/www.asajacyl.com\/palencia\/wp-content\/uploads\/sites\/3\/2022\/09\/EMBALSE-REQUEJADA.jpg","type":"image\/jpeg"}],"author":"Administrador","twitter_card":"summary_large_image","twitter_misc":{"Escrito por":"Administrador","Tiempo de lectura":"3 minutos"},"schema":{"@context":"https:\/\/schema.org","@graph":[{"@type":"WebPage","@id":"https:\/\/www.asajacyl.com\/palencia\/asaja-palencia-informa\/el-carrion-se-recupera-y-el-miedo-se-extiende-por-el-pisuerga","url":"https:\/\/www.asajacyl.com\/palencia\/asaja-palencia-informa\/el-carrion-se-recupera-y-el-miedo-se-extiende-por-el-pisuerga","name":"El Carri\u00f3n se recupera y el miedo se extiende por el Pisuerga - ASAJA Palencia","isPartOf":{"@id":"https:\/\/www.asajacyl.com\/palencia\/#website"},"primaryImageOfPage":{"@id":"https:\/\/www.asajacyl.com\/palencia\/asaja-palencia-informa\/el-carrion-se-recupera-y-el-miedo-se-extiende-por-el-pisuerga#primaryimage"},"image":{"@id":"https:\/\/www.asajacyl.com\/palencia\/asaja-palencia-informa\/el-carrion-se-recupera-y-el-miedo-se-extiende-por-el-pisuerga#primaryimage"},"thumbnailUrl":"https:\/\/www.asajacyl.com\/palencia\/wp-content\/uploads\/sites\/3\/2022\/09\/EMBALSE-REQUEJADA.jpg","datePublished":"2022-12-29T11:58:03+00:00","dateModified":"2022-12-29T11:59:00+00:00","author":{"@id":"https:\/\/www.asajacyl.com\/palencia\/#\/schema\/person\/3ab17aeb03527485c317557fae64aab1"},"description":"Los \u00faltimos indicadores de la CHD son del mes de noviembre y el \u00edndice de escasez muestra que nuestro sistema Pisuerga es el \u00fanico de toda la cuenca del","breadcrumb":{"@id":"https:\/\/www.asajacyl.com\/palencia\/asaja-palencia-informa\/el-carrion-se-recupera-y-el-miedo-se-extiende-por-el-pisuerga#breadcrumb"},"inLanguage":"es","potentialAction":[{"@type":"ReadAction","target":["https:\/\/www.asajacyl.com\/palencia\/asaja-palencia-informa\/el-carrion-se-recupera-y-el-miedo-se-extiende-por-el-pisuerga"]}]},{"@type":"ImageObject","inLanguage":"es","@id":"https:\/\/www.asajacyl.com\/palencia\/asaja-palencia-informa\/el-carrion-se-recupera-y-el-miedo-se-extiende-por-el-pisuerga#primaryimage","url":"https:\/\/www.asajacyl.com\/palencia\/wp-content\/uploads\/sites\/3\/2022\/09\/EMBALSE-REQUEJADA.jpg","contentUrl":"https:\/\/www.asajacyl.com\/palencia\/wp-content\/uploads\/sites\/3\/2022\/09\/EMBALSE-REQUEJADA.jpg","width":2048,"height":1536},{"@type":"BreadcrumbList","@id":"https:\/\/www.asajacyl.com\/palencia\/asaja-palencia-informa\/el-carrion-se-recupera-y-el-miedo-se-extiende-por-el-pisuerga#breadcrumb","itemListElement":[{"@type":"ListItem","position":1,"name":"Portada","item":"https:\/\/www.asajacyl.com\/palencia\/"},{"@type":"ListItem","position":2,"name":"El Carri\u00f3n se recupera y el miedo se extiende por el Pisuerga"}]},{"@type":"WebSite","@id":"https:\/\/www.asajacyl.com\/palencia\/#website","url":"https:\/\/www.asajacyl.com\/palencia\/","name":"ASAJA Palencia","description":"Otro sitio m\u00e1s de Provincias ASAJA Castilla y Le\u00f3n","potentialAction":[{"@type":"SearchAction","target":{"@type":"EntryPoint","urlTemplate":"https:\/\/www.asajacyl.com\/palencia\/?s={search_term_string}"},"query-input":{"@type":"PropertyValueSpecification","valueRequired":true,"valueName":"search_term_string"}}],"inLanguage":"es"},{"@type":"Person","@id":"https:\/\/www.asajacyl.com\/palencia\/#\/schema\/person\/3ab17aeb03527485c317557fae64aab1","name":"Administrador","image":{"@type":"ImageObject","inLanguage":"es","@id":"https:\/\/www.asajacyl.com\/palencia\/#\/schema\/person\/image\/","url":"https:\/\/secure.gravatar.com\/avatar\/517384810d242ca9e38c180f3c9fb973?s=96&d=mm&r=g","contentUrl":"https:\/\/secure.gravatar.com\/avatar\/517384810d242ca9e38c180f3c9fb973?s=96&d=mm&r=g","caption":"Administrador"},"url":"https:\/\/www.asajacyl.com\/palencia\/author\/carlosrm"}]}},"_links":{"self":[{"href":"https:\/\/www.asajacyl.com\/palencia\/wp-json\/wp\/v2\/posts\/12029"}],"collection":[{"href":"https:\/\/www.asajacyl.com\/palencia\/wp-json\/wp\/v2\/posts"}],"about":[{"href":"https:\/\/www.asajacyl.com\/palencia\/wp-json\/wp\/v2\/types\/post"}],"author":[{"embeddable":true,"href":"https:\/\/www.asajacyl.com\/palencia\/wp-json\/wp\/v2\/users\/9"}],"replies":[{"embeddable":true,"href":"https:\/\/www.asajacyl.com\/palencia\/wp-json\/wp\/v2\/comments?post=12029"}],"version-history":[{"count":2,"href":"https:\/\/www.asajacyl.com\/palencia\/wp-json\/wp\/v2\/posts\/12029\/revisions"}],"predecessor-version":[{"id":12031,"href":"https:\/\/www.asajacyl.com\/palencia\/wp-json\/wp\/v2\/posts\/12029\/revisions\/12031"}],"wp:featuredmedia":[{"embeddable":true,"href":"https:\/\/www.asajacyl.com\/palencia\/wp-json\/wp\/v2\/media\/11468"}],"wp:attachment":[{"href":"https:\/\/www.asajacyl.com\/palencia\/wp-json\/wp\/v2\/media?parent=12029"}],"wp:term":[{"taxonomy":"category","embeddable":true,"href":"https:\/\/www.asajacyl.com\/palencia\/wp-json\/wp\/v2\/categories?post=12029"},{"taxonomy":"post_tag","embeddable":true,"href":"https:\/\/www.asajacyl.com\/palencia\/wp-json\/wp\/v2\/tags?post=12029"}],"curies":[{"name":"wp","href":"https:\/\/api.w.org\/{rel}","templated":true}]}}