{"id":12033,"date":"2022-12-30T08:25:29","date_gmt":"2022-12-30T07:25:29","guid":{"rendered":"https:\/\/www.asajacyl.com\/palencia\/?p=12033"},"modified":"2022-12-30T08:26:14","modified_gmt":"2022-12-30T07:26:14","slug":"asaja-valora-las-ayudas-nacionales-al-sector-pero-critica-la-avalancha-de-normativa-que-esclaviza-a-los-agricultores-y-ganaderos","status":"publish","type":"post","link":"https:\/\/www.asajacyl.com\/palencia\/asaja-palencia-informa\/asaja-valora-las-ayudas-nacionales-al-sector-pero-critica-la-avalancha-de-normativa-que-esclaviza-a-los-agricultores-y-ganaderos","title":{"rendered":"ASAJA valora las ayudas nacionales al sector, pero critica la avalancha de normativa que esclaviza a los agricultores y ganaderos"},"content":{"rendered":"\n<p>ASAJA Castilla y Le\u00f3n ha analizado hoy la normativa que entra en vigor en enero de 2023, que implicar\u00e1 cambios muy importantes para los agricultores y ganaderos y que determinar\u00e1 el modelo productivo de nuestra Comunidad Aut\u00f3noma. Un entramado de burocracia cada vez m\u00e1s complejo criticado con dureza por el presidente de la OPA, Donaciano Dujo, quien ha subrayado que \u201cla agricultura para ser profesional y productiva tiene que ser libre, y nunca lo ha sido menos que ahora y peor nos lo van a poner, con una PAC nueva que nace vieja y que habr\u00eda que tirar a la basura\u201d. Sumando la normativa publicada en el BOE desde el pasado 24 de diciembre, son ya m\u00e1s de 1.000 folios, que repercutir\u00e1n en las explotaciones agr\u00edcolas y ganaderas de nuestro pa\u00eds.<\/p>\n\n\n\n<p>A la vez, el presidente de ASAJA Castilla y Le\u00f3n, acompa\u00f1ado por el secretario general, Jos\u00e9 Antonio Turrado, y la gerente regional, Nuria Ruiz, ha valorado positivamente las ayudas publicadas para aligerar las graves p\u00e9rdidas que ha acumulado el campo por culpa de la brutal subida de los costes de producci\u00f3n, en concreto el gas\u00f3leo agr\u00edcola y los fertilizantes. Seg\u00fan las estimaciones de ASAJA, Castilla y Le\u00f3n recibir\u00eda unos 220 millones de euros en total, 139 correspondientes al gas\u00f3leo B y otros 81 a los abonos, \u201cun apoyo que los agricultores agradecemos, pero que hay que recordar que cubre solo una parte de los cerca de 1000 millones de costes a mayores que hemos tenido que asumir en 2022\u201d, ha recalcado Donaciano Dujo.<\/p>\n\n\n\n<p>Aunque la cuant\u00eda de la ayuda depender\u00e1 de las hect\u00e1reas y de s\u00ed se trata de secano o regad\u00edo, como referencia para una explotaci\u00f3n media de 200 hect\u00e1reas de secano, la cantidad podr\u00eda rondar los 6.000 euros. \u201cNo es una ayuda que llegue del cielo, las cosas no vienen gratis, hay que pelearlas\u201d, ha afirmado Dujo, que ha recordado que en este 2022 ASAJA \u201cha sido motor de la reivindicaci\u00f3n del campo de Castilla y Le\u00f3n, con una continua presencia en las calles y una negociaci\u00f3n muy combativa en los despachos, que ha hecho mover voluntades pol\u00edticas y econ\u00f3micas\u201d.<\/p>\n\n\n\n<p>Tambi\u00e9n ha analizado ASAJA el contenido del real decreto publicado por el Gobierno que recoge buena parte de las reclamaciones de nuestra organizaci\u00f3n en los \u00faltimos a\u00f1os: cl\u00e1usula espejo para las importaciones de alimentos, seguro agrario cuando el regad\u00edo no disponga de agua, revisi\u00f3n de unos fondos de recuperaci\u00f3n y resiliencia que no est\u00e1n llegando al sector como debieran, compensar al campo de los costes que le suponga el cumplimiento de requisitos medioambientales de la PAC, mayor control de los da\u00f1os de la fauna salvaje en v\u00edas f\u00e9rreas y carreteras, quema de restos vegetales de poda, exenci\u00f3n fiscal de ayudas de ecoreg\u00edmenes (quedan pendientes las de ayudas por la guerra en Ucrania)\u2026 Tambi\u00e9n se incluye la doble tarifa el\u00e9ctrica, reclamaci\u00f3n continua de ASAJA \u201cy que esperamos que por fin el Gobierno cumpla y vea la luz. Todas estas medidas son positivas, nos suena bien la m\u00fasica, pero estaremos pendientes de que la letra tambi\u00e9n se cumpla, porque la mayor\u00eda queda pendiente de desarrollo. No vamos a permitir que todo quede en promesas pol\u00edticas en un a\u00f1o electoral\u201d, ha manifestado Donaciano Dujo.<\/p>\n\n\n\n<p>Respecto al IVA de los alimentos b\u00e1sicos, ASAJA entiende que es \u201cuna medida positiva, puesto que lo que no recauda el Estado llegar\u00e1 a los bolsillos de los consumidores, que tambi\u00e9n est\u00e1n en crisis\u201d, aunque la organizaci\u00f3n echa en falta que se extendiera esta rebaja impositiva tambi\u00e9n a la carne y al pescado. En este punto, el presidente de ASAJA Castilla y Le\u00f3n ha insistido en la necesidad de que el Gobierno aplique con rigor la Ley de la Cadena Alimentaria, para que ning\u00fan producto se venda por debajo de costes.<\/p>\n\n\n\n<p>Por \u00faltimo, el responsable de ASAJA Castilla y Le\u00f3n ha lamentado \u201cla par\u00e1lisis administrativa, econ\u00f3mica y pol\u00edtica de la Junta en materia agraria. Critica al Estado, pero hasta ahora el \u00fanico compromiso con el sector han sido 14,5 millones de euros para productores no cubiertos por las ayudas nacionales, dinero prometido hace meses y que todav\u00eda no est\u00e1 en la cuenta de los agricultores y ganaderos. El Gobierno regional, con su presidente a la cabeza, tiene que estar del lado del sector y no de perfil\u201d.<\/p>\n","protected":false},"excerpt":{"rendered":"<p>ASAJA Castilla y Le\u00f3n ha analizado hoy la normativa que entra en vigor en enero de 2023, que implicar\u00e1 cambios muy importantes para los agricultores y ganaderos y que determinar\u00e1 el modelo productivo de nuestra Comunidad Aut\u00f3noma. Un entramado de burocracia cada vez m\u00e1s complejo criticado con dureza por el presidente de la OPA, Donaciano [&hellip;]<\/p>\n","protected":false},"author":9,"featured_media":12037,"comment_status":"open","ping_status":"open","sticky":false,"template":"","format":"standard","meta":{"footnotes":""},"categories":[9,29,28],"tags":[],"yoast_head":"<!-- This site is optimized with the Yoast SEO plugin v24.5 - https:\/\/yoast.com\/wordpress\/plugins\/seo\/ -->\n<title>ASAJA valora las ayudas nacionales al sector, pero critica la avalancha de normativa que esclaviza a los agricultores y ganaderos - ASAJA Palencia<\/title>\n<meta name=\"description\" content=\"ASAJA Castilla y Le\u00f3n ha analizado hoy la normativa que entra en vigor en enero de 2023, que implicar\u00e1 cambios muy importantes para los agricultores y\" \/>\n<meta name=\"robots\" content=\"index, follow, max-snippet:-1, max-image-preview:large, max-video-preview:-1\" \/>\n<link rel=\"canonical\" href=\"https:\/\/www.asajacyl.com\/palencia\/asaja-palencia-informa\/asaja-valora-las-ayudas-nacionales-al-sector-pero-critica-la-avalancha-de-normativa-que-esclaviza-a-los-agricultores-y-ganaderos\" \/>\n<meta property=\"og:locale\" content=\"es_ES\" \/>\n<meta property=\"og:type\" content=\"article\" \/>\n<meta property=\"og:title\" content=\"ASAJA valora las ayudas nacionales al sector, pero critica la avalancha de normativa que esclaviza a los agricultores y ganaderos - ASAJA Palencia\" \/>\n<meta property=\"og:description\" content=\"ASAJA Castilla y Le\u00f3n ha analizado hoy la normativa que entra en vigor en enero de 2023, que implicar\u00e1 cambios muy importantes para los agricultores y\" \/>\n<meta property=\"og:url\" content=\"https:\/\/www.asajacyl.com\/palencia\/asaja-palencia-informa\/asaja-valora-las-ayudas-nacionales-al-sector-pero-critica-la-avalancha-de-normativa-que-esclaviza-a-los-agricultores-y-ganaderos\" \/>\n<meta property=\"og:site_name\" content=\"ASAJA Palencia\" \/>\n<meta property=\"article:published_time\" content=\"2022-12-30T07:25:29+00:00\" \/>\n<meta property=\"article:modified_time\" content=\"2022-12-30T07:26:14+00:00\" \/>\n<meta property=\"og:image\" content=\"https:\/\/www.asajacyl.com\/palencia\/wp-content\/uploads\/sites\/3\/2022\/12\/rueda-prensa-0-1024x576-1.jpg\" \/>\n\t<meta property=\"og:image:width\" content=\"1024\" \/>\n\t<meta property=\"og:image:height\" content=\"576\" \/>\n\t<meta property=\"og:image:type\" content=\"image\/jpeg\" \/>\n<meta name=\"author\" content=\"Administrador\" \/>\n<meta name=\"twitter:card\" content=\"summary_large_image\" \/>\n<meta name=\"twitter:label1\" content=\"Escrito por\" \/>\n\t<meta name=\"twitter:data1\" content=\"Administrador\" \/>\n\t<meta name=\"twitter:label2\" content=\"Tiempo de lectura\" \/>\n\t<meta name=\"twitter:data2\" content=\"4 minutos\" \/>\n<script type=\"application\/ld+json\" class=\"yoast-schema-graph\">{\"@context\":\"https:\/\/schema.org\",\"@graph\":[{\"@type\":\"WebPage\",\"@id\":\"https:\/\/www.asajacyl.com\/palencia\/asaja-palencia-informa\/asaja-valora-las-ayudas-nacionales-al-sector-pero-critica-la-avalancha-de-normativa-que-esclaviza-a-los-agricultores-y-ganaderos\",\"url\":\"https:\/\/www.asajacyl.com\/palencia\/asaja-palencia-informa\/asaja-valora-las-ayudas-nacionales-al-sector-pero-critica-la-avalancha-de-normativa-que-esclaviza-a-los-agricultores-y-ganaderos\",\"name\":\"ASAJA valora las ayudas nacionales al sector, pero critica la avalancha de normativa que esclaviza a los agricultores y ganaderos - ASAJA Palencia\",\"isPartOf\":{\"@id\":\"https:\/\/www.asajacyl.com\/palencia\/#website\"},\"primaryImageOfPage\":{\"@id\":\"https:\/\/www.asajacyl.com\/palencia\/asaja-palencia-informa\/asaja-valora-las-ayudas-nacionales-al-sector-pero-critica-la-avalancha-de-normativa-que-esclaviza-a-los-agricultores-y-ganaderos#primaryimage\"},\"image\":{\"@id\":\"https:\/\/www.asajacyl.com\/palencia\/asaja-palencia-informa\/asaja-valora-las-ayudas-nacionales-al-sector-pero-critica-la-avalancha-de-normativa-que-esclaviza-a-los-agricultores-y-ganaderos#primaryimage\"},\"thumbnailUrl\":\"https:\/\/www.asajacyl.com\/palencia\/wp-content\/uploads\/sites\/3\/2022\/12\/rueda-prensa-0-1024x576-1.jpg\",\"datePublished\":\"2022-12-30T07:25:29+00:00\",\"dateModified\":\"2022-12-30T07:26:14+00:00\",\"author\":{\"@id\":\"https:\/\/www.asajacyl.com\/palencia\/#\/schema\/person\/3ab17aeb03527485c317557fae64aab1\"},\"description\":\"ASAJA Castilla y Le\u00f3n ha analizado hoy la normativa que entra en vigor en enero de 2023, que implicar\u00e1 cambios muy importantes para los agricultores y\",\"breadcrumb\":{\"@id\":\"https:\/\/www.asajacyl.com\/palencia\/asaja-palencia-informa\/asaja-valora-las-ayudas-nacionales-al-sector-pero-critica-la-avalancha-de-normativa-que-esclaviza-a-los-agricultores-y-ganaderos#breadcrumb\"},\"inLanguage\":\"es\",\"potentialAction\":[{\"@type\":\"ReadAction\",\"target\":[\"https:\/\/www.asajacyl.com\/palencia\/asaja-palencia-informa\/asaja-valora-las-ayudas-nacionales-al-sector-pero-critica-la-avalancha-de-normativa-que-esclaviza-a-los-agricultores-y-ganaderos\"]}]},{\"@type\":\"ImageObject\",\"inLanguage\":\"es\",\"@id\":\"https:\/\/www.asajacyl.com\/palencia\/asaja-palencia-informa\/asaja-valora-las-ayudas-nacionales-al-sector-pero-critica-la-avalancha-de-normativa-que-esclaviza-a-los-agricultores-y-ganaderos#primaryimage\",\"url\":\"https:\/\/www.asajacyl.com\/palencia\/wp-content\/uploads\/sites\/3\/2022\/12\/rueda-prensa-0-1024x576-1.jpg\",\"contentUrl\":\"https:\/\/www.asajacyl.com\/palencia\/wp-content\/uploads\/sites\/3\/2022\/12\/rueda-prensa-0-1024x576-1.jpg\",\"width\":1024,\"height\":576},{\"@type\":\"BreadcrumbList\",\"@id\":\"https:\/\/www.asajacyl.com\/palencia\/asaja-palencia-informa\/asaja-valora-las-ayudas-nacionales-al-sector-pero-critica-la-avalancha-de-normativa-que-esclaviza-a-los-agricultores-y-ganaderos#breadcrumb\",\"itemListElement\":[{\"@type\":\"ListItem\",\"position\":1,\"name\":\"Portada\",\"item\":\"https:\/\/www.asajacyl.com\/palencia\/\"},{\"@type\":\"ListItem\",\"position\":2,\"name\":\"ASAJA valora las ayudas nacionales al sector, pero critica la avalancha de normativa que esclaviza a los agricultores y ganaderos\"}]},{\"@type\":\"WebSite\",\"@id\":\"https:\/\/www.asajacyl.com\/palencia\/#website\",\"url\":\"https:\/\/www.asajacyl.com\/palencia\/\",\"name\":\"ASAJA Palencia\",\"description\":\"Otro sitio m\u00e1s de Provincias ASAJA Castilla y Le\u00f3n\",\"potentialAction\":[{\"@type\":\"SearchAction\",\"target\":{\"@type\":\"EntryPoint\",\"urlTemplate\":\"https:\/\/www.asajacyl.com\/palencia\/?s={search_term_string}\"},\"query-input\":{\"@type\":\"PropertyValueSpecification\",\"valueRequired\":true,\"valueName\":\"search_term_string\"}}],\"inLanguage\":\"es\"},{\"@type\":\"Person\",\"@id\":\"https:\/\/www.asajacyl.com\/palencia\/#\/schema\/person\/3ab17aeb03527485c317557fae64aab1\",\"name\":\"Administrador\",\"image\":{\"@type\":\"ImageObject\",\"inLanguage\":\"es\",\"@id\":\"https:\/\/www.asajacyl.com\/palencia\/#\/schema\/person\/image\/\",\"url\":\"https:\/\/secure.gravatar.com\/avatar\/517384810d242ca9e38c180f3c9fb973?s=96&d=mm&r=g\",\"contentUrl\":\"https:\/\/secure.gravatar.com\/avatar\/517384810d242ca9e38c180f3c9fb973?s=96&d=mm&r=g\",\"caption\":\"Administrador\"},\"url\":\"https:\/\/www.asajacyl.com\/palencia\/author\/carlosrm\"}]}<\/script>\n<!-- \/ Yoast SEO plugin. -->","yoast_head_json":{"title":"ASAJA valora las ayudas nacionales al sector, pero critica la avalancha de normativa que esclaviza a los agricultores y ganaderos - ASAJA Palencia","description":"ASAJA Castilla y Le\u00f3n ha analizado hoy la normativa que entra en vigor en enero de 2023, que implicar\u00e1 cambios muy importantes para los agricultores y","robots":{"index":"index","follow":"follow","max-snippet":"max-snippet:-1","max-image-preview":"max-image-preview:large","max-video-preview":"max-video-preview:-1"},"canonical":"https:\/\/www.asajacyl.com\/palencia\/asaja-palencia-informa\/asaja-valora-las-ayudas-nacionales-al-sector-pero-critica-la-avalancha-de-normativa-que-esclaviza-a-los-agricultores-y-ganaderos","og_locale":"es_ES","og_type":"article","og_title":"ASAJA valora las ayudas nacionales al sector, pero critica la avalancha de normativa que esclaviza a los agricultores y ganaderos - ASAJA Palencia","og_description":"ASAJA Castilla y Le\u00f3n ha analizado hoy la normativa que entra en vigor en enero de 2023, que implicar\u00e1 cambios muy importantes para los agricultores y","og_url":"https:\/\/www.asajacyl.com\/palencia\/asaja-palencia-informa\/asaja-valora-las-ayudas-nacionales-al-sector-pero-critica-la-avalancha-de-normativa-que-esclaviza-a-los-agricultores-y-ganaderos","og_site_name":"ASAJA Palencia","article_published_time":"2022-12-30T07:25:29+00:00","article_modified_time":"2022-12-30T07:26:14+00:00","og_image":[{"width":1024,"height":576,"url":"https:\/\/www.asajacyl.com\/palencia\/wp-content\/uploads\/sites\/3\/2022\/12\/rueda-prensa-0-1024x576-1.jpg","type":"image\/jpeg"}],"author":"Administrador","twitter_card":"summary_large_image","twitter_misc":{"Escrito por":"Administrador","Tiempo de lectura":"4 minutos"},"schema":{"@context":"https:\/\/schema.org","@graph":[{"@type":"WebPage","@id":"https:\/\/www.asajacyl.com\/palencia\/asaja-palencia-informa\/asaja-valora-las-ayudas-nacionales-al-sector-pero-critica-la-avalancha-de-normativa-que-esclaviza-a-los-agricultores-y-ganaderos","url":"https:\/\/www.asajacyl.com\/palencia\/asaja-palencia-informa\/asaja-valora-las-ayudas-nacionales-al-sector-pero-critica-la-avalancha-de-normativa-que-esclaviza-a-los-agricultores-y-ganaderos","name":"ASAJA valora las ayudas nacionales al sector, pero critica la avalancha de normativa que esclaviza a los agricultores y ganaderos - ASAJA Palencia","isPartOf":{"@id":"https:\/\/www.asajacyl.com\/palencia\/#website"},"primaryImageOfPage":{"@id":"https:\/\/www.asajacyl.com\/palencia\/asaja-palencia-informa\/asaja-valora-las-ayudas-nacionales-al-sector-pero-critica-la-avalancha-de-normativa-que-esclaviza-a-los-agricultores-y-ganaderos#primaryimage"},"image":{"@id":"https:\/\/www.asajacyl.com\/palencia\/asaja-palencia-informa\/asaja-valora-las-ayudas-nacionales-al-sector-pero-critica-la-avalancha-de-normativa-que-esclaviza-a-los-agricultores-y-ganaderos#primaryimage"},"thumbnailUrl":"https:\/\/www.asajacyl.com\/palencia\/wp-content\/uploads\/sites\/3\/2022\/12\/rueda-prensa-0-1024x576-1.jpg","datePublished":"2022-12-30T07:25:29+00:00","dateModified":"2022-12-30T07:26:14+00:00","author":{"@id":"https:\/\/www.asajacyl.com\/palencia\/#\/schema\/person\/3ab17aeb03527485c317557fae64aab1"},"description":"ASAJA Castilla y Le\u00f3n ha analizado hoy la normativa que entra en vigor en enero de 2023, que implicar\u00e1 cambios muy importantes para los agricultores y","breadcrumb":{"@id":"https:\/\/www.asajacyl.com\/palencia\/asaja-palencia-informa\/asaja-valora-las-ayudas-nacionales-al-sector-pero-critica-la-avalancha-de-normativa-que-esclaviza-a-los-agricultores-y-ganaderos#breadcrumb"},"inLanguage":"es","potentialAction":[{"@type":"ReadAction","target":["https:\/\/www.asajacyl.com\/palencia\/asaja-palencia-informa\/asaja-valora-las-ayudas-nacionales-al-sector-pero-critica-la-avalancha-de-normativa-que-esclaviza-a-los-agricultores-y-ganaderos"]}]},{"@type":"ImageObject","inLanguage":"es","@id":"https:\/\/www.asajacyl.com\/palencia\/asaja-palencia-informa\/asaja-valora-las-ayudas-nacionales-al-sector-pero-critica-la-avalancha-de-normativa-que-esclaviza-a-los-agricultores-y-ganaderos#primaryimage","url":"https:\/\/www.asajacyl.com\/palencia\/wp-content\/uploads\/sites\/3\/2022\/12\/rueda-prensa-0-1024x576-1.jpg","contentUrl":"https:\/\/www.asajacyl.com\/palencia\/wp-content\/uploads\/sites\/3\/2022\/12\/rueda-prensa-0-1024x576-1.jpg","width":1024,"height":576},{"@type":"BreadcrumbList","@id":"https:\/\/www.asajacyl.com\/palencia\/asaja-palencia-informa\/asaja-valora-las-ayudas-nacionales-al-sector-pero-critica-la-avalancha-de-normativa-que-esclaviza-a-los-agricultores-y-ganaderos#breadcrumb","itemListElement":[{"@type":"ListItem","position":1,"name":"Portada","item":"https:\/\/www.asajacyl.com\/palencia\/"},{"@type":"ListItem","position":2,"name":"ASAJA valora las ayudas nacionales al sector, pero critica la avalancha de normativa que esclaviza a los agricultores y ganaderos"}]},{"@type":"WebSite","@id":"https:\/\/www.asajacyl.com\/palencia\/#website","url":"https:\/\/www.asajacyl.com\/palencia\/","name":"ASAJA Palencia","description":"Otro sitio m\u00e1s de Provincias ASAJA Castilla y Le\u00f3n","potentialAction":[{"@type":"SearchAction","target":{"@type":"EntryPoint","urlTemplate":"https:\/\/www.asajacyl.com\/palencia\/?s={search_term_string}"},"query-input":{"@type":"PropertyValueSpecification","valueRequired":true,"valueName":"search_term_string"}}],"inLanguage":"es"},{"@type":"Person","@id":"https:\/\/www.asajacyl.com\/palencia\/#\/schema\/person\/3ab17aeb03527485c317557fae64aab1","name":"Administrador","image":{"@type":"ImageObject","inLanguage":"es","@id":"https:\/\/www.asajacyl.com\/palencia\/#\/schema\/person\/image\/","url":"https:\/\/secure.gravatar.com\/avatar\/517384810d242ca9e38c180f3c9fb973?s=96&d=mm&r=g","contentUrl":"https:\/\/secure.gravatar.com\/avatar\/517384810d242ca9e38c180f3c9fb973?s=96&d=mm&r=g","caption":"Administrador"},"url":"https:\/\/www.asajacyl.com\/palencia\/author\/carlosrm"}]}},"_links":{"self":[{"href":"https:\/\/www.asajacyl.com\/palencia\/wp-json\/wp\/v2\/posts\/12033"}],"collection":[{"href":"https:\/\/www.asajacyl.com\/palencia\/wp-json\/wp\/v2\/posts"}],"about":[{"href":"https:\/\/www.asajacyl.com\/palencia\/wp-json\/wp\/v2\/types\/post"}],"author":[{"embeddable":true,"href":"https:\/\/www.asajacyl.com\/palencia\/wp-json\/wp\/v2\/users\/9"}],"replies":[{"embeddable":true,"href":"https:\/\/www.asajacyl.com\/palencia\/wp-json\/wp\/v2\/comments?post=12033"}],"version-history":[{"count":1,"href":"https:\/\/www.asajacyl.com\/palencia\/wp-json\/wp\/v2\/posts\/12033\/revisions"}],"predecessor-version":[{"id":12036,"href":"https:\/\/www.asajacyl.com\/palencia\/wp-json\/wp\/v2\/posts\/12033\/revisions\/12036"}],"wp:featuredmedia":[{"embeddable":true,"href":"https:\/\/www.asajacyl.com\/palencia\/wp-json\/wp\/v2\/media\/12037"}],"wp:attachment":[{"href":"https:\/\/www.asajacyl.com\/palencia\/wp-json\/wp\/v2\/media?parent=12033"}],"wp:term":[{"taxonomy":"category","embeddable":true,"href":"https:\/\/www.asajacyl.com\/palencia\/wp-json\/wp\/v2\/categories?post=12033"},{"taxonomy":"post_tag","embeddable":true,"href":"https:\/\/www.asajacyl.com\/palencia\/wp-json\/wp\/v2\/tags?post=12033"}],"curies":[{"name":"wp","href":"https:\/\/api.w.org\/{rel}","templated":true}]}}