{"id":12045,"date":"2023-01-03T10:14:51","date_gmt":"2023-01-03T09:14:51","guid":{"rendered":"https:\/\/www.asajacyl.com\/palencia\/?p=12045"},"modified":"2023-01-03T12:31:35","modified_gmt":"2023-01-03T11:31:35","slug":"los-reyes-magos-visitaran-asaja-palencia-el-dia-5-de-enero","status":"publish","type":"post","link":"https:\/\/www.asajacyl.com\/palencia\/asaja-palencia-informa\/los-reyes-magos-visitaran-asaja-palencia-el-dia-5-de-enero","title":{"rendered":"Los Reyes Magos visitar\u00e1n ASAJA-Palencia el d\u00eda 5 de enero"},"content":{"rendered":"\n<p>Recientemente ha llegado a la oficina de ASAJA-Palencia una misiva enviada por los Reyes Magos de Oriente el la que avisaban de su presencia y la de sus pajes reales en Palencia el d\u00eda 5 de enero para recibir a los ni\u00f1os en las oficinas de ASAJA como en anteriores ocasiones. Esta visita ha estado dos a\u00f1os sin producirse debido a la pandemia de Covid.<\/p>\n\n\n\n<p>Las aulas de formaci\u00f3n de ASAJA-Palencia ya est\u00e1n engalanadas para esta visita tan se\u00f1alada y esperamos cumplir con las espectativas de los Reyes y pajes. Desde nuestra asociaci\u00f3n invitamos a todos los ni\u00f1os de ASAJA a que vengan a ver a los Reyes e incluso pueden traerles sus cartas.<\/p>\n\n\n\n<p>Los Reyes estar\u00e1n en las aulas de formaci\u00f3n de ASAJA-Palencia el d\u00eda 5 de enero de 16:00 a 18:00 horas. A continuaci\u00f3n el s\u00e9quito real se dirigir\u00e1 al Campo de la Juventud, desde donde iniciar\u00e1n a las 18:30 horas la gran cabalgata que recorrer\u00e1 las calles de la capital palentina.<\/p>\n","protected":false},"excerpt":{"rendered":"<p>Recientemente ha llegado a la oficina de ASAJA-Palencia una misiva enviada por los Reyes Magos de Oriente el la que avisaban de su presencia y la de sus pajes reales en Palencia el d\u00eda 5 de enero para recibir a los ni\u00f1os en las oficinas de ASAJA como en anteriores ocasiones. Esta visita ha estado [&hellip;]<\/p>\n","protected":false},"author":9,"featured_media":1553,"comment_status":"open","ping_status":"open","sticky":false,"template":"","format":"standard","meta":{"footnotes":""},"categories":[9,28],"tags":[],"yoast_head":"<!-- This site is optimized with the Yoast SEO plugin v24.5 - https:\/\/yoast.com\/wordpress\/plugins\/seo\/ -->\n<title>Los Reyes Magos visitar\u00e1n ASAJA-Palencia el d\u00eda 5 de enero - ASAJA Palencia<\/title>\n<meta name=\"description\" content=\"Recientemente ha llegado a la oficina de ASAJA-Palencia una misiva enviada por los Reyes Magos de Oriente el la que avisaban de su presencia y la de sus\" \/>\n<meta name=\"robots\" content=\"index, follow, max-snippet:-1, max-image-preview:large, max-video-preview:-1\" \/>\n<link rel=\"canonical\" href=\"https:\/\/www.asajacyl.com\/palencia\/asaja-palencia-informa\/los-reyes-magos-visitaran-asaja-palencia-el-dia-5-de-enero\" \/>\n<meta property=\"og:locale\" content=\"es_ES\" \/>\n<meta property=\"og:type\" content=\"article\" \/>\n<meta property=\"og:title\" content=\"Los Reyes Magos visitar\u00e1n ASAJA-Palencia el d\u00eda 5 de enero - ASAJA Palencia\" \/>\n<meta property=\"og:description\" content=\"Recientemente ha llegado a la oficina de ASAJA-Palencia una misiva enviada por los Reyes Magos de Oriente el la que avisaban de su presencia y la de sus\" \/>\n<meta property=\"og:url\" content=\"https:\/\/www.asajacyl.com\/palencia\/asaja-palencia-informa\/los-reyes-magos-visitaran-asaja-palencia-el-dia-5-de-enero\" \/>\n<meta property=\"og:site_name\" content=\"ASAJA Palencia\" \/>\n<meta property=\"article:published_time\" content=\"2023-01-03T09:14:51+00:00\" \/>\n<meta property=\"article:modified_time\" content=\"2023-01-03T11:31:35+00:00\" \/>\n<meta property=\"og:image\" content=\"https:\/\/www.asajacyl.com\/palencia\/wp-content\/uploads\/sites\/3\/2017\/11\/fotoreyesmagosparalaweb2015-1024x768.jpg\" \/>\n\t<meta property=\"og:image:width\" content=\"1024\" \/>\n\t<meta property=\"og:image:height\" content=\"768\" \/>\n\t<meta property=\"og:image:type\" content=\"image\/jpeg\" \/>\n<meta name=\"author\" content=\"Administrador\" \/>\n<meta name=\"twitter:card\" content=\"summary_large_image\" \/>\n<meta name=\"twitter:label1\" content=\"Escrito por\" \/>\n\t<meta name=\"twitter:data1\" content=\"Administrador\" \/>\n\t<meta name=\"twitter:label2\" content=\"Tiempo de lectura\" \/>\n\t<meta name=\"twitter:data2\" content=\"1 minuto\" \/>\n<script type=\"application\/ld+json\" class=\"yoast-schema-graph\">{\"@context\":\"https:\/\/schema.org\",\"@graph\":[{\"@type\":\"WebPage\",\"@id\":\"https:\/\/www.asajacyl.com\/palencia\/asaja-palencia-informa\/los-reyes-magos-visitaran-asaja-palencia-el-dia-5-de-enero\",\"url\":\"https:\/\/www.asajacyl.com\/palencia\/asaja-palencia-informa\/los-reyes-magos-visitaran-asaja-palencia-el-dia-5-de-enero\",\"name\":\"Los Reyes Magos visitar\u00e1n ASAJA-Palencia el d\u00eda 5 de enero - ASAJA Palencia\",\"isPartOf\":{\"@id\":\"https:\/\/www.asajacyl.com\/palencia\/#website\"},\"primaryImageOfPage\":{\"@id\":\"https:\/\/www.asajacyl.com\/palencia\/asaja-palencia-informa\/los-reyes-magos-visitaran-asaja-palencia-el-dia-5-de-enero#primaryimage\"},\"image\":{\"@id\":\"https:\/\/www.asajacyl.com\/palencia\/asaja-palencia-informa\/los-reyes-magos-visitaran-asaja-palencia-el-dia-5-de-enero#primaryimage\"},\"thumbnailUrl\":\"https:\/\/www.asajacyl.com\/palencia\/wp-content\/uploads\/sites\/3\/2017\/11\/fotoreyesmagosparalaweb2015.jpg\",\"datePublished\":\"2023-01-03T09:14:51+00:00\",\"dateModified\":\"2023-01-03T11:31:35+00:00\",\"author\":{\"@id\":\"https:\/\/www.asajacyl.com\/palencia\/#\/schema\/person\/3ab17aeb03527485c317557fae64aab1\"},\"description\":\"Recientemente ha llegado a la oficina de ASAJA-Palencia una misiva enviada por los Reyes Magos de Oriente el la que avisaban de su presencia y la de sus\",\"breadcrumb\":{\"@id\":\"https:\/\/www.asajacyl.com\/palencia\/asaja-palencia-informa\/los-reyes-magos-visitaran-asaja-palencia-el-dia-5-de-enero#breadcrumb\"},\"inLanguage\":\"es\",\"potentialAction\":[{\"@type\":\"ReadAction\",\"target\":[\"https:\/\/www.asajacyl.com\/palencia\/asaja-palencia-informa\/los-reyes-magos-visitaran-asaja-palencia-el-dia-5-de-enero\"]}]},{\"@type\":\"ImageObject\",\"inLanguage\":\"es\",\"@id\":\"https:\/\/www.asajacyl.com\/palencia\/asaja-palencia-informa\/los-reyes-magos-visitaran-asaja-palencia-el-dia-5-de-enero#primaryimage\",\"url\":\"https:\/\/www.asajacyl.com\/palencia\/wp-content\/uploads\/sites\/3\/2017\/11\/fotoreyesmagosparalaweb2015.jpg\",\"contentUrl\":\"https:\/\/www.asajacyl.com\/palencia\/wp-content\/uploads\/sites\/3\/2017\/11\/fotoreyesmagosparalaweb2015.jpg\",\"width\":3072,\"height\":2304},{\"@type\":\"BreadcrumbList\",\"@id\":\"https:\/\/www.asajacyl.com\/palencia\/asaja-palencia-informa\/los-reyes-magos-visitaran-asaja-palencia-el-dia-5-de-enero#breadcrumb\",\"itemListElement\":[{\"@type\":\"ListItem\",\"position\":1,\"name\":\"Portada\",\"item\":\"https:\/\/www.asajacyl.com\/palencia\/\"},{\"@type\":\"ListItem\",\"position\":2,\"name\":\"Los Reyes Magos visitar\u00e1n ASAJA-Palencia el d\u00eda 5 de enero\"}]},{\"@type\":\"WebSite\",\"@id\":\"https:\/\/www.asajacyl.com\/palencia\/#website\",\"url\":\"https:\/\/www.asajacyl.com\/palencia\/\",\"name\":\"ASAJA Palencia\",\"description\":\"Otro sitio m\u00e1s de Provincias ASAJA Castilla y Le\u00f3n\",\"potentialAction\":[{\"@type\":\"SearchAction\",\"target\":{\"@type\":\"EntryPoint\",\"urlTemplate\":\"https:\/\/www.asajacyl.com\/palencia\/?s={search_term_string}\"},\"query-input\":{\"@type\":\"PropertyValueSpecification\",\"valueRequired\":true,\"valueName\":\"search_term_string\"}}],\"inLanguage\":\"es\"},{\"@type\":\"Person\",\"@id\":\"https:\/\/www.asajacyl.com\/palencia\/#\/schema\/person\/3ab17aeb03527485c317557fae64aab1\",\"name\":\"Administrador\",\"image\":{\"@type\":\"ImageObject\",\"inLanguage\":\"es\",\"@id\":\"https:\/\/www.asajacyl.com\/palencia\/#\/schema\/person\/image\/\",\"url\":\"https:\/\/secure.gravatar.com\/avatar\/517384810d242ca9e38c180f3c9fb973?s=96&d=mm&r=g\",\"contentUrl\":\"https:\/\/secure.gravatar.com\/avatar\/517384810d242ca9e38c180f3c9fb973?s=96&d=mm&r=g\",\"caption\":\"Administrador\"},\"url\":\"https:\/\/www.asajacyl.com\/palencia\/author\/carlosrm\"}]}<\/script>\n<!-- \/ Yoast SEO plugin. -->","yoast_head_json":{"title":"Los Reyes Magos visitar\u00e1n ASAJA-Palencia el d\u00eda 5 de enero - ASAJA Palencia","description":"Recientemente ha llegado a la oficina de ASAJA-Palencia una misiva enviada por los Reyes Magos de Oriente el la que avisaban de su presencia y la de sus","robots":{"index":"index","follow":"follow","max-snippet":"max-snippet:-1","max-image-preview":"max-image-preview:large","max-video-preview":"max-video-preview:-1"},"canonical":"https:\/\/www.asajacyl.com\/palencia\/asaja-palencia-informa\/los-reyes-magos-visitaran-asaja-palencia-el-dia-5-de-enero","og_locale":"es_ES","og_type":"article","og_title":"Los Reyes Magos visitar\u00e1n ASAJA-Palencia el d\u00eda 5 de enero - ASAJA Palencia","og_description":"Recientemente ha llegado a la oficina de ASAJA-Palencia una misiva enviada por los Reyes Magos de Oriente el la que avisaban de su presencia y la de sus","og_url":"https:\/\/www.asajacyl.com\/palencia\/asaja-palencia-informa\/los-reyes-magos-visitaran-asaja-palencia-el-dia-5-de-enero","og_site_name":"ASAJA Palencia","article_published_time":"2023-01-03T09:14:51+00:00","article_modified_time":"2023-01-03T11:31:35+00:00","og_image":[{"width":1024,"height":768,"url":"https:\/\/www.asajacyl.com\/palencia\/wp-content\/uploads\/sites\/3\/2017\/11\/fotoreyesmagosparalaweb2015-1024x768.jpg","type":"image\/jpeg"}],"author":"Administrador","twitter_card":"summary_large_image","twitter_misc":{"Escrito por":"Administrador","Tiempo de lectura":"1 minuto"},"schema":{"@context":"https:\/\/schema.org","@graph":[{"@type":"WebPage","@id":"https:\/\/www.asajacyl.com\/palencia\/asaja-palencia-informa\/los-reyes-magos-visitaran-asaja-palencia-el-dia-5-de-enero","url":"https:\/\/www.asajacyl.com\/palencia\/asaja-palencia-informa\/los-reyes-magos-visitaran-asaja-palencia-el-dia-5-de-enero","name":"Los Reyes Magos visitar\u00e1n ASAJA-Palencia el d\u00eda 5 de enero - ASAJA Palencia","isPartOf":{"@id":"https:\/\/www.asajacyl.com\/palencia\/#website"},"primaryImageOfPage":{"@id":"https:\/\/www.asajacyl.com\/palencia\/asaja-palencia-informa\/los-reyes-magos-visitaran-asaja-palencia-el-dia-5-de-enero#primaryimage"},"image":{"@id":"https:\/\/www.asajacyl.com\/palencia\/asaja-palencia-informa\/los-reyes-magos-visitaran-asaja-palencia-el-dia-5-de-enero#primaryimage"},"thumbnailUrl":"https:\/\/www.asajacyl.com\/palencia\/wp-content\/uploads\/sites\/3\/2017\/11\/fotoreyesmagosparalaweb2015.jpg","datePublished":"2023-01-03T09:14:51+00:00","dateModified":"2023-01-03T11:31:35+00:00","author":{"@id":"https:\/\/www.asajacyl.com\/palencia\/#\/schema\/person\/3ab17aeb03527485c317557fae64aab1"},"description":"Recientemente ha llegado a la oficina de ASAJA-Palencia una misiva enviada por los Reyes Magos de Oriente el la que avisaban de su presencia y la de sus","breadcrumb":{"@id":"https:\/\/www.asajacyl.com\/palencia\/asaja-palencia-informa\/los-reyes-magos-visitaran-asaja-palencia-el-dia-5-de-enero#breadcrumb"},"inLanguage":"es","potentialAction":[{"@type":"ReadAction","target":["https:\/\/www.asajacyl.com\/palencia\/asaja-palencia-informa\/los-reyes-magos-visitaran-asaja-palencia-el-dia-5-de-enero"]}]},{"@type":"ImageObject","inLanguage":"es","@id":"https:\/\/www.asajacyl.com\/palencia\/asaja-palencia-informa\/los-reyes-magos-visitaran-asaja-palencia-el-dia-5-de-enero#primaryimage","url":"https:\/\/www.asajacyl.com\/palencia\/wp-content\/uploads\/sites\/3\/2017\/11\/fotoreyesmagosparalaweb2015.jpg","contentUrl":"https:\/\/www.asajacyl.com\/palencia\/wp-content\/uploads\/sites\/3\/2017\/11\/fotoreyesmagosparalaweb2015.jpg","width":3072,"height":2304},{"@type":"BreadcrumbList","@id":"https:\/\/www.asajacyl.com\/palencia\/asaja-palencia-informa\/los-reyes-magos-visitaran-asaja-palencia-el-dia-5-de-enero#breadcrumb","itemListElement":[{"@type":"ListItem","position":1,"name":"Portada","item":"https:\/\/www.asajacyl.com\/palencia\/"},{"@type":"ListItem","position":2,"name":"Los Reyes Magos visitar\u00e1n ASAJA-Palencia el d\u00eda 5 de enero"}]},{"@type":"WebSite","@id":"https:\/\/www.asajacyl.com\/palencia\/#website","url":"https:\/\/www.asajacyl.com\/palencia\/","name":"ASAJA Palencia","description":"Otro sitio m\u00e1s de Provincias ASAJA Castilla y Le\u00f3n","potentialAction":[{"@type":"SearchAction","target":{"@type":"EntryPoint","urlTemplate":"https:\/\/www.asajacyl.com\/palencia\/?s={search_term_string}"},"query-input":{"@type":"PropertyValueSpecification","valueRequired":true,"valueName":"search_term_string"}}],"inLanguage":"es"},{"@type":"Person","@id":"https:\/\/www.asajacyl.com\/palencia\/#\/schema\/person\/3ab17aeb03527485c317557fae64aab1","name":"Administrador","image":{"@type":"ImageObject","inLanguage":"es","@id":"https:\/\/www.asajacyl.com\/palencia\/#\/schema\/person\/image\/","url":"https:\/\/secure.gravatar.com\/avatar\/517384810d242ca9e38c180f3c9fb973?s=96&d=mm&r=g","contentUrl":"https:\/\/secure.gravatar.com\/avatar\/517384810d242ca9e38c180f3c9fb973?s=96&d=mm&r=g","caption":"Administrador"},"url":"https:\/\/www.asajacyl.com\/palencia\/author\/carlosrm"}]}},"_links":{"self":[{"href":"https:\/\/www.asajacyl.com\/palencia\/wp-json\/wp\/v2\/posts\/12045"}],"collection":[{"href":"https:\/\/www.asajacyl.com\/palencia\/wp-json\/wp\/v2\/posts"}],"about":[{"href":"https:\/\/www.asajacyl.com\/palencia\/wp-json\/wp\/v2\/types\/post"}],"author":[{"embeddable":true,"href":"https:\/\/www.asajacyl.com\/palencia\/wp-json\/wp\/v2\/users\/9"}],"replies":[{"embeddable":true,"href":"https:\/\/www.asajacyl.com\/palencia\/wp-json\/wp\/v2\/comments?post=12045"}],"version-history":[{"count":1,"href":"https:\/\/www.asajacyl.com\/palencia\/wp-json\/wp\/v2\/posts\/12045\/revisions"}],"predecessor-version":[{"id":12046,"href":"https:\/\/www.asajacyl.com\/palencia\/wp-json\/wp\/v2\/posts\/12045\/revisions\/12046"}],"wp:featuredmedia":[{"embeddable":true,"href":"https:\/\/www.asajacyl.com\/palencia\/wp-json\/wp\/v2\/media\/1553"}],"wp:attachment":[{"href":"https:\/\/www.asajacyl.com\/palencia\/wp-json\/wp\/v2\/media?parent=12045"}],"wp:term":[{"taxonomy":"category","embeddable":true,"href":"https:\/\/www.asajacyl.com\/palencia\/wp-json\/wp\/v2\/categories?post=12045"},{"taxonomy":"post_tag","embeddable":true,"href":"https:\/\/www.asajacyl.com\/palencia\/wp-json\/wp\/v2\/tags?post=12045"}],"curies":[{"name":"wp","href":"https:\/\/api.w.org\/{rel}","templated":true}]}}