{"id":12054,"date":"2023-01-05T13:58:23","date_gmt":"2023-01-05T12:58:23","guid":{"rendered":"https:\/\/www.asajacyl.com\/palencia\/?p=12054"},"modified":"2023-01-04T13:58:50","modified_gmt":"2023-01-04T12:58:50","slug":"fallado-el-concurso-de-cuentos-de-asaja-palencia","status":"publish","type":"post","link":"https:\/\/www.asajacyl.com\/palencia\/asaja-palencia-informa\/fallado-el-concurso-de-cuentos-de-asaja-palencia","title":{"rendered":"Fallado el concurso de cuentos de ASAJA-Palencia"},"content":{"rendered":"\n<p>El jurado del concurso del tradicional concurso de cuentos de Navidad en el medio rural que cada a\u00f1o convoca ASAJA Palencia ha dado a conocer hoy su fallo.<\/p>\n\n\n\n<p>El esfuerzo que requiere redactar es mucho. Hay que tener una idea, algo que no siempre llega con facilidad, y adem\u00e1s saber plasmarla en en el papel. Adem\u00e1s, participar en el concurso de cuentos de ASAJA es algo voluntario, lo que hace que tenga much\u00edsimo m\u00e1s valor todo el trabajo realizado por estos ni\u00f1os y el tiempo e ilusi\u00f3n que le han dedicado, motivo por el que todos ellos son merecedores de un enorme reconocimiento.<\/p>\n\n\n\n<p>Tras la dif\u00edcil deliberaci\u00f3n del jurado, los tres premiados han sido los siguientes:<\/p>\n\n\n\n<ul>\n<li>Daniela Atienza, de Palencia y con siete a\u00f1os de edad, por su cuento \u00abDaniela salva la Navidad\u00bb, donde Pap\u00e1 Noel tiene un problema t\u00e9cnico con su trineo que se resuelve con la colaboraci\u00f3n de Daniela y el tractor de su padre.<\/li>\n\n\n\n<li>Sara Dur\u00e1ntez, de Villap\u00fan y con ocho a\u00f1os de edad, por su obra \u00abEl bel\u00e9n m\u00e1s bonito del pueblo\u00bb en el que se cuenta la historia de Margarita, que con su esfuerzo e ilusi\u00f3n consigue un aut\u00e9ntico bel\u00e9n viviente, el mejor de toda Castilla y Le\u00f3n.<\/li>\n\n\n\n<li>Vania P\u00e9rez, de Palencia y con 10 a\u00f1os, por su narraci\u00f3n \u00abEl pozo de la Navidad\u00bb en la que rescata la historia pasada de un pueblo y enfatiza la amistad.<\/li>\n<\/ul>\n\n\n\n<p>Pr\u00f3ximamente ASAJA se pondr\u00e1 en contacto con los premiados y se les entregar\u00e1 su regalo en las oficinas de ASAJA cuando pasen a recogerlo. Adem\u00e1s, tambi\u00e9n se contactar\u00e1 con el resto de participantes, los cuales tendr\u00e1n un peque\u00f1o obsequio en agradecimiento a su participaci\u00f3n que tambi\u00e9n podr\u00e1n recoger en las oficinas de ASAJA.<\/p>\n","protected":false},"excerpt":{"rendered":"<p>El jurado del concurso del tradicional concurso de cuentos de Navidad en el medio rural que cada a\u00f1o convoca ASAJA Palencia ha dado a conocer hoy su fallo. El esfuerzo que requiere redactar es mucho. Hay que tener una idea, algo que no siempre llega con facilidad, y adem\u00e1s saber plasmarla en en el papel. [&hellip;]<\/p>\n","protected":false},"author":9,"featured_media":7823,"comment_status":"open","ping_status":"open","sticky":false,"template":"","format":"standard","meta":{"footnotes":""},"categories":[9,29,28],"tags":[],"yoast_head":"<!-- This site is optimized with the Yoast SEO plugin v24.5 - https:\/\/yoast.com\/wordpress\/plugins\/seo\/ -->\n<title>Fallado el concurso de cuentos de ASAJA-Palencia - ASAJA Palencia<\/title>\n<meta name=\"description\" content=\"El jurado del concurso del tradicional concurso de cuentos de Navidad en el medio rural que cada a\u00f1o convoca ASAJA Palencia ha dado a conocer hoy su\" \/>\n<meta name=\"robots\" content=\"index, follow, max-snippet:-1, max-image-preview:large, max-video-preview:-1\" \/>\n<link rel=\"canonical\" href=\"https:\/\/www.asajacyl.com\/palencia\/asaja-palencia-informa\/fallado-el-concurso-de-cuentos-de-asaja-palencia\" \/>\n<meta property=\"og:locale\" content=\"es_ES\" \/>\n<meta property=\"og:type\" content=\"article\" \/>\n<meta property=\"og:title\" content=\"Fallado el concurso de cuentos de ASAJA-Palencia - ASAJA Palencia\" \/>\n<meta property=\"og:description\" content=\"El jurado del concurso del tradicional concurso de cuentos de Navidad en el medio rural que cada a\u00f1o convoca ASAJA Palencia ha dado a conocer hoy su\" \/>\n<meta property=\"og:url\" content=\"https:\/\/www.asajacyl.com\/palencia\/asaja-palencia-informa\/fallado-el-concurso-de-cuentos-de-asaja-palencia\" \/>\n<meta property=\"og:site_name\" content=\"ASAJA Palencia\" \/>\n<meta property=\"article:published_time\" content=\"2023-01-05T12:58:23+00:00\" \/>\n<meta property=\"og:image\" content=\"https:\/\/www.asajacyl.com\/palencia\/wp-content\/uploads\/sites\/3\/2020\/12\/nino-carta-navidad-c_0.jpg\" \/>\n\t<meta property=\"og:image:width\" content=\"760\" \/>\n\t<meta property=\"og:image:height\" content=\"570\" \/>\n\t<meta property=\"og:image:type\" content=\"image\/jpeg\" \/>\n<meta name=\"author\" content=\"Administrador\" \/>\n<meta name=\"twitter:card\" content=\"summary_large_image\" \/>\n<meta name=\"twitter:label1\" content=\"Escrito por\" \/>\n\t<meta name=\"twitter:data1\" content=\"Administrador\" \/>\n\t<meta name=\"twitter:label2\" content=\"Tiempo de lectura\" \/>\n\t<meta name=\"twitter:data2\" content=\"2 minutos\" \/>\n<script type=\"application\/ld+json\" class=\"yoast-schema-graph\">{\"@context\":\"https:\/\/schema.org\",\"@graph\":[{\"@type\":\"WebPage\",\"@id\":\"https:\/\/www.asajacyl.com\/palencia\/asaja-palencia-informa\/fallado-el-concurso-de-cuentos-de-asaja-palencia\",\"url\":\"https:\/\/www.asajacyl.com\/palencia\/asaja-palencia-informa\/fallado-el-concurso-de-cuentos-de-asaja-palencia\",\"name\":\"Fallado el concurso de cuentos de ASAJA-Palencia - ASAJA Palencia\",\"isPartOf\":{\"@id\":\"https:\/\/www.asajacyl.com\/palencia\/#website\"},\"primaryImageOfPage\":{\"@id\":\"https:\/\/www.asajacyl.com\/palencia\/asaja-palencia-informa\/fallado-el-concurso-de-cuentos-de-asaja-palencia#primaryimage\"},\"image\":{\"@id\":\"https:\/\/www.asajacyl.com\/palencia\/asaja-palencia-informa\/fallado-el-concurso-de-cuentos-de-asaja-palencia#primaryimage\"},\"thumbnailUrl\":\"https:\/\/www.asajacyl.com\/palencia\/wp-content\/uploads\/sites\/3\/2020\/12\/nino-carta-navidad-c_0.jpg\",\"datePublished\":\"2023-01-05T12:58:23+00:00\",\"author\":{\"@id\":\"https:\/\/www.asajacyl.com\/palencia\/#\/schema\/person\/3ab17aeb03527485c317557fae64aab1\"},\"description\":\"El jurado del concurso del tradicional concurso de cuentos de Navidad en el medio rural que cada a\u00f1o convoca ASAJA Palencia ha dado a conocer hoy su\",\"breadcrumb\":{\"@id\":\"https:\/\/www.asajacyl.com\/palencia\/asaja-palencia-informa\/fallado-el-concurso-de-cuentos-de-asaja-palencia#breadcrumb\"},\"inLanguage\":\"es\",\"potentialAction\":[{\"@type\":\"ReadAction\",\"target\":[\"https:\/\/www.asajacyl.com\/palencia\/asaja-palencia-informa\/fallado-el-concurso-de-cuentos-de-asaja-palencia\"]}]},{\"@type\":\"ImageObject\",\"inLanguage\":\"es\",\"@id\":\"https:\/\/www.asajacyl.com\/palencia\/asaja-palencia-informa\/fallado-el-concurso-de-cuentos-de-asaja-palencia#primaryimage\",\"url\":\"https:\/\/www.asajacyl.com\/palencia\/wp-content\/uploads\/sites\/3\/2020\/12\/nino-carta-navidad-c_0.jpg\",\"contentUrl\":\"https:\/\/www.asajacyl.com\/palencia\/wp-content\/uploads\/sites\/3\/2020\/12\/nino-carta-navidad-c_0.jpg\",\"width\":760,\"height\":570},{\"@type\":\"BreadcrumbList\",\"@id\":\"https:\/\/www.asajacyl.com\/palencia\/asaja-palencia-informa\/fallado-el-concurso-de-cuentos-de-asaja-palencia#breadcrumb\",\"itemListElement\":[{\"@type\":\"ListItem\",\"position\":1,\"name\":\"Portada\",\"item\":\"https:\/\/www.asajacyl.com\/palencia\/\"},{\"@type\":\"ListItem\",\"position\":2,\"name\":\"Fallado el concurso de cuentos de ASAJA-Palencia\"}]},{\"@type\":\"WebSite\",\"@id\":\"https:\/\/www.asajacyl.com\/palencia\/#website\",\"url\":\"https:\/\/www.asajacyl.com\/palencia\/\",\"name\":\"ASAJA Palencia\",\"description\":\"Otro sitio m\u00e1s de Provincias ASAJA Castilla y Le\u00f3n\",\"potentialAction\":[{\"@type\":\"SearchAction\",\"target\":{\"@type\":\"EntryPoint\",\"urlTemplate\":\"https:\/\/www.asajacyl.com\/palencia\/?s={search_term_string}\"},\"query-input\":{\"@type\":\"PropertyValueSpecification\",\"valueRequired\":true,\"valueName\":\"search_term_string\"}}],\"inLanguage\":\"es\"},{\"@type\":\"Person\",\"@id\":\"https:\/\/www.asajacyl.com\/palencia\/#\/schema\/person\/3ab17aeb03527485c317557fae64aab1\",\"name\":\"Administrador\",\"image\":{\"@type\":\"ImageObject\",\"inLanguage\":\"es\",\"@id\":\"https:\/\/www.asajacyl.com\/palencia\/#\/schema\/person\/image\/\",\"url\":\"https:\/\/secure.gravatar.com\/avatar\/517384810d242ca9e38c180f3c9fb973?s=96&d=mm&r=g\",\"contentUrl\":\"https:\/\/secure.gravatar.com\/avatar\/517384810d242ca9e38c180f3c9fb973?s=96&d=mm&r=g\",\"caption\":\"Administrador\"},\"url\":\"https:\/\/www.asajacyl.com\/palencia\/author\/carlosrm\"}]}<\/script>\n<!-- \/ Yoast SEO plugin. -->","yoast_head_json":{"title":"Fallado el concurso de cuentos de ASAJA-Palencia - ASAJA Palencia","description":"El jurado del concurso del tradicional concurso de cuentos de Navidad en el medio rural que cada a\u00f1o convoca ASAJA Palencia ha dado a conocer hoy su","robots":{"index":"index","follow":"follow","max-snippet":"max-snippet:-1","max-image-preview":"max-image-preview:large","max-video-preview":"max-video-preview:-1"},"canonical":"https:\/\/www.asajacyl.com\/palencia\/asaja-palencia-informa\/fallado-el-concurso-de-cuentos-de-asaja-palencia","og_locale":"es_ES","og_type":"article","og_title":"Fallado el concurso de cuentos de ASAJA-Palencia - ASAJA Palencia","og_description":"El jurado del concurso del tradicional concurso de cuentos de Navidad en el medio rural que cada a\u00f1o convoca ASAJA Palencia ha dado a conocer hoy su","og_url":"https:\/\/www.asajacyl.com\/palencia\/asaja-palencia-informa\/fallado-el-concurso-de-cuentos-de-asaja-palencia","og_site_name":"ASAJA Palencia","article_published_time":"2023-01-05T12:58:23+00:00","og_image":[{"width":760,"height":570,"url":"https:\/\/www.asajacyl.com\/palencia\/wp-content\/uploads\/sites\/3\/2020\/12\/nino-carta-navidad-c_0.jpg","type":"image\/jpeg"}],"author":"Administrador","twitter_card":"summary_large_image","twitter_misc":{"Escrito por":"Administrador","Tiempo de lectura":"2 minutos"},"schema":{"@context":"https:\/\/schema.org","@graph":[{"@type":"WebPage","@id":"https:\/\/www.asajacyl.com\/palencia\/asaja-palencia-informa\/fallado-el-concurso-de-cuentos-de-asaja-palencia","url":"https:\/\/www.asajacyl.com\/palencia\/asaja-palencia-informa\/fallado-el-concurso-de-cuentos-de-asaja-palencia","name":"Fallado el concurso de cuentos de ASAJA-Palencia - ASAJA Palencia","isPartOf":{"@id":"https:\/\/www.asajacyl.com\/palencia\/#website"},"primaryImageOfPage":{"@id":"https:\/\/www.asajacyl.com\/palencia\/asaja-palencia-informa\/fallado-el-concurso-de-cuentos-de-asaja-palencia#primaryimage"},"image":{"@id":"https:\/\/www.asajacyl.com\/palencia\/asaja-palencia-informa\/fallado-el-concurso-de-cuentos-de-asaja-palencia#primaryimage"},"thumbnailUrl":"https:\/\/www.asajacyl.com\/palencia\/wp-content\/uploads\/sites\/3\/2020\/12\/nino-carta-navidad-c_0.jpg","datePublished":"2023-01-05T12:58:23+00:00","author":{"@id":"https:\/\/www.asajacyl.com\/palencia\/#\/schema\/person\/3ab17aeb03527485c317557fae64aab1"},"description":"El jurado del concurso del tradicional concurso de cuentos de Navidad en el medio rural que cada a\u00f1o convoca ASAJA Palencia ha dado a conocer hoy su","breadcrumb":{"@id":"https:\/\/www.asajacyl.com\/palencia\/asaja-palencia-informa\/fallado-el-concurso-de-cuentos-de-asaja-palencia#breadcrumb"},"inLanguage":"es","potentialAction":[{"@type":"ReadAction","target":["https:\/\/www.asajacyl.com\/palencia\/asaja-palencia-informa\/fallado-el-concurso-de-cuentos-de-asaja-palencia"]}]},{"@type":"ImageObject","inLanguage":"es","@id":"https:\/\/www.asajacyl.com\/palencia\/asaja-palencia-informa\/fallado-el-concurso-de-cuentos-de-asaja-palencia#primaryimage","url":"https:\/\/www.asajacyl.com\/palencia\/wp-content\/uploads\/sites\/3\/2020\/12\/nino-carta-navidad-c_0.jpg","contentUrl":"https:\/\/www.asajacyl.com\/palencia\/wp-content\/uploads\/sites\/3\/2020\/12\/nino-carta-navidad-c_0.jpg","width":760,"height":570},{"@type":"BreadcrumbList","@id":"https:\/\/www.asajacyl.com\/palencia\/asaja-palencia-informa\/fallado-el-concurso-de-cuentos-de-asaja-palencia#breadcrumb","itemListElement":[{"@type":"ListItem","position":1,"name":"Portada","item":"https:\/\/www.asajacyl.com\/palencia\/"},{"@type":"ListItem","position":2,"name":"Fallado el concurso de cuentos de ASAJA-Palencia"}]},{"@type":"WebSite","@id":"https:\/\/www.asajacyl.com\/palencia\/#website","url":"https:\/\/www.asajacyl.com\/palencia\/","name":"ASAJA Palencia","description":"Otro sitio m\u00e1s de Provincias ASAJA Castilla y Le\u00f3n","potentialAction":[{"@type":"SearchAction","target":{"@type":"EntryPoint","urlTemplate":"https:\/\/www.asajacyl.com\/palencia\/?s={search_term_string}"},"query-input":{"@type":"PropertyValueSpecification","valueRequired":true,"valueName":"search_term_string"}}],"inLanguage":"es"},{"@type":"Person","@id":"https:\/\/www.asajacyl.com\/palencia\/#\/schema\/person\/3ab17aeb03527485c317557fae64aab1","name":"Administrador","image":{"@type":"ImageObject","inLanguage":"es","@id":"https:\/\/www.asajacyl.com\/palencia\/#\/schema\/person\/image\/","url":"https:\/\/secure.gravatar.com\/avatar\/517384810d242ca9e38c180f3c9fb973?s=96&d=mm&r=g","contentUrl":"https:\/\/secure.gravatar.com\/avatar\/517384810d242ca9e38c180f3c9fb973?s=96&d=mm&r=g","caption":"Administrador"},"url":"https:\/\/www.asajacyl.com\/palencia\/author\/carlosrm"}]}},"_links":{"self":[{"href":"https:\/\/www.asajacyl.com\/palencia\/wp-json\/wp\/v2\/posts\/12054"}],"collection":[{"href":"https:\/\/www.asajacyl.com\/palencia\/wp-json\/wp\/v2\/posts"}],"about":[{"href":"https:\/\/www.asajacyl.com\/palencia\/wp-json\/wp\/v2\/types\/post"}],"author":[{"embeddable":true,"href":"https:\/\/www.asajacyl.com\/palencia\/wp-json\/wp\/v2\/users\/9"}],"replies":[{"embeddable":true,"href":"https:\/\/www.asajacyl.com\/palencia\/wp-json\/wp\/v2\/comments?post=12054"}],"version-history":[{"count":1,"href":"https:\/\/www.asajacyl.com\/palencia\/wp-json\/wp\/v2\/posts\/12054\/revisions"}],"predecessor-version":[{"id":12055,"href":"https:\/\/www.asajacyl.com\/palencia\/wp-json\/wp\/v2\/posts\/12054\/revisions\/12055"}],"wp:featuredmedia":[{"embeddable":true,"href":"https:\/\/www.asajacyl.com\/palencia\/wp-json\/wp\/v2\/media\/7823"}],"wp:attachment":[{"href":"https:\/\/www.asajacyl.com\/palencia\/wp-json\/wp\/v2\/media?parent=12054"}],"wp:term":[{"taxonomy":"category","embeddable":true,"href":"https:\/\/www.asajacyl.com\/palencia\/wp-json\/wp\/v2\/categories?post=12054"},{"taxonomy":"post_tag","embeddable":true,"href":"https:\/\/www.asajacyl.com\/palencia\/wp-json\/wp\/v2\/tags?post=12054"}],"curies":[{"name":"wp","href":"https:\/\/api.w.org\/{rel}","templated":true}]}}