{"id":12056,"date":"2023-01-04T14:12:02","date_gmt":"2023-01-04T13:12:02","guid":{"rendered":"https:\/\/www.asajacyl.com\/palencia\/?p=12056"},"modified":"2023-01-04T14:12:04","modified_gmt":"2023-01-04T13:12:04","slug":"el-papa-francisco-recibe-a-una-comitiva-de-asaja","status":"publish","type":"post","link":"https:\/\/www.asajacyl.com\/palencia\/asaja-palencia-informa\/el-papa-francisco-recibe-a-una-comitiva-de-asaja","title":{"rendered":"El Papa Francisco recibe a una comitiva de ASAJA"},"content":{"rendered":"\n<p>En la ma\u00f1ana de hoy, una comitiva de ASAJA Nacional comandada por su presidente Pedro Barato y entre los que se encontraban Jos\u00e9 Luis Marcos, presidente de ASAJA-Palencia, Donaciano Dujo, presidente de ASAJA Castilla y Le\u00f3n, y los miembros del Comit\u00e9 Ejecutivo nacional, Juan Luis Delgado, presidente de ASAJA-Salamanca, y Ana Pastor, directiva de ASAJA-Soria, ha participado en la audiencia general realizada por el Papa Francisco en el Vaticano.<\/p>\n\n\n\n<p>Hace meses, tras las declaraciones del Papa Francisco sobre lo conveniente de disminuir el consumo de carne para mejorar el medio ambiente, la oficina de ASAJA en Bruselas solicit\u00f3 una audiencia al pont\u00edfice con el fin de conversar con \u00e9l sobre lo desafortunadas que fueron dichas declaraciones y sobre lo negativo de las mismas para un sector tan importante en Espa\u00f1a como es el c\u00e1rnico.<\/p>\n\n\n\n<p>El Vaticano concedi\u00f3 dicha audiencia para el d\u00eda de hoy y, pese a estar dentro de los d\u00edas de luto oficial por el fallecimiento del anterior Papa Benedicto XVI, el Papa ha accedido a conversar con los miembros de ASAJA tras la finalizaci\u00f3n de la multitudinaria audiencia semanal. En esta conversaci\u00f3n con el Papa, Pedro Barato ha hecho entrega al mismo de varios productos c\u00e1rnicos y de aceite de oliva.<\/p>\n\n\n<div class=\"wp-block-image\">\n<figure class=\"aligncenter size-full\"><img loading=\"lazy\" decoding=\"async\" width=\"835\" height=\"463\" src=\"https:\/\/www.asajacyl.com\/palencia\/wp-content\/uploads\/sites\/3\/2023\/01\/AUDIENCIA-PAPA.jpg\" alt=\"\" class=\"wp-image-12057\" srcset=\"https:\/\/www.asajacyl.com\/palencia\/wp-content\/uploads\/sites\/3\/2023\/01\/AUDIENCIA-PAPA.jpg 835w, https:\/\/www.asajacyl.com\/palencia\/wp-content\/uploads\/sites\/3\/2023\/01\/AUDIENCIA-PAPA-300x166.jpg 300w, https:\/\/www.asajacyl.com\/palencia\/wp-content\/uploads\/sites\/3\/2023\/01\/AUDIENCIA-PAPA-768x426.jpg 768w, https:\/\/www.asajacyl.com\/palencia\/wp-content\/uploads\/sites\/3\/2023\/01\/AUDIENCIA-PAPA-696x385.jpg 696w, https:\/\/www.asajacyl.com\/palencia\/wp-content\/uploads\/sites\/3\/2023\/01\/AUDIENCIA-PAPA-757x420.jpg 757w\" sizes=\"(max-width: 835px) 100vw, 835px\" \/><figcaption class=\"wp-element-caption\">Pedro Barato, haciendo entrega de los presentes al Papa Francisco en presencia de los miembros de ASAJA<\/figcaption><\/figure><\/div>\n\n\n<p><\/p>\n\n\n\n<p><\/p>\n","protected":false},"excerpt":{"rendered":"<p>En la ma\u00f1ana de hoy, una comitiva de ASAJA Nacional comandada por su presidente Pedro Barato y entre los que se encontraban Jos\u00e9 Luis Marcos, presidente de ASAJA-Palencia, Donaciano Dujo, presidente de ASAJA Castilla y Le\u00f3n, y los miembros del Comit\u00e9 Ejecutivo nacional, Juan Luis Delgado, presidente de ASAJA-Salamanca, y Ana Pastor, directiva de ASAJA-Soria, [&hellip;]<\/p>\n","protected":false},"author":9,"featured_media":12057,"comment_status":"open","ping_status":"open","sticky":false,"template":"","format":"standard","meta":{"footnotes":""},"categories":[9,29,28],"tags":[],"yoast_head":"<!-- This site is optimized with the Yoast SEO plugin v24.5 - https:\/\/yoast.com\/wordpress\/plugins\/seo\/ -->\n<title>El Papa Francisco recibe a una comitiva de ASAJA - ASAJA Palencia<\/title>\n<meta name=\"description\" content=\"En la ma\u00f1ana de hoy, una comitiva de ASAJA Nacional comandada por su presidente Pedro Barato y entre los que se encontraban Jos\u00e9 Luis Marcos, presidente\" \/>\n<meta name=\"robots\" content=\"index, follow, max-snippet:-1, max-image-preview:large, max-video-preview:-1\" \/>\n<link rel=\"canonical\" href=\"https:\/\/www.asajacyl.com\/palencia\/asaja-palencia-informa\/el-papa-francisco-recibe-a-una-comitiva-de-asaja\" \/>\n<meta property=\"og:locale\" content=\"es_ES\" \/>\n<meta property=\"og:type\" content=\"article\" \/>\n<meta property=\"og:title\" content=\"El Papa Francisco recibe a una comitiva de ASAJA - ASAJA Palencia\" \/>\n<meta property=\"og:description\" content=\"En la ma\u00f1ana de hoy, una comitiva de ASAJA Nacional comandada por su presidente Pedro Barato y entre los que se encontraban Jos\u00e9 Luis Marcos, presidente\" \/>\n<meta property=\"og:url\" content=\"https:\/\/www.asajacyl.com\/palencia\/asaja-palencia-informa\/el-papa-francisco-recibe-a-una-comitiva-de-asaja\" \/>\n<meta property=\"og:site_name\" content=\"ASAJA Palencia\" \/>\n<meta property=\"article:published_time\" content=\"2023-01-04T13:12:02+00:00\" \/>\n<meta property=\"article:modified_time\" content=\"2023-01-04T13:12:04+00:00\" \/>\n<meta property=\"og:image\" content=\"https:\/\/www.asajacyl.com\/palencia\/wp-content\/uploads\/sites\/3\/2023\/01\/AUDIENCIA-PAPA.jpg\" \/>\n\t<meta property=\"og:image:width\" content=\"835\" \/>\n\t<meta property=\"og:image:height\" content=\"463\" \/>\n\t<meta property=\"og:image:type\" content=\"image\/jpeg\" \/>\n<meta name=\"author\" content=\"Administrador\" \/>\n<meta name=\"twitter:card\" content=\"summary_large_image\" \/>\n<meta name=\"twitter:label1\" content=\"Escrito por\" \/>\n\t<meta name=\"twitter:data1\" content=\"Administrador\" \/>\n\t<meta name=\"twitter:label2\" content=\"Tiempo de lectura\" \/>\n\t<meta name=\"twitter:data2\" content=\"2 minutos\" \/>\n<script type=\"application\/ld+json\" class=\"yoast-schema-graph\">{\"@context\":\"https:\/\/schema.org\",\"@graph\":[{\"@type\":\"WebPage\",\"@id\":\"https:\/\/www.asajacyl.com\/palencia\/asaja-palencia-informa\/el-papa-francisco-recibe-a-una-comitiva-de-asaja\",\"url\":\"https:\/\/www.asajacyl.com\/palencia\/asaja-palencia-informa\/el-papa-francisco-recibe-a-una-comitiva-de-asaja\",\"name\":\"El Papa Francisco recibe a una comitiva de ASAJA - ASAJA Palencia\",\"isPartOf\":{\"@id\":\"https:\/\/www.asajacyl.com\/palencia\/#website\"},\"primaryImageOfPage\":{\"@id\":\"https:\/\/www.asajacyl.com\/palencia\/asaja-palencia-informa\/el-papa-francisco-recibe-a-una-comitiva-de-asaja#primaryimage\"},\"image\":{\"@id\":\"https:\/\/www.asajacyl.com\/palencia\/asaja-palencia-informa\/el-papa-francisco-recibe-a-una-comitiva-de-asaja#primaryimage\"},\"thumbnailUrl\":\"https:\/\/www.asajacyl.com\/palencia\/wp-content\/uploads\/sites\/3\/2023\/01\/AUDIENCIA-PAPA.jpg\",\"datePublished\":\"2023-01-04T13:12:02+00:00\",\"dateModified\":\"2023-01-04T13:12:04+00:00\",\"author\":{\"@id\":\"https:\/\/www.asajacyl.com\/palencia\/#\/schema\/person\/3ab17aeb03527485c317557fae64aab1\"},\"description\":\"En la ma\u00f1ana de hoy, una comitiva de ASAJA Nacional comandada por su presidente Pedro Barato y entre los que se encontraban Jos\u00e9 Luis Marcos, presidente\",\"breadcrumb\":{\"@id\":\"https:\/\/www.asajacyl.com\/palencia\/asaja-palencia-informa\/el-papa-francisco-recibe-a-una-comitiva-de-asaja#breadcrumb\"},\"inLanguage\":\"es\",\"potentialAction\":[{\"@type\":\"ReadAction\",\"target\":[\"https:\/\/www.asajacyl.com\/palencia\/asaja-palencia-informa\/el-papa-francisco-recibe-a-una-comitiva-de-asaja\"]}]},{\"@type\":\"ImageObject\",\"inLanguage\":\"es\",\"@id\":\"https:\/\/www.asajacyl.com\/palencia\/asaja-palencia-informa\/el-papa-francisco-recibe-a-una-comitiva-de-asaja#primaryimage\",\"url\":\"https:\/\/www.asajacyl.com\/palencia\/wp-content\/uploads\/sites\/3\/2023\/01\/AUDIENCIA-PAPA.jpg\",\"contentUrl\":\"https:\/\/www.asajacyl.com\/palencia\/wp-content\/uploads\/sites\/3\/2023\/01\/AUDIENCIA-PAPA.jpg\",\"width\":835,\"height\":463},{\"@type\":\"BreadcrumbList\",\"@id\":\"https:\/\/www.asajacyl.com\/palencia\/asaja-palencia-informa\/el-papa-francisco-recibe-a-una-comitiva-de-asaja#breadcrumb\",\"itemListElement\":[{\"@type\":\"ListItem\",\"position\":1,\"name\":\"Portada\",\"item\":\"https:\/\/www.asajacyl.com\/palencia\/\"},{\"@type\":\"ListItem\",\"position\":2,\"name\":\"El Papa Francisco recibe a una comitiva de ASAJA\"}]},{\"@type\":\"WebSite\",\"@id\":\"https:\/\/www.asajacyl.com\/palencia\/#website\",\"url\":\"https:\/\/www.asajacyl.com\/palencia\/\",\"name\":\"ASAJA Palencia\",\"description\":\"Otro sitio m\u00e1s de Provincias ASAJA Castilla y Le\u00f3n\",\"potentialAction\":[{\"@type\":\"SearchAction\",\"target\":{\"@type\":\"EntryPoint\",\"urlTemplate\":\"https:\/\/www.asajacyl.com\/palencia\/?s={search_term_string}\"},\"query-input\":{\"@type\":\"PropertyValueSpecification\",\"valueRequired\":true,\"valueName\":\"search_term_string\"}}],\"inLanguage\":\"es\"},{\"@type\":\"Person\",\"@id\":\"https:\/\/www.asajacyl.com\/palencia\/#\/schema\/person\/3ab17aeb03527485c317557fae64aab1\",\"name\":\"Administrador\",\"image\":{\"@type\":\"ImageObject\",\"inLanguage\":\"es\",\"@id\":\"https:\/\/www.asajacyl.com\/palencia\/#\/schema\/person\/image\/\",\"url\":\"https:\/\/secure.gravatar.com\/avatar\/517384810d242ca9e38c180f3c9fb973?s=96&d=mm&r=g\",\"contentUrl\":\"https:\/\/secure.gravatar.com\/avatar\/517384810d242ca9e38c180f3c9fb973?s=96&d=mm&r=g\",\"caption\":\"Administrador\"},\"url\":\"https:\/\/www.asajacyl.com\/palencia\/author\/carlosrm\"}]}<\/script>\n<!-- \/ Yoast SEO plugin. -->","yoast_head_json":{"title":"El Papa Francisco recibe a una comitiva de ASAJA - ASAJA Palencia","description":"En la ma\u00f1ana de hoy, una comitiva de ASAJA Nacional comandada por su presidente Pedro Barato y entre los que se encontraban Jos\u00e9 Luis Marcos, presidente","robots":{"index":"index","follow":"follow","max-snippet":"max-snippet:-1","max-image-preview":"max-image-preview:large","max-video-preview":"max-video-preview:-1"},"canonical":"https:\/\/www.asajacyl.com\/palencia\/asaja-palencia-informa\/el-papa-francisco-recibe-a-una-comitiva-de-asaja","og_locale":"es_ES","og_type":"article","og_title":"El Papa Francisco recibe a una comitiva de ASAJA - ASAJA Palencia","og_description":"En la ma\u00f1ana de hoy, una comitiva de ASAJA Nacional comandada por su presidente Pedro Barato y entre los que se encontraban Jos\u00e9 Luis Marcos, presidente","og_url":"https:\/\/www.asajacyl.com\/palencia\/asaja-palencia-informa\/el-papa-francisco-recibe-a-una-comitiva-de-asaja","og_site_name":"ASAJA Palencia","article_published_time":"2023-01-04T13:12:02+00:00","article_modified_time":"2023-01-04T13:12:04+00:00","og_image":[{"width":835,"height":463,"url":"https:\/\/www.asajacyl.com\/palencia\/wp-content\/uploads\/sites\/3\/2023\/01\/AUDIENCIA-PAPA.jpg","type":"image\/jpeg"}],"author":"Administrador","twitter_card":"summary_large_image","twitter_misc":{"Escrito por":"Administrador","Tiempo de lectura":"2 minutos"},"schema":{"@context":"https:\/\/schema.org","@graph":[{"@type":"WebPage","@id":"https:\/\/www.asajacyl.com\/palencia\/asaja-palencia-informa\/el-papa-francisco-recibe-a-una-comitiva-de-asaja","url":"https:\/\/www.asajacyl.com\/palencia\/asaja-palencia-informa\/el-papa-francisco-recibe-a-una-comitiva-de-asaja","name":"El Papa Francisco recibe a una comitiva de ASAJA - ASAJA Palencia","isPartOf":{"@id":"https:\/\/www.asajacyl.com\/palencia\/#website"},"primaryImageOfPage":{"@id":"https:\/\/www.asajacyl.com\/palencia\/asaja-palencia-informa\/el-papa-francisco-recibe-a-una-comitiva-de-asaja#primaryimage"},"image":{"@id":"https:\/\/www.asajacyl.com\/palencia\/asaja-palencia-informa\/el-papa-francisco-recibe-a-una-comitiva-de-asaja#primaryimage"},"thumbnailUrl":"https:\/\/www.asajacyl.com\/palencia\/wp-content\/uploads\/sites\/3\/2023\/01\/AUDIENCIA-PAPA.jpg","datePublished":"2023-01-04T13:12:02+00:00","dateModified":"2023-01-04T13:12:04+00:00","author":{"@id":"https:\/\/www.asajacyl.com\/palencia\/#\/schema\/person\/3ab17aeb03527485c317557fae64aab1"},"description":"En la ma\u00f1ana de hoy, una comitiva de ASAJA Nacional comandada por su presidente Pedro Barato y entre los que se encontraban Jos\u00e9 Luis Marcos, presidente","breadcrumb":{"@id":"https:\/\/www.asajacyl.com\/palencia\/asaja-palencia-informa\/el-papa-francisco-recibe-a-una-comitiva-de-asaja#breadcrumb"},"inLanguage":"es","potentialAction":[{"@type":"ReadAction","target":["https:\/\/www.asajacyl.com\/palencia\/asaja-palencia-informa\/el-papa-francisco-recibe-a-una-comitiva-de-asaja"]}]},{"@type":"ImageObject","inLanguage":"es","@id":"https:\/\/www.asajacyl.com\/palencia\/asaja-palencia-informa\/el-papa-francisco-recibe-a-una-comitiva-de-asaja#primaryimage","url":"https:\/\/www.asajacyl.com\/palencia\/wp-content\/uploads\/sites\/3\/2023\/01\/AUDIENCIA-PAPA.jpg","contentUrl":"https:\/\/www.asajacyl.com\/palencia\/wp-content\/uploads\/sites\/3\/2023\/01\/AUDIENCIA-PAPA.jpg","width":835,"height":463},{"@type":"BreadcrumbList","@id":"https:\/\/www.asajacyl.com\/palencia\/asaja-palencia-informa\/el-papa-francisco-recibe-a-una-comitiva-de-asaja#breadcrumb","itemListElement":[{"@type":"ListItem","position":1,"name":"Portada","item":"https:\/\/www.asajacyl.com\/palencia\/"},{"@type":"ListItem","position":2,"name":"El Papa Francisco recibe a una comitiva de ASAJA"}]},{"@type":"WebSite","@id":"https:\/\/www.asajacyl.com\/palencia\/#website","url":"https:\/\/www.asajacyl.com\/palencia\/","name":"ASAJA Palencia","description":"Otro sitio m\u00e1s de Provincias ASAJA Castilla y Le\u00f3n","potentialAction":[{"@type":"SearchAction","target":{"@type":"EntryPoint","urlTemplate":"https:\/\/www.asajacyl.com\/palencia\/?s={search_term_string}"},"query-input":{"@type":"PropertyValueSpecification","valueRequired":true,"valueName":"search_term_string"}}],"inLanguage":"es"},{"@type":"Person","@id":"https:\/\/www.asajacyl.com\/palencia\/#\/schema\/person\/3ab17aeb03527485c317557fae64aab1","name":"Administrador","image":{"@type":"ImageObject","inLanguage":"es","@id":"https:\/\/www.asajacyl.com\/palencia\/#\/schema\/person\/image\/","url":"https:\/\/secure.gravatar.com\/avatar\/517384810d242ca9e38c180f3c9fb973?s=96&d=mm&r=g","contentUrl":"https:\/\/secure.gravatar.com\/avatar\/517384810d242ca9e38c180f3c9fb973?s=96&d=mm&r=g","caption":"Administrador"},"url":"https:\/\/www.asajacyl.com\/palencia\/author\/carlosrm"}]}},"_links":{"self":[{"href":"https:\/\/www.asajacyl.com\/palencia\/wp-json\/wp\/v2\/posts\/12056"}],"collection":[{"href":"https:\/\/www.asajacyl.com\/palencia\/wp-json\/wp\/v2\/posts"}],"about":[{"href":"https:\/\/www.asajacyl.com\/palencia\/wp-json\/wp\/v2\/types\/post"}],"author":[{"embeddable":true,"href":"https:\/\/www.asajacyl.com\/palencia\/wp-json\/wp\/v2\/users\/9"}],"replies":[{"embeddable":true,"href":"https:\/\/www.asajacyl.com\/palencia\/wp-json\/wp\/v2\/comments?post=12056"}],"version-history":[{"count":1,"href":"https:\/\/www.asajacyl.com\/palencia\/wp-json\/wp\/v2\/posts\/12056\/revisions"}],"predecessor-version":[{"id":12058,"href":"https:\/\/www.asajacyl.com\/palencia\/wp-json\/wp\/v2\/posts\/12056\/revisions\/12058"}],"wp:featuredmedia":[{"embeddable":true,"href":"https:\/\/www.asajacyl.com\/palencia\/wp-json\/wp\/v2\/media\/12057"}],"wp:attachment":[{"href":"https:\/\/www.asajacyl.com\/palencia\/wp-json\/wp\/v2\/media?parent=12056"}],"wp:term":[{"taxonomy":"category","embeddable":true,"href":"https:\/\/www.asajacyl.com\/palencia\/wp-json\/wp\/v2\/categories?post=12056"},{"taxonomy":"post_tag","embeddable":true,"href":"https:\/\/www.asajacyl.com\/palencia\/wp-json\/wp\/v2\/tags?post=12056"}],"curies":[{"name":"wp","href":"https:\/\/api.w.org\/{rel}","templated":true}]}}