{"id":12067,"date":"2023-01-06T00:48:00","date_gmt":"2023-01-05T23:48:00","guid":{"rendered":"https:\/\/www.asajacyl.com\/palencia\/?p=12067"},"modified":"2023-01-09T07:32:36","modified_gmt":"2023-01-09T06:32:36","slug":"la-lavanda","status":"publish","type":"post","link":"https:\/\/www.asajacyl.com\/palencia\/asaja-palencia-informa\/la-lavanda","title":{"rendered":"Los aceites esenciales de plantas arom\u00e1ticas no ser\u00e1n considerados sustancias qu\u00edmicas"},"content":{"rendered":"\n<p>El Reglamento REACH (registro, evaluaci\u00f3n, autorizaci\u00f3n y restricci\u00f3n de sustancias y mezclas qu\u00edmicas) se ha estado debatiendo en el Parlamento Europeo en las \u00faltimas semanas y afortunadamente los aceites esenciales de plantas arom\u00e1ticas han sido excluidas del mismo aunque esa no era la intenci\u00f3n inicial.<\/p>\n\n\n\n<p>El eurodiputado franc\u00e9s Bellamy ha defendido a estos cultivos indicando que \u00abno salvaremos la naturaleza debilitando a la agricultura\u00bb y su propuesta ha conseguido que los aceites esenciales no sean considerados qu\u00edmicos, c\u00f3mo s\u00ed lo son otras sustancias de or\u00edgen sint\u00e9tico, algo que diferencia absolutamente los aceites esenciales, obtenidos por destilaci\u00f3n.<\/p>\n\n\n\n<p>Esta enmienda es muy importante para Palencia, donde existen unas 250 hect\u00e1reas de superficie de plantas arom\u00e1ticas y, donde pese a ser una cantidad reducida, se ha visto incrementada de manera sostenida y es un cultivo que ayuda a diversificar las explotaciones.<\/p>\n","protected":false},"excerpt":{"rendered":"<p>El Reglamento REACH (registro, evaluaci\u00f3n, autorizaci\u00f3n y restricci\u00f3n de sustancias y mezclas qu\u00edmicas) se ha estado debatiendo en el Parlamento Europeo en las \u00faltimas semanas y afortunadamente los aceites esenciales de plantas arom\u00e1ticas han sido excluidas del mismo aunque esa no era la intenci\u00f3n inicial. El eurodiputado franc\u00e9s Bellamy ha defendido a estos cultivos indicando [&hellip;]<\/p>\n","protected":false},"author":9,"featured_media":11122,"comment_status":"open","ping_status":"open","sticky":false,"template":"","format":"standard","meta":{"footnotes":""},"categories":[9,29,28],"tags":[],"yoast_head":"<!-- This site is optimized with the Yoast SEO plugin v24.5 - https:\/\/yoast.com\/wordpress\/plugins\/seo\/ -->\n<title>Los aceites esenciales de plantas arom\u00e1ticas no ser\u00e1n considerados sustancias qu\u00edmicas - ASAJA Palencia<\/title>\n<meta name=\"description\" content=\"El Reglamento REACH (registro, evaluaci\u00f3n, autorizaci\u00f3n y restricci\u00f3n de sustancias y mezclas qu\u00edmicas) se ha estado debatiendo en el Parlamento Europeo\" \/>\n<meta name=\"robots\" content=\"index, follow, max-snippet:-1, max-image-preview:large, max-video-preview:-1\" \/>\n<link rel=\"canonical\" href=\"https:\/\/www.asajacyl.com\/palencia\/asaja-palencia-informa\/la-lavanda\" \/>\n<meta property=\"og:locale\" content=\"es_ES\" \/>\n<meta property=\"og:type\" content=\"article\" \/>\n<meta property=\"og:title\" content=\"Los aceites esenciales de plantas arom\u00e1ticas no ser\u00e1n considerados sustancias qu\u00edmicas - ASAJA Palencia\" \/>\n<meta property=\"og:description\" content=\"El Reglamento REACH (registro, evaluaci\u00f3n, autorizaci\u00f3n y restricci\u00f3n de sustancias y mezclas qu\u00edmicas) se ha estado debatiendo en el Parlamento Europeo\" \/>\n<meta property=\"og:url\" content=\"https:\/\/www.asajacyl.com\/palencia\/asaja-palencia-informa\/la-lavanda\" \/>\n<meta property=\"og:site_name\" content=\"ASAJA Palencia\" \/>\n<meta property=\"article:published_time\" content=\"2023-01-05T23:48:00+00:00\" \/>\n<meta property=\"article:modified_time\" content=\"2023-01-09T06:32:36+00:00\" \/>\n<meta property=\"og:image\" content=\"https:\/\/www.asajacyl.com\/palencia\/wp-content\/uploads\/sites\/3\/2022\/07\/LAVANDA.jpg\" \/>\n\t<meta property=\"og:image:width\" content=\"1600\" \/>\n\t<meta property=\"og:image:height\" content=\"1200\" \/>\n\t<meta property=\"og:image:type\" content=\"image\/jpeg\" \/>\n<meta name=\"author\" content=\"Administrador\" \/>\n<meta name=\"twitter:card\" content=\"summary_large_image\" \/>\n<meta name=\"twitter:label1\" content=\"Escrito por\" \/>\n\t<meta name=\"twitter:data1\" content=\"Administrador\" \/>\n\t<meta name=\"twitter:label2\" content=\"Tiempo de lectura\" \/>\n\t<meta name=\"twitter:data2\" content=\"1 minuto\" \/>\n<script type=\"application\/ld+json\" class=\"yoast-schema-graph\">{\"@context\":\"https:\/\/schema.org\",\"@graph\":[{\"@type\":\"WebPage\",\"@id\":\"https:\/\/www.asajacyl.com\/palencia\/asaja-palencia-informa\/la-lavanda\",\"url\":\"https:\/\/www.asajacyl.com\/palencia\/asaja-palencia-informa\/la-lavanda\",\"name\":\"Los aceites esenciales de plantas arom\u00e1ticas no ser\u00e1n considerados sustancias qu\u00edmicas - ASAJA Palencia\",\"isPartOf\":{\"@id\":\"https:\/\/www.asajacyl.com\/palencia\/#website\"},\"primaryImageOfPage\":{\"@id\":\"https:\/\/www.asajacyl.com\/palencia\/asaja-palencia-informa\/la-lavanda#primaryimage\"},\"image\":{\"@id\":\"https:\/\/www.asajacyl.com\/palencia\/asaja-palencia-informa\/la-lavanda#primaryimage\"},\"thumbnailUrl\":\"https:\/\/www.asajacyl.com\/palencia\/wp-content\/uploads\/sites\/3\/2022\/07\/LAVANDA.jpg\",\"datePublished\":\"2023-01-05T23:48:00+00:00\",\"dateModified\":\"2023-01-09T06:32:36+00:00\",\"author\":{\"@id\":\"https:\/\/www.asajacyl.com\/palencia\/#\/schema\/person\/3ab17aeb03527485c317557fae64aab1\"},\"description\":\"El Reglamento REACH (registro, evaluaci\u00f3n, autorizaci\u00f3n y restricci\u00f3n de sustancias y mezclas qu\u00edmicas) se ha estado debatiendo en el Parlamento Europeo\",\"breadcrumb\":{\"@id\":\"https:\/\/www.asajacyl.com\/palencia\/asaja-palencia-informa\/la-lavanda#breadcrumb\"},\"inLanguage\":\"es\",\"potentialAction\":[{\"@type\":\"ReadAction\",\"target\":[\"https:\/\/www.asajacyl.com\/palencia\/asaja-palencia-informa\/la-lavanda\"]}]},{\"@type\":\"ImageObject\",\"inLanguage\":\"es\",\"@id\":\"https:\/\/www.asajacyl.com\/palencia\/asaja-palencia-informa\/la-lavanda#primaryimage\",\"url\":\"https:\/\/www.asajacyl.com\/palencia\/wp-content\/uploads\/sites\/3\/2022\/07\/LAVANDA.jpg\",\"contentUrl\":\"https:\/\/www.asajacyl.com\/palencia\/wp-content\/uploads\/sites\/3\/2022\/07\/LAVANDA.jpg\",\"width\":1600,\"height\":1200},{\"@type\":\"BreadcrumbList\",\"@id\":\"https:\/\/www.asajacyl.com\/palencia\/asaja-palencia-informa\/la-lavanda#breadcrumb\",\"itemListElement\":[{\"@type\":\"ListItem\",\"position\":1,\"name\":\"Portada\",\"item\":\"https:\/\/www.asajacyl.com\/palencia\/\"},{\"@type\":\"ListItem\",\"position\":2,\"name\":\"Los aceites esenciales de plantas arom\u00e1ticas no ser\u00e1n considerados sustancias qu\u00edmicas\"}]},{\"@type\":\"WebSite\",\"@id\":\"https:\/\/www.asajacyl.com\/palencia\/#website\",\"url\":\"https:\/\/www.asajacyl.com\/palencia\/\",\"name\":\"ASAJA Palencia\",\"description\":\"Otro sitio m\u00e1s de Provincias ASAJA Castilla y Le\u00f3n\",\"potentialAction\":[{\"@type\":\"SearchAction\",\"target\":{\"@type\":\"EntryPoint\",\"urlTemplate\":\"https:\/\/www.asajacyl.com\/palencia\/?s={search_term_string}\"},\"query-input\":{\"@type\":\"PropertyValueSpecification\",\"valueRequired\":true,\"valueName\":\"search_term_string\"}}],\"inLanguage\":\"es\"},{\"@type\":\"Person\",\"@id\":\"https:\/\/www.asajacyl.com\/palencia\/#\/schema\/person\/3ab17aeb03527485c317557fae64aab1\",\"name\":\"Administrador\",\"image\":{\"@type\":\"ImageObject\",\"inLanguage\":\"es\",\"@id\":\"https:\/\/www.asajacyl.com\/palencia\/#\/schema\/person\/image\/\",\"url\":\"https:\/\/secure.gravatar.com\/avatar\/517384810d242ca9e38c180f3c9fb973?s=96&d=mm&r=g\",\"contentUrl\":\"https:\/\/secure.gravatar.com\/avatar\/517384810d242ca9e38c180f3c9fb973?s=96&d=mm&r=g\",\"caption\":\"Administrador\"},\"url\":\"https:\/\/www.asajacyl.com\/palencia\/author\/carlosrm\"}]}<\/script>\n<!-- \/ Yoast SEO plugin. -->","yoast_head_json":{"title":"Los aceites esenciales de plantas arom\u00e1ticas no ser\u00e1n considerados sustancias qu\u00edmicas - ASAJA Palencia","description":"El Reglamento REACH (registro, evaluaci\u00f3n, autorizaci\u00f3n y restricci\u00f3n de sustancias y mezclas qu\u00edmicas) se ha estado debatiendo en el Parlamento Europeo","robots":{"index":"index","follow":"follow","max-snippet":"max-snippet:-1","max-image-preview":"max-image-preview:large","max-video-preview":"max-video-preview:-1"},"canonical":"https:\/\/www.asajacyl.com\/palencia\/asaja-palencia-informa\/la-lavanda","og_locale":"es_ES","og_type":"article","og_title":"Los aceites esenciales de plantas arom\u00e1ticas no ser\u00e1n considerados sustancias qu\u00edmicas - ASAJA Palencia","og_description":"El Reglamento REACH (registro, evaluaci\u00f3n, autorizaci\u00f3n y restricci\u00f3n de sustancias y mezclas qu\u00edmicas) se ha estado debatiendo en el Parlamento Europeo","og_url":"https:\/\/www.asajacyl.com\/palencia\/asaja-palencia-informa\/la-lavanda","og_site_name":"ASAJA Palencia","article_published_time":"2023-01-05T23:48:00+00:00","article_modified_time":"2023-01-09T06:32:36+00:00","og_image":[{"width":1600,"height":1200,"url":"https:\/\/www.asajacyl.com\/palencia\/wp-content\/uploads\/sites\/3\/2022\/07\/LAVANDA.jpg","type":"image\/jpeg"}],"author":"Administrador","twitter_card":"summary_large_image","twitter_misc":{"Escrito por":"Administrador","Tiempo de lectura":"1 minuto"},"schema":{"@context":"https:\/\/schema.org","@graph":[{"@type":"WebPage","@id":"https:\/\/www.asajacyl.com\/palencia\/asaja-palencia-informa\/la-lavanda","url":"https:\/\/www.asajacyl.com\/palencia\/asaja-palencia-informa\/la-lavanda","name":"Los aceites esenciales de plantas arom\u00e1ticas no ser\u00e1n considerados sustancias qu\u00edmicas - ASAJA Palencia","isPartOf":{"@id":"https:\/\/www.asajacyl.com\/palencia\/#website"},"primaryImageOfPage":{"@id":"https:\/\/www.asajacyl.com\/palencia\/asaja-palencia-informa\/la-lavanda#primaryimage"},"image":{"@id":"https:\/\/www.asajacyl.com\/palencia\/asaja-palencia-informa\/la-lavanda#primaryimage"},"thumbnailUrl":"https:\/\/www.asajacyl.com\/palencia\/wp-content\/uploads\/sites\/3\/2022\/07\/LAVANDA.jpg","datePublished":"2023-01-05T23:48:00+00:00","dateModified":"2023-01-09T06:32:36+00:00","author":{"@id":"https:\/\/www.asajacyl.com\/palencia\/#\/schema\/person\/3ab17aeb03527485c317557fae64aab1"},"description":"El Reglamento REACH (registro, evaluaci\u00f3n, autorizaci\u00f3n y restricci\u00f3n de sustancias y mezclas qu\u00edmicas) se ha estado debatiendo en el Parlamento Europeo","breadcrumb":{"@id":"https:\/\/www.asajacyl.com\/palencia\/asaja-palencia-informa\/la-lavanda#breadcrumb"},"inLanguage":"es","potentialAction":[{"@type":"ReadAction","target":["https:\/\/www.asajacyl.com\/palencia\/asaja-palencia-informa\/la-lavanda"]}]},{"@type":"ImageObject","inLanguage":"es","@id":"https:\/\/www.asajacyl.com\/palencia\/asaja-palencia-informa\/la-lavanda#primaryimage","url":"https:\/\/www.asajacyl.com\/palencia\/wp-content\/uploads\/sites\/3\/2022\/07\/LAVANDA.jpg","contentUrl":"https:\/\/www.asajacyl.com\/palencia\/wp-content\/uploads\/sites\/3\/2022\/07\/LAVANDA.jpg","width":1600,"height":1200},{"@type":"BreadcrumbList","@id":"https:\/\/www.asajacyl.com\/palencia\/asaja-palencia-informa\/la-lavanda#breadcrumb","itemListElement":[{"@type":"ListItem","position":1,"name":"Portada","item":"https:\/\/www.asajacyl.com\/palencia\/"},{"@type":"ListItem","position":2,"name":"Los aceites esenciales de plantas arom\u00e1ticas no ser\u00e1n considerados sustancias qu\u00edmicas"}]},{"@type":"WebSite","@id":"https:\/\/www.asajacyl.com\/palencia\/#website","url":"https:\/\/www.asajacyl.com\/palencia\/","name":"ASAJA Palencia","description":"Otro sitio m\u00e1s de Provincias ASAJA Castilla y Le\u00f3n","potentialAction":[{"@type":"SearchAction","target":{"@type":"EntryPoint","urlTemplate":"https:\/\/www.asajacyl.com\/palencia\/?s={search_term_string}"},"query-input":{"@type":"PropertyValueSpecification","valueRequired":true,"valueName":"search_term_string"}}],"inLanguage":"es"},{"@type":"Person","@id":"https:\/\/www.asajacyl.com\/palencia\/#\/schema\/person\/3ab17aeb03527485c317557fae64aab1","name":"Administrador","image":{"@type":"ImageObject","inLanguage":"es","@id":"https:\/\/www.asajacyl.com\/palencia\/#\/schema\/person\/image\/","url":"https:\/\/secure.gravatar.com\/avatar\/517384810d242ca9e38c180f3c9fb973?s=96&d=mm&r=g","contentUrl":"https:\/\/secure.gravatar.com\/avatar\/517384810d242ca9e38c180f3c9fb973?s=96&d=mm&r=g","caption":"Administrador"},"url":"https:\/\/www.asajacyl.com\/palencia\/author\/carlosrm"}]}},"_links":{"self":[{"href":"https:\/\/www.asajacyl.com\/palencia\/wp-json\/wp\/v2\/posts\/12067"}],"collection":[{"href":"https:\/\/www.asajacyl.com\/palencia\/wp-json\/wp\/v2\/posts"}],"about":[{"href":"https:\/\/www.asajacyl.com\/palencia\/wp-json\/wp\/v2\/types\/post"}],"author":[{"embeddable":true,"href":"https:\/\/www.asajacyl.com\/palencia\/wp-json\/wp\/v2\/users\/9"}],"replies":[{"embeddable":true,"href":"https:\/\/www.asajacyl.com\/palencia\/wp-json\/wp\/v2\/comments?post=12067"}],"version-history":[{"count":3,"href":"https:\/\/www.asajacyl.com\/palencia\/wp-json\/wp\/v2\/posts\/12067\/revisions"}],"predecessor-version":[{"id":12073,"href":"https:\/\/www.asajacyl.com\/palencia\/wp-json\/wp\/v2\/posts\/12067\/revisions\/12073"}],"wp:featuredmedia":[{"embeddable":true,"href":"https:\/\/www.asajacyl.com\/palencia\/wp-json\/wp\/v2\/media\/11122"}],"wp:attachment":[{"href":"https:\/\/www.asajacyl.com\/palencia\/wp-json\/wp\/v2\/media?parent=12067"}],"wp:term":[{"taxonomy":"category","embeddable":true,"href":"https:\/\/www.asajacyl.com\/palencia\/wp-json\/wp\/v2\/categories?post=12067"},{"taxonomy":"post_tag","embeddable":true,"href":"https:\/\/www.asajacyl.com\/palencia\/wp-json\/wp\/v2\/tags?post=12067"}],"curies":[{"name":"wp","href":"https:\/\/api.w.org\/{rel}","templated":true}]}}