{"id":12070,"date":"2023-01-08T13:17:28","date_gmt":"2023-01-08T12:17:28","guid":{"rendered":"https:\/\/www.asajacyl.com\/palencia\/?p=12070"},"modified":"2023-01-05T13:23:56","modified_gmt":"2023-01-05T12:23:56","slug":"y-seguimos-sin-agua","status":"publish","type":"post","link":"https:\/\/www.asajacyl.com\/palencia\/asaja-palencia-informa\/y-seguimos-sin-agua","title":{"rendered":"Y seguimos sin agua&#8230;"},"content":{"rendered":"\n<p>Nuestro sistema Carri\u00f3n adolece desde siempre de la necesaria regulaci\u00f3n para que los regantes dispongamos del agua necesaria para conseguir el mayor rendimiento posible en los regad\u00edos. Ahora estamos viendo c\u00f3mo los embalses del Carri\u00f3n est\u00e1n poni\u00e9ndose a tono, ya que superan la media de diez a\u00f1os, cuando adem\u00e1s venimos de un a\u00f1o p\u00e9simo con dotaciones muy bajas e incluso cortes de agua en diferentes comunidades de regantes antes de la te\u00f3rica finalizaci\u00f3n de la campa\u00f1a de riego.<\/p>\n\n\n\n<p>Pero que nadie se enga\u00f1e, seguimos sin tener agua y sin agua seguiremos hasta que no haya donde guardarlo, algo que ahora no tenemos.<br>En 1991 se public\u00f3 la declaraci\u00f3n de Impacto Ambiental negativa del embalse de Vidrieros, algo que ha frenado el desarrollo de nuestra provincia, una de las que tiene menor n\u00famero de instalaciones de j\u00f3venes en Castilla y Le\u00f3n. Nos pusieron palos en las ruedas y los pol\u00edticos provinciales se amilanaron y condenaron al Carri\u00f3n, no se merecen nada m\u00e1s que caer en el olvido de todos. Quiz\u00e1 ha llegado el momento de que algo que ocurri\u00f3 hace treinta a\u00f1os se revise y es que no se entiende que algo que se redact\u00f3 hace tantos a\u00f1os haya que asumir que est\u00e9 vigente. Son muchos a\u00f1os y las cosas cambian, asumir que todo sigue igual no tiene sentido.<\/p>\n\n\n\n<p>Para solventar el hist\u00f3rico problema del Carri\u00f3n se plante\u00f3 la creaci\u00f3n de tres embalses en el r\u00edo Cueza, ahora ya, gracias a otra evaluaci\u00f3n de impacto ambiental, se han quedado en dos\u2026 o en nada porque son d\u00e9cadas hablando del tema y viendo que no se avanza absolutamente nada. Las balsas de Las Cuezas son la zanahoria que nos van poniendo cuando nos acordamos de que nos falta agua. Precisamente ahora, con el subid\u00f3n que tenemos porque vemos algo de agua en los embalses \u2013y no olvidemos que necesitamos que se llenen dos veces por campa\u00f1a, con la participaci\u00f3n de la nieve, para que contemos realmente con agua en la campa\u00f1a- se nos \u201colvida\u201d nuestra falta de regulaci\u00f3n y sibilinamente nuestra denostada Confederaci\u00f3n Hidrogr\u00e1fica del Duero vuelve a guardar el proyecto en el caj\u00f3n, seguro que lo siguen teniendo en pesetas. Volver\u00e1 la falta de agua, nos quejaremos y nos dir\u00e1n que se les ha ocurrido hacer unas balsas en Las Cuezas pero que lleva tiempo hacerlas y vuelta a empezar. As\u00ed no vamos a ninguna parte. Ya no s\u00e9 si nos torean o nos dejamos torear pero ellos se salen con la suya y nosotros vemos a nuestra provincia condenada a la falta de agua.<\/p>\n\n\n\n<p>Resulta que los del Carri\u00f3n mir\u00e1bamos siempre con sana envidia a nuestros compa\u00f1eros del Pisuerga, y vaya por delante que todos estamos en el mismo barco, pero ahora nos estamos dando cuenta de que el Pisuerga tambi\u00e9n tiene problemas, y bien gordos, porque los embalses no se est\u00e1n recuperando pese a las lluvias.<\/p>\n\n\n\n<p>Todos necesitamos una mayor regulaci\u00f3n y una gesti\u00f3n del agua en pro del regad\u00edo. Ahora estamos viendo que se ponen paneles solares y aerogeneradores por todas partes, supongo que algo de electricidad generar\u00e1n y me planteo dos cuestiones: \u00bfPor qu\u00e9 dejar salir el agua de los embalses cuando no sobra con el fin de generar electricidad? \u00bfPor qu\u00e9 dejar salir de los embalses m\u00e1s agua que el m\u00ednimo necesario para que transcurra con normalidad la vida en los r\u00edos?<\/p>\n\n\n\n<p>Desde ASAJA siempre hemos intentado exigir y aportar soluciones. Hace pocos a\u00f1os planteamos a Confederaci\u00f3n la posibilidad de realizar una captaci\u00f3n en el r\u00edo Rubag\u00f3n hacia el embalse de Aguilar; nos hemos quejado amargamente de la desaparici\u00f3n, en el nuevo Plan Hidrol\u00f3gico del Duero, de unos embalses que se pretend\u00edan realizar en el r\u00edo Boedo y el r\u00edo Burejo; hemos defendido la transformaci\u00f3n a regad\u00edo en Fuentes de Nava y Autillo de Campos; estamos demandando constantemente que las Administraciones agilicen todas las modernizaciones aprobadas por las comunidades de regantes de Palencia, que se van acumulando pero no avanzan. La respuesta siempre es la misma, no, no y no.<\/p>\n\n\n\n<p>Una de las personas m\u00e1s representativas de la Ilustraci\u00f3n en Espa\u00f1a fue Gaspar Melchor de Jovellanos (1744-1811), pol\u00edtico asturiano del siglo XVIII. Nos dej\u00f3 una frase para la historia y que deber\u00eda ser el lema de la Confederaci\u00f3n: \u201cEspa\u00f1a nunca ser\u00e1 grande mientras las aguas de nuestros r\u00edos se pierdan en el mar\u201d. Pocas frases dicen tanto en tan pocas palabras. Estas palabras de Jovellanos siguen vigentes y deben guiar nuestras actuaciones. Si los pol\u00edticos de hoy en d\u00eda, como la ecologista ministra Ribera, \u00faltima responsable de Confederaci\u00f3n, no sirven para nada o peor a\u00fan, deshacen m\u00e1s que hacen, tendremos que guiarnos por aquellos que vivieron en Espa\u00f1a hace m\u00e1s de doscientos a\u00f1os. No siempre tuvimos pol\u00edticos tan in\u00fatiles.<\/p>\n","protected":false},"excerpt":{"rendered":"<p>Nuestro sistema Carri\u00f3n adolece desde siempre de la necesaria regulaci\u00f3n para que los regantes dispongamos del agua necesaria para conseguir el mayor rendimiento posible en los regad\u00edos. Ahora estamos viendo c\u00f3mo los embalses del Carri\u00f3n est\u00e1n poni\u00e9ndose a tono, ya que superan la media de diez a\u00f1os, cuando adem\u00e1s venimos de un a\u00f1o p\u00e9simo con [&hellip;]<\/p>\n","protected":false},"author":9,"featured_media":8911,"comment_status":"open","ping_status":"open","sticky":false,"template":"","format":"standard","meta":{"footnotes":""},"categories":[9,30],"tags":[],"yoast_head":"<!-- This site is optimized with the Yoast SEO plugin v24.5 - https:\/\/yoast.com\/wordpress\/plugins\/seo\/ -->\n<title>Y seguimos sin agua... - ASAJA Palencia<\/title>\n<meta name=\"description\" content=\"Nuestro sistema Carri\u00f3n adolece desde siempre de la necesaria regulaci\u00f3n para que los regantes dispongamos del agua necesaria para conseguir el mayor\" \/>\n<meta name=\"robots\" content=\"index, follow, max-snippet:-1, max-image-preview:large, max-video-preview:-1\" \/>\n<link rel=\"canonical\" href=\"https:\/\/www.asajacyl.com\/palencia\/asaja-palencia-informa\/y-seguimos-sin-agua\" \/>\n<meta property=\"og:locale\" content=\"es_ES\" \/>\n<meta property=\"og:type\" content=\"article\" \/>\n<meta property=\"og:title\" content=\"Y seguimos sin agua... - ASAJA Palencia\" \/>\n<meta property=\"og:description\" content=\"Nuestro sistema Carri\u00f3n adolece desde siempre de la necesaria regulaci\u00f3n para que los regantes dispongamos del agua necesaria para conseguir el mayor\" \/>\n<meta property=\"og:url\" content=\"https:\/\/www.asajacyl.com\/palencia\/asaja-palencia-informa\/y-seguimos-sin-agua\" \/>\n<meta property=\"og:site_name\" content=\"ASAJA Palencia\" \/>\n<meta property=\"article:published_time\" content=\"2023-01-08T12:17:28+00:00\" \/>\n<meta property=\"og:image\" content=\"https:\/\/www.asajacyl.com\/palencia\/wp-content\/uploads\/sites\/3\/2021\/09\/JOSE-LUIS-MARCOS.jpg\" \/>\n\t<meta property=\"og:image:width\" content=\"2016\" \/>\n\t<meta property=\"og:image:height\" content=\"1512\" \/>\n\t<meta property=\"og:image:type\" content=\"image\/jpeg\" \/>\n<meta name=\"author\" content=\"Administrador\" \/>\n<meta name=\"twitter:card\" content=\"summary_large_image\" \/>\n<meta name=\"twitter:label1\" content=\"Escrito por\" \/>\n\t<meta name=\"twitter:data1\" content=\"Administrador\" \/>\n\t<meta name=\"twitter:label2\" content=\"Tiempo de lectura\" \/>\n\t<meta name=\"twitter:data2\" content=\"4 minutos\" \/>\n<script type=\"application\/ld+json\" class=\"yoast-schema-graph\">{\"@context\":\"https:\/\/schema.org\",\"@graph\":[{\"@type\":\"WebPage\",\"@id\":\"https:\/\/www.asajacyl.com\/palencia\/asaja-palencia-informa\/y-seguimos-sin-agua\",\"url\":\"https:\/\/www.asajacyl.com\/palencia\/asaja-palencia-informa\/y-seguimos-sin-agua\",\"name\":\"Y seguimos sin agua... - ASAJA Palencia\",\"isPartOf\":{\"@id\":\"https:\/\/www.asajacyl.com\/palencia\/#website\"},\"primaryImageOfPage\":{\"@id\":\"https:\/\/www.asajacyl.com\/palencia\/asaja-palencia-informa\/y-seguimos-sin-agua#primaryimage\"},\"image\":{\"@id\":\"https:\/\/www.asajacyl.com\/palencia\/asaja-palencia-informa\/y-seguimos-sin-agua#primaryimage\"},\"thumbnailUrl\":\"https:\/\/www.asajacyl.com\/palencia\/wp-content\/uploads\/sites\/3\/2021\/09\/JOSE-LUIS-MARCOS.jpg\",\"datePublished\":\"2023-01-08T12:17:28+00:00\",\"author\":{\"@id\":\"https:\/\/www.asajacyl.com\/palencia\/#\/schema\/person\/3ab17aeb03527485c317557fae64aab1\"},\"description\":\"Nuestro sistema Carri\u00f3n adolece desde siempre de la necesaria regulaci\u00f3n para que los regantes dispongamos del agua necesaria para conseguir el mayor\",\"breadcrumb\":{\"@id\":\"https:\/\/www.asajacyl.com\/palencia\/asaja-palencia-informa\/y-seguimos-sin-agua#breadcrumb\"},\"inLanguage\":\"es\",\"potentialAction\":[{\"@type\":\"ReadAction\",\"target\":[\"https:\/\/www.asajacyl.com\/palencia\/asaja-palencia-informa\/y-seguimos-sin-agua\"]}]},{\"@type\":\"ImageObject\",\"inLanguage\":\"es\",\"@id\":\"https:\/\/www.asajacyl.com\/palencia\/asaja-palencia-informa\/y-seguimos-sin-agua#primaryimage\",\"url\":\"https:\/\/www.asajacyl.com\/palencia\/wp-content\/uploads\/sites\/3\/2021\/09\/JOSE-LUIS-MARCOS.jpg\",\"contentUrl\":\"https:\/\/www.asajacyl.com\/palencia\/wp-content\/uploads\/sites\/3\/2021\/09\/JOSE-LUIS-MARCOS.jpg\",\"width\":2016,\"height\":1512},{\"@type\":\"BreadcrumbList\",\"@id\":\"https:\/\/www.asajacyl.com\/palencia\/asaja-palencia-informa\/y-seguimos-sin-agua#breadcrumb\",\"itemListElement\":[{\"@type\":\"ListItem\",\"position\":1,\"name\":\"Portada\",\"item\":\"https:\/\/www.asajacyl.com\/palencia\/\"},{\"@type\":\"ListItem\",\"position\":2,\"name\":\"Y seguimos sin agua&#8230;\"}]},{\"@type\":\"WebSite\",\"@id\":\"https:\/\/www.asajacyl.com\/palencia\/#website\",\"url\":\"https:\/\/www.asajacyl.com\/palencia\/\",\"name\":\"ASAJA Palencia\",\"description\":\"Otro sitio m\u00e1s de Provincias ASAJA Castilla y Le\u00f3n\",\"potentialAction\":[{\"@type\":\"SearchAction\",\"target\":{\"@type\":\"EntryPoint\",\"urlTemplate\":\"https:\/\/www.asajacyl.com\/palencia\/?s={search_term_string}\"},\"query-input\":{\"@type\":\"PropertyValueSpecification\",\"valueRequired\":true,\"valueName\":\"search_term_string\"}}],\"inLanguage\":\"es\"},{\"@type\":\"Person\",\"@id\":\"https:\/\/www.asajacyl.com\/palencia\/#\/schema\/person\/3ab17aeb03527485c317557fae64aab1\",\"name\":\"Administrador\",\"image\":{\"@type\":\"ImageObject\",\"inLanguage\":\"es\",\"@id\":\"https:\/\/www.asajacyl.com\/palencia\/#\/schema\/person\/image\/\",\"url\":\"https:\/\/secure.gravatar.com\/avatar\/517384810d242ca9e38c180f3c9fb973?s=96&d=mm&r=g\",\"contentUrl\":\"https:\/\/secure.gravatar.com\/avatar\/517384810d242ca9e38c180f3c9fb973?s=96&d=mm&r=g\",\"caption\":\"Administrador\"},\"url\":\"https:\/\/www.asajacyl.com\/palencia\/author\/carlosrm\"}]}<\/script>\n<!-- \/ Yoast SEO plugin. -->","yoast_head_json":{"title":"Y seguimos sin agua... - ASAJA Palencia","description":"Nuestro sistema Carri\u00f3n adolece desde siempre de la necesaria regulaci\u00f3n para que los regantes dispongamos del agua necesaria para conseguir el mayor","robots":{"index":"index","follow":"follow","max-snippet":"max-snippet:-1","max-image-preview":"max-image-preview:large","max-video-preview":"max-video-preview:-1"},"canonical":"https:\/\/www.asajacyl.com\/palencia\/asaja-palencia-informa\/y-seguimos-sin-agua","og_locale":"es_ES","og_type":"article","og_title":"Y seguimos sin agua... - ASAJA Palencia","og_description":"Nuestro sistema Carri\u00f3n adolece desde siempre de la necesaria regulaci\u00f3n para que los regantes dispongamos del agua necesaria para conseguir el mayor","og_url":"https:\/\/www.asajacyl.com\/palencia\/asaja-palencia-informa\/y-seguimos-sin-agua","og_site_name":"ASAJA Palencia","article_published_time":"2023-01-08T12:17:28+00:00","og_image":[{"width":2016,"height":1512,"url":"https:\/\/www.asajacyl.com\/palencia\/wp-content\/uploads\/sites\/3\/2021\/09\/JOSE-LUIS-MARCOS.jpg","type":"image\/jpeg"}],"author":"Administrador","twitter_card":"summary_large_image","twitter_misc":{"Escrito por":"Administrador","Tiempo de lectura":"4 minutos"},"schema":{"@context":"https:\/\/schema.org","@graph":[{"@type":"WebPage","@id":"https:\/\/www.asajacyl.com\/palencia\/asaja-palencia-informa\/y-seguimos-sin-agua","url":"https:\/\/www.asajacyl.com\/palencia\/asaja-palencia-informa\/y-seguimos-sin-agua","name":"Y seguimos sin agua... - ASAJA Palencia","isPartOf":{"@id":"https:\/\/www.asajacyl.com\/palencia\/#website"},"primaryImageOfPage":{"@id":"https:\/\/www.asajacyl.com\/palencia\/asaja-palencia-informa\/y-seguimos-sin-agua#primaryimage"},"image":{"@id":"https:\/\/www.asajacyl.com\/palencia\/asaja-palencia-informa\/y-seguimos-sin-agua#primaryimage"},"thumbnailUrl":"https:\/\/www.asajacyl.com\/palencia\/wp-content\/uploads\/sites\/3\/2021\/09\/JOSE-LUIS-MARCOS.jpg","datePublished":"2023-01-08T12:17:28+00:00","author":{"@id":"https:\/\/www.asajacyl.com\/palencia\/#\/schema\/person\/3ab17aeb03527485c317557fae64aab1"},"description":"Nuestro sistema Carri\u00f3n adolece desde siempre de la necesaria regulaci\u00f3n para que los regantes dispongamos del agua necesaria para conseguir el mayor","breadcrumb":{"@id":"https:\/\/www.asajacyl.com\/palencia\/asaja-palencia-informa\/y-seguimos-sin-agua#breadcrumb"},"inLanguage":"es","potentialAction":[{"@type":"ReadAction","target":["https:\/\/www.asajacyl.com\/palencia\/asaja-palencia-informa\/y-seguimos-sin-agua"]}]},{"@type":"ImageObject","inLanguage":"es","@id":"https:\/\/www.asajacyl.com\/palencia\/asaja-palencia-informa\/y-seguimos-sin-agua#primaryimage","url":"https:\/\/www.asajacyl.com\/palencia\/wp-content\/uploads\/sites\/3\/2021\/09\/JOSE-LUIS-MARCOS.jpg","contentUrl":"https:\/\/www.asajacyl.com\/palencia\/wp-content\/uploads\/sites\/3\/2021\/09\/JOSE-LUIS-MARCOS.jpg","width":2016,"height":1512},{"@type":"BreadcrumbList","@id":"https:\/\/www.asajacyl.com\/palencia\/asaja-palencia-informa\/y-seguimos-sin-agua#breadcrumb","itemListElement":[{"@type":"ListItem","position":1,"name":"Portada","item":"https:\/\/www.asajacyl.com\/palencia\/"},{"@type":"ListItem","position":2,"name":"Y seguimos sin agua&#8230;"}]},{"@type":"WebSite","@id":"https:\/\/www.asajacyl.com\/palencia\/#website","url":"https:\/\/www.asajacyl.com\/palencia\/","name":"ASAJA Palencia","description":"Otro sitio m\u00e1s de Provincias ASAJA Castilla y Le\u00f3n","potentialAction":[{"@type":"SearchAction","target":{"@type":"EntryPoint","urlTemplate":"https:\/\/www.asajacyl.com\/palencia\/?s={search_term_string}"},"query-input":{"@type":"PropertyValueSpecification","valueRequired":true,"valueName":"search_term_string"}}],"inLanguage":"es"},{"@type":"Person","@id":"https:\/\/www.asajacyl.com\/palencia\/#\/schema\/person\/3ab17aeb03527485c317557fae64aab1","name":"Administrador","image":{"@type":"ImageObject","inLanguage":"es","@id":"https:\/\/www.asajacyl.com\/palencia\/#\/schema\/person\/image\/","url":"https:\/\/secure.gravatar.com\/avatar\/517384810d242ca9e38c180f3c9fb973?s=96&d=mm&r=g","contentUrl":"https:\/\/secure.gravatar.com\/avatar\/517384810d242ca9e38c180f3c9fb973?s=96&d=mm&r=g","caption":"Administrador"},"url":"https:\/\/www.asajacyl.com\/palencia\/author\/carlosrm"}]}},"_links":{"self":[{"href":"https:\/\/www.asajacyl.com\/palencia\/wp-json\/wp\/v2\/posts\/12070"}],"collection":[{"href":"https:\/\/www.asajacyl.com\/palencia\/wp-json\/wp\/v2\/posts"}],"about":[{"href":"https:\/\/www.asajacyl.com\/palencia\/wp-json\/wp\/v2\/types\/post"}],"author":[{"embeddable":true,"href":"https:\/\/www.asajacyl.com\/palencia\/wp-json\/wp\/v2\/users\/9"}],"replies":[{"embeddable":true,"href":"https:\/\/www.asajacyl.com\/palencia\/wp-json\/wp\/v2\/comments?post=12070"}],"version-history":[{"count":1,"href":"https:\/\/www.asajacyl.com\/palencia\/wp-json\/wp\/v2\/posts\/12070\/revisions"}],"predecessor-version":[{"id":12071,"href":"https:\/\/www.asajacyl.com\/palencia\/wp-json\/wp\/v2\/posts\/12070\/revisions\/12071"}],"wp:featuredmedia":[{"embeddable":true,"href":"https:\/\/www.asajacyl.com\/palencia\/wp-json\/wp\/v2\/media\/8911"}],"wp:attachment":[{"href":"https:\/\/www.asajacyl.com\/palencia\/wp-json\/wp\/v2\/media?parent=12070"}],"wp:term":[{"taxonomy":"category","embeddable":true,"href":"https:\/\/www.asajacyl.com\/palencia\/wp-json\/wp\/v2\/categories?post=12070"},{"taxonomy":"post_tag","embeddable":true,"href":"https:\/\/www.asajacyl.com\/palencia\/wp-json\/wp\/v2\/tags?post=12070"}],"curies":[{"name":"wp","href":"https:\/\/api.w.org\/{rel}","templated":true}]}}