{"id":12078,"date":"2023-01-11T08:51:11","date_gmt":"2023-01-11T07:51:11","guid":{"rendered":"https:\/\/www.asajacyl.com\/palencia\/?p=12078"},"modified":"2023-01-11T08:51:12","modified_gmt":"2023-01-11T07:51:12","slug":"asaja-y-el-resto-de-opas-salen-de-aimcra-dando-por-terminada-la-historica-interprofesional-remolachera","status":"publish","type":"post","link":"https:\/\/www.asajacyl.com\/palencia\/asaja-palencia-informa\/asaja-y-el-resto-de-opas-salen-de-aimcra-dando-por-terminada-la-historica-interprofesional-remolachera","title":{"rendered":"ASAJA y el resto de OPAS salen de AIMCRA, dando por terminada la hist\u00f3rica interprofesional remolachera"},"content":{"rendered":"\n<p>La organizaci\u00f3n agraria ASAJA de Castilla y Le\u00f3n dej\u00f3 de representar desde ayer martes 10 de enero a los productores de remolacha en los \u00f3rganos de direcci\u00f3n de AIMCRA (Asociaci\u00f3n para la Investigaci\u00f3n y Mejora del Cultivo de la Remolacha Azucarera), para lo que se ha aprobado por unanimidad una modificaci\u00f3n de los Estatutos que permitir\u00e1 a la empresa AB Azucarera ser, en la pr\u00e1ctica, la gestora \u00fanica de este organismo de investigaci\u00f3n, ya que la representaci\u00f3n de los remolacheros recaer\u00e1 en aquellos cultivadores que se presenten voluntariamente a los \u00f3rganos de gobierno y salgan elegidos, representando as\u00ed al resto de remolacheros cultivadores de Azucarera.<br>Las organizaciones agrarias salen de la gesti\u00f3n de AIMCRA ante la imposibilidad de asegurar la neutralidad en el trabajo encomendado a la asociaci\u00f3n.<\/p>\n\n\n\n<p>Se rompe as\u00ed una relaci\u00f3n de d\u00e9cadas en la que las organizaciones profesionales agrarias y la industria azucarera pactaban los acuerdos marcos interprofesionales del sector remolachero azucarero, a la vez que, con una participaci\u00f3n al 50%, dirig\u00edan AIMCRA para avanzar en la investigaci\u00f3n y desarrollo del cultivo de la remolacha.<\/p>\n\n\n\n<p>AIMCRA, gestionada por la interprofesi\u00f3n, ha sido responsable de buena parte de las mejoras agron\u00f3micas en el cultivo, de la lucha contra plagas y enfermedades, as\u00ed como de avances gen\u00e9ticos para conseguir plantas m\u00e1s productivas e incluso mejoras importantes en los regad\u00edos de forma general gracias a la b\u00fasqueda de la eficiencia en el uso del agua y de la energ\u00eda.<\/p>\n\n\n\n<p>Los desencuentros entre la industria azucarera y las organizaciones agrarias, escenificados en el incumplimiento por parte de AB Azucarera de las condiciones econ\u00f3micas del contrato de compra venta de remolacha de la campa\u00f1a 2019-2020 incluido en el AMI vigente (Acuerdo Marco Interprofesional), que termin\u00f3 en un laudo arbitral en el que se dio la raz\u00f3n a ASAJA obligando a Azucarera a pagar a todos los productores el precio pactado en el AMI, han llevado a una dificultad de entendimiento tambi\u00e9n en la gesti\u00f3n de AIMCRA, que ha perdido toda la imparcialidad de la que siempre hizo gala y trabaja en la actualidad \u00fanicamente para los intereses de la multinacional British Sugar.<\/p>\n\n\n\n<p>ASAJA lamenta la pol\u00edtica de desencuentros que ha cultivado AB Azucarera en los \u00faltimos a\u00f1os y que ha llevado a que se reduzca la superficie y producci\u00f3n de remolacha en cifras de esc\u00e1ndalo, a que el cultivo haya perdido atractivo para la mayor\u00eda de los productores, a que a duras penas se sustente gracias a fuertes ayudas p\u00fablicas, y a que se corra el riesgo de perder una alternativa de cultivo necesaria en muchas explotaciones de Castilla y Le\u00f3n.<\/p>\n","protected":false},"excerpt":{"rendered":"<p>La organizaci\u00f3n agraria ASAJA de Castilla y Le\u00f3n dej\u00f3 de representar desde ayer martes 10 de enero a los productores de remolacha en los \u00f3rganos de direcci\u00f3n de AIMCRA (Asociaci\u00f3n para la Investigaci\u00f3n y Mejora del Cultivo de la Remolacha Azucarera), para lo que se ha aprobado por unanimidad una modificaci\u00f3n de los Estatutos que [&hellip;]<\/p>\n","protected":false},"author":9,"featured_media":12079,"comment_status":"open","ping_status":"open","sticky":false,"template":"","format":"standard","meta":{"footnotes":""},"categories":[9,29,28],"tags":[],"yoast_head":"<!-- This site is optimized with the Yoast SEO plugin v24.5 - https:\/\/yoast.com\/wordpress\/plugins\/seo\/ -->\n<title>ASAJA y el resto de OPAS salen de AIMCRA, dando por terminada la hist\u00f3rica interprofesional remolachera - ASAJA Palencia<\/title>\n<meta name=\"description\" content=\"La organizaci\u00f3n agraria ASAJA de Castilla y Le\u00f3n dej\u00f3 de representar desde ayer martes 10 de enero a los productores de remolacha en los \u00f3rganos de\" \/>\n<meta name=\"robots\" content=\"index, follow, max-snippet:-1, max-image-preview:large, max-video-preview:-1\" \/>\n<link rel=\"canonical\" href=\"https:\/\/www.asajacyl.com\/palencia\/asaja-palencia-informa\/asaja-y-el-resto-de-opas-salen-de-aimcra-dando-por-terminada-la-historica-interprofesional-remolachera\" \/>\n<meta property=\"og:locale\" content=\"es_ES\" \/>\n<meta property=\"og:type\" content=\"article\" \/>\n<meta property=\"og:title\" content=\"ASAJA y el resto de OPAS salen de AIMCRA, dando por terminada la hist\u00f3rica interprofesional remolachera - ASAJA Palencia\" \/>\n<meta property=\"og:description\" content=\"La organizaci\u00f3n agraria ASAJA de Castilla y Le\u00f3n dej\u00f3 de representar desde ayer martes 10 de enero a los productores de remolacha en los \u00f3rganos de\" \/>\n<meta property=\"og:url\" content=\"https:\/\/www.asajacyl.com\/palencia\/asaja-palencia-informa\/asaja-y-el-resto-de-opas-salen-de-aimcra-dando-por-terminada-la-historica-interprofesional-remolachera\" \/>\n<meta property=\"og:site_name\" content=\"ASAJA Palencia\" \/>\n<meta property=\"article:published_time\" content=\"2023-01-11T07:51:11+00:00\" \/>\n<meta property=\"article:modified_time\" content=\"2023-01-11T07:51:12+00:00\" \/>\n<meta property=\"og:image\" content=\"https:\/\/www.asajacyl.com\/palencia\/wp-content\/uploads\/sites\/3\/2023\/01\/AIMCRA.jpg\" \/>\n\t<meta property=\"og:image:width\" content=\"1024\" \/>\n\t<meta property=\"og:image:height\" content=\"768\" \/>\n\t<meta property=\"og:image:type\" content=\"image\/jpeg\" \/>\n<meta name=\"author\" content=\"Administrador\" \/>\n<meta name=\"twitter:card\" content=\"summary_large_image\" \/>\n<meta name=\"twitter:label1\" content=\"Escrito por\" \/>\n\t<meta name=\"twitter:data1\" content=\"Administrador\" \/>\n\t<meta name=\"twitter:label2\" content=\"Tiempo de lectura\" \/>\n\t<meta name=\"twitter:data2\" content=\"2 minutos\" \/>\n<script type=\"application\/ld+json\" class=\"yoast-schema-graph\">{\"@context\":\"https:\/\/schema.org\",\"@graph\":[{\"@type\":\"WebPage\",\"@id\":\"https:\/\/www.asajacyl.com\/palencia\/asaja-palencia-informa\/asaja-y-el-resto-de-opas-salen-de-aimcra-dando-por-terminada-la-historica-interprofesional-remolachera\",\"url\":\"https:\/\/www.asajacyl.com\/palencia\/asaja-palencia-informa\/asaja-y-el-resto-de-opas-salen-de-aimcra-dando-por-terminada-la-historica-interprofesional-remolachera\",\"name\":\"ASAJA y el resto de OPAS salen de AIMCRA, dando por terminada la hist\u00f3rica interprofesional remolachera - ASAJA Palencia\",\"isPartOf\":{\"@id\":\"https:\/\/www.asajacyl.com\/palencia\/#website\"},\"primaryImageOfPage\":{\"@id\":\"https:\/\/www.asajacyl.com\/palencia\/asaja-palencia-informa\/asaja-y-el-resto-de-opas-salen-de-aimcra-dando-por-terminada-la-historica-interprofesional-remolachera#primaryimage\"},\"image\":{\"@id\":\"https:\/\/www.asajacyl.com\/palencia\/asaja-palencia-informa\/asaja-y-el-resto-de-opas-salen-de-aimcra-dando-por-terminada-la-historica-interprofesional-remolachera#primaryimage\"},\"thumbnailUrl\":\"https:\/\/www.asajacyl.com\/palencia\/wp-content\/uploads\/sites\/3\/2023\/01\/AIMCRA.jpg\",\"datePublished\":\"2023-01-11T07:51:11+00:00\",\"dateModified\":\"2023-01-11T07:51:12+00:00\",\"author\":{\"@id\":\"https:\/\/www.asajacyl.com\/palencia\/#\/schema\/person\/3ab17aeb03527485c317557fae64aab1\"},\"description\":\"La organizaci\u00f3n agraria ASAJA de Castilla y Le\u00f3n dej\u00f3 de representar desde ayer martes 10 de enero a los productores de remolacha en los \u00f3rganos de\",\"breadcrumb\":{\"@id\":\"https:\/\/www.asajacyl.com\/palencia\/asaja-palencia-informa\/asaja-y-el-resto-de-opas-salen-de-aimcra-dando-por-terminada-la-historica-interprofesional-remolachera#breadcrumb\"},\"inLanguage\":\"es\",\"potentialAction\":[{\"@type\":\"ReadAction\",\"target\":[\"https:\/\/www.asajacyl.com\/palencia\/asaja-palencia-informa\/asaja-y-el-resto-de-opas-salen-de-aimcra-dando-por-terminada-la-historica-interprofesional-remolachera\"]}]},{\"@type\":\"ImageObject\",\"inLanguage\":\"es\",\"@id\":\"https:\/\/www.asajacyl.com\/palencia\/asaja-palencia-informa\/asaja-y-el-resto-de-opas-salen-de-aimcra-dando-por-terminada-la-historica-interprofesional-remolachera#primaryimage\",\"url\":\"https:\/\/www.asajacyl.com\/palencia\/wp-content\/uploads\/sites\/3\/2023\/01\/AIMCRA.jpg\",\"contentUrl\":\"https:\/\/www.asajacyl.com\/palencia\/wp-content\/uploads\/sites\/3\/2023\/01\/AIMCRA.jpg\",\"width\":1024,\"height\":768},{\"@type\":\"BreadcrumbList\",\"@id\":\"https:\/\/www.asajacyl.com\/palencia\/asaja-palencia-informa\/asaja-y-el-resto-de-opas-salen-de-aimcra-dando-por-terminada-la-historica-interprofesional-remolachera#breadcrumb\",\"itemListElement\":[{\"@type\":\"ListItem\",\"position\":1,\"name\":\"Portada\",\"item\":\"https:\/\/www.asajacyl.com\/palencia\/\"},{\"@type\":\"ListItem\",\"position\":2,\"name\":\"ASAJA y el resto de OPAS salen de AIMCRA, dando por terminada la hist\u00f3rica interprofesional remolachera\"}]},{\"@type\":\"WebSite\",\"@id\":\"https:\/\/www.asajacyl.com\/palencia\/#website\",\"url\":\"https:\/\/www.asajacyl.com\/palencia\/\",\"name\":\"ASAJA Palencia\",\"description\":\"Otro sitio m\u00e1s de Provincias ASAJA Castilla y Le\u00f3n\",\"potentialAction\":[{\"@type\":\"SearchAction\",\"target\":{\"@type\":\"EntryPoint\",\"urlTemplate\":\"https:\/\/www.asajacyl.com\/palencia\/?s={search_term_string}\"},\"query-input\":{\"@type\":\"PropertyValueSpecification\",\"valueRequired\":true,\"valueName\":\"search_term_string\"}}],\"inLanguage\":\"es\"},{\"@type\":\"Person\",\"@id\":\"https:\/\/www.asajacyl.com\/palencia\/#\/schema\/person\/3ab17aeb03527485c317557fae64aab1\",\"name\":\"Administrador\",\"image\":{\"@type\":\"ImageObject\",\"inLanguage\":\"es\",\"@id\":\"https:\/\/www.asajacyl.com\/palencia\/#\/schema\/person\/image\/\",\"url\":\"https:\/\/secure.gravatar.com\/avatar\/517384810d242ca9e38c180f3c9fb973?s=96&d=mm&r=g\",\"contentUrl\":\"https:\/\/secure.gravatar.com\/avatar\/517384810d242ca9e38c180f3c9fb973?s=96&d=mm&r=g\",\"caption\":\"Administrador\"},\"url\":\"https:\/\/www.asajacyl.com\/palencia\/author\/carlosrm\"}]}<\/script>\n<!-- \/ Yoast SEO plugin. -->","yoast_head_json":{"title":"ASAJA y el resto de OPAS salen de AIMCRA, dando por terminada la hist\u00f3rica interprofesional remolachera - ASAJA Palencia","description":"La organizaci\u00f3n agraria ASAJA de Castilla y Le\u00f3n dej\u00f3 de representar desde ayer martes 10 de enero a los productores de remolacha en los \u00f3rganos de","robots":{"index":"index","follow":"follow","max-snippet":"max-snippet:-1","max-image-preview":"max-image-preview:large","max-video-preview":"max-video-preview:-1"},"canonical":"https:\/\/www.asajacyl.com\/palencia\/asaja-palencia-informa\/asaja-y-el-resto-de-opas-salen-de-aimcra-dando-por-terminada-la-historica-interprofesional-remolachera","og_locale":"es_ES","og_type":"article","og_title":"ASAJA y el resto de OPAS salen de AIMCRA, dando por terminada la hist\u00f3rica interprofesional remolachera - ASAJA Palencia","og_description":"La organizaci\u00f3n agraria ASAJA de Castilla y Le\u00f3n dej\u00f3 de representar desde ayer martes 10 de enero a los productores de remolacha en los \u00f3rganos de","og_url":"https:\/\/www.asajacyl.com\/palencia\/asaja-palencia-informa\/asaja-y-el-resto-de-opas-salen-de-aimcra-dando-por-terminada-la-historica-interprofesional-remolachera","og_site_name":"ASAJA Palencia","article_published_time":"2023-01-11T07:51:11+00:00","article_modified_time":"2023-01-11T07:51:12+00:00","og_image":[{"width":1024,"height":768,"url":"https:\/\/www.asajacyl.com\/palencia\/wp-content\/uploads\/sites\/3\/2023\/01\/AIMCRA.jpg","type":"image\/jpeg"}],"author":"Administrador","twitter_card":"summary_large_image","twitter_misc":{"Escrito por":"Administrador","Tiempo de lectura":"2 minutos"},"schema":{"@context":"https:\/\/schema.org","@graph":[{"@type":"WebPage","@id":"https:\/\/www.asajacyl.com\/palencia\/asaja-palencia-informa\/asaja-y-el-resto-de-opas-salen-de-aimcra-dando-por-terminada-la-historica-interprofesional-remolachera","url":"https:\/\/www.asajacyl.com\/palencia\/asaja-palencia-informa\/asaja-y-el-resto-de-opas-salen-de-aimcra-dando-por-terminada-la-historica-interprofesional-remolachera","name":"ASAJA y el resto de OPAS salen de AIMCRA, dando por terminada la hist\u00f3rica interprofesional remolachera - ASAJA Palencia","isPartOf":{"@id":"https:\/\/www.asajacyl.com\/palencia\/#website"},"primaryImageOfPage":{"@id":"https:\/\/www.asajacyl.com\/palencia\/asaja-palencia-informa\/asaja-y-el-resto-de-opas-salen-de-aimcra-dando-por-terminada-la-historica-interprofesional-remolachera#primaryimage"},"image":{"@id":"https:\/\/www.asajacyl.com\/palencia\/asaja-palencia-informa\/asaja-y-el-resto-de-opas-salen-de-aimcra-dando-por-terminada-la-historica-interprofesional-remolachera#primaryimage"},"thumbnailUrl":"https:\/\/www.asajacyl.com\/palencia\/wp-content\/uploads\/sites\/3\/2023\/01\/AIMCRA.jpg","datePublished":"2023-01-11T07:51:11+00:00","dateModified":"2023-01-11T07:51:12+00:00","author":{"@id":"https:\/\/www.asajacyl.com\/palencia\/#\/schema\/person\/3ab17aeb03527485c317557fae64aab1"},"description":"La organizaci\u00f3n agraria ASAJA de Castilla y Le\u00f3n dej\u00f3 de representar desde ayer martes 10 de enero a los productores de remolacha en los \u00f3rganos de","breadcrumb":{"@id":"https:\/\/www.asajacyl.com\/palencia\/asaja-palencia-informa\/asaja-y-el-resto-de-opas-salen-de-aimcra-dando-por-terminada-la-historica-interprofesional-remolachera#breadcrumb"},"inLanguage":"es","potentialAction":[{"@type":"ReadAction","target":["https:\/\/www.asajacyl.com\/palencia\/asaja-palencia-informa\/asaja-y-el-resto-de-opas-salen-de-aimcra-dando-por-terminada-la-historica-interprofesional-remolachera"]}]},{"@type":"ImageObject","inLanguage":"es","@id":"https:\/\/www.asajacyl.com\/palencia\/asaja-palencia-informa\/asaja-y-el-resto-de-opas-salen-de-aimcra-dando-por-terminada-la-historica-interprofesional-remolachera#primaryimage","url":"https:\/\/www.asajacyl.com\/palencia\/wp-content\/uploads\/sites\/3\/2023\/01\/AIMCRA.jpg","contentUrl":"https:\/\/www.asajacyl.com\/palencia\/wp-content\/uploads\/sites\/3\/2023\/01\/AIMCRA.jpg","width":1024,"height":768},{"@type":"BreadcrumbList","@id":"https:\/\/www.asajacyl.com\/palencia\/asaja-palencia-informa\/asaja-y-el-resto-de-opas-salen-de-aimcra-dando-por-terminada-la-historica-interprofesional-remolachera#breadcrumb","itemListElement":[{"@type":"ListItem","position":1,"name":"Portada","item":"https:\/\/www.asajacyl.com\/palencia\/"},{"@type":"ListItem","position":2,"name":"ASAJA y el resto de OPAS salen de AIMCRA, dando por terminada la hist\u00f3rica interprofesional remolachera"}]},{"@type":"WebSite","@id":"https:\/\/www.asajacyl.com\/palencia\/#website","url":"https:\/\/www.asajacyl.com\/palencia\/","name":"ASAJA Palencia","description":"Otro sitio m\u00e1s de Provincias ASAJA Castilla y Le\u00f3n","potentialAction":[{"@type":"SearchAction","target":{"@type":"EntryPoint","urlTemplate":"https:\/\/www.asajacyl.com\/palencia\/?s={search_term_string}"},"query-input":{"@type":"PropertyValueSpecification","valueRequired":true,"valueName":"search_term_string"}}],"inLanguage":"es"},{"@type":"Person","@id":"https:\/\/www.asajacyl.com\/palencia\/#\/schema\/person\/3ab17aeb03527485c317557fae64aab1","name":"Administrador","image":{"@type":"ImageObject","inLanguage":"es","@id":"https:\/\/www.asajacyl.com\/palencia\/#\/schema\/person\/image\/","url":"https:\/\/secure.gravatar.com\/avatar\/517384810d242ca9e38c180f3c9fb973?s=96&d=mm&r=g","contentUrl":"https:\/\/secure.gravatar.com\/avatar\/517384810d242ca9e38c180f3c9fb973?s=96&d=mm&r=g","caption":"Administrador"},"url":"https:\/\/www.asajacyl.com\/palencia\/author\/carlosrm"}]}},"_links":{"self":[{"href":"https:\/\/www.asajacyl.com\/palencia\/wp-json\/wp\/v2\/posts\/12078"}],"collection":[{"href":"https:\/\/www.asajacyl.com\/palencia\/wp-json\/wp\/v2\/posts"}],"about":[{"href":"https:\/\/www.asajacyl.com\/palencia\/wp-json\/wp\/v2\/types\/post"}],"author":[{"embeddable":true,"href":"https:\/\/www.asajacyl.com\/palencia\/wp-json\/wp\/v2\/users\/9"}],"replies":[{"embeddable":true,"href":"https:\/\/www.asajacyl.com\/palencia\/wp-json\/wp\/v2\/comments?post=12078"}],"version-history":[{"count":1,"href":"https:\/\/www.asajacyl.com\/palencia\/wp-json\/wp\/v2\/posts\/12078\/revisions"}],"predecessor-version":[{"id":12080,"href":"https:\/\/www.asajacyl.com\/palencia\/wp-json\/wp\/v2\/posts\/12078\/revisions\/12080"}],"wp:featuredmedia":[{"embeddable":true,"href":"https:\/\/www.asajacyl.com\/palencia\/wp-json\/wp\/v2\/media\/12079"}],"wp:attachment":[{"href":"https:\/\/www.asajacyl.com\/palencia\/wp-json\/wp\/v2\/media?parent=12078"}],"wp:term":[{"taxonomy":"category","embeddable":true,"href":"https:\/\/www.asajacyl.com\/palencia\/wp-json\/wp\/v2\/categories?post=12078"},{"taxonomy":"post_tag","embeddable":true,"href":"https:\/\/www.asajacyl.com\/palencia\/wp-json\/wp\/v2\/tags?post=12078"}],"curies":[{"name":"wp","href":"https:\/\/api.w.org\/{rel}","templated":true}]}}