{"id":12095,"date":"2023-01-13T12:18:16","date_gmt":"2023-01-13T11:18:16","guid":{"rendered":"https:\/\/www.asajacyl.com\/palencia\/?p=12095"},"modified":"2023-01-13T12:18:18","modified_gmt":"2023-01-13T11:18:18","slug":"asaja-pide-el-voto-para-defender-con-mas-fuerza-una-agricultura-profesional-rentable-y-libre","status":"publish","type":"post","link":"https:\/\/www.asajacyl.com\/palencia\/asaja-palencia-informa\/asaja-pide-el-voto-para-defender-con-mas-fuerza-una-agricultura-profesional-rentable-y-libre","title":{"rendered":"ASAJA pide el voto para defender con m\u00e1s fuerza una agricultura profesional, rentable y libre"},"content":{"rendered":"\n<p>Cerca de doscientos agricultores y ganaderos de ASAJA de las nueve provincias de Castilla y Le\u00f3n han participado hoy en un encuentro de hermandad e impulso a la candidatura de la organizaci\u00f3n profesional agraria a las pr\u00f3ximas elecciones del campo. ASAJA concurre a estos comicios \u201cpara lograr ampliar nuestro liderazgo, porque el modelo que defiende ASAJA es el de la mayor\u00eda de los agricultores y ganaderos de Castilla y Le\u00f3n: una agricultura profesional, productiva, rentable y libre\u201d, ha subrayado el presidente de la OPA, Donaciano Dujo.<br>En el cartel electoral se destacan de hecho ambas ideas: \u201cCon los que te defienden. Vota ASAJA. Profesionales y Libres\u201d. \u201cEn Castilla y Le\u00f3n est\u00e1n las explotaciones m\u00e1s profesionales de Espa\u00f1a, y si hay algo que todos los agricultores y ganaderos repetimos una y otra vez es que necesitamos libertad, que no se puede soportar la burocracia y continuas presiones que tenemos en nuestro trabajo\u201d, ha explicado el presidente regional.<\/p>\n\n\n\n<p>En el programa con el que se presenta la OPA, se recogen tanto el trabajo realizado estos \u00faltimos cinco a\u00f1os, desde que en 2018 obtuviera de nuevo el respaldo mayoritario del campo de Castilla y Le\u00f3n, como las l\u00edneas de defensa que marcar\u00e1n los pr\u00f3ximos. \u201cNosotros no somos pol\u00edticos, no prometemos ni tenemos el BOE. Pero no paramos de pelear y aunque no en todo, en muchas cosas terminan por escucharnos\u201d, ha dicho Dujo. Prueba de esa tarea reivindicativa han sido las 40 manifestaciones convocadas en ese periodo, aunque solo es la parte visible de una continua estrategia de presi\u00f3n sobre administraciones, instituciones, empresas o a veces lobbies enteros que perjudican al campo, \u201cante los que no nos quedamos nunca callados, no tememos porque nos va la vida en ello, porque en ASAJA somos todos agricultores y ganaderos\u201d.<\/p>\n\n\n\n<p>Principales frutos de esa presi\u00f3n han sido ayudas como las logradas durante el Covid, la guerra en Ucrania, la sequ\u00eda de 2019 o los graves incendios forestales; las mejoras en el seguro agrario; lograr que Castilla y Le\u00f3n se opusiera al lesivo para la agricultura Plan Hidrol\u00f3gico del Duero; lograr una fiscalidad diferenciada para el sector, o limar los planteamientos m\u00e1s aberrantes de la nueva PAC. Tambi\u00e9n ha destacado Donaciano Dujo el laudo favorable a ASAJA que dobleg\u00f3 a Azucarera y permiti\u00f3 que los remolacheros de toda Espa\u00f1a recibieran 6,5 millones de euros que la industria no les abon\u00f3.<\/p>\n\n\n\n<p>\u201cSon logros que nos animan a seguir trabajando a destajo por el sector en los pr\u00f3ximos a\u00f1os, porque no pararemos en nuestro objetivo: que lo nuestro tenga un precio justo, que ser agricultor y ganadero sea rentable. Votando a ASAJA cada agricultor y ganadero se vota a s\u00ed mismo, porque as\u00ed vamos a tener m\u00e1s fuerza para solucionar sus problemas de cada d\u00eda\u201d, ha subrayado<\/p>\n\n\n\n<p>Por su parte, el secretario general, Jos\u00e9 Antonio Turrado, ha recordado que fue la insistencia de ASAJA la que determin\u00f3 que en Castilla y Le\u00f3n se celebraran las primeras Elecciones a C\u00e1maras Agrarias en 1997, \u201cun sistema democr\u00e1tico de representatividad que la mayor\u00eda de las autonom\u00edas no ha implantado y sin embargo es la mejor forma de dar legitimidad a las organizaciones agrarias, aqu\u00ed nadie va de farol, todo es fruto de un trabajo continuo y real con los agricultores y ganaderos, tanto en la reivindicaci\u00f3n como en los servicios e informaci\u00f3n constante al socio. Para Turrado, \u201cel modelo mayoritario del Campo de Castilla y Le\u00f3n es el modelo de agricultura y ganader\u00eda que defiende ASAJA\u201d, por lo que conf\u00edo en ampliar la representatividad en los pr\u00f3ximos comicios.<\/p>\n\n\n\n<p>Adem\u00e1s, en la jornada han intervenido todos los presidentes provinciales, para ampliar y enriquecer el debate con sus propuestas: Joaqu\u00edn Antonio Pino (\u00c1vila); Esteban Mart\u00ednez (Burgos); Arsenio Garc\u00eda (Le\u00f3n); Jos\u00e9 Luis Marcos (Palencia); Juan Luis Delgado (Salamanca); Guzm\u00e1n Bay\u00f3n (Segovia); Carmelo G\u00f3mez (Soria); Juan Ram\u00f3n Alonso (Valladolid) y Antonio Medina (Zamora).<\/p>\n\n\n\n<p>La jornada ha reunido a cerca de doscientos agricultores y ganaderos de las nueve provincias de Castilla y Le\u00f3n, que han avalado con su presencia una organizaci\u00f3n s\u00f3lida y bien vertebrada, que cuenta con 17.000 socios, con un equipo de 150 t\u00e9cnicos a su servicio, distribuidos en una red de 45 oficinas, tanto en capitales como en comarcas.<\/p>\n\n\n\n<p>El encuentro se ha celebrado en el sal\u00f3n de actos del Consejo Econ\u00f3mico y Social de Castilla y Le\u00f3n, a cuyo presidente y equipo ha agradecido su hospitalidad Donaciano Dujo.<\/p>\n","protected":false},"excerpt":{"rendered":"<p>Cerca de doscientos agricultores y ganaderos de ASAJA de las nueve provincias de Castilla y Le\u00f3n han participado hoy en un encuentro de hermandad e impulso a la candidatura de la organizaci\u00f3n profesional agraria a las pr\u00f3ximas elecciones del campo. ASAJA concurre a estos comicios \u201cpara lograr ampliar nuestro liderazgo, porque el modelo que defiende [&hellip;]<\/p>\n","protected":false},"author":9,"featured_media":12096,"comment_status":"open","ping_status":"open","sticky":false,"template":"","format":"standard","meta":{"footnotes":""},"categories":[9,29,28],"tags":[],"yoast_head":"<!-- This site is optimized with the Yoast SEO plugin v24.5 - https:\/\/yoast.com\/wordpress\/plugins\/seo\/ -->\n<title>ASAJA pide el voto para defender con m\u00e1s fuerza una agricultura profesional, rentable y libre - ASAJA Palencia<\/title>\n<meta name=\"description\" content=\"Cerca de doscientos agricultores y ganaderos de ASAJA de las nueve provincias de Castilla y Le\u00f3n han participado hoy en un encuentro de hermandad e\" \/>\n<meta name=\"robots\" content=\"index, follow, max-snippet:-1, max-image-preview:large, max-video-preview:-1\" \/>\n<link rel=\"canonical\" href=\"https:\/\/www.asajacyl.com\/palencia\/asaja-palencia-informa\/asaja-pide-el-voto-para-defender-con-mas-fuerza-una-agricultura-profesional-rentable-y-libre\" \/>\n<meta property=\"og:locale\" content=\"es_ES\" \/>\n<meta property=\"og:type\" content=\"article\" \/>\n<meta property=\"og:title\" content=\"ASAJA pide el voto para defender con m\u00e1s fuerza una agricultura profesional, rentable y libre - ASAJA Palencia\" \/>\n<meta property=\"og:description\" content=\"Cerca de doscientos agricultores y ganaderos de ASAJA de las nueve provincias de Castilla y Le\u00f3n han participado hoy en un encuentro de hermandad e\" \/>\n<meta property=\"og:url\" content=\"https:\/\/www.asajacyl.com\/palencia\/asaja-palencia-informa\/asaja-pide-el-voto-para-defender-con-mas-fuerza-una-agricultura-profesional-rentable-y-libre\" \/>\n<meta property=\"og:site_name\" content=\"ASAJA Palencia\" \/>\n<meta property=\"article:published_time\" content=\"2023-01-13T11:18:16+00:00\" \/>\n<meta property=\"article:modified_time\" content=\"2023-01-13T11:18:18+00:00\" \/>\n<meta property=\"og:image\" content=\"https:\/\/www.asajacyl.com\/palencia\/wp-content\/uploads\/sites\/3\/2023\/01\/GRUPO-ASAJA.jpg\" \/>\n\t<meta property=\"og:image:width\" content=\"1024\" \/>\n\t<meta property=\"og:image:height\" content=\"528\" \/>\n\t<meta property=\"og:image:type\" content=\"image\/jpeg\" \/>\n<meta name=\"author\" content=\"Administrador\" \/>\n<meta name=\"twitter:card\" content=\"summary_large_image\" \/>\n<meta name=\"twitter:label1\" content=\"Escrito por\" \/>\n\t<meta name=\"twitter:data1\" content=\"Administrador\" \/>\n\t<meta name=\"twitter:label2\" content=\"Tiempo de lectura\" \/>\n\t<meta name=\"twitter:data2\" content=\"4 minutos\" \/>\n<script type=\"application\/ld+json\" class=\"yoast-schema-graph\">{\"@context\":\"https:\/\/schema.org\",\"@graph\":[{\"@type\":\"WebPage\",\"@id\":\"https:\/\/www.asajacyl.com\/palencia\/asaja-palencia-informa\/asaja-pide-el-voto-para-defender-con-mas-fuerza-una-agricultura-profesional-rentable-y-libre\",\"url\":\"https:\/\/www.asajacyl.com\/palencia\/asaja-palencia-informa\/asaja-pide-el-voto-para-defender-con-mas-fuerza-una-agricultura-profesional-rentable-y-libre\",\"name\":\"ASAJA pide el voto para defender con m\u00e1s fuerza una agricultura profesional, rentable y libre - ASAJA Palencia\",\"isPartOf\":{\"@id\":\"https:\/\/www.asajacyl.com\/palencia\/#website\"},\"primaryImageOfPage\":{\"@id\":\"https:\/\/www.asajacyl.com\/palencia\/asaja-palencia-informa\/asaja-pide-el-voto-para-defender-con-mas-fuerza-una-agricultura-profesional-rentable-y-libre#primaryimage\"},\"image\":{\"@id\":\"https:\/\/www.asajacyl.com\/palencia\/asaja-palencia-informa\/asaja-pide-el-voto-para-defender-con-mas-fuerza-una-agricultura-profesional-rentable-y-libre#primaryimage\"},\"thumbnailUrl\":\"https:\/\/www.asajacyl.com\/palencia\/wp-content\/uploads\/sites\/3\/2023\/01\/GRUPO-ASAJA.jpg\",\"datePublished\":\"2023-01-13T11:18:16+00:00\",\"dateModified\":\"2023-01-13T11:18:18+00:00\",\"author\":{\"@id\":\"https:\/\/www.asajacyl.com\/palencia\/#\/schema\/person\/3ab17aeb03527485c317557fae64aab1\"},\"description\":\"Cerca de doscientos agricultores y ganaderos de ASAJA de las nueve provincias de Castilla y Le\u00f3n han participado hoy en un encuentro de hermandad e\",\"breadcrumb\":{\"@id\":\"https:\/\/www.asajacyl.com\/palencia\/asaja-palencia-informa\/asaja-pide-el-voto-para-defender-con-mas-fuerza-una-agricultura-profesional-rentable-y-libre#breadcrumb\"},\"inLanguage\":\"es\",\"potentialAction\":[{\"@type\":\"ReadAction\",\"target\":[\"https:\/\/www.asajacyl.com\/palencia\/asaja-palencia-informa\/asaja-pide-el-voto-para-defender-con-mas-fuerza-una-agricultura-profesional-rentable-y-libre\"]}]},{\"@type\":\"ImageObject\",\"inLanguage\":\"es\",\"@id\":\"https:\/\/www.asajacyl.com\/palencia\/asaja-palencia-informa\/asaja-pide-el-voto-para-defender-con-mas-fuerza-una-agricultura-profesional-rentable-y-libre#primaryimage\",\"url\":\"https:\/\/www.asajacyl.com\/palencia\/wp-content\/uploads\/sites\/3\/2023\/01\/GRUPO-ASAJA.jpg\",\"contentUrl\":\"https:\/\/www.asajacyl.com\/palencia\/wp-content\/uploads\/sites\/3\/2023\/01\/GRUPO-ASAJA.jpg\",\"width\":1024,\"height\":528},{\"@type\":\"BreadcrumbList\",\"@id\":\"https:\/\/www.asajacyl.com\/palencia\/asaja-palencia-informa\/asaja-pide-el-voto-para-defender-con-mas-fuerza-una-agricultura-profesional-rentable-y-libre#breadcrumb\",\"itemListElement\":[{\"@type\":\"ListItem\",\"position\":1,\"name\":\"Portada\",\"item\":\"https:\/\/www.asajacyl.com\/palencia\/\"},{\"@type\":\"ListItem\",\"position\":2,\"name\":\"ASAJA pide el voto para defender con m\u00e1s fuerza una agricultura profesional, rentable y libre\"}]},{\"@type\":\"WebSite\",\"@id\":\"https:\/\/www.asajacyl.com\/palencia\/#website\",\"url\":\"https:\/\/www.asajacyl.com\/palencia\/\",\"name\":\"ASAJA Palencia\",\"description\":\"Otro sitio m\u00e1s de Provincias ASAJA Castilla y Le\u00f3n\",\"potentialAction\":[{\"@type\":\"SearchAction\",\"target\":{\"@type\":\"EntryPoint\",\"urlTemplate\":\"https:\/\/www.asajacyl.com\/palencia\/?s={search_term_string}\"},\"query-input\":{\"@type\":\"PropertyValueSpecification\",\"valueRequired\":true,\"valueName\":\"search_term_string\"}}],\"inLanguage\":\"es\"},{\"@type\":\"Person\",\"@id\":\"https:\/\/www.asajacyl.com\/palencia\/#\/schema\/person\/3ab17aeb03527485c317557fae64aab1\",\"name\":\"Administrador\",\"image\":{\"@type\":\"ImageObject\",\"inLanguage\":\"es\",\"@id\":\"https:\/\/www.asajacyl.com\/palencia\/#\/schema\/person\/image\/\",\"url\":\"https:\/\/secure.gravatar.com\/avatar\/517384810d242ca9e38c180f3c9fb973?s=96&d=mm&r=g\",\"contentUrl\":\"https:\/\/secure.gravatar.com\/avatar\/517384810d242ca9e38c180f3c9fb973?s=96&d=mm&r=g\",\"caption\":\"Administrador\"},\"url\":\"https:\/\/www.asajacyl.com\/palencia\/author\/carlosrm\"}]}<\/script>\n<!-- \/ Yoast SEO plugin. -->","yoast_head_json":{"title":"ASAJA pide el voto para defender con m\u00e1s fuerza una agricultura profesional, rentable y libre - ASAJA Palencia","description":"Cerca de doscientos agricultores y ganaderos de ASAJA de las nueve provincias de Castilla y Le\u00f3n han participado hoy en un encuentro de hermandad e","robots":{"index":"index","follow":"follow","max-snippet":"max-snippet:-1","max-image-preview":"max-image-preview:large","max-video-preview":"max-video-preview:-1"},"canonical":"https:\/\/www.asajacyl.com\/palencia\/asaja-palencia-informa\/asaja-pide-el-voto-para-defender-con-mas-fuerza-una-agricultura-profesional-rentable-y-libre","og_locale":"es_ES","og_type":"article","og_title":"ASAJA pide el voto para defender con m\u00e1s fuerza una agricultura profesional, rentable y libre - ASAJA Palencia","og_description":"Cerca de doscientos agricultores y ganaderos de ASAJA de las nueve provincias de Castilla y Le\u00f3n han participado hoy en un encuentro de hermandad e","og_url":"https:\/\/www.asajacyl.com\/palencia\/asaja-palencia-informa\/asaja-pide-el-voto-para-defender-con-mas-fuerza-una-agricultura-profesional-rentable-y-libre","og_site_name":"ASAJA Palencia","article_published_time":"2023-01-13T11:18:16+00:00","article_modified_time":"2023-01-13T11:18:18+00:00","og_image":[{"width":1024,"height":528,"url":"https:\/\/www.asajacyl.com\/palencia\/wp-content\/uploads\/sites\/3\/2023\/01\/GRUPO-ASAJA.jpg","type":"image\/jpeg"}],"author":"Administrador","twitter_card":"summary_large_image","twitter_misc":{"Escrito por":"Administrador","Tiempo de lectura":"4 minutos"},"schema":{"@context":"https:\/\/schema.org","@graph":[{"@type":"WebPage","@id":"https:\/\/www.asajacyl.com\/palencia\/asaja-palencia-informa\/asaja-pide-el-voto-para-defender-con-mas-fuerza-una-agricultura-profesional-rentable-y-libre","url":"https:\/\/www.asajacyl.com\/palencia\/asaja-palencia-informa\/asaja-pide-el-voto-para-defender-con-mas-fuerza-una-agricultura-profesional-rentable-y-libre","name":"ASAJA pide el voto para defender con m\u00e1s fuerza una agricultura profesional, rentable y libre - ASAJA Palencia","isPartOf":{"@id":"https:\/\/www.asajacyl.com\/palencia\/#website"},"primaryImageOfPage":{"@id":"https:\/\/www.asajacyl.com\/palencia\/asaja-palencia-informa\/asaja-pide-el-voto-para-defender-con-mas-fuerza-una-agricultura-profesional-rentable-y-libre#primaryimage"},"image":{"@id":"https:\/\/www.asajacyl.com\/palencia\/asaja-palencia-informa\/asaja-pide-el-voto-para-defender-con-mas-fuerza-una-agricultura-profesional-rentable-y-libre#primaryimage"},"thumbnailUrl":"https:\/\/www.asajacyl.com\/palencia\/wp-content\/uploads\/sites\/3\/2023\/01\/GRUPO-ASAJA.jpg","datePublished":"2023-01-13T11:18:16+00:00","dateModified":"2023-01-13T11:18:18+00:00","author":{"@id":"https:\/\/www.asajacyl.com\/palencia\/#\/schema\/person\/3ab17aeb03527485c317557fae64aab1"},"description":"Cerca de doscientos agricultores y ganaderos de ASAJA de las nueve provincias de Castilla y Le\u00f3n han participado hoy en un encuentro de hermandad e","breadcrumb":{"@id":"https:\/\/www.asajacyl.com\/palencia\/asaja-palencia-informa\/asaja-pide-el-voto-para-defender-con-mas-fuerza-una-agricultura-profesional-rentable-y-libre#breadcrumb"},"inLanguage":"es","potentialAction":[{"@type":"ReadAction","target":["https:\/\/www.asajacyl.com\/palencia\/asaja-palencia-informa\/asaja-pide-el-voto-para-defender-con-mas-fuerza-una-agricultura-profesional-rentable-y-libre"]}]},{"@type":"ImageObject","inLanguage":"es","@id":"https:\/\/www.asajacyl.com\/palencia\/asaja-palencia-informa\/asaja-pide-el-voto-para-defender-con-mas-fuerza-una-agricultura-profesional-rentable-y-libre#primaryimage","url":"https:\/\/www.asajacyl.com\/palencia\/wp-content\/uploads\/sites\/3\/2023\/01\/GRUPO-ASAJA.jpg","contentUrl":"https:\/\/www.asajacyl.com\/palencia\/wp-content\/uploads\/sites\/3\/2023\/01\/GRUPO-ASAJA.jpg","width":1024,"height":528},{"@type":"BreadcrumbList","@id":"https:\/\/www.asajacyl.com\/palencia\/asaja-palencia-informa\/asaja-pide-el-voto-para-defender-con-mas-fuerza-una-agricultura-profesional-rentable-y-libre#breadcrumb","itemListElement":[{"@type":"ListItem","position":1,"name":"Portada","item":"https:\/\/www.asajacyl.com\/palencia\/"},{"@type":"ListItem","position":2,"name":"ASAJA pide el voto para defender con m\u00e1s fuerza una agricultura profesional, rentable y libre"}]},{"@type":"WebSite","@id":"https:\/\/www.asajacyl.com\/palencia\/#website","url":"https:\/\/www.asajacyl.com\/palencia\/","name":"ASAJA Palencia","description":"Otro sitio m\u00e1s de Provincias ASAJA Castilla y Le\u00f3n","potentialAction":[{"@type":"SearchAction","target":{"@type":"EntryPoint","urlTemplate":"https:\/\/www.asajacyl.com\/palencia\/?s={search_term_string}"},"query-input":{"@type":"PropertyValueSpecification","valueRequired":true,"valueName":"search_term_string"}}],"inLanguage":"es"},{"@type":"Person","@id":"https:\/\/www.asajacyl.com\/palencia\/#\/schema\/person\/3ab17aeb03527485c317557fae64aab1","name":"Administrador","image":{"@type":"ImageObject","inLanguage":"es","@id":"https:\/\/www.asajacyl.com\/palencia\/#\/schema\/person\/image\/","url":"https:\/\/secure.gravatar.com\/avatar\/517384810d242ca9e38c180f3c9fb973?s=96&d=mm&r=g","contentUrl":"https:\/\/secure.gravatar.com\/avatar\/517384810d242ca9e38c180f3c9fb973?s=96&d=mm&r=g","caption":"Administrador"},"url":"https:\/\/www.asajacyl.com\/palencia\/author\/carlosrm"}]}},"_links":{"self":[{"href":"https:\/\/www.asajacyl.com\/palencia\/wp-json\/wp\/v2\/posts\/12095"}],"collection":[{"href":"https:\/\/www.asajacyl.com\/palencia\/wp-json\/wp\/v2\/posts"}],"about":[{"href":"https:\/\/www.asajacyl.com\/palencia\/wp-json\/wp\/v2\/types\/post"}],"author":[{"embeddable":true,"href":"https:\/\/www.asajacyl.com\/palencia\/wp-json\/wp\/v2\/users\/9"}],"replies":[{"embeddable":true,"href":"https:\/\/www.asajacyl.com\/palencia\/wp-json\/wp\/v2\/comments?post=12095"}],"version-history":[{"count":1,"href":"https:\/\/www.asajacyl.com\/palencia\/wp-json\/wp\/v2\/posts\/12095\/revisions"}],"predecessor-version":[{"id":12097,"href":"https:\/\/www.asajacyl.com\/palencia\/wp-json\/wp\/v2\/posts\/12095\/revisions\/12097"}],"wp:featuredmedia":[{"embeddable":true,"href":"https:\/\/www.asajacyl.com\/palencia\/wp-json\/wp\/v2\/media\/12096"}],"wp:attachment":[{"href":"https:\/\/www.asajacyl.com\/palencia\/wp-json\/wp\/v2\/media?parent=12095"}],"wp:term":[{"taxonomy":"category","embeddable":true,"href":"https:\/\/www.asajacyl.com\/palencia\/wp-json\/wp\/v2\/categories?post=12095"},{"taxonomy":"post_tag","embeddable":true,"href":"https:\/\/www.asajacyl.com\/palencia\/wp-json\/wp\/v2\/tags?post=12095"}],"curies":[{"name":"wp","href":"https:\/\/api.w.org\/{rel}","templated":true}]}}