{"id":12102,"date":"2023-01-14T15:07:43","date_gmt":"2023-01-14T14:07:43","guid":{"rendered":"https:\/\/www.asajacyl.com\/palencia\/?p=12102"},"modified":"2023-01-16T08:28:14","modified_gmt":"2023-01-16T07:28:14","slug":"asaja-palencia-inicia-sus-asambleas-comarcales","status":"publish","type":"post","link":"https:\/\/www.asajacyl.com\/palencia\/asaja-palencia-informa\/asaja-palencia-inicia-sus-asambleas-comarcales","title":{"rendered":"ASAJA-Palencia inicia sus Asambleas Comarcales"},"content":{"rendered":"\n<p>La pr\u00f3xima semana ASAJA-Palencia comenzar\u00e1 las Asambleas comarcales que realiza ASAJA-Palencia por las comarcas en que tiene repartida la provincia de Palencia, adem\u00e1s se realizar\u00e1 una asamblea informativa en Becerril de Campos.<\/p>\n\n\n\n<p>Las Asambleas Comarcales son un momento entra\u00f1able en que directivos y t\u00e9cnicos tienen mayor contacto con los socios de ASAJA visitando la zona de su explotaci\u00f3n. Este a\u00f1o cobra una importancia vital la informaci\u00f3n sobre la nueva PAC, que condicionar\u00e1 a agricultores y ganaderos a partir de ahora y hasta 2027, aunque por supuesto tambi\u00e9n se tratar\u00e1n diversos temas de actualidad que afectan a la agricultura y la ganader\u00eda de Palencia.<\/p>\n\n\n\n<p>Las asambleas se iniciar\u00e1n el lunes. Por la ma\u00f1ana tendr\u00e1 lugar la de la comarca de Villarramiel -que se celebra en la localidad de Fuentes de Nava a las 12:00 horas- y por la tarde se celebrar\u00e1n tanto la de Baltan\u00e1s, a las 17:00 horas, como la de Torquemada, a las 19:30 horas.<\/p>\n\n\n\n<p><em>Entre par\u00e9ntesis se indican las comarcas en los lugares en que se celebra la asamblea en un lugar distinto al nombre de la propia comarca.<\/em><\/p>\n\n\n<div class=\"wp-block-image\">\n<figure class=\"aligncenter size-full\"><img loading=\"lazy\" decoding=\"async\" width=\"801\" height=\"671\" src=\"https:\/\/www.asajacyl.com\/palencia\/wp-content\/uploads\/sites\/3\/2023\/01\/image-4.png\" alt=\"\" class=\"wp-image-12104\" srcset=\"https:\/\/www.asajacyl.com\/palencia\/wp-content\/uploads\/sites\/3\/2023\/01\/image-4.png 801w, https:\/\/www.asajacyl.com\/palencia\/wp-content\/uploads\/sites\/3\/2023\/01\/image-4-300x251.png 300w, https:\/\/www.asajacyl.com\/palencia\/wp-content\/uploads\/sites\/3\/2023\/01\/image-4-768x643.png 768w, https:\/\/www.asajacyl.com\/palencia\/wp-content\/uploads\/sites\/3\/2023\/01\/image-4-696x583.png 696w, https:\/\/www.asajacyl.com\/palencia\/wp-content\/uploads\/sites\/3\/2023\/01\/image-4-501x420.png 501w\" sizes=\"(max-width: 801px) 100vw, 801px\" \/><\/figure><\/div>","protected":false},"excerpt":{"rendered":"<p>La pr\u00f3xima semana ASAJA-Palencia comenzar\u00e1 las Asambleas comarcales que realiza ASAJA-Palencia por las comarcas en que tiene repartida la provincia de Palencia, adem\u00e1s se realizar\u00e1 una asamblea informativa en Becerril de Campos. Las Asambleas Comarcales son un momento entra\u00f1able en que directivos y t\u00e9cnicos tienen mayor contacto con los socios de ASAJA visitando la zona [&hellip;]<\/p>\n","protected":false},"author":9,"featured_media":12104,"comment_status":"open","ping_status":"open","sticky":false,"template":"","format":"standard","meta":{"footnotes":""},"categories":[9,29,28],"tags":[],"yoast_head":"<!-- This site is optimized with the Yoast SEO plugin v24.5 - https:\/\/yoast.com\/wordpress\/plugins\/seo\/ -->\n<title>ASAJA-Palencia inicia sus Asambleas Comarcales - ASAJA Palencia<\/title>\n<meta name=\"description\" content=\"La pr\u00f3xima semana ASAJA-Palencia comenzar\u00e1 las Asambleas comarcales que realiza ASAJA-Palencia por las comarcas en que tiene repartida la provincia de\" \/>\n<meta name=\"robots\" content=\"index, follow, max-snippet:-1, max-image-preview:large, max-video-preview:-1\" \/>\n<link rel=\"canonical\" href=\"https:\/\/www.asajacyl.com\/palencia\/asaja-palencia-informa\/asaja-palencia-inicia-sus-asambleas-comarcales\" \/>\n<meta property=\"og:locale\" content=\"es_ES\" \/>\n<meta property=\"og:type\" content=\"article\" \/>\n<meta property=\"og:title\" content=\"ASAJA-Palencia inicia sus Asambleas Comarcales - ASAJA Palencia\" \/>\n<meta property=\"og:description\" content=\"La pr\u00f3xima semana ASAJA-Palencia comenzar\u00e1 las Asambleas comarcales que realiza ASAJA-Palencia por las comarcas en que tiene repartida la provincia de\" \/>\n<meta property=\"og:url\" content=\"https:\/\/www.asajacyl.com\/palencia\/asaja-palencia-informa\/asaja-palencia-inicia-sus-asambleas-comarcales\" \/>\n<meta property=\"og:site_name\" content=\"ASAJA Palencia\" \/>\n<meta property=\"article:published_time\" content=\"2023-01-14T14:07:43+00:00\" \/>\n<meta property=\"article:modified_time\" content=\"2023-01-16T07:28:14+00:00\" \/>\n<meta property=\"og:image\" content=\"https:\/\/www.asajacyl.com\/palencia\/wp-content\/uploads\/sites\/3\/2023\/01\/image-4.png\" \/>\n\t<meta property=\"og:image:width\" content=\"801\" \/>\n\t<meta property=\"og:image:height\" content=\"671\" \/>\n\t<meta property=\"og:image:type\" content=\"image\/png\" \/>\n<meta name=\"author\" content=\"Administrador\" \/>\n<meta name=\"twitter:card\" content=\"summary_large_image\" \/>\n<meta name=\"twitter:label1\" content=\"Escrito por\" \/>\n\t<meta name=\"twitter:data1\" content=\"Administrador\" \/>\n\t<meta name=\"twitter:label2\" content=\"Tiempo de lectura\" \/>\n\t<meta name=\"twitter:data2\" content=\"2 minutos\" \/>\n<script type=\"application\/ld+json\" class=\"yoast-schema-graph\">{\"@context\":\"https:\/\/schema.org\",\"@graph\":[{\"@type\":\"WebPage\",\"@id\":\"https:\/\/www.asajacyl.com\/palencia\/asaja-palencia-informa\/asaja-palencia-inicia-sus-asambleas-comarcales\",\"url\":\"https:\/\/www.asajacyl.com\/palencia\/asaja-palencia-informa\/asaja-palencia-inicia-sus-asambleas-comarcales\",\"name\":\"ASAJA-Palencia inicia sus Asambleas Comarcales - ASAJA Palencia\",\"isPartOf\":{\"@id\":\"https:\/\/www.asajacyl.com\/palencia\/#website\"},\"primaryImageOfPage\":{\"@id\":\"https:\/\/www.asajacyl.com\/palencia\/asaja-palencia-informa\/asaja-palencia-inicia-sus-asambleas-comarcales#primaryimage\"},\"image\":{\"@id\":\"https:\/\/www.asajacyl.com\/palencia\/asaja-palencia-informa\/asaja-palencia-inicia-sus-asambleas-comarcales#primaryimage\"},\"thumbnailUrl\":\"https:\/\/www.asajacyl.com\/palencia\/wp-content\/uploads\/sites\/3\/2023\/01\/image-4.png\",\"datePublished\":\"2023-01-14T14:07:43+00:00\",\"dateModified\":\"2023-01-16T07:28:14+00:00\",\"author\":{\"@id\":\"https:\/\/www.asajacyl.com\/palencia\/#\/schema\/person\/3ab17aeb03527485c317557fae64aab1\"},\"description\":\"La pr\u00f3xima semana ASAJA-Palencia comenzar\u00e1 las Asambleas comarcales que realiza ASAJA-Palencia por las comarcas en que tiene repartida la provincia de\",\"breadcrumb\":{\"@id\":\"https:\/\/www.asajacyl.com\/palencia\/asaja-palencia-informa\/asaja-palencia-inicia-sus-asambleas-comarcales#breadcrumb\"},\"inLanguage\":\"es\",\"potentialAction\":[{\"@type\":\"ReadAction\",\"target\":[\"https:\/\/www.asajacyl.com\/palencia\/asaja-palencia-informa\/asaja-palencia-inicia-sus-asambleas-comarcales\"]}]},{\"@type\":\"ImageObject\",\"inLanguage\":\"es\",\"@id\":\"https:\/\/www.asajacyl.com\/palencia\/asaja-palencia-informa\/asaja-palencia-inicia-sus-asambleas-comarcales#primaryimage\",\"url\":\"https:\/\/www.asajacyl.com\/palencia\/wp-content\/uploads\/sites\/3\/2023\/01\/image-4.png\",\"contentUrl\":\"https:\/\/www.asajacyl.com\/palencia\/wp-content\/uploads\/sites\/3\/2023\/01\/image-4.png\",\"width\":801,\"height\":671},{\"@type\":\"BreadcrumbList\",\"@id\":\"https:\/\/www.asajacyl.com\/palencia\/asaja-palencia-informa\/asaja-palencia-inicia-sus-asambleas-comarcales#breadcrumb\",\"itemListElement\":[{\"@type\":\"ListItem\",\"position\":1,\"name\":\"Portada\",\"item\":\"https:\/\/www.asajacyl.com\/palencia\/\"},{\"@type\":\"ListItem\",\"position\":2,\"name\":\"ASAJA-Palencia inicia sus Asambleas Comarcales\"}]},{\"@type\":\"WebSite\",\"@id\":\"https:\/\/www.asajacyl.com\/palencia\/#website\",\"url\":\"https:\/\/www.asajacyl.com\/palencia\/\",\"name\":\"ASAJA Palencia\",\"description\":\"Otro sitio m\u00e1s de Provincias ASAJA Castilla y Le\u00f3n\",\"potentialAction\":[{\"@type\":\"SearchAction\",\"target\":{\"@type\":\"EntryPoint\",\"urlTemplate\":\"https:\/\/www.asajacyl.com\/palencia\/?s={search_term_string}\"},\"query-input\":{\"@type\":\"PropertyValueSpecification\",\"valueRequired\":true,\"valueName\":\"search_term_string\"}}],\"inLanguage\":\"es\"},{\"@type\":\"Person\",\"@id\":\"https:\/\/www.asajacyl.com\/palencia\/#\/schema\/person\/3ab17aeb03527485c317557fae64aab1\",\"name\":\"Administrador\",\"image\":{\"@type\":\"ImageObject\",\"inLanguage\":\"es\",\"@id\":\"https:\/\/www.asajacyl.com\/palencia\/#\/schema\/person\/image\/\",\"url\":\"https:\/\/secure.gravatar.com\/avatar\/517384810d242ca9e38c180f3c9fb973?s=96&d=mm&r=g\",\"contentUrl\":\"https:\/\/secure.gravatar.com\/avatar\/517384810d242ca9e38c180f3c9fb973?s=96&d=mm&r=g\",\"caption\":\"Administrador\"},\"url\":\"https:\/\/www.asajacyl.com\/palencia\/author\/carlosrm\"}]}<\/script>\n<!-- \/ Yoast SEO plugin. -->","yoast_head_json":{"title":"ASAJA-Palencia inicia sus Asambleas Comarcales - ASAJA Palencia","description":"La pr\u00f3xima semana ASAJA-Palencia comenzar\u00e1 las Asambleas comarcales que realiza ASAJA-Palencia por las comarcas en que tiene repartida la provincia de","robots":{"index":"index","follow":"follow","max-snippet":"max-snippet:-1","max-image-preview":"max-image-preview:large","max-video-preview":"max-video-preview:-1"},"canonical":"https:\/\/www.asajacyl.com\/palencia\/asaja-palencia-informa\/asaja-palencia-inicia-sus-asambleas-comarcales","og_locale":"es_ES","og_type":"article","og_title":"ASAJA-Palencia inicia sus Asambleas Comarcales - ASAJA Palencia","og_description":"La pr\u00f3xima semana ASAJA-Palencia comenzar\u00e1 las Asambleas comarcales que realiza ASAJA-Palencia por las comarcas en que tiene repartida la provincia de","og_url":"https:\/\/www.asajacyl.com\/palencia\/asaja-palencia-informa\/asaja-palencia-inicia-sus-asambleas-comarcales","og_site_name":"ASAJA Palencia","article_published_time":"2023-01-14T14:07:43+00:00","article_modified_time":"2023-01-16T07:28:14+00:00","og_image":[{"width":801,"height":671,"url":"https:\/\/www.asajacyl.com\/palencia\/wp-content\/uploads\/sites\/3\/2023\/01\/image-4.png","type":"image\/png"}],"author":"Administrador","twitter_card":"summary_large_image","twitter_misc":{"Escrito por":"Administrador","Tiempo de lectura":"2 minutos"},"schema":{"@context":"https:\/\/schema.org","@graph":[{"@type":"WebPage","@id":"https:\/\/www.asajacyl.com\/palencia\/asaja-palencia-informa\/asaja-palencia-inicia-sus-asambleas-comarcales","url":"https:\/\/www.asajacyl.com\/palencia\/asaja-palencia-informa\/asaja-palencia-inicia-sus-asambleas-comarcales","name":"ASAJA-Palencia inicia sus Asambleas Comarcales - ASAJA Palencia","isPartOf":{"@id":"https:\/\/www.asajacyl.com\/palencia\/#website"},"primaryImageOfPage":{"@id":"https:\/\/www.asajacyl.com\/palencia\/asaja-palencia-informa\/asaja-palencia-inicia-sus-asambleas-comarcales#primaryimage"},"image":{"@id":"https:\/\/www.asajacyl.com\/palencia\/asaja-palencia-informa\/asaja-palencia-inicia-sus-asambleas-comarcales#primaryimage"},"thumbnailUrl":"https:\/\/www.asajacyl.com\/palencia\/wp-content\/uploads\/sites\/3\/2023\/01\/image-4.png","datePublished":"2023-01-14T14:07:43+00:00","dateModified":"2023-01-16T07:28:14+00:00","author":{"@id":"https:\/\/www.asajacyl.com\/palencia\/#\/schema\/person\/3ab17aeb03527485c317557fae64aab1"},"description":"La pr\u00f3xima semana ASAJA-Palencia comenzar\u00e1 las Asambleas comarcales que realiza ASAJA-Palencia por las comarcas en que tiene repartida la provincia de","breadcrumb":{"@id":"https:\/\/www.asajacyl.com\/palencia\/asaja-palencia-informa\/asaja-palencia-inicia-sus-asambleas-comarcales#breadcrumb"},"inLanguage":"es","potentialAction":[{"@type":"ReadAction","target":["https:\/\/www.asajacyl.com\/palencia\/asaja-palencia-informa\/asaja-palencia-inicia-sus-asambleas-comarcales"]}]},{"@type":"ImageObject","inLanguage":"es","@id":"https:\/\/www.asajacyl.com\/palencia\/asaja-palencia-informa\/asaja-palencia-inicia-sus-asambleas-comarcales#primaryimage","url":"https:\/\/www.asajacyl.com\/palencia\/wp-content\/uploads\/sites\/3\/2023\/01\/image-4.png","contentUrl":"https:\/\/www.asajacyl.com\/palencia\/wp-content\/uploads\/sites\/3\/2023\/01\/image-4.png","width":801,"height":671},{"@type":"BreadcrumbList","@id":"https:\/\/www.asajacyl.com\/palencia\/asaja-palencia-informa\/asaja-palencia-inicia-sus-asambleas-comarcales#breadcrumb","itemListElement":[{"@type":"ListItem","position":1,"name":"Portada","item":"https:\/\/www.asajacyl.com\/palencia\/"},{"@type":"ListItem","position":2,"name":"ASAJA-Palencia inicia sus Asambleas Comarcales"}]},{"@type":"WebSite","@id":"https:\/\/www.asajacyl.com\/palencia\/#website","url":"https:\/\/www.asajacyl.com\/palencia\/","name":"ASAJA Palencia","description":"Otro sitio m\u00e1s de Provincias ASAJA Castilla y Le\u00f3n","potentialAction":[{"@type":"SearchAction","target":{"@type":"EntryPoint","urlTemplate":"https:\/\/www.asajacyl.com\/palencia\/?s={search_term_string}"},"query-input":{"@type":"PropertyValueSpecification","valueRequired":true,"valueName":"search_term_string"}}],"inLanguage":"es"},{"@type":"Person","@id":"https:\/\/www.asajacyl.com\/palencia\/#\/schema\/person\/3ab17aeb03527485c317557fae64aab1","name":"Administrador","image":{"@type":"ImageObject","inLanguage":"es","@id":"https:\/\/www.asajacyl.com\/palencia\/#\/schema\/person\/image\/","url":"https:\/\/secure.gravatar.com\/avatar\/517384810d242ca9e38c180f3c9fb973?s=96&d=mm&r=g","contentUrl":"https:\/\/secure.gravatar.com\/avatar\/517384810d242ca9e38c180f3c9fb973?s=96&d=mm&r=g","caption":"Administrador"},"url":"https:\/\/www.asajacyl.com\/palencia\/author\/carlosrm"}]}},"_links":{"self":[{"href":"https:\/\/www.asajacyl.com\/palencia\/wp-json\/wp\/v2\/posts\/12102"}],"collection":[{"href":"https:\/\/www.asajacyl.com\/palencia\/wp-json\/wp\/v2\/posts"}],"about":[{"href":"https:\/\/www.asajacyl.com\/palencia\/wp-json\/wp\/v2\/types\/post"}],"author":[{"embeddable":true,"href":"https:\/\/www.asajacyl.com\/palencia\/wp-json\/wp\/v2\/users\/9"}],"replies":[{"embeddable":true,"href":"https:\/\/www.asajacyl.com\/palencia\/wp-json\/wp\/v2\/comments?post=12102"}],"version-history":[{"count":2,"href":"https:\/\/www.asajacyl.com\/palencia\/wp-json\/wp\/v2\/posts\/12102\/revisions"}],"predecessor-version":[{"id":12107,"href":"https:\/\/www.asajacyl.com\/palencia\/wp-json\/wp\/v2\/posts\/12102\/revisions\/12107"}],"wp:featuredmedia":[{"embeddable":true,"href":"https:\/\/www.asajacyl.com\/palencia\/wp-json\/wp\/v2\/media\/12104"}],"wp:attachment":[{"href":"https:\/\/www.asajacyl.com\/palencia\/wp-json\/wp\/v2\/media?parent=12102"}],"wp:term":[{"taxonomy":"category","embeddable":true,"href":"https:\/\/www.asajacyl.com\/palencia\/wp-json\/wp\/v2\/categories?post=12102"},{"taxonomy":"post_tag","embeddable":true,"href":"https:\/\/www.asajacyl.com\/palencia\/wp-json\/wp\/v2\/tags?post=12102"}],"curies":[{"name":"wp","href":"https:\/\/api.w.org\/{rel}","templated":true}]}}