{"id":12111,"date":"2023-01-23T07:56:00","date_gmt":"2023-01-23T06:56:00","guid":{"rendered":"https:\/\/www.asajacyl.com\/palencia\/?p=12111"},"modified":"2023-01-21T10:09:15","modified_gmt":"2023-01-21T09:09:15","slug":"en-el-campo-no-vamos-de-farol","status":"publish","type":"post","link":"https:\/\/www.asajacyl.com\/palencia\/asaja-palencia-informa\/opinion-asaja\/en-el-campo-no-vamos-de-farol","title":{"rendered":"En el campo no vamos de farol"},"content":{"rendered":"\n<p>En el Campo estamos de elecciones. En poco menos de un mes, el 12 de febrero, los agricultores y ganaderos tenemos el derecho y tambi\u00e9n, por responsabilidad, el deber de elegir a la organizaci\u00f3n agraria que representa y defiende mejor nuestros intereses. No voy a dedicar el articulo a contar las bondades de la organizaci\u00f3n que lidero, ASAJA, que como es l\u00f3gico y coherente considero que es la mejor, y adem\u00e1s de coraz\u00f3n lo digo. Voy a centrarme en el hecho, relevante en s\u00ed mismo, de que en el campo de Castilla y Le\u00f3n tengamos elecciones. Porque no en todas las comunidades aut\u00f3nomas las tienen; m\u00e1s bien, en casi ninguna. Aqu\u00ed fue la insistencia de ASAJA Castilla y Le\u00f3n, entonces presidida por Manuel Sanz Gil, la que impuls\u00f3, en 1997, la celebraci\u00f3n de los primeros comicios que, hasta 2018 y fruto de la Ley Agraria, se llamaban a Elecciones a C\u00e1maras Agrarias.<\/p>\n\n\n\n<p>Que cada agricultor y ganadero pueda determinar con su voto el peso de cada organizaci\u00f3n profesional nos legitima y refuerza de cara a ejercer presi\u00f3n con las administraciones, empresas o cualquier otro ente: lo que pedimos est\u00e1 refrendado en el sentir de nuestros socios y simpatizantes. Contra lo que puede ocurrir en otros colectivos, aqu\u00ed nadie va de farol, y ah\u00ed quedan los votos para confirmarlo.<\/p>\n\n\n\n<p>Someterse a unas elecciones, con una campa\u00f1a que implica mucho trabajo y tambi\u00e9n un gasto importante de los recursos muy limitados de las organizaciones agrarias, es un esfuerzo muy grande. Contra los partidos pol\u00edticos, nosotros seguimos trabajando como siempre, atendiendo a los agricultores y ganaderos, reivindicando cuando toca y reclamando en las administraciones. Y contra los partidos, nosotros no vamos a gobernar ni repartir carguillos despu\u00e9s de las elecciones; al contrario, seguiremos en el mismo sitio, m\u00e1s comprometidos si cabe por el renovado respaldo de los votos, para seguir trabajando a destajo por el sector.<\/p>\n\n\n\n<p>Sin embargo, creo que las elecciones agrarias son buenas, tanto para el sector como para las propias organizaciones agrarias. Aqu\u00ed nadie se puede dormir en los laureles, porque sabe que todo eso le va a pasar factura a la vuelta de pocos a\u00f1os. Como dice mi secretario, Jos\u00e9 Antonio Turrado, este examen nos obliga a no ser perezosos en ning\u00fan momento y a tener bien engrasada nuestra maquinaria: 150 t\u00e9cnicos con los mejores servicios, una red de 45 oficinas que cubre el territorio y un equipo de representantes sindicales comprometido con el modelo agrario y ganadero que defiende ASAJA, y que es el que representa mayoritariamente al campo de Castilla y Le\u00f3n: una agricultura y ganader\u00eda muy profesional, que reclama ser productiva y rentable, y adem\u00e1s que nos dejen trabajar con libertad, porque a este paso nos van a mandar un bur\u00f3crata para controlar hasta la hora que nos comemos el bocadillo. Por todo eso, quiero pedir a los agricultores y ganaderos que voten, o en la urna el d\u00eda 12 de febrero, o de forma anticipada. Y si puede ser, que el voto sea para ASAJA.<\/p>\n","protected":false},"excerpt":{"rendered":"<p>En el Campo estamos de elecciones. En poco menos de un mes, el 12 de febrero, los agricultores y ganaderos tenemos el derecho y tambi\u00e9n, por responsabilidad, el deber de elegir a la organizaci\u00f3n agraria que representa y defiende mejor nuestros intereses. No voy a dedicar el articulo a contar las bondades de la organizaci\u00f3n [&hellip;]<\/p>\n","protected":false},"author":9,"featured_media":5369,"comment_status":"open","ping_status":"open","sticky":false,"template":"","format":"standard","meta":{"footnotes":""},"categories":[30],"tags":[],"yoast_head":"<!-- This site is optimized with the Yoast SEO plugin v24.5 - https:\/\/yoast.com\/wordpress\/plugins\/seo\/ -->\n<title>En el campo no vamos de farol - ASAJA Palencia<\/title>\n<meta name=\"description\" content=\"En el Campo estamos de elecciones. En poco menos de un mes, el 12 de febrero, los agricultores y ganaderos tenemos el derecho y tambi\u00e9n, por\" \/>\n<meta name=\"robots\" content=\"index, follow, max-snippet:-1, max-image-preview:large, max-video-preview:-1\" \/>\n<link rel=\"canonical\" href=\"https:\/\/www.asajacyl.com\/palencia\/asaja-palencia-informa\/opinion-asaja\/en-el-campo-no-vamos-de-farol\" \/>\n<meta property=\"og:locale\" content=\"es_ES\" \/>\n<meta property=\"og:type\" content=\"article\" \/>\n<meta property=\"og:title\" content=\"En el campo no vamos de farol - ASAJA Palencia\" \/>\n<meta property=\"og:description\" content=\"En el Campo estamos de elecciones. En poco menos de un mes, el 12 de febrero, los agricultores y ganaderos tenemos el derecho y tambi\u00e9n, por\" \/>\n<meta property=\"og:url\" content=\"https:\/\/www.asajacyl.com\/palencia\/asaja-palencia-informa\/opinion-asaja\/en-el-campo-no-vamos-de-farol\" \/>\n<meta property=\"og:site_name\" content=\"ASAJA Palencia\" \/>\n<meta property=\"article:published_time\" content=\"2023-01-23T06:56:00+00:00\" \/>\n<meta property=\"og:image\" content=\"https:\/\/www.asajacyl.com\/palencia\/wp-content\/uploads\/sites\/3\/2018\/09\/donaciano-dujo-opini\u00f3n.jpg\" \/>\n\t<meta property=\"og:image:width\" content=\"394\" \/>\n\t<meta property=\"og:image:height\" content=\"320\" \/>\n\t<meta property=\"og:image:type\" content=\"image\/jpeg\" \/>\n<meta name=\"author\" content=\"Administrador\" \/>\n<meta name=\"twitter:card\" content=\"summary_large_image\" \/>\n<meta name=\"twitter:label1\" content=\"Escrito por\" \/>\n\t<meta name=\"twitter:data1\" content=\"Administrador\" \/>\n\t<meta name=\"twitter:label2\" content=\"Tiempo de lectura\" \/>\n\t<meta name=\"twitter:data2\" content=\"3 minutos\" \/>\n<script type=\"application\/ld+json\" class=\"yoast-schema-graph\">{\"@context\":\"https:\/\/schema.org\",\"@graph\":[{\"@type\":\"WebPage\",\"@id\":\"https:\/\/www.asajacyl.com\/palencia\/asaja-palencia-informa\/opinion-asaja\/en-el-campo-no-vamos-de-farol\",\"url\":\"https:\/\/www.asajacyl.com\/palencia\/asaja-palencia-informa\/opinion-asaja\/en-el-campo-no-vamos-de-farol\",\"name\":\"En el campo no vamos de farol - ASAJA Palencia\",\"isPartOf\":{\"@id\":\"https:\/\/www.asajacyl.com\/palencia\/#website\"},\"primaryImageOfPage\":{\"@id\":\"https:\/\/www.asajacyl.com\/palencia\/asaja-palencia-informa\/opinion-asaja\/en-el-campo-no-vamos-de-farol#primaryimage\"},\"image\":{\"@id\":\"https:\/\/www.asajacyl.com\/palencia\/asaja-palencia-informa\/opinion-asaja\/en-el-campo-no-vamos-de-farol#primaryimage\"},\"thumbnailUrl\":\"https:\/\/www.asajacyl.com\/palencia\/wp-content\/uploads\/sites\/3\/2018\/09\/donaciano-dujo-opini\u00f3n.jpg\",\"datePublished\":\"2023-01-23T06:56:00+00:00\",\"author\":{\"@id\":\"https:\/\/www.asajacyl.com\/palencia\/#\/schema\/person\/3ab17aeb03527485c317557fae64aab1\"},\"description\":\"En el Campo estamos de elecciones. En poco menos de un mes, el 12 de febrero, los agricultores y ganaderos tenemos el derecho y tambi\u00e9n, por\",\"breadcrumb\":{\"@id\":\"https:\/\/www.asajacyl.com\/palencia\/asaja-palencia-informa\/opinion-asaja\/en-el-campo-no-vamos-de-farol#breadcrumb\"},\"inLanguage\":\"es\",\"potentialAction\":[{\"@type\":\"ReadAction\",\"target\":[\"https:\/\/www.asajacyl.com\/palencia\/asaja-palencia-informa\/opinion-asaja\/en-el-campo-no-vamos-de-farol\"]}]},{\"@type\":\"ImageObject\",\"inLanguage\":\"es\",\"@id\":\"https:\/\/www.asajacyl.com\/palencia\/asaja-palencia-informa\/opinion-asaja\/en-el-campo-no-vamos-de-farol#primaryimage\",\"url\":\"https:\/\/www.asajacyl.com\/palencia\/wp-content\/uploads\/sites\/3\/2018\/09\/donaciano-dujo-opini\u00f3n.jpg\",\"contentUrl\":\"https:\/\/www.asajacyl.com\/palencia\/wp-content\/uploads\/sites\/3\/2018\/09\/donaciano-dujo-opini\u00f3n.jpg\",\"width\":394,\"height\":320},{\"@type\":\"BreadcrumbList\",\"@id\":\"https:\/\/www.asajacyl.com\/palencia\/asaja-palencia-informa\/opinion-asaja\/en-el-campo-no-vamos-de-farol#breadcrumb\",\"itemListElement\":[{\"@type\":\"ListItem\",\"position\":1,\"name\":\"Portada\",\"item\":\"https:\/\/www.asajacyl.com\/palencia\/\"},{\"@type\":\"ListItem\",\"position\":2,\"name\":\"En el campo no vamos de farol\"}]},{\"@type\":\"WebSite\",\"@id\":\"https:\/\/www.asajacyl.com\/palencia\/#website\",\"url\":\"https:\/\/www.asajacyl.com\/palencia\/\",\"name\":\"ASAJA Palencia\",\"description\":\"Otro sitio m\u00e1s de Provincias ASAJA Castilla y Le\u00f3n\",\"potentialAction\":[{\"@type\":\"SearchAction\",\"target\":{\"@type\":\"EntryPoint\",\"urlTemplate\":\"https:\/\/www.asajacyl.com\/palencia\/?s={search_term_string}\"},\"query-input\":{\"@type\":\"PropertyValueSpecification\",\"valueRequired\":true,\"valueName\":\"search_term_string\"}}],\"inLanguage\":\"es\"},{\"@type\":\"Person\",\"@id\":\"https:\/\/www.asajacyl.com\/palencia\/#\/schema\/person\/3ab17aeb03527485c317557fae64aab1\",\"name\":\"Administrador\",\"image\":{\"@type\":\"ImageObject\",\"inLanguage\":\"es\",\"@id\":\"https:\/\/www.asajacyl.com\/palencia\/#\/schema\/person\/image\/\",\"url\":\"https:\/\/secure.gravatar.com\/avatar\/517384810d242ca9e38c180f3c9fb973?s=96&d=mm&r=g\",\"contentUrl\":\"https:\/\/secure.gravatar.com\/avatar\/517384810d242ca9e38c180f3c9fb973?s=96&d=mm&r=g\",\"caption\":\"Administrador\"},\"url\":\"https:\/\/www.asajacyl.com\/palencia\/author\/carlosrm\"}]}<\/script>\n<!-- \/ Yoast SEO plugin. -->","yoast_head_json":{"title":"En el campo no vamos de farol - ASAJA Palencia","description":"En el Campo estamos de elecciones. En poco menos de un mes, el 12 de febrero, los agricultores y ganaderos tenemos el derecho y tambi\u00e9n, por","robots":{"index":"index","follow":"follow","max-snippet":"max-snippet:-1","max-image-preview":"max-image-preview:large","max-video-preview":"max-video-preview:-1"},"canonical":"https:\/\/www.asajacyl.com\/palencia\/asaja-palencia-informa\/opinion-asaja\/en-el-campo-no-vamos-de-farol","og_locale":"es_ES","og_type":"article","og_title":"En el campo no vamos de farol - ASAJA Palencia","og_description":"En el Campo estamos de elecciones. En poco menos de un mes, el 12 de febrero, los agricultores y ganaderos tenemos el derecho y tambi\u00e9n, por","og_url":"https:\/\/www.asajacyl.com\/palencia\/asaja-palencia-informa\/opinion-asaja\/en-el-campo-no-vamos-de-farol","og_site_name":"ASAJA Palencia","article_published_time":"2023-01-23T06:56:00+00:00","og_image":[{"width":394,"height":320,"url":"https:\/\/www.asajacyl.com\/palencia\/wp-content\/uploads\/sites\/3\/2018\/09\/donaciano-dujo-opini\u00f3n.jpg","type":"image\/jpeg"}],"author":"Administrador","twitter_card":"summary_large_image","twitter_misc":{"Escrito por":"Administrador","Tiempo de lectura":"3 minutos"},"schema":{"@context":"https:\/\/schema.org","@graph":[{"@type":"WebPage","@id":"https:\/\/www.asajacyl.com\/palencia\/asaja-palencia-informa\/opinion-asaja\/en-el-campo-no-vamos-de-farol","url":"https:\/\/www.asajacyl.com\/palencia\/asaja-palencia-informa\/opinion-asaja\/en-el-campo-no-vamos-de-farol","name":"En el campo no vamos de farol - ASAJA Palencia","isPartOf":{"@id":"https:\/\/www.asajacyl.com\/palencia\/#website"},"primaryImageOfPage":{"@id":"https:\/\/www.asajacyl.com\/palencia\/asaja-palencia-informa\/opinion-asaja\/en-el-campo-no-vamos-de-farol#primaryimage"},"image":{"@id":"https:\/\/www.asajacyl.com\/palencia\/asaja-palencia-informa\/opinion-asaja\/en-el-campo-no-vamos-de-farol#primaryimage"},"thumbnailUrl":"https:\/\/www.asajacyl.com\/palencia\/wp-content\/uploads\/sites\/3\/2018\/09\/donaciano-dujo-opini\u00f3n.jpg","datePublished":"2023-01-23T06:56:00+00:00","author":{"@id":"https:\/\/www.asajacyl.com\/palencia\/#\/schema\/person\/3ab17aeb03527485c317557fae64aab1"},"description":"En el Campo estamos de elecciones. En poco menos de un mes, el 12 de febrero, los agricultores y ganaderos tenemos el derecho y tambi\u00e9n, por","breadcrumb":{"@id":"https:\/\/www.asajacyl.com\/palencia\/asaja-palencia-informa\/opinion-asaja\/en-el-campo-no-vamos-de-farol#breadcrumb"},"inLanguage":"es","potentialAction":[{"@type":"ReadAction","target":["https:\/\/www.asajacyl.com\/palencia\/asaja-palencia-informa\/opinion-asaja\/en-el-campo-no-vamos-de-farol"]}]},{"@type":"ImageObject","inLanguage":"es","@id":"https:\/\/www.asajacyl.com\/palencia\/asaja-palencia-informa\/opinion-asaja\/en-el-campo-no-vamos-de-farol#primaryimage","url":"https:\/\/www.asajacyl.com\/palencia\/wp-content\/uploads\/sites\/3\/2018\/09\/donaciano-dujo-opini\u00f3n.jpg","contentUrl":"https:\/\/www.asajacyl.com\/palencia\/wp-content\/uploads\/sites\/3\/2018\/09\/donaciano-dujo-opini\u00f3n.jpg","width":394,"height":320},{"@type":"BreadcrumbList","@id":"https:\/\/www.asajacyl.com\/palencia\/asaja-palencia-informa\/opinion-asaja\/en-el-campo-no-vamos-de-farol#breadcrumb","itemListElement":[{"@type":"ListItem","position":1,"name":"Portada","item":"https:\/\/www.asajacyl.com\/palencia\/"},{"@type":"ListItem","position":2,"name":"En el campo no vamos de farol"}]},{"@type":"WebSite","@id":"https:\/\/www.asajacyl.com\/palencia\/#website","url":"https:\/\/www.asajacyl.com\/palencia\/","name":"ASAJA Palencia","description":"Otro sitio m\u00e1s de Provincias ASAJA Castilla y Le\u00f3n","potentialAction":[{"@type":"SearchAction","target":{"@type":"EntryPoint","urlTemplate":"https:\/\/www.asajacyl.com\/palencia\/?s={search_term_string}"},"query-input":{"@type":"PropertyValueSpecification","valueRequired":true,"valueName":"search_term_string"}}],"inLanguage":"es"},{"@type":"Person","@id":"https:\/\/www.asajacyl.com\/palencia\/#\/schema\/person\/3ab17aeb03527485c317557fae64aab1","name":"Administrador","image":{"@type":"ImageObject","inLanguage":"es","@id":"https:\/\/www.asajacyl.com\/palencia\/#\/schema\/person\/image\/","url":"https:\/\/secure.gravatar.com\/avatar\/517384810d242ca9e38c180f3c9fb973?s=96&d=mm&r=g","contentUrl":"https:\/\/secure.gravatar.com\/avatar\/517384810d242ca9e38c180f3c9fb973?s=96&d=mm&r=g","caption":"Administrador"},"url":"https:\/\/www.asajacyl.com\/palencia\/author\/carlosrm"}]}},"_links":{"self":[{"href":"https:\/\/www.asajacyl.com\/palencia\/wp-json\/wp\/v2\/posts\/12111"}],"collection":[{"href":"https:\/\/www.asajacyl.com\/palencia\/wp-json\/wp\/v2\/posts"}],"about":[{"href":"https:\/\/www.asajacyl.com\/palencia\/wp-json\/wp\/v2\/types\/post"}],"author":[{"embeddable":true,"href":"https:\/\/www.asajacyl.com\/palencia\/wp-json\/wp\/v2\/users\/9"}],"replies":[{"embeddable":true,"href":"https:\/\/www.asajacyl.com\/palencia\/wp-json\/wp\/v2\/comments?post=12111"}],"version-history":[{"count":1,"href":"https:\/\/www.asajacyl.com\/palencia\/wp-json\/wp\/v2\/posts\/12111\/revisions"}],"predecessor-version":[{"id":12112,"href":"https:\/\/www.asajacyl.com\/palencia\/wp-json\/wp\/v2\/posts\/12111\/revisions\/12112"}],"wp:featuredmedia":[{"embeddable":true,"href":"https:\/\/www.asajacyl.com\/palencia\/wp-json\/wp\/v2\/media\/5369"}],"wp:attachment":[{"href":"https:\/\/www.asajacyl.com\/palencia\/wp-json\/wp\/v2\/media?parent=12111"}],"wp:term":[{"taxonomy":"category","embeddable":true,"href":"https:\/\/www.asajacyl.com\/palencia\/wp-json\/wp\/v2\/categories?post=12111"},{"taxonomy":"post_tag","embeddable":true,"href":"https:\/\/www.asajacyl.com\/palencia\/wp-json\/wp\/v2\/tags?post=12111"}],"curies":[{"name":"wp","href":"https:\/\/api.w.org\/{rel}","templated":true}]}}