{"id":12148,"date":"2023-01-20T15:03:11","date_gmt":"2023-01-20T14:03:11","guid":{"rendered":"https:\/\/www.asajacyl.com\/palencia\/?p=12148"},"modified":"2023-01-20T15:03:13","modified_gmt":"2023-01-20T14:03:13","slug":"ayer-se-celebro-la-asamblea-comarcal-de-astudillo","status":"publish","type":"post","link":"https:\/\/www.asajacyl.com\/palencia\/asaja-palencia-informa\/ayer-se-celebro-la-asamblea-comarcal-de-astudillo","title":{"rendered":"Ayer se celebr\u00f3 la Asamblea Comarcal de Astudillo"},"content":{"rendered":"\n<p>En el d\u00eda de ayer, ASAJA-Palencia celebr\u00f3 la asamblea de la comarca de Astudillo en el Centro de d\u00eda de la localidad. El conocimiento de la nueva PAC continua siendo el tema estrella de las asambleas que est\u00e1 realizando ASAJA por las comarcas de la provincia. Adem\u00e1s, fue muy destacado tambi\u00e9n el da\u00f1o que est\u00e1 realizando a las explotaciones el estar incluidas en zonas vulnerables y las nuevas cotizaciones que tendr\u00e1n los aut\u00f3nomos agrarios y sobre las que ASAJA-Palencia realizar\u00e1 diversas charlas informativas para hacer llegar las novedades a todos los socios.<\/p>\n\n\n\n<p>Hoy se celebrar\u00e1 la asamblea de la comarca de Villada, en horario de ma\u00f1ana, y una asamblea informativa en Becerril de Campos, en horario de tarde. <\/p>\n","protected":false},"excerpt":{"rendered":"<p>En el d\u00eda de ayer, ASAJA-Palencia celebr\u00f3 la asamblea de la comarca de Astudillo en el Centro de d\u00eda de la localidad. El conocimiento de la nueva PAC continua siendo el tema estrella de las asambleas que est\u00e1 realizando ASAJA por las comarcas de la provincia. Adem\u00e1s, fue muy destacado tambi\u00e9n el da\u00f1o que est\u00e1 [&hellip;]<\/p>\n","protected":false},"author":9,"featured_media":12149,"comment_status":"open","ping_status":"open","sticky":false,"template":"","format":"standard","meta":{"footnotes":""},"categories":[9,29,28],"tags":[],"yoast_head":"<!-- This site is optimized with the Yoast SEO plugin v24.5 - https:\/\/yoast.com\/wordpress\/plugins\/seo\/ -->\n<title>Ayer se celebr\u00f3 la Asamblea Comarcal de Astudillo - ASAJA Palencia<\/title>\n<meta name=\"description\" content=\"En el d\u00eda de ayer, ASAJA-Palencia celebr\u00f3 la asamblea de la comarca de Astudillo en el Centro de d\u00eda de la localidad. El conocimiento de la nueva PAC\" \/>\n<meta name=\"robots\" content=\"index, follow, max-snippet:-1, max-image-preview:large, max-video-preview:-1\" \/>\n<link rel=\"canonical\" href=\"https:\/\/www.asajacyl.com\/palencia\/asaja-palencia-informa\/ayer-se-celebro-la-asamblea-comarcal-de-astudillo\" \/>\n<meta property=\"og:locale\" content=\"es_ES\" \/>\n<meta property=\"og:type\" content=\"article\" \/>\n<meta property=\"og:title\" content=\"Ayer se celebr\u00f3 la Asamblea Comarcal de Astudillo - ASAJA Palencia\" \/>\n<meta property=\"og:description\" content=\"En el d\u00eda de ayer, ASAJA-Palencia celebr\u00f3 la asamblea de la comarca de Astudillo en el Centro de d\u00eda de la localidad. El conocimiento de la nueva PAC\" \/>\n<meta property=\"og:url\" content=\"https:\/\/www.asajacyl.com\/palencia\/asaja-palencia-informa\/ayer-se-celebro-la-asamblea-comarcal-de-astudillo\" \/>\n<meta property=\"og:site_name\" content=\"ASAJA Palencia\" \/>\n<meta property=\"article:published_time\" content=\"2023-01-20T14:03:11+00:00\" \/>\n<meta property=\"article:modified_time\" content=\"2023-01-20T14:03:13+00:00\" \/>\n<meta property=\"og:image\" content=\"https:\/\/www.asajacyl.com\/palencia\/wp-content\/uploads\/sites\/3\/2023\/01\/VILLADA-2023.jpg\" \/>\n\t<meta property=\"og:image:width\" content=\"2500\" \/>\n\t<meta property=\"og:image:height\" content=\"1875\" \/>\n\t<meta property=\"og:image:type\" content=\"image\/jpeg\" \/>\n<meta name=\"author\" content=\"Administrador\" \/>\n<meta name=\"twitter:card\" content=\"summary_large_image\" \/>\n<meta name=\"twitter:label1\" content=\"Escrito por\" \/>\n\t<meta name=\"twitter:data1\" content=\"Administrador\" \/>\n\t<meta name=\"twitter:label2\" content=\"Tiempo de lectura\" \/>\n\t<meta name=\"twitter:data2\" content=\"1 minuto\" \/>\n<script type=\"application\/ld+json\" class=\"yoast-schema-graph\">{\"@context\":\"https:\/\/schema.org\",\"@graph\":[{\"@type\":\"WebPage\",\"@id\":\"https:\/\/www.asajacyl.com\/palencia\/asaja-palencia-informa\/ayer-se-celebro-la-asamblea-comarcal-de-astudillo\",\"url\":\"https:\/\/www.asajacyl.com\/palencia\/asaja-palencia-informa\/ayer-se-celebro-la-asamblea-comarcal-de-astudillo\",\"name\":\"Ayer se celebr\u00f3 la Asamblea Comarcal de Astudillo - ASAJA Palencia\",\"isPartOf\":{\"@id\":\"https:\/\/www.asajacyl.com\/palencia\/#website\"},\"primaryImageOfPage\":{\"@id\":\"https:\/\/www.asajacyl.com\/palencia\/asaja-palencia-informa\/ayer-se-celebro-la-asamblea-comarcal-de-astudillo#primaryimage\"},\"image\":{\"@id\":\"https:\/\/www.asajacyl.com\/palencia\/asaja-palencia-informa\/ayer-se-celebro-la-asamblea-comarcal-de-astudillo#primaryimage\"},\"thumbnailUrl\":\"https:\/\/www.asajacyl.com\/palencia\/wp-content\/uploads\/sites\/3\/2023\/01\/VILLADA-2023.jpg\",\"datePublished\":\"2023-01-20T14:03:11+00:00\",\"dateModified\":\"2023-01-20T14:03:13+00:00\",\"author\":{\"@id\":\"https:\/\/www.asajacyl.com\/palencia\/#\/schema\/person\/3ab17aeb03527485c317557fae64aab1\"},\"description\":\"En el d\u00eda de ayer, ASAJA-Palencia celebr\u00f3 la asamblea de la comarca de Astudillo en el Centro de d\u00eda de la localidad. El conocimiento de la nueva PAC\",\"breadcrumb\":{\"@id\":\"https:\/\/www.asajacyl.com\/palencia\/asaja-palencia-informa\/ayer-se-celebro-la-asamblea-comarcal-de-astudillo#breadcrumb\"},\"inLanguage\":\"es\",\"potentialAction\":[{\"@type\":\"ReadAction\",\"target\":[\"https:\/\/www.asajacyl.com\/palencia\/asaja-palencia-informa\/ayer-se-celebro-la-asamblea-comarcal-de-astudillo\"]}]},{\"@type\":\"ImageObject\",\"inLanguage\":\"es\",\"@id\":\"https:\/\/www.asajacyl.com\/palencia\/asaja-palencia-informa\/ayer-se-celebro-la-asamblea-comarcal-de-astudillo#primaryimage\",\"url\":\"https:\/\/www.asajacyl.com\/palencia\/wp-content\/uploads\/sites\/3\/2023\/01\/VILLADA-2023.jpg\",\"contentUrl\":\"https:\/\/www.asajacyl.com\/palencia\/wp-content\/uploads\/sites\/3\/2023\/01\/VILLADA-2023.jpg\",\"width\":2500,\"height\":1875},{\"@type\":\"BreadcrumbList\",\"@id\":\"https:\/\/www.asajacyl.com\/palencia\/asaja-palencia-informa\/ayer-se-celebro-la-asamblea-comarcal-de-astudillo#breadcrumb\",\"itemListElement\":[{\"@type\":\"ListItem\",\"position\":1,\"name\":\"Portada\",\"item\":\"https:\/\/www.asajacyl.com\/palencia\/\"},{\"@type\":\"ListItem\",\"position\":2,\"name\":\"Ayer se celebr\u00f3 la Asamblea Comarcal de Astudillo\"}]},{\"@type\":\"WebSite\",\"@id\":\"https:\/\/www.asajacyl.com\/palencia\/#website\",\"url\":\"https:\/\/www.asajacyl.com\/palencia\/\",\"name\":\"ASAJA Palencia\",\"description\":\"Otro sitio m\u00e1s de Provincias ASAJA Castilla y Le\u00f3n\",\"potentialAction\":[{\"@type\":\"SearchAction\",\"target\":{\"@type\":\"EntryPoint\",\"urlTemplate\":\"https:\/\/www.asajacyl.com\/palencia\/?s={search_term_string}\"},\"query-input\":{\"@type\":\"PropertyValueSpecification\",\"valueRequired\":true,\"valueName\":\"search_term_string\"}}],\"inLanguage\":\"es\"},{\"@type\":\"Person\",\"@id\":\"https:\/\/www.asajacyl.com\/palencia\/#\/schema\/person\/3ab17aeb03527485c317557fae64aab1\",\"name\":\"Administrador\",\"image\":{\"@type\":\"ImageObject\",\"inLanguage\":\"es\",\"@id\":\"https:\/\/www.asajacyl.com\/palencia\/#\/schema\/person\/image\/\",\"url\":\"https:\/\/secure.gravatar.com\/avatar\/517384810d242ca9e38c180f3c9fb973?s=96&d=mm&r=g\",\"contentUrl\":\"https:\/\/secure.gravatar.com\/avatar\/517384810d242ca9e38c180f3c9fb973?s=96&d=mm&r=g\",\"caption\":\"Administrador\"},\"url\":\"https:\/\/www.asajacyl.com\/palencia\/author\/carlosrm\"}]}<\/script>\n<!-- \/ Yoast SEO plugin. -->","yoast_head_json":{"title":"Ayer se celebr\u00f3 la Asamblea Comarcal de Astudillo - ASAJA Palencia","description":"En el d\u00eda de ayer, ASAJA-Palencia celebr\u00f3 la asamblea de la comarca de Astudillo en el Centro de d\u00eda de la localidad. El conocimiento de la nueva PAC","robots":{"index":"index","follow":"follow","max-snippet":"max-snippet:-1","max-image-preview":"max-image-preview:large","max-video-preview":"max-video-preview:-1"},"canonical":"https:\/\/www.asajacyl.com\/palencia\/asaja-palencia-informa\/ayer-se-celebro-la-asamblea-comarcal-de-astudillo","og_locale":"es_ES","og_type":"article","og_title":"Ayer se celebr\u00f3 la Asamblea Comarcal de Astudillo - ASAJA Palencia","og_description":"En el d\u00eda de ayer, ASAJA-Palencia celebr\u00f3 la asamblea de la comarca de Astudillo en el Centro de d\u00eda de la localidad. El conocimiento de la nueva PAC","og_url":"https:\/\/www.asajacyl.com\/palencia\/asaja-palencia-informa\/ayer-se-celebro-la-asamblea-comarcal-de-astudillo","og_site_name":"ASAJA Palencia","article_published_time":"2023-01-20T14:03:11+00:00","article_modified_time":"2023-01-20T14:03:13+00:00","og_image":[{"width":2500,"height":1875,"url":"https:\/\/www.asajacyl.com\/palencia\/wp-content\/uploads\/sites\/3\/2023\/01\/VILLADA-2023.jpg","type":"image\/jpeg"}],"author":"Administrador","twitter_card":"summary_large_image","twitter_misc":{"Escrito por":"Administrador","Tiempo de lectura":"1 minuto"},"schema":{"@context":"https:\/\/schema.org","@graph":[{"@type":"WebPage","@id":"https:\/\/www.asajacyl.com\/palencia\/asaja-palencia-informa\/ayer-se-celebro-la-asamblea-comarcal-de-astudillo","url":"https:\/\/www.asajacyl.com\/palencia\/asaja-palencia-informa\/ayer-se-celebro-la-asamblea-comarcal-de-astudillo","name":"Ayer se celebr\u00f3 la Asamblea Comarcal de Astudillo - ASAJA Palencia","isPartOf":{"@id":"https:\/\/www.asajacyl.com\/palencia\/#website"},"primaryImageOfPage":{"@id":"https:\/\/www.asajacyl.com\/palencia\/asaja-palencia-informa\/ayer-se-celebro-la-asamblea-comarcal-de-astudillo#primaryimage"},"image":{"@id":"https:\/\/www.asajacyl.com\/palencia\/asaja-palencia-informa\/ayer-se-celebro-la-asamblea-comarcal-de-astudillo#primaryimage"},"thumbnailUrl":"https:\/\/www.asajacyl.com\/palencia\/wp-content\/uploads\/sites\/3\/2023\/01\/VILLADA-2023.jpg","datePublished":"2023-01-20T14:03:11+00:00","dateModified":"2023-01-20T14:03:13+00:00","author":{"@id":"https:\/\/www.asajacyl.com\/palencia\/#\/schema\/person\/3ab17aeb03527485c317557fae64aab1"},"description":"En el d\u00eda de ayer, ASAJA-Palencia celebr\u00f3 la asamblea de la comarca de Astudillo en el Centro de d\u00eda de la localidad. El conocimiento de la nueva PAC","breadcrumb":{"@id":"https:\/\/www.asajacyl.com\/palencia\/asaja-palencia-informa\/ayer-se-celebro-la-asamblea-comarcal-de-astudillo#breadcrumb"},"inLanguage":"es","potentialAction":[{"@type":"ReadAction","target":["https:\/\/www.asajacyl.com\/palencia\/asaja-palencia-informa\/ayer-se-celebro-la-asamblea-comarcal-de-astudillo"]}]},{"@type":"ImageObject","inLanguage":"es","@id":"https:\/\/www.asajacyl.com\/palencia\/asaja-palencia-informa\/ayer-se-celebro-la-asamblea-comarcal-de-astudillo#primaryimage","url":"https:\/\/www.asajacyl.com\/palencia\/wp-content\/uploads\/sites\/3\/2023\/01\/VILLADA-2023.jpg","contentUrl":"https:\/\/www.asajacyl.com\/palencia\/wp-content\/uploads\/sites\/3\/2023\/01\/VILLADA-2023.jpg","width":2500,"height":1875},{"@type":"BreadcrumbList","@id":"https:\/\/www.asajacyl.com\/palencia\/asaja-palencia-informa\/ayer-se-celebro-la-asamblea-comarcal-de-astudillo#breadcrumb","itemListElement":[{"@type":"ListItem","position":1,"name":"Portada","item":"https:\/\/www.asajacyl.com\/palencia\/"},{"@type":"ListItem","position":2,"name":"Ayer se celebr\u00f3 la Asamblea Comarcal de Astudillo"}]},{"@type":"WebSite","@id":"https:\/\/www.asajacyl.com\/palencia\/#website","url":"https:\/\/www.asajacyl.com\/palencia\/","name":"ASAJA Palencia","description":"Otro sitio m\u00e1s de Provincias ASAJA Castilla y Le\u00f3n","potentialAction":[{"@type":"SearchAction","target":{"@type":"EntryPoint","urlTemplate":"https:\/\/www.asajacyl.com\/palencia\/?s={search_term_string}"},"query-input":{"@type":"PropertyValueSpecification","valueRequired":true,"valueName":"search_term_string"}}],"inLanguage":"es"},{"@type":"Person","@id":"https:\/\/www.asajacyl.com\/palencia\/#\/schema\/person\/3ab17aeb03527485c317557fae64aab1","name":"Administrador","image":{"@type":"ImageObject","inLanguage":"es","@id":"https:\/\/www.asajacyl.com\/palencia\/#\/schema\/person\/image\/","url":"https:\/\/secure.gravatar.com\/avatar\/517384810d242ca9e38c180f3c9fb973?s=96&d=mm&r=g","contentUrl":"https:\/\/secure.gravatar.com\/avatar\/517384810d242ca9e38c180f3c9fb973?s=96&d=mm&r=g","caption":"Administrador"},"url":"https:\/\/www.asajacyl.com\/palencia\/author\/carlosrm"}]}},"_links":{"self":[{"href":"https:\/\/www.asajacyl.com\/palencia\/wp-json\/wp\/v2\/posts\/12148"}],"collection":[{"href":"https:\/\/www.asajacyl.com\/palencia\/wp-json\/wp\/v2\/posts"}],"about":[{"href":"https:\/\/www.asajacyl.com\/palencia\/wp-json\/wp\/v2\/types\/post"}],"author":[{"embeddable":true,"href":"https:\/\/www.asajacyl.com\/palencia\/wp-json\/wp\/v2\/users\/9"}],"replies":[{"embeddable":true,"href":"https:\/\/www.asajacyl.com\/palencia\/wp-json\/wp\/v2\/comments?post=12148"}],"version-history":[{"count":1,"href":"https:\/\/www.asajacyl.com\/palencia\/wp-json\/wp\/v2\/posts\/12148\/revisions"}],"predecessor-version":[{"id":12150,"href":"https:\/\/www.asajacyl.com\/palencia\/wp-json\/wp\/v2\/posts\/12148\/revisions\/12150"}],"wp:featuredmedia":[{"embeddable":true,"href":"https:\/\/www.asajacyl.com\/palencia\/wp-json\/wp\/v2\/media\/12149"}],"wp:attachment":[{"href":"https:\/\/www.asajacyl.com\/palencia\/wp-json\/wp\/v2\/media?parent=12148"}],"wp:term":[{"taxonomy":"category","embeddable":true,"href":"https:\/\/www.asajacyl.com\/palencia\/wp-json\/wp\/v2\/categories?post=12148"},{"taxonomy":"post_tag","embeddable":true,"href":"https:\/\/www.asajacyl.com\/palencia\/wp-json\/wp\/v2\/tags?post=12148"}],"curies":[{"name":"wp","href":"https:\/\/api.w.org\/{rel}","templated":true}]}}