{"id":12156,"date":"2023-01-21T10:10:20","date_gmt":"2023-01-21T09:10:20","guid":{"rendered":"https:\/\/www.asajacyl.com\/palencia\/?p=12156"},"modified":"2023-01-21T10:10:22","modified_gmt":"2023-01-21T09:10:22","slug":"celebrada-la-asamblea-comarcal-de-villada-y-la-asamblea-informativa-de-becerril-de-campos","status":"publish","type":"post","link":"https:\/\/www.asajacyl.com\/palencia\/asaja-palencia-informa\/celebrada-la-asamblea-comarcal-de-villada-y-la-asamblea-informativa-de-becerril-de-campos","title":{"rendered":"Celebrada la Asamblea Comarcal de Villada y la asamblea informativa de Becerril de Campos"},"content":{"rendered":"\n<p>En el d\u00eda de ayer se celebr\u00f3 la Asamblea Comarcal de Villada, en horario de ma\u00f1ana, y la asamblea informativa de Becerril de Campos. Marcadas por el desarrollo normativo y lo que condicionan al sector, estas dos asambleas siguen la l\u00ednea de las anteriores donde adem\u00e1s desgraciadamente se ha constatado el abandono de la actividad por parte de algunos ganaderos que no pueden sufragar los gastos de su explotaci\u00f3n con los precios que perciben por sus productos.<\/p>\n\n\n\n<p>Esta semana se han celebrado nueve asambleas y son cuatro las restantes para la pr\u00f3xima semana. El lunes se celebrar\u00e1n las Asambleas Comarcales de Paredes de Nava, en horario de ma\u00f1ana, y las de Ampudia y Due\u00f1as, que se celebrar\u00e1n en Palencia, en horario de tarde. El jueves finalizar\u00e1n las asambleas con la celebraci\u00f3n de las de Cervera de Pisuerga y Aguilar de Campoo.<\/p>\n","protected":false},"excerpt":{"rendered":"<p>En el d\u00eda de ayer se celebr\u00f3 la Asamblea Comarcal de Villada, en horario de ma\u00f1ana, y la asamblea informativa de Becerril de Campos. Marcadas por el desarrollo normativo y lo que condicionan al sector, estas dos asambleas siguen la l\u00ednea de las anteriores donde adem\u00e1s desgraciadamente se ha constatado el abandono de la actividad [&hellip;]<\/p>\n","protected":false},"author":9,"featured_media":12158,"comment_status":"open","ping_status":"open","sticky":false,"template":"","format":"standard","meta":{"footnotes":""},"categories":[9,29,28],"tags":[],"yoast_head":"<!-- This site is optimized with the Yoast SEO plugin v24.5 - https:\/\/yoast.com\/wordpress\/plugins\/seo\/ -->\n<title>Celebrada la Asamblea Comarcal de Villada y la asamblea informativa de Becerril de Campos - ASAJA Palencia<\/title>\n<meta name=\"description\" content=\"En el d\u00eda de ayer se celebr\u00f3 la Asamblea Comarcal de Villada, en horario de ma\u00f1ana, y la asamblea informativa de Becerril de Campos. Marcadas por el\" \/>\n<meta name=\"robots\" content=\"index, follow, max-snippet:-1, max-image-preview:large, max-video-preview:-1\" \/>\n<link rel=\"canonical\" href=\"https:\/\/www.asajacyl.com\/palencia\/asaja-palencia-informa\/celebrada-la-asamblea-comarcal-de-villada-y-la-asamblea-informativa-de-becerril-de-campos\" \/>\n<meta property=\"og:locale\" content=\"es_ES\" \/>\n<meta property=\"og:type\" content=\"article\" \/>\n<meta property=\"og:title\" content=\"Celebrada la Asamblea Comarcal de Villada y la asamblea informativa de Becerril de Campos - ASAJA Palencia\" \/>\n<meta property=\"og:description\" content=\"En el d\u00eda de ayer se celebr\u00f3 la Asamblea Comarcal de Villada, en horario de ma\u00f1ana, y la asamblea informativa de Becerril de Campos. Marcadas por el\" \/>\n<meta property=\"og:url\" content=\"https:\/\/www.asajacyl.com\/palencia\/asaja-palencia-informa\/celebrada-la-asamblea-comarcal-de-villada-y-la-asamblea-informativa-de-becerril-de-campos\" \/>\n<meta property=\"og:site_name\" content=\"ASAJA Palencia\" \/>\n<meta property=\"article:published_time\" content=\"2023-01-21T09:10:20+00:00\" \/>\n<meta property=\"article:modified_time\" content=\"2023-01-21T09:10:22+00:00\" \/>\n<meta property=\"og:image\" content=\"https:\/\/www.asajacyl.com\/palencia\/wp-content\/uploads\/sites\/3\/2023\/01\/VILLADA-2023-2.jpg\" \/>\n\t<meta property=\"og:image:width\" content=\"2500\" \/>\n\t<meta property=\"og:image:height\" content=\"2016\" \/>\n\t<meta property=\"og:image:type\" content=\"image\/jpeg\" \/>\n<meta name=\"author\" content=\"Administrador\" \/>\n<meta name=\"twitter:card\" content=\"summary_large_image\" \/>\n<meta name=\"twitter:label1\" content=\"Escrito por\" \/>\n\t<meta name=\"twitter:data1\" content=\"Administrador\" \/>\n\t<meta name=\"twitter:label2\" content=\"Tiempo de lectura\" \/>\n\t<meta name=\"twitter:data2\" content=\"1 minuto\" \/>\n<script type=\"application\/ld+json\" class=\"yoast-schema-graph\">{\"@context\":\"https:\/\/schema.org\",\"@graph\":[{\"@type\":\"WebPage\",\"@id\":\"https:\/\/www.asajacyl.com\/palencia\/asaja-palencia-informa\/celebrada-la-asamblea-comarcal-de-villada-y-la-asamblea-informativa-de-becerril-de-campos\",\"url\":\"https:\/\/www.asajacyl.com\/palencia\/asaja-palencia-informa\/celebrada-la-asamblea-comarcal-de-villada-y-la-asamblea-informativa-de-becerril-de-campos\",\"name\":\"Celebrada la Asamblea Comarcal de Villada y la asamblea informativa de Becerril de Campos - ASAJA Palencia\",\"isPartOf\":{\"@id\":\"https:\/\/www.asajacyl.com\/palencia\/#website\"},\"primaryImageOfPage\":{\"@id\":\"https:\/\/www.asajacyl.com\/palencia\/asaja-palencia-informa\/celebrada-la-asamblea-comarcal-de-villada-y-la-asamblea-informativa-de-becerril-de-campos#primaryimage\"},\"image\":{\"@id\":\"https:\/\/www.asajacyl.com\/palencia\/asaja-palencia-informa\/celebrada-la-asamblea-comarcal-de-villada-y-la-asamblea-informativa-de-becerril-de-campos#primaryimage\"},\"thumbnailUrl\":\"https:\/\/www.asajacyl.com\/palencia\/wp-content\/uploads\/sites\/3\/2023\/01\/VILLADA-2023-2.jpg\",\"datePublished\":\"2023-01-21T09:10:20+00:00\",\"dateModified\":\"2023-01-21T09:10:22+00:00\",\"author\":{\"@id\":\"https:\/\/www.asajacyl.com\/palencia\/#\/schema\/person\/3ab17aeb03527485c317557fae64aab1\"},\"description\":\"En el d\u00eda de ayer se celebr\u00f3 la Asamblea Comarcal de Villada, en horario de ma\u00f1ana, y la asamblea informativa de Becerril de Campos. Marcadas por el\",\"breadcrumb\":{\"@id\":\"https:\/\/www.asajacyl.com\/palencia\/asaja-palencia-informa\/celebrada-la-asamblea-comarcal-de-villada-y-la-asamblea-informativa-de-becerril-de-campos#breadcrumb\"},\"inLanguage\":\"es\",\"potentialAction\":[{\"@type\":\"ReadAction\",\"target\":[\"https:\/\/www.asajacyl.com\/palencia\/asaja-palencia-informa\/celebrada-la-asamblea-comarcal-de-villada-y-la-asamblea-informativa-de-becerril-de-campos\"]}]},{\"@type\":\"ImageObject\",\"inLanguage\":\"es\",\"@id\":\"https:\/\/www.asajacyl.com\/palencia\/asaja-palencia-informa\/celebrada-la-asamblea-comarcal-de-villada-y-la-asamblea-informativa-de-becerril-de-campos#primaryimage\",\"url\":\"https:\/\/www.asajacyl.com\/palencia\/wp-content\/uploads\/sites\/3\/2023\/01\/VILLADA-2023-2.jpg\",\"contentUrl\":\"https:\/\/www.asajacyl.com\/palencia\/wp-content\/uploads\/sites\/3\/2023\/01\/VILLADA-2023-2.jpg\",\"width\":2500,\"height\":2016},{\"@type\":\"BreadcrumbList\",\"@id\":\"https:\/\/www.asajacyl.com\/palencia\/asaja-palencia-informa\/celebrada-la-asamblea-comarcal-de-villada-y-la-asamblea-informativa-de-becerril-de-campos#breadcrumb\",\"itemListElement\":[{\"@type\":\"ListItem\",\"position\":1,\"name\":\"Portada\",\"item\":\"https:\/\/www.asajacyl.com\/palencia\/\"},{\"@type\":\"ListItem\",\"position\":2,\"name\":\"Celebrada la Asamblea Comarcal de Villada y la asamblea informativa de Becerril de Campos\"}]},{\"@type\":\"WebSite\",\"@id\":\"https:\/\/www.asajacyl.com\/palencia\/#website\",\"url\":\"https:\/\/www.asajacyl.com\/palencia\/\",\"name\":\"ASAJA Palencia\",\"description\":\"Otro sitio m\u00e1s de Provincias ASAJA Castilla y Le\u00f3n\",\"potentialAction\":[{\"@type\":\"SearchAction\",\"target\":{\"@type\":\"EntryPoint\",\"urlTemplate\":\"https:\/\/www.asajacyl.com\/palencia\/?s={search_term_string}\"},\"query-input\":{\"@type\":\"PropertyValueSpecification\",\"valueRequired\":true,\"valueName\":\"search_term_string\"}}],\"inLanguage\":\"es\"},{\"@type\":\"Person\",\"@id\":\"https:\/\/www.asajacyl.com\/palencia\/#\/schema\/person\/3ab17aeb03527485c317557fae64aab1\",\"name\":\"Administrador\",\"image\":{\"@type\":\"ImageObject\",\"inLanguage\":\"es\",\"@id\":\"https:\/\/www.asajacyl.com\/palencia\/#\/schema\/person\/image\/\",\"url\":\"https:\/\/secure.gravatar.com\/avatar\/517384810d242ca9e38c180f3c9fb973?s=96&d=mm&r=g\",\"contentUrl\":\"https:\/\/secure.gravatar.com\/avatar\/517384810d242ca9e38c180f3c9fb973?s=96&d=mm&r=g\",\"caption\":\"Administrador\"},\"url\":\"https:\/\/www.asajacyl.com\/palencia\/author\/carlosrm\"}]}<\/script>\n<!-- \/ Yoast SEO plugin. -->","yoast_head_json":{"title":"Celebrada la Asamblea Comarcal de Villada y la asamblea informativa de Becerril de Campos - ASAJA Palencia","description":"En el d\u00eda de ayer se celebr\u00f3 la Asamblea Comarcal de Villada, en horario de ma\u00f1ana, y la asamblea informativa de Becerril de Campos. Marcadas por el","robots":{"index":"index","follow":"follow","max-snippet":"max-snippet:-1","max-image-preview":"max-image-preview:large","max-video-preview":"max-video-preview:-1"},"canonical":"https:\/\/www.asajacyl.com\/palencia\/asaja-palencia-informa\/celebrada-la-asamblea-comarcal-de-villada-y-la-asamblea-informativa-de-becerril-de-campos","og_locale":"es_ES","og_type":"article","og_title":"Celebrada la Asamblea Comarcal de Villada y la asamblea informativa de Becerril de Campos - ASAJA Palencia","og_description":"En el d\u00eda de ayer se celebr\u00f3 la Asamblea Comarcal de Villada, en horario de ma\u00f1ana, y la asamblea informativa de Becerril de Campos. Marcadas por el","og_url":"https:\/\/www.asajacyl.com\/palencia\/asaja-palencia-informa\/celebrada-la-asamblea-comarcal-de-villada-y-la-asamblea-informativa-de-becerril-de-campos","og_site_name":"ASAJA Palencia","article_published_time":"2023-01-21T09:10:20+00:00","article_modified_time":"2023-01-21T09:10:22+00:00","og_image":[{"width":2500,"height":2016,"url":"https:\/\/www.asajacyl.com\/palencia\/wp-content\/uploads\/sites\/3\/2023\/01\/VILLADA-2023-2.jpg","type":"image\/jpeg"}],"author":"Administrador","twitter_card":"summary_large_image","twitter_misc":{"Escrito por":"Administrador","Tiempo de lectura":"1 minuto"},"schema":{"@context":"https:\/\/schema.org","@graph":[{"@type":"WebPage","@id":"https:\/\/www.asajacyl.com\/palencia\/asaja-palencia-informa\/celebrada-la-asamblea-comarcal-de-villada-y-la-asamblea-informativa-de-becerril-de-campos","url":"https:\/\/www.asajacyl.com\/palencia\/asaja-palencia-informa\/celebrada-la-asamblea-comarcal-de-villada-y-la-asamblea-informativa-de-becerril-de-campos","name":"Celebrada la Asamblea Comarcal de Villada y la asamblea informativa de Becerril de Campos - ASAJA Palencia","isPartOf":{"@id":"https:\/\/www.asajacyl.com\/palencia\/#website"},"primaryImageOfPage":{"@id":"https:\/\/www.asajacyl.com\/palencia\/asaja-palencia-informa\/celebrada-la-asamblea-comarcal-de-villada-y-la-asamblea-informativa-de-becerril-de-campos#primaryimage"},"image":{"@id":"https:\/\/www.asajacyl.com\/palencia\/asaja-palencia-informa\/celebrada-la-asamblea-comarcal-de-villada-y-la-asamblea-informativa-de-becerril-de-campos#primaryimage"},"thumbnailUrl":"https:\/\/www.asajacyl.com\/palencia\/wp-content\/uploads\/sites\/3\/2023\/01\/VILLADA-2023-2.jpg","datePublished":"2023-01-21T09:10:20+00:00","dateModified":"2023-01-21T09:10:22+00:00","author":{"@id":"https:\/\/www.asajacyl.com\/palencia\/#\/schema\/person\/3ab17aeb03527485c317557fae64aab1"},"description":"En el d\u00eda de ayer se celebr\u00f3 la Asamblea Comarcal de Villada, en horario de ma\u00f1ana, y la asamblea informativa de Becerril de Campos. Marcadas por el","breadcrumb":{"@id":"https:\/\/www.asajacyl.com\/palencia\/asaja-palencia-informa\/celebrada-la-asamblea-comarcal-de-villada-y-la-asamblea-informativa-de-becerril-de-campos#breadcrumb"},"inLanguage":"es","potentialAction":[{"@type":"ReadAction","target":["https:\/\/www.asajacyl.com\/palencia\/asaja-palencia-informa\/celebrada-la-asamblea-comarcal-de-villada-y-la-asamblea-informativa-de-becerril-de-campos"]}]},{"@type":"ImageObject","inLanguage":"es","@id":"https:\/\/www.asajacyl.com\/palencia\/asaja-palencia-informa\/celebrada-la-asamblea-comarcal-de-villada-y-la-asamblea-informativa-de-becerril-de-campos#primaryimage","url":"https:\/\/www.asajacyl.com\/palencia\/wp-content\/uploads\/sites\/3\/2023\/01\/VILLADA-2023-2.jpg","contentUrl":"https:\/\/www.asajacyl.com\/palencia\/wp-content\/uploads\/sites\/3\/2023\/01\/VILLADA-2023-2.jpg","width":2500,"height":2016},{"@type":"BreadcrumbList","@id":"https:\/\/www.asajacyl.com\/palencia\/asaja-palencia-informa\/celebrada-la-asamblea-comarcal-de-villada-y-la-asamblea-informativa-de-becerril-de-campos#breadcrumb","itemListElement":[{"@type":"ListItem","position":1,"name":"Portada","item":"https:\/\/www.asajacyl.com\/palencia\/"},{"@type":"ListItem","position":2,"name":"Celebrada la Asamblea Comarcal de Villada y la asamblea informativa de Becerril de Campos"}]},{"@type":"WebSite","@id":"https:\/\/www.asajacyl.com\/palencia\/#website","url":"https:\/\/www.asajacyl.com\/palencia\/","name":"ASAJA Palencia","description":"Otro sitio m\u00e1s de Provincias ASAJA Castilla y Le\u00f3n","potentialAction":[{"@type":"SearchAction","target":{"@type":"EntryPoint","urlTemplate":"https:\/\/www.asajacyl.com\/palencia\/?s={search_term_string}"},"query-input":{"@type":"PropertyValueSpecification","valueRequired":true,"valueName":"search_term_string"}}],"inLanguage":"es"},{"@type":"Person","@id":"https:\/\/www.asajacyl.com\/palencia\/#\/schema\/person\/3ab17aeb03527485c317557fae64aab1","name":"Administrador","image":{"@type":"ImageObject","inLanguage":"es","@id":"https:\/\/www.asajacyl.com\/palencia\/#\/schema\/person\/image\/","url":"https:\/\/secure.gravatar.com\/avatar\/517384810d242ca9e38c180f3c9fb973?s=96&d=mm&r=g","contentUrl":"https:\/\/secure.gravatar.com\/avatar\/517384810d242ca9e38c180f3c9fb973?s=96&d=mm&r=g","caption":"Administrador"},"url":"https:\/\/www.asajacyl.com\/palencia\/author\/carlosrm"}]}},"_links":{"self":[{"href":"https:\/\/www.asajacyl.com\/palencia\/wp-json\/wp\/v2\/posts\/12156"}],"collection":[{"href":"https:\/\/www.asajacyl.com\/palencia\/wp-json\/wp\/v2\/posts"}],"about":[{"href":"https:\/\/www.asajacyl.com\/palencia\/wp-json\/wp\/v2\/types\/post"}],"author":[{"embeddable":true,"href":"https:\/\/www.asajacyl.com\/palencia\/wp-json\/wp\/v2\/users\/9"}],"replies":[{"embeddable":true,"href":"https:\/\/www.asajacyl.com\/palencia\/wp-json\/wp\/v2\/comments?post=12156"}],"version-history":[{"count":1,"href":"https:\/\/www.asajacyl.com\/palencia\/wp-json\/wp\/v2\/posts\/12156\/revisions"}],"predecessor-version":[{"id":12159,"href":"https:\/\/www.asajacyl.com\/palencia\/wp-json\/wp\/v2\/posts\/12156\/revisions\/12159"}],"wp:featuredmedia":[{"embeddable":true,"href":"https:\/\/www.asajacyl.com\/palencia\/wp-json\/wp\/v2\/media\/12158"}],"wp:attachment":[{"href":"https:\/\/www.asajacyl.com\/palencia\/wp-json\/wp\/v2\/media?parent=12156"}],"wp:term":[{"taxonomy":"category","embeddable":true,"href":"https:\/\/www.asajacyl.com\/palencia\/wp-json\/wp\/v2\/categories?post=12156"},{"taxonomy":"post_tag","embeddable":true,"href":"https:\/\/www.asajacyl.com\/palencia\/wp-json\/wp\/v2\/tags?post=12156"}],"curies":[{"name":"wp","href":"https:\/\/api.w.org\/{rel}","templated":true}]}}