{"id":12170,"date":"2023-01-25T12:27:20","date_gmt":"2023-01-25T11:27:20","guid":{"rendered":"https:\/\/www.asajacyl.com\/palencia\/?p=12170"},"modified":"2023-01-23T18:45:59","modified_gmt":"2023-01-23T17:45:59","slug":"asaja-palencia-alerta-de-la-ilegalidad-de-ciertas-practicas-que-se-pueden-dar-tras-la-rebaja-de-iva-de-los-alimentos","status":"publish","type":"post","link":"https:\/\/www.asajacyl.com\/palencia\/asaja-palencia-informa\/asaja-palencia-alerta-de-la-ilegalidad-de-ciertas-practicas-que-se-pueden-dar-tras-la-rebaja-de-iva-de-los-alimentos","title":{"rendered":"ASAJA-Palencia alerta de la ilegalidad de ciertas pr\u00e1cticas que se pueden dar tras la rebaja de IVA de los alimentos"},"content":{"rendered":"\n<p>Ante las dudas que han surgido respecto a la aplicaci\u00f3n de los nuevos tipos de IVA en el sector agrario, ASAJA ha se\u00f1alado que estar\u00e1 vigilante ante posibles pr\u00e1cticas ilegales que puedan surgir, y pide a las administraciones que tambi\u00e9n ejerzan los controles pertinentes para evitar abusos. En este sentido, la organizaci\u00f3n agraria insta a los agricultores y ganaderos que tributan en m\u00f3dulos a asesorarse en sus oficinas para plantear la interposici\u00f3n de denuncias a los operadores en caso de que les abonen una liquidaci\u00f3n que resta el mencionado 12% de la cantidad pactada en el contrato.<\/p>\n\n\n\n<p>ASAJA aclara al sector agrario que el porcentaje de compensaci\u00f3n a tanto alzado del 12% que aplican los agricultores en m\u00f3dulos no se ha modificado, por lo que seguir\u00e1n facturando con ese 12%. El Real Decreto Ley 20\/2022, de 27 de diciembre, \u00fanicamente modifica el IVA del 4% que aplican los agricultores que est\u00e1n en estimaci\u00f3n directa, o que aplican las sociedades, el cual pasa a ser el 0%.<\/p>\n\n\n\n<p>As\u00ed se lo han confirmado a ASAJA fuentes del Ministerio de Agricultura, Pesca y Alimentaci\u00f3n y de la Direcci\u00f3n General de Tributos del Ministerio de Hacienda, en un escrito en el que se especifica lo siguiente:<\/p>\n\n\n\n<p>\u201cLos Agricultores y Ganaderos que tributan en M\u00f3dulos (Estimaci\u00f3n Objetiva) del IRPF y por lo tanto en el R\u00e9gimen Especial de Agricultura y Ganader\u00eda del IVA siguen manteniendo la compensaci\u00f3n de los tipos de IVA del 12% en Agricultura y del 10,5% en Ganader\u00eda.<\/p>\n\n\n\n<p>Aquellos que tributan en Estimaci\u00f3n Directa del IRPF y por lo tanto en el R\u00e9gimen General del IVA, cuando aplicaban y les aplicaban el tipo de IVA del 4% en las producciones correspondientes ahora el tipo de IVA a aplicar es del 0 %. Y los que aplicaban y les aplicaban el tipo de IVA del 10 % en sus producciones ahora es del 5% (los aceites de oliva y de semillas y las pastas alimenticias).\u201d<\/p>\n\n\n\n<p>ASAJA subraya que lo que se pretende con esta rebaja del IVA a los alimentos b\u00e1sicos, para incentivar el consumo y mejorar la fluidez de los mercados agrarios, \u201cpero NUNCA repercutir esta rebaja a los productores\u201d.<\/p>\n\n\n\n<p>Estas rebajas tributarias permanecer\u00e1n en vigor hasta el 30 de junio de 2023. En el caso de que la tasa interanual de la inflaci\u00f3n subyacente (la que excluye la energ\u00eda y los alimentos no elaborados) del mes de marzo, publicada en abril, sea inferior al 5,5% (el dato m\u00e1s actualizado es el de diciembre, que corresponde al 7,0%), la vigencia acabar\u00e1 el 30 de abril de 2023.<\/p>\n","protected":false},"excerpt":{"rendered":"<p>Ante las dudas que han surgido respecto a la aplicaci\u00f3n de los nuevos tipos de IVA en el sector agrario, ASAJA ha se\u00f1alado que estar\u00e1 vigilante ante posibles pr\u00e1cticas ilegales que puedan surgir, y pide a las administraciones que tambi\u00e9n ejerzan los controles pertinentes para evitar abusos. En este sentido, la organizaci\u00f3n agraria insta a [&hellip;]<\/p>\n","protected":false},"author":9,"featured_media":7504,"comment_status":"open","ping_status":"open","sticky":false,"template":"","format":"standard","meta":{"footnotes":""},"categories":[9,29,28],"tags":[],"yoast_head":"<!-- This site is optimized with the Yoast SEO plugin v24.5 - https:\/\/yoast.com\/wordpress\/plugins\/seo\/ -->\n<title>ASAJA-Palencia alerta de la ilegalidad de ciertas pr\u00e1cticas que se pueden dar tras la rebaja de IVA de los alimentos - ASAJA Palencia<\/title>\n<meta name=\"description\" content=\"Ante las dudas que han surgido respecto a la aplicaci\u00f3n de los nuevos tipos de IVA en el sector agrario, ASAJA ha se\u00f1alado que estar\u00e1 vigilante ante\" \/>\n<meta name=\"robots\" content=\"index, follow, max-snippet:-1, max-image-preview:large, max-video-preview:-1\" \/>\n<link rel=\"canonical\" href=\"https:\/\/www.asajacyl.com\/palencia\/asaja-palencia-informa\/asaja-palencia-alerta-de-la-ilegalidad-de-ciertas-practicas-que-se-pueden-dar-tras-la-rebaja-de-iva-de-los-alimentos\" \/>\n<meta property=\"og:locale\" content=\"es_ES\" \/>\n<meta property=\"og:type\" content=\"article\" \/>\n<meta property=\"og:title\" content=\"ASAJA-Palencia alerta de la ilegalidad de ciertas pr\u00e1cticas que se pueden dar tras la rebaja de IVA de los alimentos - ASAJA Palencia\" \/>\n<meta property=\"og:description\" content=\"Ante las dudas que han surgido respecto a la aplicaci\u00f3n de los nuevos tipos de IVA en el sector agrario, ASAJA ha se\u00f1alado que estar\u00e1 vigilante ante\" \/>\n<meta property=\"og:url\" content=\"https:\/\/www.asajacyl.com\/palencia\/asaja-palencia-informa\/asaja-palencia-alerta-de-la-ilegalidad-de-ciertas-practicas-que-se-pueden-dar-tras-la-rebaja-de-iva-de-los-alimentos\" \/>\n<meta property=\"og:site_name\" content=\"ASAJA Palencia\" \/>\n<meta property=\"article:published_time\" content=\"2023-01-25T11:27:20+00:00\" \/>\n<meta property=\"og:image\" content=\"https:\/\/www.asajacyl.com\/palencia\/wp-content\/uploads\/sites\/3\/2020\/07\/trigo.jpg\" \/>\n\t<meta property=\"og:image:width\" content=\"1000\" \/>\n\t<meta property=\"og:image:height\" content=\"570\" \/>\n\t<meta property=\"og:image:type\" content=\"image\/jpeg\" \/>\n<meta name=\"author\" content=\"Administrador\" \/>\n<meta name=\"twitter:card\" content=\"summary_large_image\" \/>\n<meta name=\"twitter:label1\" content=\"Escrito por\" \/>\n\t<meta name=\"twitter:data1\" content=\"Administrador\" \/>\n\t<meta name=\"twitter:label2\" content=\"Tiempo de lectura\" \/>\n\t<meta name=\"twitter:data2\" content=\"2 minutos\" \/>\n<script type=\"application\/ld+json\" class=\"yoast-schema-graph\">{\"@context\":\"https:\/\/schema.org\",\"@graph\":[{\"@type\":\"WebPage\",\"@id\":\"https:\/\/www.asajacyl.com\/palencia\/asaja-palencia-informa\/asaja-palencia-alerta-de-la-ilegalidad-de-ciertas-practicas-que-se-pueden-dar-tras-la-rebaja-de-iva-de-los-alimentos\",\"url\":\"https:\/\/www.asajacyl.com\/palencia\/asaja-palencia-informa\/asaja-palencia-alerta-de-la-ilegalidad-de-ciertas-practicas-que-se-pueden-dar-tras-la-rebaja-de-iva-de-los-alimentos\",\"name\":\"ASAJA-Palencia alerta de la ilegalidad de ciertas pr\u00e1cticas que se pueden dar tras la rebaja de IVA de los alimentos - ASAJA Palencia\",\"isPartOf\":{\"@id\":\"https:\/\/www.asajacyl.com\/palencia\/#website\"},\"primaryImageOfPage\":{\"@id\":\"https:\/\/www.asajacyl.com\/palencia\/asaja-palencia-informa\/asaja-palencia-alerta-de-la-ilegalidad-de-ciertas-practicas-que-se-pueden-dar-tras-la-rebaja-de-iva-de-los-alimentos#primaryimage\"},\"image\":{\"@id\":\"https:\/\/www.asajacyl.com\/palencia\/asaja-palencia-informa\/asaja-palencia-alerta-de-la-ilegalidad-de-ciertas-practicas-que-se-pueden-dar-tras-la-rebaja-de-iva-de-los-alimentos#primaryimage\"},\"thumbnailUrl\":\"https:\/\/www.asajacyl.com\/palencia\/wp-content\/uploads\/sites\/3\/2020\/07\/trigo.jpg\",\"datePublished\":\"2023-01-25T11:27:20+00:00\",\"author\":{\"@id\":\"https:\/\/www.asajacyl.com\/palencia\/#\/schema\/person\/3ab17aeb03527485c317557fae64aab1\"},\"description\":\"Ante las dudas que han surgido respecto a la aplicaci\u00f3n de los nuevos tipos de IVA en el sector agrario, ASAJA ha se\u00f1alado que estar\u00e1 vigilante ante\",\"breadcrumb\":{\"@id\":\"https:\/\/www.asajacyl.com\/palencia\/asaja-palencia-informa\/asaja-palencia-alerta-de-la-ilegalidad-de-ciertas-practicas-que-se-pueden-dar-tras-la-rebaja-de-iva-de-los-alimentos#breadcrumb\"},\"inLanguage\":\"es\",\"potentialAction\":[{\"@type\":\"ReadAction\",\"target\":[\"https:\/\/www.asajacyl.com\/palencia\/asaja-palencia-informa\/asaja-palencia-alerta-de-la-ilegalidad-de-ciertas-practicas-que-se-pueden-dar-tras-la-rebaja-de-iva-de-los-alimentos\"]}]},{\"@type\":\"ImageObject\",\"inLanguage\":\"es\",\"@id\":\"https:\/\/www.asajacyl.com\/palencia\/asaja-palencia-informa\/asaja-palencia-alerta-de-la-ilegalidad-de-ciertas-practicas-que-se-pueden-dar-tras-la-rebaja-de-iva-de-los-alimentos#primaryimage\",\"url\":\"https:\/\/www.asajacyl.com\/palencia\/wp-content\/uploads\/sites\/3\/2020\/07\/trigo.jpg\",\"contentUrl\":\"https:\/\/www.asajacyl.com\/palencia\/wp-content\/uploads\/sites\/3\/2020\/07\/trigo.jpg\",\"width\":1000,\"height\":570},{\"@type\":\"BreadcrumbList\",\"@id\":\"https:\/\/www.asajacyl.com\/palencia\/asaja-palencia-informa\/asaja-palencia-alerta-de-la-ilegalidad-de-ciertas-practicas-que-se-pueden-dar-tras-la-rebaja-de-iva-de-los-alimentos#breadcrumb\",\"itemListElement\":[{\"@type\":\"ListItem\",\"position\":1,\"name\":\"Portada\",\"item\":\"https:\/\/www.asajacyl.com\/palencia\/\"},{\"@type\":\"ListItem\",\"position\":2,\"name\":\"ASAJA-Palencia alerta de la ilegalidad de ciertas pr\u00e1cticas que se pueden dar tras la rebaja de IVA de los alimentos\"}]},{\"@type\":\"WebSite\",\"@id\":\"https:\/\/www.asajacyl.com\/palencia\/#website\",\"url\":\"https:\/\/www.asajacyl.com\/palencia\/\",\"name\":\"ASAJA Palencia\",\"description\":\"Otro sitio m\u00e1s de Provincias ASAJA Castilla y Le\u00f3n\",\"potentialAction\":[{\"@type\":\"SearchAction\",\"target\":{\"@type\":\"EntryPoint\",\"urlTemplate\":\"https:\/\/www.asajacyl.com\/palencia\/?s={search_term_string}\"},\"query-input\":{\"@type\":\"PropertyValueSpecification\",\"valueRequired\":true,\"valueName\":\"search_term_string\"}}],\"inLanguage\":\"es\"},{\"@type\":\"Person\",\"@id\":\"https:\/\/www.asajacyl.com\/palencia\/#\/schema\/person\/3ab17aeb03527485c317557fae64aab1\",\"name\":\"Administrador\",\"image\":{\"@type\":\"ImageObject\",\"inLanguage\":\"es\",\"@id\":\"https:\/\/www.asajacyl.com\/palencia\/#\/schema\/person\/image\/\",\"url\":\"https:\/\/secure.gravatar.com\/avatar\/517384810d242ca9e38c180f3c9fb973?s=96&d=mm&r=g\",\"contentUrl\":\"https:\/\/secure.gravatar.com\/avatar\/517384810d242ca9e38c180f3c9fb973?s=96&d=mm&r=g\",\"caption\":\"Administrador\"},\"url\":\"https:\/\/www.asajacyl.com\/palencia\/author\/carlosrm\"}]}<\/script>\n<!-- \/ Yoast SEO plugin. -->","yoast_head_json":{"title":"ASAJA-Palencia alerta de la ilegalidad de ciertas pr\u00e1cticas que se pueden dar tras la rebaja de IVA de los alimentos - ASAJA Palencia","description":"Ante las dudas que han surgido respecto a la aplicaci\u00f3n de los nuevos tipos de IVA en el sector agrario, ASAJA ha se\u00f1alado que estar\u00e1 vigilante ante","robots":{"index":"index","follow":"follow","max-snippet":"max-snippet:-1","max-image-preview":"max-image-preview:large","max-video-preview":"max-video-preview:-1"},"canonical":"https:\/\/www.asajacyl.com\/palencia\/asaja-palencia-informa\/asaja-palencia-alerta-de-la-ilegalidad-de-ciertas-practicas-que-se-pueden-dar-tras-la-rebaja-de-iva-de-los-alimentos","og_locale":"es_ES","og_type":"article","og_title":"ASAJA-Palencia alerta de la ilegalidad de ciertas pr\u00e1cticas que se pueden dar tras la rebaja de IVA de los alimentos - ASAJA Palencia","og_description":"Ante las dudas que han surgido respecto a la aplicaci\u00f3n de los nuevos tipos de IVA en el sector agrario, ASAJA ha se\u00f1alado que estar\u00e1 vigilante ante","og_url":"https:\/\/www.asajacyl.com\/palencia\/asaja-palencia-informa\/asaja-palencia-alerta-de-la-ilegalidad-de-ciertas-practicas-que-se-pueden-dar-tras-la-rebaja-de-iva-de-los-alimentos","og_site_name":"ASAJA Palencia","article_published_time":"2023-01-25T11:27:20+00:00","og_image":[{"width":1000,"height":570,"url":"https:\/\/www.asajacyl.com\/palencia\/wp-content\/uploads\/sites\/3\/2020\/07\/trigo.jpg","type":"image\/jpeg"}],"author":"Administrador","twitter_card":"summary_large_image","twitter_misc":{"Escrito por":"Administrador","Tiempo de lectura":"2 minutos"},"schema":{"@context":"https:\/\/schema.org","@graph":[{"@type":"WebPage","@id":"https:\/\/www.asajacyl.com\/palencia\/asaja-palencia-informa\/asaja-palencia-alerta-de-la-ilegalidad-de-ciertas-practicas-que-se-pueden-dar-tras-la-rebaja-de-iva-de-los-alimentos","url":"https:\/\/www.asajacyl.com\/palencia\/asaja-palencia-informa\/asaja-palencia-alerta-de-la-ilegalidad-de-ciertas-practicas-que-se-pueden-dar-tras-la-rebaja-de-iva-de-los-alimentos","name":"ASAJA-Palencia alerta de la ilegalidad de ciertas pr\u00e1cticas que se pueden dar tras la rebaja de IVA de los alimentos - ASAJA Palencia","isPartOf":{"@id":"https:\/\/www.asajacyl.com\/palencia\/#website"},"primaryImageOfPage":{"@id":"https:\/\/www.asajacyl.com\/palencia\/asaja-palencia-informa\/asaja-palencia-alerta-de-la-ilegalidad-de-ciertas-practicas-que-se-pueden-dar-tras-la-rebaja-de-iva-de-los-alimentos#primaryimage"},"image":{"@id":"https:\/\/www.asajacyl.com\/palencia\/asaja-palencia-informa\/asaja-palencia-alerta-de-la-ilegalidad-de-ciertas-practicas-que-se-pueden-dar-tras-la-rebaja-de-iva-de-los-alimentos#primaryimage"},"thumbnailUrl":"https:\/\/www.asajacyl.com\/palencia\/wp-content\/uploads\/sites\/3\/2020\/07\/trigo.jpg","datePublished":"2023-01-25T11:27:20+00:00","author":{"@id":"https:\/\/www.asajacyl.com\/palencia\/#\/schema\/person\/3ab17aeb03527485c317557fae64aab1"},"description":"Ante las dudas que han surgido respecto a la aplicaci\u00f3n de los nuevos tipos de IVA en el sector agrario, ASAJA ha se\u00f1alado que estar\u00e1 vigilante ante","breadcrumb":{"@id":"https:\/\/www.asajacyl.com\/palencia\/asaja-palencia-informa\/asaja-palencia-alerta-de-la-ilegalidad-de-ciertas-practicas-que-se-pueden-dar-tras-la-rebaja-de-iva-de-los-alimentos#breadcrumb"},"inLanguage":"es","potentialAction":[{"@type":"ReadAction","target":["https:\/\/www.asajacyl.com\/palencia\/asaja-palencia-informa\/asaja-palencia-alerta-de-la-ilegalidad-de-ciertas-practicas-que-se-pueden-dar-tras-la-rebaja-de-iva-de-los-alimentos"]}]},{"@type":"ImageObject","inLanguage":"es","@id":"https:\/\/www.asajacyl.com\/palencia\/asaja-palencia-informa\/asaja-palencia-alerta-de-la-ilegalidad-de-ciertas-practicas-que-se-pueden-dar-tras-la-rebaja-de-iva-de-los-alimentos#primaryimage","url":"https:\/\/www.asajacyl.com\/palencia\/wp-content\/uploads\/sites\/3\/2020\/07\/trigo.jpg","contentUrl":"https:\/\/www.asajacyl.com\/palencia\/wp-content\/uploads\/sites\/3\/2020\/07\/trigo.jpg","width":1000,"height":570},{"@type":"BreadcrumbList","@id":"https:\/\/www.asajacyl.com\/palencia\/asaja-palencia-informa\/asaja-palencia-alerta-de-la-ilegalidad-de-ciertas-practicas-que-se-pueden-dar-tras-la-rebaja-de-iva-de-los-alimentos#breadcrumb","itemListElement":[{"@type":"ListItem","position":1,"name":"Portada","item":"https:\/\/www.asajacyl.com\/palencia\/"},{"@type":"ListItem","position":2,"name":"ASAJA-Palencia alerta de la ilegalidad de ciertas pr\u00e1cticas que se pueden dar tras la rebaja de IVA de los alimentos"}]},{"@type":"WebSite","@id":"https:\/\/www.asajacyl.com\/palencia\/#website","url":"https:\/\/www.asajacyl.com\/palencia\/","name":"ASAJA Palencia","description":"Otro sitio m\u00e1s de Provincias ASAJA Castilla y Le\u00f3n","potentialAction":[{"@type":"SearchAction","target":{"@type":"EntryPoint","urlTemplate":"https:\/\/www.asajacyl.com\/palencia\/?s={search_term_string}"},"query-input":{"@type":"PropertyValueSpecification","valueRequired":true,"valueName":"search_term_string"}}],"inLanguage":"es"},{"@type":"Person","@id":"https:\/\/www.asajacyl.com\/palencia\/#\/schema\/person\/3ab17aeb03527485c317557fae64aab1","name":"Administrador","image":{"@type":"ImageObject","inLanguage":"es","@id":"https:\/\/www.asajacyl.com\/palencia\/#\/schema\/person\/image\/","url":"https:\/\/secure.gravatar.com\/avatar\/517384810d242ca9e38c180f3c9fb973?s=96&d=mm&r=g","contentUrl":"https:\/\/secure.gravatar.com\/avatar\/517384810d242ca9e38c180f3c9fb973?s=96&d=mm&r=g","caption":"Administrador"},"url":"https:\/\/www.asajacyl.com\/palencia\/author\/carlosrm"}]}},"_links":{"self":[{"href":"https:\/\/www.asajacyl.com\/palencia\/wp-json\/wp\/v2\/posts\/12170"}],"collection":[{"href":"https:\/\/www.asajacyl.com\/palencia\/wp-json\/wp\/v2\/posts"}],"about":[{"href":"https:\/\/www.asajacyl.com\/palencia\/wp-json\/wp\/v2\/types\/post"}],"author":[{"embeddable":true,"href":"https:\/\/www.asajacyl.com\/palencia\/wp-json\/wp\/v2\/users\/9"}],"replies":[{"embeddable":true,"href":"https:\/\/www.asajacyl.com\/palencia\/wp-json\/wp\/v2\/comments?post=12170"}],"version-history":[{"count":1,"href":"https:\/\/www.asajacyl.com\/palencia\/wp-json\/wp\/v2\/posts\/12170\/revisions"}],"predecessor-version":[{"id":12171,"href":"https:\/\/www.asajacyl.com\/palencia\/wp-json\/wp\/v2\/posts\/12170\/revisions\/12171"}],"wp:featuredmedia":[{"embeddable":true,"href":"https:\/\/www.asajacyl.com\/palencia\/wp-json\/wp\/v2\/media\/7504"}],"wp:attachment":[{"href":"https:\/\/www.asajacyl.com\/palencia\/wp-json\/wp\/v2\/media?parent=12170"}],"wp:term":[{"taxonomy":"category","embeddable":true,"href":"https:\/\/www.asajacyl.com\/palencia\/wp-json\/wp\/v2\/categories?post=12170"},{"taxonomy":"post_tag","embeddable":true,"href":"https:\/\/www.asajacyl.com\/palencia\/wp-json\/wp\/v2\/tags?post=12170"}],"curies":[{"name":"wp","href":"https:\/\/api.w.org\/{rel}","templated":true}]}}