{"id":12179,"date":"2023-01-23T19:30:00","date_gmt":"2023-01-23T18:30:00","guid":{"rendered":"https:\/\/www.asajacyl.com\/palencia\/?p=12179"},"modified":"2023-01-23T18:36:28","modified_gmt":"2023-01-23T17:36:28","slug":"hoy-se-han-celebrado-las-asambleas-comarcales-de-paredes-ampudia-y-duenas","status":"publish","type":"post","link":"https:\/\/www.asajacyl.com\/palencia\/asaja-palencia-informa\/hoy-se-han-celebrado-las-asambleas-comarcales-de-paredes-ampudia-y-duenas","title":{"rendered":"Hoy se han celebrado las Asambleas Comarcales de Paredes, Ampudia y Due\u00f1as"},"content":{"rendered":"\n<p>En el d\u00eda de hoy ha tenido lugar la pen\u00faltima jornada de Asambleas Comarcales que ASAJA-Palencia est\u00e1 realizando por la provincia. En esta jornada se ha realizado la asamblea de la comarca de Paredes de Nava, en horario de ma\u00f1ana, y las de Ampudia y Due\u00f1as, que se realiza en la capital, en horario de tarde.<\/p>\n\n\n\n<p>Las asambleas de este a\u00f1o est\u00e1n siendo marcadas por la introducci\u00f3n de la nueva PAC en la vida agraria de la provincia y por las elecciones a la representatividad del campo, en las que se puede votar de forma anticipada hasta el d\u00eda 6 de febrero, en el edificio de la Junta en horario de 9:00 a 14:00, y que se celebrar\u00e1n el d\u00eda 12 de febrero.<\/p>\n\n\n\n<p>La \u00faltima jornada de Asambleas Comarcales tendr\u00e1 lugar este jueves d\u00eda 26 de enero con la celebraci\u00f3n de las asambleas de las comarcas de Cervera de Pisuerga y Guardo, que se celebrar\u00e1 a las 12:00 horas en La Casona de Cervera, y las asambleas de las comarcas de Aguilar de Campoo y Barruelo de Santull\u00e1n, que se celebrar\u00e1 en Aguilar de Campoo en el sal\u00f3n de actos de la oficina de ASAJA a las 17:00 horas.<\/p>\n","protected":false},"excerpt":{"rendered":"<p>En el d\u00eda de hoy ha tenido lugar la pen\u00faltima jornada de Asambleas Comarcales que ASAJA-Palencia est\u00e1 realizando por la provincia. En esta jornada se ha realizado la asamblea de la comarca de Paredes de Nava, en horario de ma\u00f1ana, y las de Ampudia y Due\u00f1as, que se realiza en la capital, en horario de [&hellip;]<\/p>\n","protected":false},"author":9,"featured_media":12180,"comment_status":"open","ping_status":"open","sticky":false,"template":"","format":"standard","meta":{"footnotes":""},"categories":[9,29,28],"tags":[],"yoast_head":"<!-- This site is optimized with the Yoast SEO plugin v24.5 - https:\/\/yoast.com\/wordpress\/plugins\/seo\/ -->\n<title>Hoy se han celebrado las Asambleas Comarcales de Paredes, Ampudia y Due\u00f1as - ASAJA Palencia<\/title>\n<meta name=\"description\" content=\"En el d\u00eda de hoy ha tenido lugar la pen\u00faltima jornada de Asambleas Comarcales que ASAJA-Palencia est\u00e1 realizando por la provincia. En esta jornada se ha\" \/>\n<meta name=\"robots\" content=\"index, follow, max-snippet:-1, max-image-preview:large, max-video-preview:-1\" \/>\n<link rel=\"canonical\" href=\"https:\/\/www.asajacyl.com\/palencia\/asaja-palencia-informa\/hoy-se-han-celebrado-las-asambleas-comarcales-de-paredes-ampudia-y-duenas\" \/>\n<meta property=\"og:locale\" content=\"es_ES\" \/>\n<meta property=\"og:type\" content=\"article\" \/>\n<meta property=\"og:title\" content=\"Hoy se han celebrado las Asambleas Comarcales de Paredes, Ampudia y Due\u00f1as - ASAJA Palencia\" \/>\n<meta property=\"og:description\" content=\"En el d\u00eda de hoy ha tenido lugar la pen\u00faltima jornada de Asambleas Comarcales que ASAJA-Palencia est\u00e1 realizando por la provincia. En esta jornada se ha\" \/>\n<meta property=\"og:url\" content=\"https:\/\/www.asajacyl.com\/palencia\/asaja-palencia-informa\/hoy-se-han-celebrado-las-asambleas-comarcales-de-paredes-ampudia-y-duenas\" \/>\n<meta property=\"og:site_name\" content=\"ASAJA Palencia\" \/>\n<meta property=\"article:published_time\" content=\"2023-01-23T18:30:00+00:00\" \/>\n<meta property=\"og:image\" content=\"https:\/\/www.asajacyl.com\/palencia\/wp-content\/uploads\/sites\/3\/2023\/01\/PALENCIA-2023.jpg\" \/>\n\t<meta property=\"og:image:width\" content=\"2500\" \/>\n\t<meta property=\"og:image:height\" content=\"1953\" \/>\n\t<meta property=\"og:image:type\" content=\"image\/jpeg\" \/>\n<meta name=\"author\" content=\"Administrador\" \/>\n<meta name=\"twitter:card\" content=\"summary_large_image\" \/>\n<meta name=\"twitter:label1\" content=\"Escrito por\" \/>\n\t<meta name=\"twitter:data1\" content=\"Administrador\" \/>\n\t<meta name=\"twitter:label2\" content=\"Tiempo de lectura\" \/>\n\t<meta name=\"twitter:data2\" content=\"1 minuto\" \/>\n<script type=\"application\/ld+json\" class=\"yoast-schema-graph\">{\"@context\":\"https:\/\/schema.org\",\"@graph\":[{\"@type\":\"WebPage\",\"@id\":\"https:\/\/www.asajacyl.com\/palencia\/asaja-palencia-informa\/hoy-se-han-celebrado-las-asambleas-comarcales-de-paredes-ampudia-y-duenas\",\"url\":\"https:\/\/www.asajacyl.com\/palencia\/asaja-palencia-informa\/hoy-se-han-celebrado-las-asambleas-comarcales-de-paredes-ampudia-y-duenas\",\"name\":\"Hoy se han celebrado las Asambleas Comarcales de Paredes, Ampudia y Due\u00f1as - ASAJA Palencia\",\"isPartOf\":{\"@id\":\"https:\/\/www.asajacyl.com\/palencia\/#website\"},\"primaryImageOfPage\":{\"@id\":\"https:\/\/www.asajacyl.com\/palencia\/asaja-palencia-informa\/hoy-se-han-celebrado-las-asambleas-comarcales-de-paredes-ampudia-y-duenas#primaryimage\"},\"image\":{\"@id\":\"https:\/\/www.asajacyl.com\/palencia\/asaja-palencia-informa\/hoy-se-han-celebrado-las-asambleas-comarcales-de-paredes-ampudia-y-duenas#primaryimage\"},\"thumbnailUrl\":\"https:\/\/www.asajacyl.com\/palencia\/wp-content\/uploads\/sites\/3\/2023\/01\/PALENCIA-2023.jpg\",\"datePublished\":\"2023-01-23T18:30:00+00:00\",\"author\":{\"@id\":\"https:\/\/www.asajacyl.com\/palencia\/#\/schema\/person\/3ab17aeb03527485c317557fae64aab1\"},\"description\":\"En el d\u00eda de hoy ha tenido lugar la pen\u00faltima jornada de Asambleas Comarcales que ASAJA-Palencia est\u00e1 realizando por la provincia. En esta jornada se ha\",\"breadcrumb\":{\"@id\":\"https:\/\/www.asajacyl.com\/palencia\/asaja-palencia-informa\/hoy-se-han-celebrado-las-asambleas-comarcales-de-paredes-ampudia-y-duenas#breadcrumb\"},\"inLanguage\":\"es\",\"potentialAction\":[{\"@type\":\"ReadAction\",\"target\":[\"https:\/\/www.asajacyl.com\/palencia\/asaja-palencia-informa\/hoy-se-han-celebrado-las-asambleas-comarcales-de-paredes-ampudia-y-duenas\"]}]},{\"@type\":\"ImageObject\",\"inLanguage\":\"es\",\"@id\":\"https:\/\/www.asajacyl.com\/palencia\/asaja-palencia-informa\/hoy-se-han-celebrado-las-asambleas-comarcales-de-paredes-ampudia-y-duenas#primaryimage\",\"url\":\"https:\/\/www.asajacyl.com\/palencia\/wp-content\/uploads\/sites\/3\/2023\/01\/PALENCIA-2023.jpg\",\"contentUrl\":\"https:\/\/www.asajacyl.com\/palencia\/wp-content\/uploads\/sites\/3\/2023\/01\/PALENCIA-2023.jpg\",\"width\":2500,\"height\":1953},{\"@type\":\"BreadcrumbList\",\"@id\":\"https:\/\/www.asajacyl.com\/palencia\/asaja-palencia-informa\/hoy-se-han-celebrado-las-asambleas-comarcales-de-paredes-ampudia-y-duenas#breadcrumb\",\"itemListElement\":[{\"@type\":\"ListItem\",\"position\":1,\"name\":\"Portada\",\"item\":\"https:\/\/www.asajacyl.com\/palencia\/\"},{\"@type\":\"ListItem\",\"position\":2,\"name\":\"Hoy se han celebrado las Asambleas Comarcales de Paredes, Ampudia y Due\u00f1as\"}]},{\"@type\":\"WebSite\",\"@id\":\"https:\/\/www.asajacyl.com\/palencia\/#website\",\"url\":\"https:\/\/www.asajacyl.com\/palencia\/\",\"name\":\"ASAJA Palencia\",\"description\":\"Otro sitio m\u00e1s de Provincias ASAJA Castilla y Le\u00f3n\",\"potentialAction\":[{\"@type\":\"SearchAction\",\"target\":{\"@type\":\"EntryPoint\",\"urlTemplate\":\"https:\/\/www.asajacyl.com\/palencia\/?s={search_term_string}\"},\"query-input\":{\"@type\":\"PropertyValueSpecification\",\"valueRequired\":true,\"valueName\":\"search_term_string\"}}],\"inLanguage\":\"es\"},{\"@type\":\"Person\",\"@id\":\"https:\/\/www.asajacyl.com\/palencia\/#\/schema\/person\/3ab17aeb03527485c317557fae64aab1\",\"name\":\"Administrador\",\"image\":{\"@type\":\"ImageObject\",\"inLanguage\":\"es\",\"@id\":\"https:\/\/www.asajacyl.com\/palencia\/#\/schema\/person\/image\/\",\"url\":\"https:\/\/secure.gravatar.com\/avatar\/517384810d242ca9e38c180f3c9fb973?s=96&d=mm&r=g\",\"contentUrl\":\"https:\/\/secure.gravatar.com\/avatar\/517384810d242ca9e38c180f3c9fb973?s=96&d=mm&r=g\",\"caption\":\"Administrador\"},\"url\":\"https:\/\/www.asajacyl.com\/palencia\/author\/carlosrm\"}]}<\/script>\n<!-- \/ Yoast SEO plugin. -->","yoast_head_json":{"title":"Hoy se han celebrado las Asambleas Comarcales de Paredes, Ampudia y Due\u00f1as - ASAJA Palencia","description":"En el d\u00eda de hoy ha tenido lugar la pen\u00faltima jornada de Asambleas Comarcales que ASAJA-Palencia est\u00e1 realizando por la provincia. En esta jornada se ha","robots":{"index":"index","follow":"follow","max-snippet":"max-snippet:-1","max-image-preview":"max-image-preview:large","max-video-preview":"max-video-preview:-1"},"canonical":"https:\/\/www.asajacyl.com\/palencia\/asaja-palencia-informa\/hoy-se-han-celebrado-las-asambleas-comarcales-de-paredes-ampudia-y-duenas","og_locale":"es_ES","og_type":"article","og_title":"Hoy se han celebrado las Asambleas Comarcales de Paredes, Ampudia y Due\u00f1as - ASAJA Palencia","og_description":"En el d\u00eda de hoy ha tenido lugar la pen\u00faltima jornada de Asambleas Comarcales que ASAJA-Palencia est\u00e1 realizando por la provincia. En esta jornada se ha","og_url":"https:\/\/www.asajacyl.com\/palencia\/asaja-palencia-informa\/hoy-se-han-celebrado-las-asambleas-comarcales-de-paredes-ampudia-y-duenas","og_site_name":"ASAJA Palencia","article_published_time":"2023-01-23T18:30:00+00:00","og_image":[{"width":2500,"height":1953,"url":"https:\/\/www.asajacyl.com\/palencia\/wp-content\/uploads\/sites\/3\/2023\/01\/PALENCIA-2023.jpg","type":"image\/jpeg"}],"author":"Administrador","twitter_card":"summary_large_image","twitter_misc":{"Escrito por":"Administrador","Tiempo de lectura":"1 minuto"},"schema":{"@context":"https:\/\/schema.org","@graph":[{"@type":"WebPage","@id":"https:\/\/www.asajacyl.com\/palencia\/asaja-palencia-informa\/hoy-se-han-celebrado-las-asambleas-comarcales-de-paredes-ampudia-y-duenas","url":"https:\/\/www.asajacyl.com\/palencia\/asaja-palencia-informa\/hoy-se-han-celebrado-las-asambleas-comarcales-de-paredes-ampudia-y-duenas","name":"Hoy se han celebrado las Asambleas Comarcales de Paredes, Ampudia y Due\u00f1as - ASAJA Palencia","isPartOf":{"@id":"https:\/\/www.asajacyl.com\/palencia\/#website"},"primaryImageOfPage":{"@id":"https:\/\/www.asajacyl.com\/palencia\/asaja-palencia-informa\/hoy-se-han-celebrado-las-asambleas-comarcales-de-paredes-ampudia-y-duenas#primaryimage"},"image":{"@id":"https:\/\/www.asajacyl.com\/palencia\/asaja-palencia-informa\/hoy-se-han-celebrado-las-asambleas-comarcales-de-paredes-ampudia-y-duenas#primaryimage"},"thumbnailUrl":"https:\/\/www.asajacyl.com\/palencia\/wp-content\/uploads\/sites\/3\/2023\/01\/PALENCIA-2023.jpg","datePublished":"2023-01-23T18:30:00+00:00","author":{"@id":"https:\/\/www.asajacyl.com\/palencia\/#\/schema\/person\/3ab17aeb03527485c317557fae64aab1"},"description":"En el d\u00eda de hoy ha tenido lugar la pen\u00faltima jornada de Asambleas Comarcales que ASAJA-Palencia est\u00e1 realizando por la provincia. En esta jornada se ha","breadcrumb":{"@id":"https:\/\/www.asajacyl.com\/palencia\/asaja-palencia-informa\/hoy-se-han-celebrado-las-asambleas-comarcales-de-paredes-ampudia-y-duenas#breadcrumb"},"inLanguage":"es","potentialAction":[{"@type":"ReadAction","target":["https:\/\/www.asajacyl.com\/palencia\/asaja-palencia-informa\/hoy-se-han-celebrado-las-asambleas-comarcales-de-paredes-ampudia-y-duenas"]}]},{"@type":"ImageObject","inLanguage":"es","@id":"https:\/\/www.asajacyl.com\/palencia\/asaja-palencia-informa\/hoy-se-han-celebrado-las-asambleas-comarcales-de-paredes-ampudia-y-duenas#primaryimage","url":"https:\/\/www.asajacyl.com\/palencia\/wp-content\/uploads\/sites\/3\/2023\/01\/PALENCIA-2023.jpg","contentUrl":"https:\/\/www.asajacyl.com\/palencia\/wp-content\/uploads\/sites\/3\/2023\/01\/PALENCIA-2023.jpg","width":2500,"height":1953},{"@type":"BreadcrumbList","@id":"https:\/\/www.asajacyl.com\/palencia\/asaja-palencia-informa\/hoy-se-han-celebrado-las-asambleas-comarcales-de-paredes-ampudia-y-duenas#breadcrumb","itemListElement":[{"@type":"ListItem","position":1,"name":"Portada","item":"https:\/\/www.asajacyl.com\/palencia\/"},{"@type":"ListItem","position":2,"name":"Hoy se han celebrado las Asambleas Comarcales de Paredes, Ampudia y Due\u00f1as"}]},{"@type":"WebSite","@id":"https:\/\/www.asajacyl.com\/palencia\/#website","url":"https:\/\/www.asajacyl.com\/palencia\/","name":"ASAJA Palencia","description":"Otro sitio m\u00e1s de Provincias ASAJA Castilla y Le\u00f3n","potentialAction":[{"@type":"SearchAction","target":{"@type":"EntryPoint","urlTemplate":"https:\/\/www.asajacyl.com\/palencia\/?s={search_term_string}"},"query-input":{"@type":"PropertyValueSpecification","valueRequired":true,"valueName":"search_term_string"}}],"inLanguage":"es"},{"@type":"Person","@id":"https:\/\/www.asajacyl.com\/palencia\/#\/schema\/person\/3ab17aeb03527485c317557fae64aab1","name":"Administrador","image":{"@type":"ImageObject","inLanguage":"es","@id":"https:\/\/www.asajacyl.com\/palencia\/#\/schema\/person\/image\/","url":"https:\/\/secure.gravatar.com\/avatar\/517384810d242ca9e38c180f3c9fb973?s=96&d=mm&r=g","contentUrl":"https:\/\/secure.gravatar.com\/avatar\/517384810d242ca9e38c180f3c9fb973?s=96&d=mm&r=g","caption":"Administrador"},"url":"https:\/\/www.asajacyl.com\/palencia\/author\/carlosrm"}]}},"_links":{"self":[{"href":"https:\/\/www.asajacyl.com\/palencia\/wp-json\/wp\/v2\/posts\/12179"}],"collection":[{"href":"https:\/\/www.asajacyl.com\/palencia\/wp-json\/wp\/v2\/posts"}],"about":[{"href":"https:\/\/www.asajacyl.com\/palencia\/wp-json\/wp\/v2\/types\/post"}],"author":[{"embeddable":true,"href":"https:\/\/www.asajacyl.com\/palencia\/wp-json\/wp\/v2\/users\/9"}],"replies":[{"embeddable":true,"href":"https:\/\/www.asajacyl.com\/palencia\/wp-json\/wp\/v2\/comments?post=12179"}],"version-history":[{"count":1,"href":"https:\/\/www.asajacyl.com\/palencia\/wp-json\/wp\/v2\/posts\/12179\/revisions"}],"predecessor-version":[{"id":12181,"href":"https:\/\/www.asajacyl.com\/palencia\/wp-json\/wp\/v2\/posts\/12179\/revisions\/12181"}],"wp:featuredmedia":[{"embeddable":true,"href":"https:\/\/www.asajacyl.com\/palencia\/wp-json\/wp\/v2\/media\/12180"}],"wp:attachment":[{"href":"https:\/\/www.asajacyl.com\/palencia\/wp-json\/wp\/v2\/media?parent=12179"}],"wp:term":[{"taxonomy":"category","embeddable":true,"href":"https:\/\/www.asajacyl.com\/palencia\/wp-json\/wp\/v2\/categories?post=12179"},{"taxonomy":"post_tag","embeddable":true,"href":"https:\/\/www.asajacyl.com\/palencia\/wp-json\/wp\/v2\/tags?post=12179"}],"curies":[{"name":"wp","href":"https:\/\/api.w.org\/{rel}","templated":true}]}}