{"id":12186,"date":"2023-01-23T18:56:11","date_gmt":"2023-01-23T17:56:11","guid":{"rendered":"https:\/\/www.asajacyl.com\/palencia\/?p=12186"},"modified":"2023-01-24T07:18:01","modified_gmt":"2023-01-24T06:18:01","slug":"asaja-estara-en-la-feria-agraria-de-valladolid","status":"publish","type":"post","link":"https:\/\/www.asajacyl.com\/palencia\/asaja-palencia-informa\/asaja-estara-en-la-feria-agraria-de-valladolid","title":{"rendered":"ASAJA estar\u00e1 en la feria AGRARIA de Valladolid"},"content":{"rendered":"\n<p>Ma\u00f1ana martes d\u00eda 24 de enero comienza la reconocida feria AGRARIA que se celebra en Valladolid cada dos a\u00f1os y se ha consolidado como la feria m\u00e1s importante de Castilla y Le\u00f3n, la cual tiene lugar en la Feria de Muestras de Valladolid. La feria se desarrollar\u00e1 desde el martes d\u00eda 24 de enero hasta el viernes 27 de enero.<\/p>\n\n\n\n<p>En esta feria se puede ver la maquinaria e innovaciones m\u00e1s punteras del mercado y es un punto ineludible para agricultores y ganaderos de nuestra regi\u00f3n.<\/p>\n\n\n\n<p>En esta cita tan importante para el sector no puede faltar ASAJA y all\u00ed estaremos atendiendo a todos nuestros socios y simpatizantes. Concretamente el \u00abstand\u00bb de ASAJA estar\u00e1 en el pabell\u00f3n 3 y tendr\u00e1 el n\u00famero 328. Se han enviado dos entradas con el Campo Regional y se pueden obtener m\u00e1s en las oficinas de ASAJA.<\/p>\n","protected":false},"excerpt":{"rendered":"<p>Ma\u00f1ana martes d\u00eda 24 de enero comienza la reconocida feria AGRARIA que se celebra en Valladolid cada dos a\u00f1os y se ha consolidado como la feria m\u00e1s importante de Castilla y Le\u00f3n, la cual tiene lugar en la Feria de Muestras de Valladolid. La feria se desarrollar\u00e1 desde el martes d\u00eda 24 de enero hasta [&hellip;]<\/p>\n","protected":false},"author":9,"featured_media":12187,"comment_status":"open","ping_status":"open","sticky":false,"template":"","format":"standard","meta":{"footnotes":""},"categories":[9,29,28],"tags":[],"yoast_head":"<!-- This site is optimized with the Yoast SEO plugin v24.5 - https:\/\/yoast.com\/wordpress\/plugins\/seo\/ -->\n<title>ASAJA estar\u00e1 en la feria AGRARIA de Valladolid - ASAJA Palencia<\/title>\n<meta name=\"description\" content=\"Ma\u00f1ana martes d\u00eda 24 de enero comienza la reconocida feria AGRARIA que se celebra en Valladolid cada dos a\u00f1os y se ha consolidado como la feria m\u00e1s\" \/>\n<meta name=\"robots\" content=\"index, follow, max-snippet:-1, max-image-preview:large, max-video-preview:-1\" \/>\n<link rel=\"canonical\" href=\"https:\/\/www.asajacyl.com\/palencia\/asaja-palencia-informa\/asaja-estara-en-la-feria-agraria-de-valladolid\" \/>\n<meta property=\"og:locale\" content=\"es_ES\" \/>\n<meta property=\"og:type\" content=\"article\" \/>\n<meta property=\"og:title\" content=\"ASAJA estar\u00e1 en la feria AGRARIA de Valladolid - ASAJA Palencia\" \/>\n<meta property=\"og:description\" content=\"Ma\u00f1ana martes d\u00eda 24 de enero comienza la reconocida feria AGRARIA que se celebra en Valladolid cada dos a\u00f1os y se ha consolidado como la feria m\u00e1s\" \/>\n<meta property=\"og:url\" content=\"https:\/\/www.asajacyl.com\/palencia\/asaja-palencia-informa\/asaja-estara-en-la-feria-agraria-de-valladolid\" \/>\n<meta property=\"og:site_name\" content=\"ASAJA Palencia\" \/>\n<meta property=\"article:published_time\" content=\"2023-01-23T17:56:11+00:00\" \/>\n<meta property=\"article:modified_time\" content=\"2023-01-24T06:18:01+00:00\" \/>\n<meta property=\"og:image\" content=\"https:\/\/www.asajacyl.com\/palencia\/wp-content\/uploads\/sites\/3\/2023\/01\/FERIA-AGRARIA-2023.jpg\" \/>\n\t<meta property=\"og:image:width\" content=\"728\" \/>\n\t<meta property=\"og:image:height\" content=\"410\" \/>\n\t<meta property=\"og:image:type\" content=\"image\/jpeg\" \/>\n<meta name=\"author\" content=\"Administrador\" \/>\n<meta name=\"twitter:card\" content=\"summary_large_image\" \/>\n<meta name=\"twitter:label1\" content=\"Escrito por\" \/>\n\t<meta name=\"twitter:data1\" content=\"Administrador\" \/>\n\t<meta name=\"twitter:label2\" content=\"Tiempo de lectura\" \/>\n\t<meta name=\"twitter:data2\" content=\"1 minuto\" \/>\n<script type=\"application\/ld+json\" class=\"yoast-schema-graph\">{\"@context\":\"https:\/\/schema.org\",\"@graph\":[{\"@type\":\"WebPage\",\"@id\":\"https:\/\/www.asajacyl.com\/palencia\/asaja-palencia-informa\/asaja-estara-en-la-feria-agraria-de-valladolid\",\"url\":\"https:\/\/www.asajacyl.com\/palencia\/asaja-palencia-informa\/asaja-estara-en-la-feria-agraria-de-valladolid\",\"name\":\"ASAJA estar\u00e1 en la feria AGRARIA de Valladolid - ASAJA Palencia\",\"isPartOf\":{\"@id\":\"https:\/\/www.asajacyl.com\/palencia\/#website\"},\"primaryImageOfPage\":{\"@id\":\"https:\/\/www.asajacyl.com\/palencia\/asaja-palencia-informa\/asaja-estara-en-la-feria-agraria-de-valladolid#primaryimage\"},\"image\":{\"@id\":\"https:\/\/www.asajacyl.com\/palencia\/asaja-palencia-informa\/asaja-estara-en-la-feria-agraria-de-valladolid#primaryimage\"},\"thumbnailUrl\":\"https:\/\/www.asajacyl.com\/palencia\/wp-content\/uploads\/sites\/3\/2023\/01\/FERIA-AGRARIA-2023.jpg\",\"datePublished\":\"2023-01-23T17:56:11+00:00\",\"dateModified\":\"2023-01-24T06:18:01+00:00\",\"author\":{\"@id\":\"https:\/\/www.asajacyl.com\/palencia\/#\/schema\/person\/3ab17aeb03527485c317557fae64aab1\"},\"description\":\"Ma\u00f1ana martes d\u00eda 24 de enero comienza la reconocida feria AGRARIA que se celebra en Valladolid cada dos a\u00f1os y se ha consolidado como la feria m\u00e1s\",\"breadcrumb\":{\"@id\":\"https:\/\/www.asajacyl.com\/palencia\/asaja-palencia-informa\/asaja-estara-en-la-feria-agraria-de-valladolid#breadcrumb\"},\"inLanguage\":\"es\",\"potentialAction\":[{\"@type\":\"ReadAction\",\"target\":[\"https:\/\/www.asajacyl.com\/palencia\/asaja-palencia-informa\/asaja-estara-en-la-feria-agraria-de-valladolid\"]}]},{\"@type\":\"ImageObject\",\"inLanguage\":\"es\",\"@id\":\"https:\/\/www.asajacyl.com\/palencia\/asaja-palencia-informa\/asaja-estara-en-la-feria-agraria-de-valladolid#primaryimage\",\"url\":\"https:\/\/www.asajacyl.com\/palencia\/wp-content\/uploads\/sites\/3\/2023\/01\/FERIA-AGRARIA-2023.jpg\",\"contentUrl\":\"https:\/\/www.asajacyl.com\/palencia\/wp-content\/uploads\/sites\/3\/2023\/01\/FERIA-AGRARIA-2023.jpg\",\"width\":728,\"height\":410},{\"@type\":\"BreadcrumbList\",\"@id\":\"https:\/\/www.asajacyl.com\/palencia\/asaja-palencia-informa\/asaja-estara-en-la-feria-agraria-de-valladolid#breadcrumb\",\"itemListElement\":[{\"@type\":\"ListItem\",\"position\":1,\"name\":\"Portada\",\"item\":\"https:\/\/www.asajacyl.com\/palencia\/\"},{\"@type\":\"ListItem\",\"position\":2,\"name\":\"ASAJA estar\u00e1 en la feria AGRARIA de Valladolid\"}]},{\"@type\":\"WebSite\",\"@id\":\"https:\/\/www.asajacyl.com\/palencia\/#website\",\"url\":\"https:\/\/www.asajacyl.com\/palencia\/\",\"name\":\"ASAJA Palencia\",\"description\":\"Otro sitio m\u00e1s de Provincias ASAJA Castilla y Le\u00f3n\",\"potentialAction\":[{\"@type\":\"SearchAction\",\"target\":{\"@type\":\"EntryPoint\",\"urlTemplate\":\"https:\/\/www.asajacyl.com\/palencia\/?s={search_term_string}\"},\"query-input\":{\"@type\":\"PropertyValueSpecification\",\"valueRequired\":true,\"valueName\":\"search_term_string\"}}],\"inLanguage\":\"es\"},{\"@type\":\"Person\",\"@id\":\"https:\/\/www.asajacyl.com\/palencia\/#\/schema\/person\/3ab17aeb03527485c317557fae64aab1\",\"name\":\"Administrador\",\"image\":{\"@type\":\"ImageObject\",\"inLanguage\":\"es\",\"@id\":\"https:\/\/www.asajacyl.com\/palencia\/#\/schema\/person\/image\/\",\"url\":\"https:\/\/secure.gravatar.com\/avatar\/517384810d242ca9e38c180f3c9fb973?s=96&d=mm&r=g\",\"contentUrl\":\"https:\/\/secure.gravatar.com\/avatar\/517384810d242ca9e38c180f3c9fb973?s=96&d=mm&r=g\",\"caption\":\"Administrador\"},\"url\":\"https:\/\/www.asajacyl.com\/palencia\/author\/carlosrm\"}]}<\/script>\n<!-- \/ Yoast SEO plugin. -->","yoast_head_json":{"title":"ASAJA estar\u00e1 en la feria AGRARIA de Valladolid - ASAJA Palencia","description":"Ma\u00f1ana martes d\u00eda 24 de enero comienza la reconocida feria AGRARIA que se celebra en Valladolid cada dos a\u00f1os y se ha consolidado como la feria m\u00e1s","robots":{"index":"index","follow":"follow","max-snippet":"max-snippet:-1","max-image-preview":"max-image-preview:large","max-video-preview":"max-video-preview:-1"},"canonical":"https:\/\/www.asajacyl.com\/palencia\/asaja-palencia-informa\/asaja-estara-en-la-feria-agraria-de-valladolid","og_locale":"es_ES","og_type":"article","og_title":"ASAJA estar\u00e1 en la feria AGRARIA de Valladolid - ASAJA Palencia","og_description":"Ma\u00f1ana martes d\u00eda 24 de enero comienza la reconocida feria AGRARIA que se celebra en Valladolid cada dos a\u00f1os y se ha consolidado como la feria m\u00e1s","og_url":"https:\/\/www.asajacyl.com\/palencia\/asaja-palencia-informa\/asaja-estara-en-la-feria-agraria-de-valladolid","og_site_name":"ASAJA Palencia","article_published_time":"2023-01-23T17:56:11+00:00","article_modified_time":"2023-01-24T06:18:01+00:00","og_image":[{"width":728,"height":410,"url":"https:\/\/www.asajacyl.com\/palencia\/wp-content\/uploads\/sites\/3\/2023\/01\/FERIA-AGRARIA-2023.jpg","type":"image\/jpeg"}],"author":"Administrador","twitter_card":"summary_large_image","twitter_misc":{"Escrito por":"Administrador","Tiempo de lectura":"1 minuto"},"schema":{"@context":"https:\/\/schema.org","@graph":[{"@type":"WebPage","@id":"https:\/\/www.asajacyl.com\/palencia\/asaja-palencia-informa\/asaja-estara-en-la-feria-agraria-de-valladolid","url":"https:\/\/www.asajacyl.com\/palencia\/asaja-palencia-informa\/asaja-estara-en-la-feria-agraria-de-valladolid","name":"ASAJA estar\u00e1 en la feria AGRARIA de Valladolid - ASAJA Palencia","isPartOf":{"@id":"https:\/\/www.asajacyl.com\/palencia\/#website"},"primaryImageOfPage":{"@id":"https:\/\/www.asajacyl.com\/palencia\/asaja-palencia-informa\/asaja-estara-en-la-feria-agraria-de-valladolid#primaryimage"},"image":{"@id":"https:\/\/www.asajacyl.com\/palencia\/asaja-palencia-informa\/asaja-estara-en-la-feria-agraria-de-valladolid#primaryimage"},"thumbnailUrl":"https:\/\/www.asajacyl.com\/palencia\/wp-content\/uploads\/sites\/3\/2023\/01\/FERIA-AGRARIA-2023.jpg","datePublished":"2023-01-23T17:56:11+00:00","dateModified":"2023-01-24T06:18:01+00:00","author":{"@id":"https:\/\/www.asajacyl.com\/palencia\/#\/schema\/person\/3ab17aeb03527485c317557fae64aab1"},"description":"Ma\u00f1ana martes d\u00eda 24 de enero comienza la reconocida feria AGRARIA que se celebra en Valladolid cada dos a\u00f1os y se ha consolidado como la feria m\u00e1s","breadcrumb":{"@id":"https:\/\/www.asajacyl.com\/palencia\/asaja-palencia-informa\/asaja-estara-en-la-feria-agraria-de-valladolid#breadcrumb"},"inLanguage":"es","potentialAction":[{"@type":"ReadAction","target":["https:\/\/www.asajacyl.com\/palencia\/asaja-palencia-informa\/asaja-estara-en-la-feria-agraria-de-valladolid"]}]},{"@type":"ImageObject","inLanguage":"es","@id":"https:\/\/www.asajacyl.com\/palencia\/asaja-palencia-informa\/asaja-estara-en-la-feria-agraria-de-valladolid#primaryimage","url":"https:\/\/www.asajacyl.com\/palencia\/wp-content\/uploads\/sites\/3\/2023\/01\/FERIA-AGRARIA-2023.jpg","contentUrl":"https:\/\/www.asajacyl.com\/palencia\/wp-content\/uploads\/sites\/3\/2023\/01\/FERIA-AGRARIA-2023.jpg","width":728,"height":410},{"@type":"BreadcrumbList","@id":"https:\/\/www.asajacyl.com\/palencia\/asaja-palencia-informa\/asaja-estara-en-la-feria-agraria-de-valladolid#breadcrumb","itemListElement":[{"@type":"ListItem","position":1,"name":"Portada","item":"https:\/\/www.asajacyl.com\/palencia\/"},{"@type":"ListItem","position":2,"name":"ASAJA estar\u00e1 en la feria AGRARIA de Valladolid"}]},{"@type":"WebSite","@id":"https:\/\/www.asajacyl.com\/palencia\/#website","url":"https:\/\/www.asajacyl.com\/palencia\/","name":"ASAJA Palencia","description":"Otro sitio m\u00e1s de Provincias ASAJA Castilla y Le\u00f3n","potentialAction":[{"@type":"SearchAction","target":{"@type":"EntryPoint","urlTemplate":"https:\/\/www.asajacyl.com\/palencia\/?s={search_term_string}"},"query-input":{"@type":"PropertyValueSpecification","valueRequired":true,"valueName":"search_term_string"}}],"inLanguage":"es"},{"@type":"Person","@id":"https:\/\/www.asajacyl.com\/palencia\/#\/schema\/person\/3ab17aeb03527485c317557fae64aab1","name":"Administrador","image":{"@type":"ImageObject","inLanguage":"es","@id":"https:\/\/www.asajacyl.com\/palencia\/#\/schema\/person\/image\/","url":"https:\/\/secure.gravatar.com\/avatar\/517384810d242ca9e38c180f3c9fb973?s=96&d=mm&r=g","contentUrl":"https:\/\/secure.gravatar.com\/avatar\/517384810d242ca9e38c180f3c9fb973?s=96&d=mm&r=g","caption":"Administrador"},"url":"https:\/\/www.asajacyl.com\/palencia\/author\/carlosrm"}]}},"_links":{"self":[{"href":"https:\/\/www.asajacyl.com\/palencia\/wp-json\/wp\/v2\/posts\/12186"}],"collection":[{"href":"https:\/\/www.asajacyl.com\/palencia\/wp-json\/wp\/v2\/posts"}],"about":[{"href":"https:\/\/www.asajacyl.com\/palencia\/wp-json\/wp\/v2\/types\/post"}],"author":[{"embeddable":true,"href":"https:\/\/www.asajacyl.com\/palencia\/wp-json\/wp\/v2\/users\/9"}],"replies":[{"embeddable":true,"href":"https:\/\/www.asajacyl.com\/palencia\/wp-json\/wp\/v2\/comments?post=12186"}],"version-history":[{"count":3,"href":"https:\/\/www.asajacyl.com\/palencia\/wp-json\/wp\/v2\/posts\/12186\/revisions"}],"predecessor-version":[{"id":12190,"href":"https:\/\/www.asajacyl.com\/palencia\/wp-json\/wp\/v2\/posts\/12186\/revisions\/12190"}],"wp:featuredmedia":[{"embeddable":true,"href":"https:\/\/www.asajacyl.com\/palencia\/wp-json\/wp\/v2\/media\/12187"}],"wp:attachment":[{"href":"https:\/\/www.asajacyl.com\/palencia\/wp-json\/wp\/v2\/media?parent=12186"}],"wp:term":[{"taxonomy":"category","embeddable":true,"href":"https:\/\/www.asajacyl.com\/palencia\/wp-json\/wp\/v2\/categories?post=12186"},{"taxonomy":"post_tag","embeddable":true,"href":"https:\/\/www.asajacyl.com\/palencia\/wp-json\/wp\/v2\/tags?post=12186"}],"curies":[{"name":"wp","href":"https:\/\/api.w.org\/{rel}","templated":true}]}}