{"id":12194,"date":"2023-01-24T13:47:18","date_gmt":"2023-01-24T12:47:18","guid":{"rendered":"https:\/\/www.asajacyl.com\/palencia\/?p=12194"},"modified":"2023-01-24T13:47:20","modified_gmt":"2023-01-24T12:47:20","slug":"asaja-palencia-organiza-un-viaje-social-a-galicia-del-5-al-10-de-marzo","status":"publish","type":"post","link":"https:\/\/www.asajacyl.com\/palencia\/asaja-palencia-informa\/asaja-palencia-organiza-un-viaje-social-a-galicia-del-5-al-10-de-marzo","title":{"rendered":"ASAJA-Palencia organiza un viaje social a Galicia del 5 al 10 de marzo"},"content":{"rendered":"\n<p>Dentro de su \u00e1rea social ASAJA-Palencia est\u00e1 organizando un viaje a Sanxenxo (Pontevedra) para los d\u00edas que van del 5 al 10 de marzo. El hotel elegido para la estancia ser\u00e1 el Carlos I SILGAR<\/p>\n\n\n\n<p>El d\u00eda 5 de marzo se realizar\u00e1 una excursi\u00f3n por la Ribeira Sacra, se dar\u00e1 un paseo en catamar\u00e1n por el r\u00edo Sil y se visitar\u00e1 el monasterio de San Estevo de Ribas de Sil.<\/p>\n\n\n\n<p>El d\u00eda 6 de marzo se visitar\u00e1 el monasterio de Armenteira y el pazo Bodega de Rubianes, donde a su vez se visitar\u00e1 la bodega y los jardines. La tarde de este d\u00eda se dedicar\u00e1 al disfrute del spa.<\/p>\n\n\n\n<p>El 7 de marzo se realizar\u00e1 una visita panor\u00e1mica de la ciudad de Vigo donde se realizar\u00e1n paradas en el pazo Castrelos, en el mirador Monte Castro, en el casco antiguo y en el \u00abMercado de La Piedra y de las Ostras\u00bb.<\/p>\n\n\n\n<p>El 8 de marzo se realizar\u00e1 una nueva excursi\u00f3n, en esta ocasi\u00f3n la comitiva visitar\u00e1 la r\u00eda Noya, Muros -t\u00edpico pueblo marinero- y Finisterre. Esto incluye la visita a la Colegiata de Santa Mar\u00eda (Iglesia de San Pedro), seguiremos por la denominada \u00abCosta da Morte\u00bb, Carnota -donde existe uno de los h\u00f3rreos m\u00e1s largos de Galicia- y la cascada del \u00c9zaro. Tambi\u00e9n se bordear\u00e1n diversos pueblos: Cee, Corcubi\u00f3n y Sardi\u00f1eiro, hasta llegar finalmente a Finisterre.<\/p>\n\n\n\n<p>El 9 de marzo la visita se realizar\u00e1 a la isla de La Toja y las localidades de O Grove y Combarro. La tarde ser\u00e1 libre pudiendo ser aprovechada en el spa.<\/p>\n\n\n\n<p>El 10 de marzo la ma\u00f1ana ser\u00e1 libre y despu\u00e9s de comer en el hotel se realizar\u00e1 el regreso.<\/p>\n\n\n\n<p>El precio de este viaje es de 490 euros por persona en habitaci\u00f3n doble e incluye alojamiento en pensi\u00f3n completa, agua y vino en las comidas, acceso diario de una hora al spa, paseo en catamar\u00e1n, dos comidas en ruta, visita al pazo bodega con degustaci\u00f3n de vinos, visitas guiadas, seguro de viaje y autocar.<\/p>\n\n\n\n<p>Las plazas son limitadas, solicita la tuya ya.<\/p>\n\n\n<div class=\"wp-block-image\">\n<figure class=\"aligncenter size-full\"><img loading=\"lazy\" decoding=\"async\" width=\"550\" height=\"381\" src=\"https:\/\/www.asajacyl.com\/palencia\/wp-content\/uploads\/sites\/3\/2023\/01\/GALICIA-HOTEL-1.jpg\" alt=\"\" class=\"wp-image-12196\" srcset=\"https:\/\/www.asajacyl.com\/palencia\/wp-content\/uploads\/sites\/3\/2023\/01\/GALICIA-HOTEL-1.jpg 550w, https:\/\/www.asajacyl.com\/palencia\/wp-content\/uploads\/sites\/3\/2023\/01\/GALICIA-HOTEL-1-300x208.jpg 300w, https:\/\/www.asajacyl.com\/palencia\/wp-content\/uploads\/sites\/3\/2023\/01\/GALICIA-HOTEL-1-218x150.jpg 218w\" sizes=\"(max-width: 550px) 100vw, 550px\" \/><\/figure><\/div>","protected":false},"excerpt":{"rendered":"<p>Dentro de su \u00e1rea social ASAJA-Palencia est\u00e1 organizando un viaje a Sanxenxo (Pontevedra) para los d\u00edas que van del 5 al 10 de marzo. El hotel elegido para la estancia ser\u00e1 el Carlos I SILGAR El d\u00eda 5 de marzo se realizar\u00e1 una excursi\u00f3n por la Ribeira Sacra, se dar\u00e1 un paseo en catamar\u00e1n por [&hellip;]<\/p>\n","protected":false},"author":9,"featured_media":12195,"comment_status":"open","ping_status":"open","sticky":false,"template":"","format":"standard","meta":{"footnotes":""},"categories":[9,29,28],"tags":[],"yoast_head":"<!-- This site is optimized with the Yoast SEO plugin v24.5 - https:\/\/yoast.com\/wordpress\/plugins\/seo\/ -->\n<title>ASAJA-Palencia organiza un viaje social a Galicia del 5 al 10 de marzo - ASAJA Palencia<\/title>\n<meta name=\"description\" content=\"Dentro de su \u00e1rea social ASAJA-Palencia est\u00e1 organizando un viaje a Sanxenxo (Pontevedra) para los d\u00edas que van del 5 al 10 de marzo. El hotel elegido\" \/>\n<meta name=\"robots\" content=\"index, follow, max-snippet:-1, max-image-preview:large, max-video-preview:-1\" \/>\n<link rel=\"canonical\" href=\"https:\/\/www.asajacyl.com\/palencia\/asaja-palencia-informa\/asaja-palencia-organiza-un-viaje-social-a-galicia-del-5-al-10-de-marzo\" \/>\n<meta property=\"og:locale\" content=\"es_ES\" \/>\n<meta property=\"og:type\" content=\"article\" \/>\n<meta property=\"og:title\" content=\"ASAJA-Palencia organiza un viaje social a Galicia del 5 al 10 de marzo - ASAJA Palencia\" \/>\n<meta property=\"og:description\" content=\"Dentro de su \u00e1rea social ASAJA-Palencia est\u00e1 organizando un viaje a Sanxenxo (Pontevedra) para los d\u00edas que van del 5 al 10 de marzo. El hotel elegido\" \/>\n<meta property=\"og:url\" content=\"https:\/\/www.asajacyl.com\/palencia\/asaja-palencia-informa\/asaja-palencia-organiza-un-viaje-social-a-galicia-del-5-al-10-de-marzo\" \/>\n<meta property=\"og:site_name\" content=\"ASAJA Palencia\" \/>\n<meta property=\"article:published_time\" content=\"2023-01-24T12:47:18+00:00\" \/>\n<meta property=\"article:modified_time\" content=\"2023-01-24T12:47:20+00:00\" \/>\n<meta property=\"og:image\" content=\"https:\/\/www.asajacyl.com\/palencia\/wp-content\/uploads\/sites\/3\/2023\/01\/GALICIA-HOTEL.jpg\" \/>\n\t<meta property=\"og:image:width\" content=\"650\" \/>\n\t<meta property=\"og:image:height\" content=\"500\" \/>\n\t<meta property=\"og:image:type\" content=\"image\/jpeg\" \/>\n<meta name=\"author\" content=\"Administrador\" \/>\n<meta name=\"twitter:card\" content=\"summary_large_image\" \/>\n<meta name=\"twitter:label1\" content=\"Escrito por\" \/>\n\t<meta name=\"twitter:data1\" content=\"Administrador\" \/>\n\t<meta name=\"twitter:label2\" content=\"Tiempo de lectura\" \/>\n\t<meta name=\"twitter:data2\" content=\"2 minutos\" \/>\n<script type=\"application\/ld+json\" class=\"yoast-schema-graph\">{\"@context\":\"https:\/\/schema.org\",\"@graph\":[{\"@type\":\"WebPage\",\"@id\":\"https:\/\/www.asajacyl.com\/palencia\/asaja-palencia-informa\/asaja-palencia-organiza-un-viaje-social-a-galicia-del-5-al-10-de-marzo\",\"url\":\"https:\/\/www.asajacyl.com\/palencia\/asaja-palencia-informa\/asaja-palencia-organiza-un-viaje-social-a-galicia-del-5-al-10-de-marzo\",\"name\":\"ASAJA-Palencia organiza un viaje social a Galicia del 5 al 10 de marzo - ASAJA Palencia\",\"isPartOf\":{\"@id\":\"https:\/\/www.asajacyl.com\/palencia\/#website\"},\"primaryImageOfPage\":{\"@id\":\"https:\/\/www.asajacyl.com\/palencia\/asaja-palencia-informa\/asaja-palencia-organiza-un-viaje-social-a-galicia-del-5-al-10-de-marzo#primaryimage\"},\"image\":{\"@id\":\"https:\/\/www.asajacyl.com\/palencia\/asaja-palencia-informa\/asaja-palencia-organiza-un-viaje-social-a-galicia-del-5-al-10-de-marzo#primaryimage\"},\"thumbnailUrl\":\"https:\/\/www.asajacyl.com\/palencia\/wp-content\/uploads\/sites\/3\/2023\/01\/GALICIA-HOTEL.jpg\",\"datePublished\":\"2023-01-24T12:47:18+00:00\",\"dateModified\":\"2023-01-24T12:47:20+00:00\",\"author\":{\"@id\":\"https:\/\/www.asajacyl.com\/palencia\/#\/schema\/person\/3ab17aeb03527485c317557fae64aab1\"},\"description\":\"Dentro de su \u00e1rea social ASAJA-Palencia est\u00e1 organizando un viaje a Sanxenxo (Pontevedra) para los d\u00edas que van del 5 al 10 de marzo. El hotel elegido\",\"breadcrumb\":{\"@id\":\"https:\/\/www.asajacyl.com\/palencia\/asaja-palencia-informa\/asaja-palencia-organiza-un-viaje-social-a-galicia-del-5-al-10-de-marzo#breadcrumb\"},\"inLanguage\":\"es\",\"potentialAction\":[{\"@type\":\"ReadAction\",\"target\":[\"https:\/\/www.asajacyl.com\/palencia\/asaja-palencia-informa\/asaja-palencia-organiza-un-viaje-social-a-galicia-del-5-al-10-de-marzo\"]}]},{\"@type\":\"ImageObject\",\"inLanguage\":\"es\",\"@id\":\"https:\/\/www.asajacyl.com\/palencia\/asaja-palencia-informa\/asaja-palencia-organiza-un-viaje-social-a-galicia-del-5-al-10-de-marzo#primaryimage\",\"url\":\"https:\/\/www.asajacyl.com\/palencia\/wp-content\/uploads\/sites\/3\/2023\/01\/GALICIA-HOTEL.jpg\",\"contentUrl\":\"https:\/\/www.asajacyl.com\/palencia\/wp-content\/uploads\/sites\/3\/2023\/01\/GALICIA-HOTEL.jpg\",\"width\":650,\"height\":500},{\"@type\":\"BreadcrumbList\",\"@id\":\"https:\/\/www.asajacyl.com\/palencia\/asaja-palencia-informa\/asaja-palencia-organiza-un-viaje-social-a-galicia-del-5-al-10-de-marzo#breadcrumb\",\"itemListElement\":[{\"@type\":\"ListItem\",\"position\":1,\"name\":\"Portada\",\"item\":\"https:\/\/www.asajacyl.com\/palencia\/\"},{\"@type\":\"ListItem\",\"position\":2,\"name\":\"ASAJA-Palencia organiza un viaje social a Galicia del 5 al 10 de marzo\"}]},{\"@type\":\"WebSite\",\"@id\":\"https:\/\/www.asajacyl.com\/palencia\/#website\",\"url\":\"https:\/\/www.asajacyl.com\/palencia\/\",\"name\":\"ASAJA Palencia\",\"description\":\"Otro sitio m\u00e1s de Provincias ASAJA Castilla y Le\u00f3n\",\"potentialAction\":[{\"@type\":\"SearchAction\",\"target\":{\"@type\":\"EntryPoint\",\"urlTemplate\":\"https:\/\/www.asajacyl.com\/palencia\/?s={search_term_string}\"},\"query-input\":{\"@type\":\"PropertyValueSpecification\",\"valueRequired\":true,\"valueName\":\"search_term_string\"}}],\"inLanguage\":\"es\"},{\"@type\":\"Person\",\"@id\":\"https:\/\/www.asajacyl.com\/palencia\/#\/schema\/person\/3ab17aeb03527485c317557fae64aab1\",\"name\":\"Administrador\",\"image\":{\"@type\":\"ImageObject\",\"inLanguage\":\"es\",\"@id\":\"https:\/\/www.asajacyl.com\/palencia\/#\/schema\/person\/image\/\",\"url\":\"https:\/\/secure.gravatar.com\/avatar\/517384810d242ca9e38c180f3c9fb973?s=96&d=mm&r=g\",\"contentUrl\":\"https:\/\/secure.gravatar.com\/avatar\/517384810d242ca9e38c180f3c9fb973?s=96&d=mm&r=g\",\"caption\":\"Administrador\"},\"url\":\"https:\/\/www.asajacyl.com\/palencia\/author\/carlosrm\"}]}<\/script>\n<!-- \/ Yoast SEO plugin. -->","yoast_head_json":{"title":"ASAJA-Palencia organiza un viaje social a Galicia del 5 al 10 de marzo - ASAJA Palencia","description":"Dentro de su \u00e1rea social ASAJA-Palencia est\u00e1 organizando un viaje a Sanxenxo (Pontevedra) para los d\u00edas que van del 5 al 10 de marzo. El hotel elegido","robots":{"index":"index","follow":"follow","max-snippet":"max-snippet:-1","max-image-preview":"max-image-preview:large","max-video-preview":"max-video-preview:-1"},"canonical":"https:\/\/www.asajacyl.com\/palencia\/asaja-palencia-informa\/asaja-palencia-organiza-un-viaje-social-a-galicia-del-5-al-10-de-marzo","og_locale":"es_ES","og_type":"article","og_title":"ASAJA-Palencia organiza un viaje social a Galicia del 5 al 10 de marzo - ASAJA Palencia","og_description":"Dentro de su \u00e1rea social ASAJA-Palencia est\u00e1 organizando un viaje a Sanxenxo (Pontevedra) para los d\u00edas que van del 5 al 10 de marzo. El hotel elegido","og_url":"https:\/\/www.asajacyl.com\/palencia\/asaja-palencia-informa\/asaja-palencia-organiza-un-viaje-social-a-galicia-del-5-al-10-de-marzo","og_site_name":"ASAJA Palencia","article_published_time":"2023-01-24T12:47:18+00:00","article_modified_time":"2023-01-24T12:47:20+00:00","og_image":[{"width":650,"height":500,"url":"https:\/\/www.asajacyl.com\/palencia\/wp-content\/uploads\/sites\/3\/2023\/01\/GALICIA-HOTEL.jpg","type":"image\/jpeg"}],"author":"Administrador","twitter_card":"summary_large_image","twitter_misc":{"Escrito por":"Administrador","Tiempo de lectura":"2 minutos"},"schema":{"@context":"https:\/\/schema.org","@graph":[{"@type":"WebPage","@id":"https:\/\/www.asajacyl.com\/palencia\/asaja-palencia-informa\/asaja-palencia-organiza-un-viaje-social-a-galicia-del-5-al-10-de-marzo","url":"https:\/\/www.asajacyl.com\/palencia\/asaja-palencia-informa\/asaja-palencia-organiza-un-viaje-social-a-galicia-del-5-al-10-de-marzo","name":"ASAJA-Palencia organiza un viaje social a Galicia del 5 al 10 de marzo - ASAJA Palencia","isPartOf":{"@id":"https:\/\/www.asajacyl.com\/palencia\/#website"},"primaryImageOfPage":{"@id":"https:\/\/www.asajacyl.com\/palencia\/asaja-palencia-informa\/asaja-palencia-organiza-un-viaje-social-a-galicia-del-5-al-10-de-marzo#primaryimage"},"image":{"@id":"https:\/\/www.asajacyl.com\/palencia\/asaja-palencia-informa\/asaja-palencia-organiza-un-viaje-social-a-galicia-del-5-al-10-de-marzo#primaryimage"},"thumbnailUrl":"https:\/\/www.asajacyl.com\/palencia\/wp-content\/uploads\/sites\/3\/2023\/01\/GALICIA-HOTEL.jpg","datePublished":"2023-01-24T12:47:18+00:00","dateModified":"2023-01-24T12:47:20+00:00","author":{"@id":"https:\/\/www.asajacyl.com\/palencia\/#\/schema\/person\/3ab17aeb03527485c317557fae64aab1"},"description":"Dentro de su \u00e1rea social ASAJA-Palencia est\u00e1 organizando un viaje a Sanxenxo (Pontevedra) para los d\u00edas que van del 5 al 10 de marzo. El hotel elegido","breadcrumb":{"@id":"https:\/\/www.asajacyl.com\/palencia\/asaja-palencia-informa\/asaja-palencia-organiza-un-viaje-social-a-galicia-del-5-al-10-de-marzo#breadcrumb"},"inLanguage":"es","potentialAction":[{"@type":"ReadAction","target":["https:\/\/www.asajacyl.com\/palencia\/asaja-palencia-informa\/asaja-palencia-organiza-un-viaje-social-a-galicia-del-5-al-10-de-marzo"]}]},{"@type":"ImageObject","inLanguage":"es","@id":"https:\/\/www.asajacyl.com\/palencia\/asaja-palencia-informa\/asaja-palencia-organiza-un-viaje-social-a-galicia-del-5-al-10-de-marzo#primaryimage","url":"https:\/\/www.asajacyl.com\/palencia\/wp-content\/uploads\/sites\/3\/2023\/01\/GALICIA-HOTEL.jpg","contentUrl":"https:\/\/www.asajacyl.com\/palencia\/wp-content\/uploads\/sites\/3\/2023\/01\/GALICIA-HOTEL.jpg","width":650,"height":500},{"@type":"BreadcrumbList","@id":"https:\/\/www.asajacyl.com\/palencia\/asaja-palencia-informa\/asaja-palencia-organiza-un-viaje-social-a-galicia-del-5-al-10-de-marzo#breadcrumb","itemListElement":[{"@type":"ListItem","position":1,"name":"Portada","item":"https:\/\/www.asajacyl.com\/palencia\/"},{"@type":"ListItem","position":2,"name":"ASAJA-Palencia organiza un viaje social a Galicia del 5 al 10 de marzo"}]},{"@type":"WebSite","@id":"https:\/\/www.asajacyl.com\/palencia\/#website","url":"https:\/\/www.asajacyl.com\/palencia\/","name":"ASAJA Palencia","description":"Otro sitio m\u00e1s de Provincias ASAJA Castilla y Le\u00f3n","potentialAction":[{"@type":"SearchAction","target":{"@type":"EntryPoint","urlTemplate":"https:\/\/www.asajacyl.com\/palencia\/?s={search_term_string}"},"query-input":{"@type":"PropertyValueSpecification","valueRequired":true,"valueName":"search_term_string"}}],"inLanguage":"es"},{"@type":"Person","@id":"https:\/\/www.asajacyl.com\/palencia\/#\/schema\/person\/3ab17aeb03527485c317557fae64aab1","name":"Administrador","image":{"@type":"ImageObject","inLanguage":"es","@id":"https:\/\/www.asajacyl.com\/palencia\/#\/schema\/person\/image\/","url":"https:\/\/secure.gravatar.com\/avatar\/517384810d242ca9e38c180f3c9fb973?s=96&d=mm&r=g","contentUrl":"https:\/\/secure.gravatar.com\/avatar\/517384810d242ca9e38c180f3c9fb973?s=96&d=mm&r=g","caption":"Administrador"},"url":"https:\/\/www.asajacyl.com\/palencia\/author\/carlosrm"}]}},"_links":{"self":[{"href":"https:\/\/www.asajacyl.com\/palencia\/wp-json\/wp\/v2\/posts\/12194"}],"collection":[{"href":"https:\/\/www.asajacyl.com\/palencia\/wp-json\/wp\/v2\/posts"}],"about":[{"href":"https:\/\/www.asajacyl.com\/palencia\/wp-json\/wp\/v2\/types\/post"}],"author":[{"embeddable":true,"href":"https:\/\/www.asajacyl.com\/palencia\/wp-json\/wp\/v2\/users\/9"}],"replies":[{"embeddable":true,"href":"https:\/\/www.asajacyl.com\/palencia\/wp-json\/wp\/v2\/comments?post=12194"}],"version-history":[{"count":1,"href":"https:\/\/www.asajacyl.com\/palencia\/wp-json\/wp\/v2\/posts\/12194\/revisions"}],"predecessor-version":[{"id":12197,"href":"https:\/\/www.asajacyl.com\/palencia\/wp-json\/wp\/v2\/posts\/12194\/revisions\/12197"}],"wp:featuredmedia":[{"embeddable":true,"href":"https:\/\/www.asajacyl.com\/palencia\/wp-json\/wp\/v2\/media\/12195"}],"wp:attachment":[{"href":"https:\/\/www.asajacyl.com\/palencia\/wp-json\/wp\/v2\/media?parent=12194"}],"wp:term":[{"taxonomy":"category","embeddable":true,"href":"https:\/\/www.asajacyl.com\/palencia\/wp-json\/wp\/v2\/categories?post=12194"},{"taxonomy":"post_tag","embeddable":true,"href":"https:\/\/www.asajacyl.com\/palencia\/wp-json\/wp\/v2\/tags?post=12194"}],"curies":[{"name":"wp","href":"https:\/\/api.w.org\/{rel}","templated":true}]}}