{"id":12200,"date":"2023-01-28T13:15:46","date_gmt":"2023-01-28T12:15:46","guid":{"rendered":"https:\/\/www.asajacyl.com\/palencia\/?p=12200"},"modified":"2023-01-27T14:15:51","modified_gmt":"2023-01-27T13:15:51","slug":"la-ppa-continua-siendo-una-gran-amenaza","status":"publish","type":"post","link":"https:\/\/www.asajacyl.com\/palencia\/asaja-palencia-informa\/la-ppa-continua-siendo-una-gran-amenaza","title":{"rendered":"La PPA contin\u00faa siendo una gran amenaza"},"content":{"rendered":"\n<p>La industria c\u00e1rnica espa\u00f1ola est\u00e1 altamente desarrollada y es valorada en todas las partes del mundo. Un subsector muy importante para Espa\u00f1a es el porcino, del que somos grandes productores y exportadores, y dicha producci\u00f3n se est\u00e1 viendo amenzada en los \u00faltimos a\u00f1os por la Peste Porcina Africana.<\/p>\n\n\n\n<p>La Peste Porcina Africana afecta a los cerdos y jabal\u00edes y para ella no hay vacuna, al contrario que para la Peste Porcina Cl\u00e1sica (PPC). Esta enfermedad v\u00edrica puede llegar a producci\u00f3n la muerte del 100% de animales en una explotaci\u00f3n.<\/p>\n\n\n\n<p>Para el ser humano no es contagiosa pero s\u00ed que somos transmisores de las siguientes formas:<br>\u2022 Contacto directo con cerdos o jabal\u00edes infectados<br>\u2022 Contacto indirecto, a trav\u00e9s de la ingesti\u00f3n de material contaminado (por ejemplo, residuos de alimentos, piensos o desechos)<br>\u2022 F\u00f3mites contaminados (ropas o veh\u00edculos de transporte) o vectores biol\u00f3gicos (garrapatas)<\/p>\n\n\n\n<p>Esta enfermedad apareci\u00f3 en la UE en 2014, tras dos a\u00f1os extendi\u00e9ndose por Rusia, Bielorrusia y Ucrania. Hasta ahora se han detectado casos en treces pa\u00edses de la UE (Alemania, B\u00e9lgica, Bulgaria, Eslovaquia, Estonia, Grecia, Hungr\u00eda, Italia, Letonio, Lituania, Polonia, Rep\u00fablica Checa y Ruman\u00eda) y s\u00f3lo en B\u00e9lgica, Hungr\u00eda y Rep\u00fablica Checa no ha habido casos en cerdos dom\u00e9sticos.<\/p>\n\n\n\n<p>Aunque el mapa muestra que los focos por ahora est\u00e1n alejados de Espa\u00f1a no hay que olvidar que vivimos en un mundo globalizado, algo que puede hacer que surjan focos a mucha distancia de los focos originales. Si esto ocurriera ser\u00eda un gran problema para nuestro pa\u00eds, ya que a las p\u00e9rdidas econ\u00f3micas originadas por la muerte de los animales habr\u00eda que a\u00f1adir el da\u00f1o que se producir\u00eda a la exportaci\u00f3n. Por ello, desde el MAPA se insiste en que se tomen las m\u00e1ximas precauciones en bioseguridad en las explotaciones de porcino, en el transporte animal, as\u00ed como en viajes donde se practique la caza en zonas afectadas o en riesgo de serlo.<\/p>\n\n\n\n<p><em><a href=\"https:\/\/www.mapa.gob.es\/es\/ganaderia\/temas\/sanidad-animal-higiene-ganadera\/dipticoexplotacionesreducidasfinal_tcm30-616047.PDF\">Aqu\u00ed<\/a> se puede descargar el folleto del Ministerio sobre la PPA.<\/em><\/p>\n\n\n<div class=\"wp-block-image\">\n<figure class=\"aligncenter size-large\"><img loading=\"lazy\" decoding=\"async\" width=\"721\" height=\"1024\" src=\"https:\/\/www.asajacyl.com\/palencia\/wp-content\/uploads\/sites\/3\/2023\/01\/PPA-721x1024.jpg\" alt=\"\" class=\"wp-image-12202\" srcset=\"https:\/\/www.asajacyl.com\/palencia\/wp-content\/uploads\/sites\/3\/2023\/01\/PPA-721x1024.jpg 721w, https:\/\/www.asajacyl.com\/palencia\/wp-content\/uploads\/sites\/3\/2023\/01\/PPA-211x300.jpg 211w, https:\/\/www.asajacyl.com\/palencia\/wp-content\/uploads\/sites\/3\/2023\/01\/PPA-768x1091.jpg 768w, https:\/\/www.asajacyl.com\/palencia\/wp-content\/uploads\/sites\/3\/2023\/01\/PPA-696x989.jpg 696w, https:\/\/www.asajacyl.com\/palencia\/wp-content\/uploads\/sites\/3\/2023\/01\/PPA-296x420.jpg 296w, https:\/\/www.asajacyl.com\/palencia\/wp-content\/uploads\/sites\/3\/2023\/01\/PPA.jpg 892w\" sizes=\"(max-width: 721px) 100vw, 721px\" \/><\/figure><\/div>","protected":false},"excerpt":{"rendered":"<p>La industria c\u00e1rnica espa\u00f1ola est\u00e1 altamente desarrollada y es valorada en todas las partes del mundo. Un subsector muy importante para Espa\u00f1a es el porcino, del que somos grandes productores y exportadores, y dicha producci\u00f3n se est\u00e1 viendo amenzada en los \u00faltimos a\u00f1os por la Peste Porcina Africana. La Peste Porcina Africana afecta a los [&hellip;]<\/p>\n","protected":false},"author":9,"featured_media":12203,"comment_status":"open","ping_status":"open","sticky":false,"template":"","format":"standard","meta":{"footnotes":""},"categories":[9,29,28],"tags":[],"yoast_head":"<!-- This site is optimized with the Yoast SEO plugin v24.5 - https:\/\/yoast.com\/wordpress\/plugins\/seo\/ -->\n<title>La PPA contin\u00faa siendo una gran amenaza - ASAJA Palencia<\/title>\n<meta name=\"description\" content=\"La industria c\u00e1rnica espa\u00f1ola est\u00e1 altamente desarrollada y es valorada en todas las partes del mundo. Un subsector muy importante para Espa\u00f1a es el\" \/>\n<meta name=\"robots\" content=\"index, follow, max-snippet:-1, max-image-preview:large, max-video-preview:-1\" \/>\n<link rel=\"canonical\" href=\"https:\/\/www.asajacyl.com\/palencia\/asaja-palencia-informa\/la-ppa-continua-siendo-una-gran-amenaza\" \/>\n<meta property=\"og:locale\" content=\"es_ES\" \/>\n<meta property=\"og:type\" content=\"article\" \/>\n<meta property=\"og:title\" content=\"La PPA contin\u00faa siendo una gran amenaza - ASAJA Palencia\" \/>\n<meta property=\"og:description\" content=\"La industria c\u00e1rnica espa\u00f1ola est\u00e1 altamente desarrollada y es valorada en todas las partes del mundo. Un subsector muy importante para Espa\u00f1a es el\" \/>\n<meta property=\"og:url\" content=\"https:\/\/www.asajacyl.com\/palencia\/asaja-palencia-informa\/la-ppa-continua-siendo-una-gran-amenaza\" \/>\n<meta property=\"og:site_name\" content=\"ASAJA Palencia\" \/>\n<meta property=\"article:published_time\" content=\"2023-01-28T12:15:46+00:00\" \/>\n<meta property=\"og:image\" content=\"https:\/\/www.asajacyl.com\/palencia\/wp-content\/uploads\/sites\/3\/2023\/01\/PPA-2.jpg\" \/>\n\t<meta property=\"og:image:width\" content=\"1061\" \/>\n\t<meta property=\"og:image:height\" content=\"751\" \/>\n\t<meta property=\"og:image:type\" content=\"image\/jpeg\" \/>\n<meta name=\"author\" content=\"Administrador\" \/>\n<meta name=\"twitter:card\" content=\"summary_large_image\" \/>\n<meta name=\"twitter:label1\" content=\"Escrito por\" \/>\n\t<meta name=\"twitter:data1\" content=\"Administrador\" \/>\n\t<meta name=\"twitter:label2\" content=\"Tiempo de lectura\" \/>\n\t<meta name=\"twitter:data2\" content=\"2 minutos\" \/>\n<script type=\"application\/ld+json\" class=\"yoast-schema-graph\">{\"@context\":\"https:\/\/schema.org\",\"@graph\":[{\"@type\":\"WebPage\",\"@id\":\"https:\/\/www.asajacyl.com\/palencia\/asaja-palencia-informa\/la-ppa-continua-siendo-una-gran-amenaza\",\"url\":\"https:\/\/www.asajacyl.com\/palencia\/asaja-palencia-informa\/la-ppa-continua-siendo-una-gran-amenaza\",\"name\":\"La PPA contin\u00faa siendo una gran amenaza - ASAJA Palencia\",\"isPartOf\":{\"@id\":\"https:\/\/www.asajacyl.com\/palencia\/#website\"},\"primaryImageOfPage\":{\"@id\":\"https:\/\/www.asajacyl.com\/palencia\/asaja-palencia-informa\/la-ppa-continua-siendo-una-gran-amenaza#primaryimage\"},\"image\":{\"@id\":\"https:\/\/www.asajacyl.com\/palencia\/asaja-palencia-informa\/la-ppa-continua-siendo-una-gran-amenaza#primaryimage\"},\"thumbnailUrl\":\"https:\/\/www.asajacyl.com\/palencia\/wp-content\/uploads\/sites\/3\/2023\/01\/PPA-2.jpg\",\"datePublished\":\"2023-01-28T12:15:46+00:00\",\"author\":{\"@id\":\"https:\/\/www.asajacyl.com\/palencia\/#\/schema\/person\/3ab17aeb03527485c317557fae64aab1\"},\"description\":\"La industria c\u00e1rnica espa\u00f1ola est\u00e1 altamente desarrollada y es valorada en todas las partes del mundo. Un subsector muy importante para Espa\u00f1a es el\",\"breadcrumb\":{\"@id\":\"https:\/\/www.asajacyl.com\/palencia\/asaja-palencia-informa\/la-ppa-continua-siendo-una-gran-amenaza#breadcrumb\"},\"inLanguage\":\"es\",\"potentialAction\":[{\"@type\":\"ReadAction\",\"target\":[\"https:\/\/www.asajacyl.com\/palencia\/asaja-palencia-informa\/la-ppa-continua-siendo-una-gran-amenaza\"]}]},{\"@type\":\"ImageObject\",\"inLanguage\":\"es\",\"@id\":\"https:\/\/www.asajacyl.com\/palencia\/asaja-palencia-informa\/la-ppa-continua-siendo-una-gran-amenaza#primaryimage\",\"url\":\"https:\/\/www.asajacyl.com\/palencia\/wp-content\/uploads\/sites\/3\/2023\/01\/PPA-2.jpg\",\"contentUrl\":\"https:\/\/www.asajacyl.com\/palencia\/wp-content\/uploads\/sites\/3\/2023\/01\/PPA-2.jpg\",\"width\":1061,\"height\":751},{\"@type\":\"BreadcrumbList\",\"@id\":\"https:\/\/www.asajacyl.com\/palencia\/asaja-palencia-informa\/la-ppa-continua-siendo-una-gran-amenaza#breadcrumb\",\"itemListElement\":[{\"@type\":\"ListItem\",\"position\":1,\"name\":\"Portada\",\"item\":\"https:\/\/www.asajacyl.com\/palencia\/\"},{\"@type\":\"ListItem\",\"position\":2,\"name\":\"La PPA contin\u00faa siendo una gran amenaza\"}]},{\"@type\":\"WebSite\",\"@id\":\"https:\/\/www.asajacyl.com\/palencia\/#website\",\"url\":\"https:\/\/www.asajacyl.com\/palencia\/\",\"name\":\"ASAJA Palencia\",\"description\":\"Otro sitio m\u00e1s de Provincias ASAJA Castilla y Le\u00f3n\",\"potentialAction\":[{\"@type\":\"SearchAction\",\"target\":{\"@type\":\"EntryPoint\",\"urlTemplate\":\"https:\/\/www.asajacyl.com\/palencia\/?s={search_term_string}\"},\"query-input\":{\"@type\":\"PropertyValueSpecification\",\"valueRequired\":true,\"valueName\":\"search_term_string\"}}],\"inLanguage\":\"es\"},{\"@type\":\"Person\",\"@id\":\"https:\/\/www.asajacyl.com\/palencia\/#\/schema\/person\/3ab17aeb03527485c317557fae64aab1\",\"name\":\"Administrador\",\"image\":{\"@type\":\"ImageObject\",\"inLanguage\":\"es\",\"@id\":\"https:\/\/www.asajacyl.com\/palencia\/#\/schema\/person\/image\/\",\"url\":\"https:\/\/secure.gravatar.com\/avatar\/517384810d242ca9e38c180f3c9fb973?s=96&d=mm&r=g\",\"contentUrl\":\"https:\/\/secure.gravatar.com\/avatar\/517384810d242ca9e38c180f3c9fb973?s=96&d=mm&r=g\",\"caption\":\"Administrador\"},\"url\":\"https:\/\/www.asajacyl.com\/palencia\/author\/carlosrm\"}]}<\/script>\n<!-- \/ Yoast SEO plugin. -->","yoast_head_json":{"title":"La PPA contin\u00faa siendo una gran amenaza - ASAJA Palencia","description":"La industria c\u00e1rnica espa\u00f1ola est\u00e1 altamente desarrollada y es valorada en todas las partes del mundo. Un subsector muy importante para Espa\u00f1a es el","robots":{"index":"index","follow":"follow","max-snippet":"max-snippet:-1","max-image-preview":"max-image-preview:large","max-video-preview":"max-video-preview:-1"},"canonical":"https:\/\/www.asajacyl.com\/palencia\/asaja-palencia-informa\/la-ppa-continua-siendo-una-gran-amenaza","og_locale":"es_ES","og_type":"article","og_title":"La PPA contin\u00faa siendo una gran amenaza - ASAJA Palencia","og_description":"La industria c\u00e1rnica espa\u00f1ola est\u00e1 altamente desarrollada y es valorada en todas las partes del mundo. Un subsector muy importante para Espa\u00f1a es el","og_url":"https:\/\/www.asajacyl.com\/palencia\/asaja-palencia-informa\/la-ppa-continua-siendo-una-gran-amenaza","og_site_name":"ASAJA Palencia","article_published_time":"2023-01-28T12:15:46+00:00","og_image":[{"width":1061,"height":751,"url":"https:\/\/www.asajacyl.com\/palencia\/wp-content\/uploads\/sites\/3\/2023\/01\/PPA-2.jpg","type":"image\/jpeg"}],"author":"Administrador","twitter_card":"summary_large_image","twitter_misc":{"Escrito por":"Administrador","Tiempo de lectura":"2 minutos"},"schema":{"@context":"https:\/\/schema.org","@graph":[{"@type":"WebPage","@id":"https:\/\/www.asajacyl.com\/palencia\/asaja-palencia-informa\/la-ppa-continua-siendo-una-gran-amenaza","url":"https:\/\/www.asajacyl.com\/palencia\/asaja-palencia-informa\/la-ppa-continua-siendo-una-gran-amenaza","name":"La PPA contin\u00faa siendo una gran amenaza - ASAJA Palencia","isPartOf":{"@id":"https:\/\/www.asajacyl.com\/palencia\/#website"},"primaryImageOfPage":{"@id":"https:\/\/www.asajacyl.com\/palencia\/asaja-palencia-informa\/la-ppa-continua-siendo-una-gran-amenaza#primaryimage"},"image":{"@id":"https:\/\/www.asajacyl.com\/palencia\/asaja-palencia-informa\/la-ppa-continua-siendo-una-gran-amenaza#primaryimage"},"thumbnailUrl":"https:\/\/www.asajacyl.com\/palencia\/wp-content\/uploads\/sites\/3\/2023\/01\/PPA-2.jpg","datePublished":"2023-01-28T12:15:46+00:00","author":{"@id":"https:\/\/www.asajacyl.com\/palencia\/#\/schema\/person\/3ab17aeb03527485c317557fae64aab1"},"description":"La industria c\u00e1rnica espa\u00f1ola est\u00e1 altamente desarrollada y es valorada en todas las partes del mundo. Un subsector muy importante para Espa\u00f1a es el","breadcrumb":{"@id":"https:\/\/www.asajacyl.com\/palencia\/asaja-palencia-informa\/la-ppa-continua-siendo-una-gran-amenaza#breadcrumb"},"inLanguage":"es","potentialAction":[{"@type":"ReadAction","target":["https:\/\/www.asajacyl.com\/palencia\/asaja-palencia-informa\/la-ppa-continua-siendo-una-gran-amenaza"]}]},{"@type":"ImageObject","inLanguage":"es","@id":"https:\/\/www.asajacyl.com\/palencia\/asaja-palencia-informa\/la-ppa-continua-siendo-una-gran-amenaza#primaryimage","url":"https:\/\/www.asajacyl.com\/palencia\/wp-content\/uploads\/sites\/3\/2023\/01\/PPA-2.jpg","contentUrl":"https:\/\/www.asajacyl.com\/palencia\/wp-content\/uploads\/sites\/3\/2023\/01\/PPA-2.jpg","width":1061,"height":751},{"@type":"BreadcrumbList","@id":"https:\/\/www.asajacyl.com\/palencia\/asaja-palencia-informa\/la-ppa-continua-siendo-una-gran-amenaza#breadcrumb","itemListElement":[{"@type":"ListItem","position":1,"name":"Portada","item":"https:\/\/www.asajacyl.com\/palencia\/"},{"@type":"ListItem","position":2,"name":"La PPA contin\u00faa siendo una gran amenaza"}]},{"@type":"WebSite","@id":"https:\/\/www.asajacyl.com\/palencia\/#website","url":"https:\/\/www.asajacyl.com\/palencia\/","name":"ASAJA Palencia","description":"Otro sitio m\u00e1s de Provincias ASAJA Castilla y Le\u00f3n","potentialAction":[{"@type":"SearchAction","target":{"@type":"EntryPoint","urlTemplate":"https:\/\/www.asajacyl.com\/palencia\/?s={search_term_string}"},"query-input":{"@type":"PropertyValueSpecification","valueRequired":true,"valueName":"search_term_string"}}],"inLanguage":"es"},{"@type":"Person","@id":"https:\/\/www.asajacyl.com\/palencia\/#\/schema\/person\/3ab17aeb03527485c317557fae64aab1","name":"Administrador","image":{"@type":"ImageObject","inLanguage":"es","@id":"https:\/\/www.asajacyl.com\/palencia\/#\/schema\/person\/image\/","url":"https:\/\/secure.gravatar.com\/avatar\/517384810d242ca9e38c180f3c9fb973?s=96&d=mm&r=g","contentUrl":"https:\/\/secure.gravatar.com\/avatar\/517384810d242ca9e38c180f3c9fb973?s=96&d=mm&r=g","caption":"Administrador"},"url":"https:\/\/www.asajacyl.com\/palencia\/author\/carlosrm"}]}},"_links":{"self":[{"href":"https:\/\/www.asajacyl.com\/palencia\/wp-json\/wp\/v2\/posts\/12200"}],"collection":[{"href":"https:\/\/www.asajacyl.com\/palencia\/wp-json\/wp\/v2\/posts"}],"about":[{"href":"https:\/\/www.asajacyl.com\/palencia\/wp-json\/wp\/v2\/types\/post"}],"author":[{"embeddable":true,"href":"https:\/\/www.asajacyl.com\/palencia\/wp-json\/wp\/v2\/users\/9"}],"replies":[{"embeddable":true,"href":"https:\/\/www.asajacyl.com\/palencia\/wp-json\/wp\/v2\/comments?post=12200"}],"version-history":[{"count":2,"href":"https:\/\/www.asajacyl.com\/palencia\/wp-json\/wp\/v2\/posts\/12200\/revisions"}],"predecessor-version":[{"id":12206,"href":"https:\/\/www.asajacyl.com\/palencia\/wp-json\/wp\/v2\/posts\/12200\/revisions\/12206"}],"wp:featuredmedia":[{"embeddable":true,"href":"https:\/\/www.asajacyl.com\/palencia\/wp-json\/wp\/v2\/media\/12203"}],"wp:attachment":[{"href":"https:\/\/www.asajacyl.com\/palencia\/wp-json\/wp\/v2\/media?parent=12200"}],"wp:term":[{"taxonomy":"category","embeddable":true,"href":"https:\/\/www.asajacyl.com\/palencia\/wp-json\/wp\/v2\/categories?post=12200"},{"taxonomy":"post_tag","embeddable":true,"href":"https:\/\/www.asajacyl.com\/palencia\/wp-json\/wp\/v2\/tags?post=12200"}],"curies":[{"name":"wp","href":"https:\/\/api.w.org\/{rel}","templated":true}]}}