{"id":12210,"date":"2023-01-26T07:45:44","date_gmt":"2023-01-26T06:45:44","guid":{"rendered":"https:\/\/www.asajacyl.com\/palencia\/?p=12210"},"modified":"2023-02-03T09:26:39","modified_gmt":"2023-02-03T08:26:39","slug":"entra-en-funcionamiento-la-nueva-extension-de-norma-de-la-leche","status":"publish","type":"post","link":"https:\/\/www.asajacyl.com\/palencia\/asaja-palencia-informa\/entra-en-funcionamiento-la-nueva-extension-de-norma-de-la-leche","title":{"rendered":"Entra en funcionamiento la nueva extensi\u00f3n de norma de la leche"},"content":{"rendered":"\n<p>En el Bolet\u00edn Oficial del Estado se ha publicado el acuerdo de la Junta Directiva de InLac, ratificado por la Asamblea, (Organizaci\u00f3n Interprofesional L\u00e1ctea) en el que se marca la extensi\u00f3n de norma para la leche. Este acuerdo se hace extensible a todos los productores y operadores l\u00e1cteos y es el cuarto per\u00edodo en que existir\u00e1 en Espa\u00f1a, teniendo vigencia desde el 1 de enero de 2023 hasta el 31 de diciembre de 2026.<\/p>\n\n\n\n<p>La nueva extensi\u00f3n de norma supondr\u00e1 una cuota para los productores de 0,000175 \u20ac\/litro de leche poniendo la parte industrial otra cantidad id\u00e9ntica de manera que InLac perciba 0,000350 \u20ac\/litro. Estos importes coinciden con la media de lo abonado en el per\u00edodo anterior, que comenz\u00f3 en 0,000150 \u20ac\/litro en 2019 y termin\u00f3 en 0,000200 \u20ac\/litro en 2022.<\/p>\n\n\n\n<p>Este per\u00edodo variar\u00e1n las l\u00edneas de trabajo de la interprofesional ya que variar\u00e1 la forma en que se destinen las partidas del presupuesto respecto a a\u00f1os anteriores. En los pr\u00f3ximos cuatro a\u00f1os se destinar\u00e1 un 80% del presupuesto a promoci\u00f3n y comunicaci\u00f3n, y dentro de este cap\u00edtulo la promoci\u00f3n y comunicaci\u00f3n de la leche y productos l\u00e1cteos ocupar\u00e1 el 55-65% mientras que el resto (45-35%) ser\u00e1 destinado a la mejora de la imagen de la producci\u00f3n ganadera y la sostenibilidad social y medioambiental de la actividad del sector l\u00e1cteo. En cuanto al resto del presupuesto, a vertebraci\u00f3n sectorial se destinar\u00e1 el 7% -donde se elaborar\u00e1 informaci\u00f3n destinada a los que participan en la producci\u00f3n de leche y productos l\u00e1cteos-, el 6% ser\u00e1 dedicado a investigaci\u00f3n, desarrollo e innovaci\u00f3n (I+D+i) y el 7% restante se utilizar\u00e1 para el propio funcionamiento de InLac.<\/p>\n\n\n\n<p>En Palencia se producen anualmente algo m\u00e1s de 200 millones de litros de leche (teniendo en cuenta la producci\u00f3n de vaca, oveja y cabra) por lo que los productores palentinos aportan cada a\u00f1o m\u00e1s de 35.000 euros a los fines de InLac.<\/p>\n","protected":false},"excerpt":{"rendered":"<p>En el Bolet\u00edn Oficial del Estado se ha publicado el acuerdo de la Junta Directiva de InLac, ratificado por la Asamblea, (Organizaci\u00f3n Interprofesional L\u00e1ctea) en el que se marca la extensi\u00f3n de norma para la leche. Este acuerdo se hace extensible a todos los productores y operadores l\u00e1cteos y es el cuarto per\u00edodo en que [&hellip;]<\/p>\n","protected":false},"author":9,"featured_media":11127,"comment_status":"open","ping_status":"open","sticky":false,"template":"","format":"standard","meta":{"footnotes":""},"categories":[9,29,28],"tags":[],"yoast_head":"<!-- This site is optimized with the Yoast SEO plugin v24.5 - https:\/\/yoast.com\/wordpress\/plugins\/seo\/ -->\n<title>Entra en funcionamiento la nueva extensi\u00f3n de norma de la leche - ASAJA Palencia<\/title>\n<meta name=\"description\" content=\"En el Bolet\u00edn Oficial del Estado se ha publicado el acuerdo de la Junta Directiva de InLac, ratificado por la Asamblea, (Organizaci\u00f3n Interprofesional\" \/>\n<meta name=\"robots\" content=\"index, follow, max-snippet:-1, max-image-preview:large, max-video-preview:-1\" \/>\n<link rel=\"canonical\" href=\"https:\/\/www.asajacyl.com\/palencia\/asaja-palencia-informa\/entra-en-funcionamiento-la-nueva-extension-de-norma-de-la-leche\" \/>\n<meta property=\"og:locale\" content=\"es_ES\" \/>\n<meta property=\"og:type\" content=\"article\" \/>\n<meta property=\"og:title\" content=\"Entra en funcionamiento la nueva extensi\u00f3n de norma de la leche - ASAJA Palencia\" \/>\n<meta property=\"og:description\" content=\"En el Bolet\u00edn Oficial del Estado se ha publicado el acuerdo de la Junta Directiva de InLac, ratificado por la Asamblea, (Organizaci\u00f3n Interprofesional\" \/>\n<meta property=\"og:url\" content=\"https:\/\/www.asajacyl.com\/palencia\/asaja-palencia-informa\/entra-en-funcionamiento-la-nueva-extension-de-norma-de-la-leche\" \/>\n<meta property=\"og:site_name\" content=\"ASAJA Palencia\" \/>\n<meta property=\"article:published_time\" content=\"2023-01-26T06:45:44+00:00\" \/>\n<meta property=\"article:modified_time\" content=\"2023-02-03T08:26:39+00:00\" \/>\n<meta property=\"og:image\" content=\"https:\/\/www.asajacyl.com\/palencia\/wp-content\/uploads\/sites\/3\/2022\/07\/VACAS-LECHE.jpg\" \/>\n\t<meta property=\"og:image:width\" content=\"1875\" \/>\n\t<meta property=\"og:image:height\" content=\"2500\" \/>\n\t<meta property=\"og:image:type\" content=\"image\/jpeg\" \/>\n<meta name=\"author\" content=\"Administrador\" \/>\n<meta name=\"twitter:card\" content=\"summary_large_image\" \/>\n<meta name=\"twitter:label1\" content=\"Escrito por\" \/>\n\t<meta name=\"twitter:data1\" content=\"Administrador\" \/>\n\t<meta name=\"twitter:label2\" content=\"Tiempo de lectura\" \/>\n\t<meta name=\"twitter:data2\" content=\"2 minutos\" \/>\n<script type=\"application\/ld+json\" class=\"yoast-schema-graph\">{\"@context\":\"https:\/\/schema.org\",\"@graph\":[{\"@type\":\"WebPage\",\"@id\":\"https:\/\/www.asajacyl.com\/palencia\/asaja-palencia-informa\/entra-en-funcionamiento-la-nueva-extension-de-norma-de-la-leche\",\"url\":\"https:\/\/www.asajacyl.com\/palencia\/asaja-palencia-informa\/entra-en-funcionamiento-la-nueva-extension-de-norma-de-la-leche\",\"name\":\"Entra en funcionamiento la nueva extensi\u00f3n de norma de la leche - ASAJA Palencia\",\"isPartOf\":{\"@id\":\"https:\/\/www.asajacyl.com\/palencia\/#website\"},\"primaryImageOfPage\":{\"@id\":\"https:\/\/www.asajacyl.com\/palencia\/asaja-palencia-informa\/entra-en-funcionamiento-la-nueva-extension-de-norma-de-la-leche#primaryimage\"},\"image\":{\"@id\":\"https:\/\/www.asajacyl.com\/palencia\/asaja-palencia-informa\/entra-en-funcionamiento-la-nueva-extension-de-norma-de-la-leche#primaryimage\"},\"thumbnailUrl\":\"https:\/\/www.asajacyl.com\/palencia\/wp-content\/uploads\/sites\/3\/2022\/07\/VACAS-LECHE.jpg\",\"datePublished\":\"2023-01-26T06:45:44+00:00\",\"dateModified\":\"2023-02-03T08:26:39+00:00\",\"author\":{\"@id\":\"https:\/\/www.asajacyl.com\/palencia\/#\/schema\/person\/3ab17aeb03527485c317557fae64aab1\"},\"description\":\"En el Bolet\u00edn Oficial del Estado se ha publicado el acuerdo de la Junta Directiva de InLac, ratificado por la Asamblea, (Organizaci\u00f3n Interprofesional\",\"breadcrumb\":{\"@id\":\"https:\/\/www.asajacyl.com\/palencia\/asaja-palencia-informa\/entra-en-funcionamiento-la-nueva-extension-de-norma-de-la-leche#breadcrumb\"},\"inLanguage\":\"es\",\"potentialAction\":[{\"@type\":\"ReadAction\",\"target\":[\"https:\/\/www.asajacyl.com\/palencia\/asaja-palencia-informa\/entra-en-funcionamiento-la-nueva-extension-de-norma-de-la-leche\"]}]},{\"@type\":\"ImageObject\",\"inLanguage\":\"es\",\"@id\":\"https:\/\/www.asajacyl.com\/palencia\/asaja-palencia-informa\/entra-en-funcionamiento-la-nueva-extension-de-norma-de-la-leche#primaryimage\",\"url\":\"https:\/\/www.asajacyl.com\/palencia\/wp-content\/uploads\/sites\/3\/2022\/07\/VACAS-LECHE.jpg\",\"contentUrl\":\"https:\/\/www.asajacyl.com\/palencia\/wp-content\/uploads\/sites\/3\/2022\/07\/VACAS-LECHE.jpg\",\"width\":1875,\"height\":2500},{\"@type\":\"BreadcrumbList\",\"@id\":\"https:\/\/www.asajacyl.com\/palencia\/asaja-palencia-informa\/entra-en-funcionamiento-la-nueva-extension-de-norma-de-la-leche#breadcrumb\",\"itemListElement\":[{\"@type\":\"ListItem\",\"position\":1,\"name\":\"Portada\",\"item\":\"https:\/\/www.asajacyl.com\/palencia\/\"},{\"@type\":\"ListItem\",\"position\":2,\"name\":\"Entra en funcionamiento la nueva extensi\u00f3n de norma de la leche\"}]},{\"@type\":\"WebSite\",\"@id\":\"https:\/\/www.asajacyl.com\/palencia\/#website\",\"url\":\"https:\/\/www.asajacyl.com\/palencia\/\",\"name\":\"ASAJA Palencia\",\"description\":\"Otro sitio m\u00e1s de Provincias ASAJA Castilla y Le\u00f3n\",\"potentialAction\":[{\"@type\":\"SearchAction\",\"target\":{\"@type\":\"EntryPoint\",\"urlTemplate\":\"https:\/\/www.asajacyl.com\/palencia\/?s={search_term_string}\"},\"query-input\":{\"@type\":\"PropertyValueSpecification\",\"valueRequired\":true,\"valueName\":\"search_term_string\"}}],\"inLanguage\":\"es\"},{\"@type\":\"Person\",\"@id\":\"https:\/\/www.asajacyl.com\/palencia\/#\/schema\/person\/3ab17aeb03527485c317557fae64aab1\",\"name\":\"Administrador\",\"image\":{\"@type\":\"ImageObject\",\"inLanguage\":\"es\",\"@id\":\"https:\/\/www.asajacyl.com\/palencia\/#\/schema\/person\/image\/\",\"url\":\"https:\/\/secure.gravatar.com\/avatar\/517384810d242ca9e38c180f3c9fb973?s=96&d=mm&r=g\",\"contentUrl\":\"https:\/\/secure.gravatar.com\/avatar\/517384810d242ca9e38c180f3c9fb973?s=96&d=mm&r=g\",\"caption\":\"Administrador\"},\"url\":\"https:\/\/www.asajacyl.com\/palencia\/author\/carlosrm\"}]}<\/script>\n<!-- \/ Yoast SEO plugin. -->","yoast_head_json":{"title":"Entra en funcionamiento la nueva extensi\u00f3n de norma de la leche - ASAJA Palencia","description":"En el Bolet\u00edn Oficial del Estado se ha publicado el acuerdo de la Junta Directiva de InLac, ratificado por la Asamblea, (Organizaci\u00f3n Interprofesional","robots":{"index":"index","follow":"follow","max-snippet":"max-snippet:-1","max-image-preview":"max-image-preview:large","max-video-preview":"max-video-preview:-1"},"canonical":"https:\/\/www.asajacyl.com\/palencia\/asaja-palencia-informa\/entra-en-funcionamiento-la-nueva-extension-de-norma-de-la-leche","og_locale":"es_ES","og_type":"article","og_title":"Entra en funcionamiento la nueva extensi\u00f3n de norma de la leche - ASAJA Palencia","og_description":"En el Bolet\u00edn Oficial del Estado se ha publicado el acuerdo de la Junta Directiva de InLac, ratificado por la Asamblea, (Organizaci\u00f3n Interprofesional","og_url":"https:\/\/www.asajacyl.com\/palencia\/asaja-palencia-informa\/entra-en-funcionamiento-la-nueva-extension-de-norma-de-la-leche","og_site_name":"ASAJA Palencia","article_published_time":"2023-01-26T06:45:44+00:00","article_modified_time":"2023-02-03T08:26:39+00:00","og_image":[{"width":1875,"height":2500,"url":"https:\/\/www.asajacyl.com\/palencia\/wp-content\/uploads\/sites\/3\/2022\/07\/VACAS-LECHE.jpg","type":"image\/jpeg"}],"author":"Administrador","twitter_card":"summary_large_image","twitter_misc":{"Escrito por":"Administrador","Tiempo de lectura":"2 minutos"},"schema":{"@context":"https:\/\/schema.org","@graph":[{"@type":"WebPage","@id":"https:\/\/www.asajacyl.com\/palencia\/asaja-palencia-informa\/entra-en-funcionamiento-la-nueva-extension-de-norma-de-la-leche","url":"https:\/\/www.asajacyl.com\/palencia\/asaja-palencia-informa\/entra-en-funcionamiento-la-nueva-extension-de-norma-de-la-leche","name":"Entra en funcionamiento la nueva extensi\u00f3n de norma de la leche - ASAJA Palencia","isPartOf":{"@id":"https:\/\/www.asajacyl.com\/palencia\/#website"},"primaryImageOfPage":{"@id":"https:\/\/www.asajacyl.com\/palencia\/asaja-palencia-informa\/entra-en-funcionamiento-la-nueva-extension-de-norma-de-la-leche#primaryimage"},"image":{"@id":"https:\/\/www.asajacyl.com\/palencia\/asaja-palencia-informa\/entra-en-funcionamiento-la-nueva-extension-de-norma-de-la-leche#primaryimage"},"thumbnailUrl":"https:\/\/www.asajacyl.com\/palencia\/wp-content\/uploads\/sites\/3\/2022\/07\/VACAS-LECHE.jpg","datePublished":"2023-01-26T06:45:44+00:00","dateModified":"2023-02-03T08:26:39+00:00","author":{"@id":"https:\/\/www.asajacyl.com\/palencia\/#\/schema\/person\/3ab17aeb03527485c317557fae64aab1"},"description":"En el Bolet\u00edn Oficial del Estado se ha publicado el acuerdo de la Junta Directiva de InLac, ratificado por la Asamblea, (Organizaci\u00f3n Interprofesional","breadcrumb":{"@id":"https:\/\/www.asajacyl.com\/palencia\/asaja-palencia-informa\/entra-en-funcionamiento-la-nueva-extension-de-norma-de-la-leche#breadcrumb"},"inLanguage":"es","potentialAction":[{"@type":"ReadAction","target":["https:\/\/www.asajacyl.com\/palencia\/asaja-palencia-informa\/entra-en-funcionamiento-la-nueva-extension-de-norma-de-la-leche"]}]},{"@type":"ImageObject","inLanguage":"es","@id":"https:\/\/www.asajacyl.com\/palencia\/asaja-palencia-informa\/entra-en-funcionamiento-la-nueva-extension-de-norma-de-la-leche#primaryimage","url":"https:\/\/www.asajacyl.com\/palencia\/wp-content\/uploads\/sites\/3\/2022\/07\/VACAS-LECHE.jpg","contentUrl":"https:\/\/www.asajacyl.com\/palencia\/wp-content\/uploads\/sites\/3\/2022\/07\/VACAS-LECHE.jpg","width":1875,"height":2500},{"@type":"BreadcrumbList","@id":"https:\/\/www.asajacyl.com\/palencia\/asaja-palencia-informa\/entra-en-funcionamiento-la-nueva-extension-de-norma-de-la-leche#breadcrumb","itemListElement":[{"@type":"ListItem","position":1,"name":"Portada","item":"https:\/\/www.asajacyl.com\/palencia\/"},{"@type":"ListItem","position":2,"name":"Entra en funcionamiento la nueva extensi\u00f3n de norma de la leche"}]},{"@type":"WebSite","@id":"https:\/\/www.asajacyl.com\/palencia\/#website","url":"https:\/\/www.asajacyl.com\/palencia\/","name":"ASAJA Palencia","description":"Otro sitio m\u00e1s de Provincias ASAJA Castilla y Le\u00f3n","potentialAction":[{"@type":"SearchAction","target":{"@type":"EntryPoint","urlTemplate":"https:\/\/www.asajacyl.com\/palencia\/?s={search_term_string}"},"query-input":{"@type":"PropertyValueSpecification","valueRequired":true,"valueName":"search_term_string"}}],"inLanguage":"es"},{"@type":"Person","@id":"https:\/\/www.asajacyl.com\/palencia\/#\/schema\/person\/3ab17aeb03527485c317557fae64aab1","name":"Administrador","image":{"@type":"ImageObject","inLanguage":"es","@id":"https:\/\/www.asajacyl.com\/palencia\/#\/schema\/person\/image\/","url":"https:\/\/secure.gravatar.com\/avatar\/517384810d242ca9e38c180f3c9fb973?s=96&d=mm&r=g","contentUrl":"https:\/\/secure.gravatar.com\/avatar\/517384810d242ca9e38c180f3c9fb973?s=96&d=mm&r=g","caption":"Administrador"},"url":"https:\/\/www.asajacyl.com\/palencia\/author\/carlosrm"}]}},"_links":{"self":[{"href":"https:\/\/www.asajacyl.com\/palencia\/wp-json\/wp\/v2\/posts\/12210"}],"collection":[{"href":"https:\/\/www.asajacyl.com\/palencia\/wp-json\/wp\/v2\/posts"}],"about":[{"href":"https:\/\/www.asajacyl.com\/palencia\/wp-json\/wp\/v2\/types\/post"}],"author":[{"embeddable":true,"href":"https:\/\/www.asajacyl.com\/palencia\/wp-json\/wp\/v2\/users\/9"}],"replies":[{"embeddable":true,"href":"https:\/\/www.asajacyl.com\/palencia\/wp-json\/wp\/v2\/comments?post=12210"}],"version-history":[{"count":4,"href":"https:\/\/www.asajacyl.com\/palencia\/wp-json\/wp\/v2\/posts\/12210\/revisions"}],"predecessor-version":[{"id":12252,"href":"https:\/\/www.asajacyl.com\/palencia\/wp-json\/wp\/v2\/posts\/12210\/revisions\/12252"}],"wp:featuredmedia":[{"embeddable":true,"href":"https:\/\/www.asajacyl.com\/palencia\/wp-json\/wp\/v2\/media\/11127"}],"wp:attachment":[{"href":"https:\/\/www.asajacyl.com\/palencia\/wp-json\/wp\/v2\/media?parent=12210"}],"wp:term":[{"taxonomy":"category","embeddable":true,"href":"https:\/\/www.asajacyl.com\/palencia\/wp-json\/wp\/v2\/categories?post=12210"},{"taxonomy":"post_tag","embeddable":true,"href":"https:\/\/www.asajacyl.com\/palencia\/wp-json\/wp\/v2\/tags?post=12210"}],"curies":[{"name":"wp","href":"https:\/\/api.w.org\/{rel}","templated":true}]}}