{"id":12214,"date":"2023-01-30T10:20:54","date_gmt":"2023-01-30T09:20:54","guid":{"rendered":"https:\/\/www.asajacyl.com\/palencia\/?p=12214"},"modified":"2023-01-31T09:24:56","modified_gmt":"2023-01-31T08:24:56","slug":"asaja-palencia-sorteara-un-viaje-a-galicia-para-dos-personas-en-la-feria-de-las-candelas","status":"publish","type":"post","link":"https:\/\/www.asajacyl.com\/palencia\/asaja-palencia-informa\/asaja-palencia-sorteara-un-viaje-a-galicia-para-dos-personas-en-la-feria-de-las-candelas","title":{"rendered":"ASAJA-Palencia sortear\u00e1 un viaje a Galicia para dos personas en la feria de Las Candelas"},"content":{"rendered":"\n<p>El d\u00eda 2 de febrero se celebra cada a\u00f1o en la localidad de Salda\u00f1a la Feria de Las Candelas, que es la feria agraria m\u00e1s importante en la provincia de Palencia. Ese d\u00eda el sector agrario palentino se da cita en Salda\u00f1a y adem\u00e1s es un d\u00eda de multitud de visitas a la localidad dado que en la capital palentina tambi\u00e9n es festivo.<\/p>\n\n\n\n<p>ASAJA-Palencia, como todos los a\u00f1os, contar\u00e1 con un puesto en la feria donde espera la visita de todos los socios que se acerquen a Salda\u00f1a ese d\u00eda. Ya es tradicional el sorteo que se realiza en puesto de ASAJA entre los socios asistentes y este a\u00f1o los premios que se podr\u00e1n obtener ser\u00e1n los siguientes:<\/p>\n\n\n\n<p>1\u00ba. Viaje para dos personas a Galicia del d\u00eda 5 al 10 de marzo. El viaje no es aplazable ni transferible, s\u00f3lo podr\u00e1 acudir aquella persona premiada y en las fechas indicadas.<\/p>\n\n\n\n<p>2\u00ba. Queso de oveja de pata de mulo de Villaumbrales.<\/p>\n\n\n\n<p>3\u00ba. Lote de tres botellas de vino.<\/p>\n","protected":false},"excerpt":{"rendered":"<p>El d\u00eda 2 de febrero se celebra cada a\u00f1o en la localidad de Salda\u00f1a la Feria de Las Candelas, que es la feria agraria m\u00e1s importante en la provincia de Palencia. Ese d\u00eda el sector agrario palentino se da cita en Salda\u00f1a y adem\u00e1s es un d\u00eda de multitud de visitas a la localidad dado [&hellip;]<\/p>\n","protected":false},"author":9,"featured_media":5928,"comment_status":"open","ping_status":"open","sticky":false,"template":"","format":"standard","meta":{"footnotes":""},"categories":[9,29,28],"tags":[],"yoast_head":"<!-- This site is optimized with the Yoast SEO plugin v24.5 - https:\/\/yoast.com\/wordpress\/plugins\/seo\/ -->\n<title>ASAJA-Palencia sortear\u00e1 un viaje a Galicia para dos personas en la feria de Las Candelas - ASAJA Palencia<\/title>\n<meta name=\"description\" content=\"El d\u00eda 2 de febrero se celebra cada a\u00f1o en la localidad de Salda\u00f1a la Feria de Las Candelas, que es la feria agraria m\u00e1s importante en la provincia de\" \/>\n<meta name=\"robots\" content=\"index, follow, max-snippet:-1, max-image-preview:large, max-video-preview:-1\" \/>\n<link rel=\"canonical\" href=\"https:\/\/www.asajacyl.com\/palencia\/asaja-palencia-informa\/asaja-palencia-sorteara-un-viaje-a-galicia-para-dos-personas-en-la-feria-de-las-candelas\" \/>\n<meta property=\"og:locale\" content=\"es_ES\" \/>\n<meta property=\"og:type\" content=\"article\" \/>\n<meta property=\"og:title\" content=\"ASAJA-Palencia sortear\u00e1 un viaje a Galicia para dos personas en la feria de Las Candelas - ASAJA Palencia\" \/>\n<meta property=\"og:description\" content=\"El d\u00eda 2 de febrero se celebra cada a\u00f1o en la localidad de Salda\u00f1a la Feria de Las Candelas, que es la feria agraria m\u00e1s importante en la provincia de\" \/>\n<meta property=\"og:url\" content=\"https:\/\/www.asajacyl.com\/palencia\/asaja-palencia-informa\/asaja-palencia-sorteara-un-viaje-a-galicia-para-dos-personas-en-la-feria-de-las-candelas\" \/>\n<meta property=\"og:site_name\" content=\"ASAJA Palencia\" \/>\n<meta property=\"article:published_time\" content=\"2023-01-30T09:20:54+00:00\" \/>\n<meta property=\"article:modified_time\" content=\"2023-01-31T08:24:56+00:00\" \/>\n<meta property=\"og:image\" content=\"https:\/\/www.asajacyl.com\/palencia\/wp-content\/uploads\/sites\/3\/2019\/02\/candelas-2.jpg\" \/>\n\t<meta property=\"og:image:width\" content=\"1599\" \/>\n\t<meta property=\"og:image:height\" content=\"899\" \/>\n\t<meta property=\"og:image:type\" content=\"image\/jpeg\" \/>\n<meta name=\"author\" content=\"Administrador\" \/>\n<meta name=\"twitter:card\" content=\"summary_large_image\" \/>\n<meta name=\"twitter:label1\" content=\"Escrito por\" \/>\n\t<meta name=\"twitter:data1\" content=\"Administrador\" \/>\n\t<meta name=\"twitter:label2\" content=\"Tiempo de lectura\" \/>\n\t<meta name=\"twitter:data2\" content=\"1 minuto\" \/>\n<script type=\"application\/ld+json\" class=\"yoast-schema-graph\">{\"@context\":\"https:\/\/schema.org\",\"@graph\":[{\"@type\":\"WebPage\",\"@id\":\"https:\/\/www.asajacyl.com\/palencia\/asaja-palencia-informa\/asaja-palencia-sorteara-un-viaje-a-galicia-para-dos-personas-en-la-feria-de-las-candelas\",\"url\":\"https:\/\/www.asajacyl.com\/palencia\/asaja-palencia-informa\/asaja-palencia-sorteara-un-viaje-a-galicia-para-dos-personas-en-la-feria-de-las-candelas\",\"name\":\"ASAJA-Palencia sortear\u00e1 un viaje a Galicia para dos personas en la feria de Las Candelas - ASAJA Palencia\",\"isPartOf\":{\"@id\":\"https:\/\/www.asajacyl.com\/palencia\/#website\"},\"primaryImageOfPage\":{\"@id\":\"https:\/\/www.asajacyl.com\/palencia\/asaja-palencia-informa\/asaja-palencia-sorteara-un-viaje-a-galicia-para-dos-personas-en-la-feria-de-las-candelas#primaryimage\"},\"image\":{\"@id\":\"https:\/\/www.asajacyl.com\/palencia\/asaja-palencia-informa\/asaja-palencia-sorteara-un-viaje-a-galicia-para-dos-personas-en-la-feria-de-las-candelas#primaryimage\"},\"thumbnailUrl\":\"https:\/\/www.asajacyl.com\/palencia\/wp-content\/uploads\/sites\/3\/2019\/02\/candelas-2.jpg\",\"datePublished\":\"2023-01-30T09:20:54+00:00\",\"dateModified\":\"2023-01-31T08:24:56+00:00\",\"author\":{\"@id\":\"https:\/\/www.asajacyl.com\/palencia\/#\/schema\/person\/3ab17aeb03527485c317557fae64aab1\"},\"description\":\"El d\u00eda 2 de febrero se celebra cada a\u00f1o en la localidad de Salda\u00f1a la Feria de Las Candelas, que es la feria agraria m\u00e1s importante en la provincia de\",\"breadcrumb\":{\"@id\":\"https:\/\/www.asajacyl.com\/palencia\/asaja-palencia-informa\/asaja-palencia-sorteara-un-viaje-a-galicia-para-dos-personas-en-la-feria-de-las-candelas#breadcrumb\"},\"inLanguage\":\"es\",\"potentialAction\":[{\"@type\":\"ReadAction\",\"target\":[\"https:\/\/www.asajacyl.com\/palencia\/asaja-palencia-informa\/asaja-palencia-sorteara-un-viaje-a-galicia-para-dos-personas-en-la-feria-de-las-candelas\"]}]},{\"@type\":\"ImageObject\",\"inLanguage\":\"es\",\"@id\":\"https:\/\/www.asajacyl.com\/palencia\/asaja-palencia-informa\/asaja-palencia-sorteara-un-viaje-a-galicia-para-dos-personas-en-la-feria-de-las-candelas#primaryimage\",\"url\":\"https:\/\/www.asajacyl.com\/palencia\/wp-content\/uploads\/sites\/3\/2019\/02\/candelas-2.jpg\",\"contentUrl\":\"https:\/\/www.asajacyl.com\/palencia\/wp-content\/uploads\/sites\/3\/2019\/02\/candelas-2.jpg\",\"width\":1599,\"height\":899},{\"@type\":\"BreadcrumbList\",\"@id\":\"https:\/\/www.asajacyl.com\/palencia\/asaja-palencia-informa\/asaja-palencia-sorteara-un-viaje-a-galicia-para-dos-personas-en-la-feria-de-las-candelas#breadcrumb\",\"itemListElement\":[{\"@type\":\"ListItem\",\"position\":1,\"name\":\"Portada\",\"item\":\"https:\/\/www.asajacyl.com\/palencia\/\"},{\"@type\":\"ListItem\",\"position\":2,\"name\":\"ASAJA-Palencia sortear\u00e1 un viaje a Galicia para dos personas en la feria de Las Candelas\"}]},{\"@type\":\"WebSite\",\"@id\":\"https:\/\/www.asajacyl.com\/palencia\/#website\",\"url\":\"https:\/\/www.asajacyl.com\/palencia\/\",\"name\":\"ASAJA Palencia\",\"description\":\"Otro sitio m\u00e1s de Provincias ASAJA Castilla y Le\u00f3n\",\"potentialAction\":[{\"@type\":\"SearchAction\",\"target\":{\"@type\":\"EntryPoint\",\"urlTemplate\":\"https:\/\/www.asajacyl.com\/palencia\/?s={search_term_string}\"},\"query-input\":{\"@type\":\"PropertyValueSpecification\",\"valueRequired\":true,\"valueName\":\"search_term_string\"}}],\"inLanguage\":\"es\"},{\"@type\":\"Person\",\"@id\":\"https:\/\/www.asajacyl.com\/palencia\/#\/schema\/person\/3ab17aeb03527485c317557fae64aab1\",\"name\":\"Administrador\",\"image\":{\"@type\":\"ImageObject\",\"inLanguage\":\"es\",\"@id\":\"https:\/\/www.asajacyl.com\/palencia\/#\/schema\/person\/image\/\",\"url\":\"https:\/\/secure.gravatar.com\/avatar\/517384810d242ca9e38c180f3c9fb973?s=96&d=mm&r=g\",\"contentUrl\":\"https:\/\/secure.gravatar.com\/avatar\/517384810d242ca9e38c180f3c9fb973?s=96&d=mm&r=g\",\"caption\":\"Administrador\"},\"url\":\"https:\/\/www.asajacyl.com\/palencia\/author\/carlosrm\"}]}<\/script>\n<!-- \/ Yoast SEO plugin. -->","yoast_head_json":{"title":"ASAJA-Palencia sortear\u00e1 un viaje a Galicia para dos personas en la feria de Las Candelas - ASAJA Palencia","description":"El d\u00eda 2 de febrero se celebra cada a\u00f1o en la localidad de Salda\u00f1a la Feria de Las Candelas, que es la feria agraria m\u00e1s importante en la provincia de","robots":{"index":"index","follow":"follow","max-snippet":"max-snippet:-1","max-image-preview":"max-image-preview:large","max-video-preview":"max-video-preview:-1"},"canonical":"https:\/\/www.asajacyl.com\/palencia\/asaja-palencia-informa\/asaja-palencia-sorteara-un-viaje-a-galicia-para-dos-personas-en-la-feria-de-las-candelas","og_locale":"es_ES","og_type":"article","og_title":"ASAJA-Palencia sortear\u00e1 un viaje a Galicia para dos personas en la feria de Las Candelas - ASAJA Palencia","og_description":"El d\u00eda 2 de febrero se celebra cada a\u00f1o en la localidad de Salda\u00f1a la Feria de Las Candelas, que es la feria agraria m\u00e1s importante en la provincia de","og_url":"https:\/\/www.asajacyl.com\/palencia\/asaja-palencia-informa\/asaja-palencia-sorteara-un-viaje-a-galicia-para-dos-personas-en-la-feria-de-las-candelas","og_site_name":"ASAJA Palencia","article_published_time":"2023-01-30T09:20:54+00:00","article_modified_time":"2023-01-31T08:24:56+00:00","og_image":[{"width":1599,"height":899,"url":"https:\/\/www.asajacyl.com\/palencia\/wp-content\/uploads\/sites\/3\/2019\/02\/candelas-2.jpg","type":"image\/jpeg"}],"author":"Administrador","twitter_card":"summary_large_image","twitter_misc":{"Escrito por":"Administrador","Tiempo de lectura":"1 minuto"},"schema":{"@context":"https:\/\/schema.org","@graph":[{"@type":"WebPage","@id":"https:\/\/www.asajacyl.com\/palencia\/asaja-palencia-informa\/asaja-palencia-sorteara-un-viaje-a-galicia-para-dos-personas-en-la-feria-de-las-candelas","url":"https:\/\/www.asajacyl.com\/palencia\/asaja-palencia-informa\/asaja-palencia-sorteara-un-viaje-a-galicia-para-dos-personas-en-la-feria-de-las-candelas","name":"ASAJA-Palencia sortear\u00e1 un viaje a Galicia para dos personas en la feria de Las Candelas - ASAJA Palencia","isPartOf":{"@id":"https:\/\/www.asajacyl.com\/palencia\/#website"},"primaryImageOfPage":{"@id":"https:\/\/www.asajacyl.com\/palencia\/asaja-palencia-informa\/asaja-palencia-sorteara-un-viaje-a-galicia-para-dos-personas-en-la-feria-de-las-candelas#primaryimage"},"image":{"@id":"https:\/\/www.asajacyl.com\/palencia\/asaja-palencia-informa\/asaja-palencia-sorteara-un-viaje-a-galicia-para-dos-personas-en-la-feria-de-las-candelas#primaryimage"},"thumbnailUrl":"https:\/\/www.asajacyl.com\/palencia\/wp-content\/uploads\/sites\/3\/2019\/02\/candelas-2.jpg","datePublished":"2023-01-30T09:20:54+00:00","dateModified":"2023-01-31T08:24:56+00:00","author":{"@id":"https:\/\/www.asajacyl.com\/palencia\/#\/schema\/person\/3ab17aeb03527485c317557fae64aab1"},"description":"El d\u00eda 2 de febrero se celebra cada a\u00f1o en la localidad de Salda\u00f1a la Feria de Las Candelas, que es la feria agraria m\u00e1s importante en la provincia de","breadcrumb":{"@id":"https:\/\/www.asajacyl.com\/palencia\/asaja-palencia-informa\/asaja-palencia-sorteara-un-viaje-a-galicia-para-dos-personas-en-la-feria-de-las-candelas#breadcrumb"},"inLanguage":"es","potentialAction":[{"@type":"ReadAction","target":["https:\/\/www.asajacyl.com\/palencia\/asaja-palencia-informa\/asaja-palencia-sorteara-un-viaje-a-galicia-para-dos-personas-en-la-feria-de-las-candelas"]}]},{"@type":"ImageObject","inLanguage":"es","@id":"https:\/\/www.asajacyl.com\/palencia\/asaja-palencia-informa\/asaja-palencia-sorteara-un-viaje-a-galicia-para-dos-personas-en-la-feria-de-las-candelas#primaryimage","url":"https:\/\/www.asajacyl.com\/palencia\/wp-content\/uploads\/sites\/3\/2019\/02\/candelas-2.jpg","contentUrl":"https:\/\/www.asajacyl.com\/palencia\/wp-content\/uploads\/sites\/3\/2019\/02\/candelas-2.jpg","width":1599,"height":899},{"@type":"BreadcrumbList","@id":"https:\/\/www.asajacyl.com\/palencia\/asaja-palencia-informa\/asaja-palencia-sorteara-un-viaje-a-galicia-para-dos-personas-en-la-feria-de-las-candelas#breadcrumb","itemListElement":[{"@type":"ListItem","position":1,"name":"Portada","item":"https:\/\/www.asajacyl.com\/palencia\/"},{"@type":"ListItem","position":2,"name":"ASAJA-Palencia sortear\u00e1 un viaje a Galicia para dos personas en la feria de Las Candelas"}]},{"@type":"WebSite","@id":"https:\/\/www.asajacyl.com\/palencia\/#website","url":"https:\/\/www.asajacyl.com\/palencia\/","name":"ASAJA Palencia","description":"Otro sitio m\u00e1s de Provincias ASAJA Castilla y Le\u00f3n","potentialAction":[{"@type":"SearchAction","target":{"@type":"EntryPoint","urlTemplate":"https:\/\/www.asajacyl.com\/palencia\/?s={search_term_string}"},"query-input":{"@type":"PropertyValueSpecification","valueRequired":true,"valueName":"search_term_string"}}],"inLanguage":"es"},{"@type":"Person","@id":"https:\/\/www.asajacyl.com\/palencia\/#\/schema\/person\/3ab17aeb03527485c317557fae64aab1","name":"Administrador","image":{"@type":"ImageObject","inLanguage":"es","@id":"https:\/\/www.asajacyl.com\/palencia\/#\/schema\/person\/image\/","url":"https:\/\/secure.gravatar.com\/avatar\/517384810d242ca9e38c180f3c9fb973?s=96&d=mm&r=g","contentUrl":"https:\/\/secure.gravatar.com\/avatar\/517384810d242ca9e38c180f3c9fb973?s=96&d=mm&r=g","caption":"Administrador"},"url":"https:\/\/www.asajacyl.com\/palencia\/author\/carlosrm"}]}},"_links":{"self":[{"href":"https:\/\/www.asajacyl.com\/palencia\/wp-json\/wp\/v2\/posts\/12214"}],"collection":[{"href":"https:\/\/www.asajacyl.com\/palencia\/wp-json\/wp\/v2\/posts"}],"about":[{"href":"https:\/\/www.asajacyl.com\/palencia\/wp-json\/wp\/v2\/types\/post"}],"author":[{"embeddable":true,"href":"https:\/\/www.asajacyl.com\/palencia\/wp-json\/wp\/v2\/users\/9"}],"replies":[{"embeddable":true,"href":"https:\/\/www.asajacyl.com\/palencia\/wp-json\/wp\/v2\/comments?post=12214"}],"version-history":[{"count":3,"href":"https:\/\/www.asajacyl.com\/palencia\/wp-json\/wp\/v2\/posts\/12214\/revisions"}],"predecessor-version":[{"id":12241,"href":"https:\/\/www.asajacyl.com\/palencia\/wp-json\/wp\/v2\/posts\/12214\/revisions\/12241"}],"wp:featuredmedia":[{"embeddable":true,"href":"https:\/\/www.asajacyl.com\/palencia\/wp-json\/wp\/v2\/media\/5928"}],"wp:attachment":[{"href":"https:\/\/www.asajacyl.com\/palencia\/wp-json\/wp\/v2\/media?parent=12214"}],"wp:term":[{"taxonomy":"category","embeddable":true,"href":"https:\/\/www.asajacyl.com\/palencia\/wp-json\/wp\/v2\/categories?post=12214"},{"taxonomy":"post_tag","embeddable":true,"href":"https:\/\/www.asajacyl.com\/palencia\/wp-json\/wp\/v2\/tags?post=12214"}],"curies":[{"name":"wp","href":"https:\/\/api.w.org\/{rel}","templated":true}]}}