{"id":12220,"date":"2023-01-27T14:21:43","date_gmt":"2023-01-27T13:21:43","guid":{"rendered":"https:\/\/www.asajacyl.com\/palencia\/?p=12220"},"modified":"2023-01-27T14:21:47","modified_gmt":"2023-01-27T13:21:47","slug":"finalizan-las-asambleas-comarcales-de-asaja-palencia-2","status":"publish","type":"post","link":"https:\/\/www.asajacyl.com\/palencia\/asaja-palencia-informa\/finalizan-las-asambleas-comarcales-de-asaja-palencia-2","title":{"rendered":"Finalizan las Asambleas Comarcales de ASAJA-Palencia"},"content":{"rendered":"\n<p>Con la celebraci\u00f3n de las Asambleas Comarcales de Cervera de Pisuerga y Guardo, en horario de ma\u00f1ana, y las de Aguilar de Campoo y Barruelo de Santull\u00e1n, ha finalizado el ciclo de Asambleas Comarcales por la provincia, en total han sido 14 las asambleas celebradas, en las que han participado algo m\u00e1s de 1000 afiliados. Como todos los a\u00f1os, fiel a su cita en el mes de enero, ASAJA ha rendido cuentas ante sus afiliados de los temas m\u00e1s importantes que han acontecido durante el pasado a\u00f1o 2022, a trav\u00e9s de la intervenci\u00f3n de su presidente Jos\u00e9 Luis Marcos, que ha explicado todas las reivindicaciones realizadas el a\u00f1o pasado. Tambi\u00e9n habl\u00f3, de los problemas que para el campo palentino trae la nueva PAC, a la que ha definido como la peor de la historia. El d\u00e9ficit hidrol\u00f3gico que tienen nuestra provincia, como bien ha quedado patente el a\u00f1o pasado, y llevamos camino de repetir \u00e9ste 2023, tambi\u00e9n ocup\u00f3 gran parte de su intervenci\u00f3n, reclamando mayor capacidad de embalse en los sistemas Carri\u00f3n y Pisuerga.<\/p>\n\n\n\n<p>Por su parte, Inmaculada Est\u00e9banez, responsable de los Servicios T\u00e9cnicos de ASAJA, explico toda la normativa que afecta a la nueva PAC, que ya entro en vigor hace unos d\u00edas. Para finalizar, el gerente \u00c1lvaro de la Hera, explico c\u00f3mo se desarrollar\u00e1 el proceso electoral para medir la representatividad de las Organizaciones Profesionales Agrarias, que se ha iniciado el d\u00eda 23 de enero con el voto anticipado, y que finalizar\u00e1 el d\u00eda 12 de Febrero, con las votaciones en las m\u00e1s de 40 mesas electorales repartidas por toda la provincia.<\/p>\n","protected":false},"excerpt":{"rendered":"<p>Con la celebraci\u00f3n de las Asambleas Comarcales de Cervera de Pisuerga y Guardo, en horario de ma\u00f1ana, y las de Aguilar de Campoo y Barruelo de Santull\u00e1n, ha finalizado el ciclo de Asambleas Comarcales por la provincia, en total han sido 14 las asambleas celebradas, en las que han participado algo m\u00e1s de 1000 afiliados. [&hellip;]<\/p>\n","protected":false},"author":9,"featured_media":12222,"comment_status":"open","ping_status":"open","sticky":false,"template":"","format":"standard","meta":{"footnotes":""},"categories":[9,29,28],"tags":[],"yoast_head":"<!-- This site is optimized with the Yoast SEO plugin v24.5 - https:\/\/yoast.com\/wordpress\/plugins\/seo\/ -->\n<title>Finalizan las Asambleas Comarcales de ASAJA-Palencia - ASAJA Palencia<\/title>\n<meta name=\"description\" content=\"Con la celebraci\u00f3n de las Asambleas Comarcales de Cervera de Pisuerga y Guardo, en horario de ma\u00f1ana, y las de Aguilar de Campoo y Barruelo de Santull\u00e1n,\" \/>\n<meta name=\"robots\" content=\"index, follow, max-snippet:-1, max-image-preview:large, max-video-preview:-1\" \/>\n<link rel=\"canonical\" href=\"https:\/\/www.asajacyl.com\/palencia\/asaja-palencia-informa\/finalizan-las-asambleas-comarcales-de-asaja-palencia-2\" \/>\n<meta property=\"og:locale\" content=\"es_ES\" \/>\n<meta property=\"og:type\" content=\"article\" \/>\n<meta property=\"og:title\" content=\"Finalizan las Asambleas Comarcales de ASAJA-Palencia - ASAJA Palencia\" \/>\n<meta property=\"og:description\" content=\"Con la celebraci\u00f3n de las Asambleas Comarcales de Cervera de Pisuerga y Guardo, en horario de ma\u00f1ana, y las de Aguilar de Campoo y Barruelo de Santull\u00e1n,\" \/>\n<meta property=\"og:url\" content=\"https:\/\/www.asajacyl.com\/palencia\/asaja-palencia-informa\/finalizan-las-asambleas-comarcales-de-asaja-palencia-2\" \/>\n<meta property=\"og:site_name\" content=\"ASAJA Palencia\" \/>\n<meta property=\"article:published_time\" content=\"2023-01-27T13:21:43+00:00\" \/>\n<meta property=\"article:modified_time\" content=\"2023-01-27T13:21:47+00:00\" \/>\n<meta property=\"og:image\" content=\"https:\/\/www.asajacyl.com\/palencia\/wp-content\/uploads\/sites\/3\/2023\/01\/AGUILAR-2023.jpg\" \/>\n\t<meta property=\"og:image:width\" content=\"2500\" \/>\n\t<meta property=\"og:image:height\" content=\"1518\" \/>\n\t<meta property=\"og:image:type\" content=\"image\/jpeg\" \/>\n<meta name=\"author\" content=\"Administrador\" \/>\n<meta name=\"twitter:card\" content=\"summary_large_image\" \/>\n<meta name=\"twitter:label1\" content=\"Escrito por\" \/>\n\t<meta name=\"twitter:data1\" content=\"Administrador\" \/>\n\t<meta name=\"twitter:label2\" content=\"Tiempo de lectura\" \/>\n\t<meta name=\"twitter:data2\" content=\"2 minutos\" \/>\n<script type=\"application\/ld+json\" class=\"yoast-schema-graph\">{\"@context\":\"https:\/\/schema.org\",\"@graph\":[{\"@type\":\"WebPage\",\"@id\":\"https:\/\/www.asajacyl.com\/palencia\/asaja-palencia-informa\/finalizan-las-asambleas-comarcales-de-asaja-palencia-2\",\"url\":\"https:\/\/www.asajacyl.com\/palencia\/asaja-palencia-informa\/finalizan-las-asambleas-comarcales-de-asaja-palencia-2\",\"name\":\"Finalizan las Asambleas Comarcales de ASAJA-Palencia - ASAJA Palencia\",\"isPartOf\":{\"@id\":\"https:\/\/www.asajacyl.com\/palencia\/#website\"},\"primaryImageOfPage\":{\"@id\":\"https:\/\/www.asajacyl.com\/palencia\/asaja-palencia-informa\/finalizan-las-asambleas-comarcales-de-asaja-palencia-2#primaryimage\"},\"image\":{\"@id\":\"https:\/\/www.asajacyl.com\/palencia\/asaja-palencia-informa\/finalizan-las-asambleas-comarcales-de-asaja-palencia-2#primaryimage\"},\"thumbnailUrl\":\"https:\/\/www.asajacyl.com\/palencia\/wp-content\/uploads\/sites\/3\/2023\/01\/AGUILAR-2023.jpg\",\"datePublished\":\"2023-01-27T13:21:43+00:00\",\"dateModified\":\"2023-01-27T13:21:47+00:00\",\"author\":{\"@id\":\"https:\/\/www.asajacyl.com\/palencia\/#\/schema\/person\/3ab17aeb03527485c317557fae64aab1\"},\"description\":\"Con la celebraci\u00f3n de las Asambleas Comarcales de Cervera de Pisuerga y Guardo, en horario de ma\u00f1ana, y las de Aguilar de Campoo y Barruelo de Santull\u00e1n,\",\"breadcrumb\":{\"@id\":\"https:\/\/www.asajacyl.com\/palencia\/asaja-palencia-informa\/finalizan-las-asambleas-comarcales-de-asaja-palencia-2#breadcrumb\"},\"inLanguage\":\"es\",\"potentialAction\":[{\"@type\":\"ReadAction\",\"target\":[\"https:\/\/www.asajacyl.com\/palencia\/asaja-palencia-informa\/finalizan-las-asambleas-comarcales-de-asaja-palencia-2\"]}]},{\"@type\":\"ImageObject\",\"inLanguage\":\"es\",\"@id\":\"https:\/\/www.asajacyl.com\/palencia\/asaja-palencia-informa\/finalizan-las-asambleas-comarcales-de-asaja-palencia-2#primaryimage\",\"url\":\"https:\/\/www.asajacyl.com\/palencia\/wp-content\/uploads\/sites\/3\/2023\/01\/AGUILAR-2023.jpg\",\"contentUrl\":\"https:\/\/www.asajacyl.com\/palencia\/wp-content\/uploads\/sites\/3\/2023\/01\/AGUILAR-2023.jpg\",\"width\":2500,\"height\":1518},{\"@type\":\"BreadcrumbList\",\"@id\":\"https:\/\/www.asajacyl.com\/palencia\/asaja-palencia-informa\/finalizan-las-asambleas-comarcales-de-asaja-palencia-2#breadcrumb\",\"itemListElement\":[{\"@type\":\"ListItem\",\"position\":1,\"name\":\"Portada\",\"item\":\"https:\/\/www.asajacyl.com\/palencia\/\"},{\"@type\":\"ListItem\",\"position\":2,\"name\":\"Finalizan las Asambleas Comarcales de ASAJA-Palencia\"}]},{\"@type\":\"WebSite\",\"@id\":\"https:\/\/www.asajacyl.com\/palencia\/#website\",\"url\":\"https:\/\/www.asajacyl.com\/palencia\/\",\"name\":\"ASAJA Palencia\",\"description\":\"Otro sitio m\u00e1s de Provincias ASAJA Castilla y Le\u00f3n\",\"potentialAction\":[{\"@type\":\"SearchAction\",\"target\":{\"@type\":\"EntryPoint\",\"urlTemplate\":\"https:\/\/www.asajacyl.com\/palencia\/?s={search_term_string}\"},\"query-input\":{\"@type\":\"PropertyValueSpecification\",\"valueRequired\":true,\"valueName\":\"search_term_string\"}}],\"inLanguage\":\"es\"},{\"@type\":\"Person\",\"@id\":\"https:\/\/www.asajacyl.com\/palencia\/#\/schema\/person\/3ab17aeb03527485c317557fae64aab1\",\"name\":\"Administrador\",\"image\":{\"@type\":\"ImageObject\",\"inLanguage\":\"es\",\"@id\":\"https:\/\/www.asajacyl.com\/palencia\/#\/schema\/person\/image\/\",\"url\":\"https:\/\/secure.gravatar.com\/avatar\/517384810d242ca9e38c180f3c9fb973?s=96&d=mm&r=g\",\"contentUrl\":\"https:\/\/secure.gravatar.com\/avatar\/517384810d242ca9e38c180f3c9fb973?s=96&d=mm&r=g\",\"caption\":\"Administrador\"},\"url\":\"https:\/\/www.asajacyl.com\/palencia\/author\/carlosrm\"}]}<\/script>\n<!-- \/ Yoast SEO plugin. -->","yoast_head_json":{"title":"Finalizan las Asambleas Comarcales de ASAJA-Palencia - ASAJA Palencia","description":"Con la celebraci\u00f3n de las Asambleas Comarcales de Cervera de Pisuerga y Guardo, en horario de ma\u00f1ana, y las de Aguilar de Campoo y Barruelo de Santull\u00e1n,","robots":{"index":"index","follow":"follow","max-snippet":"max-snippet:-1","max-image-preview":"max-image-preview:large","max-video-preview":"max-video-preview:-1"},"canonical":"https:\/\/www.asajacyl.com\/palencia\/asaja-palencia-informa\/finalizan-las-asambleas-comarcales-de-asaja-palencia-2","og_locale":"es_ES","og_type":"article","og_title":"Finalizan las Asambleas Comarcales de ASAJA-Palencia - ASAJA Palencia","og_description":"Con la celebraci\u00f3n de las Asambleas Comarcales de Cervera de Pisuerga y Guardo, en horario de ma\u00f1ana, y las de Aguilar de Campoo y Barruelo de Santull\u00e1n,","og_url":"https:\/\/www.asajacyl.com\/palencia\/asaja-palencia-informa\/finalizan-las-asambleas-comarcales-de-asaja-palencia-2","og_site_name":"ASAJA Palencia","article_published_time":"2023-01-27T13:21:43+00:00","article_modified_time":"2023-01-27T13:21:47+00:00","og_image":[{"width":2500,"height":1518,"url":"https:\/\/www.asajacyl.com\/palencia\/wp-content\/uploads\/sites\/3\/2023\/01\/AGUILAR-2023.jpg","type":"image\/jpeg"}],"author":"Administrador","twitter_card":"summary_large_image","twitter_misc":{"Escrito por":"Administrador","Tiempo de lectura":"2 minutos"},"schema":{"@context":"https:\/\/schema.org","@graph":[{"@type":"WebPage","@id":"https:\/\/www.asajacyl.com\/palencia\/asaja-palencia-informa\/finalizan-las-asambleas-comarcales-de-asaja-palencia-2","url":"https:\/\/www.asajacyl.com\/palencia\/asaja-palencia-informa\/finalizan-las-asambleas-comarcales-de-asaja-palencia-2","name":"Finalizan las Asambleas Comarcales de ASAJA-Palencia - ASAJA Palencia","isPartOf":{"@id":"https:\/\/www.asajacyl.com\/palencia\/#website"},"primaryImageOfPage":{"@id":"https:\/\/www.asajacyl.com\/palencia\/asaja-palencia-informa\/finalizan-las-asambleas-comarcales-de-asaja-palencia-2#primaryimage"},"image":{"@id":"https:\/\/www.asajacyl.com\/palencia\/asaja-palencia-informa\/finalizan-las-asambleas-comarcales-de-asaja-palencia-2#primaryimage"},"thumbnailUrl":"https:\/\/www.asajacyl.com\/palencia\/wp-content\/uploads\/sites\/3\/2023\/01\/AGUILAR-2023.jpg","datePublished":"2023-01-27T13:21:43+00:00","dateModified":"2023-01-27T13:21:47+00:00","author":{"@id":"https:\/\/www.asajacyl.com\/palencia\/#\/schema\/person\/3ab17aeb03527485c317557fae64aab1"},"description":"Con la celebraci\u00f3n de las Asambleas Comarcales de Cervera de Pisuerga y Guardo, en horario de ma\u00f1ana, y las de Aguilar de Campoo y Barruelo de Santull\u00e1n,","breadcrumb":{"@id":"https:\/\/www.asajacyl.com\/palencia\/asaja-palencia-informa\/finalizan-las-asambleas-comarcales-de-asaja-palencia-2#breadcrumb"},"inLanguage":"es","potentialAction":[{"@type":"ReadAction","target":["https:\/\/www.asajacyl.com\/palencia\/asaja-palencia-informa\/finalizan-las-asambleas-comarcales-de-asaja-palencia-2"]}]},{"@type":"ImageObject","inLanguage":"es","@id":"https:\/\/www.asajacyl.com\/palencia\/asaja-palencia-informa\/finalizan-las-asambleas-comarcales-de-asaja-palencia-2#primaryimage","url":"https:\/\/www.asajacyl.com\/palencia\/wp-content\/uploads\/sites\/3\/2023\/01\/AGUILAR-2023.jpg","contentUrl":"https:\/\/www.asajacyl.com\/palencia\/wp-content\/uploads\/sites\/3\/2023\/01\/AGUILAR-2023.jpg","width":2500,"height":1518},{"@type":"BreadcrumbList","@id":"https:\/\/www.asajacyl.com\/palencia\/asaja-palencia-informa\/finalizan-las-asambleas-comarcales-de-asaja-palencia-2#breadcrumb","itemListElement":[{"@type":"ListItem","position":1,"name":"Portada","item":"https:\/\/www.asajacyl.com\/palencia\/"},{"@type":"ListItem","position":2,"name":"Finalizan las Asambleas Comarcales de ASAJA-Palencia"}]},{"@type":"WebSite","@id":"https:\/\/www.asajacyl.com\/palencia\/#website","url":"https:\/\/www.asajacyl.com\/palencia\/","name":"ASAJA Palencia","description":"Otro sitio m\u00e1s de Provincias ASAJA Castilla y Le\u00f3n","potentialAction":[{"@type":"SearchAction","target":{"@type":"EntryPoint","urlTemplate":"https:\/\/www.asajacyl.com\/palencia\/?s={search_term_string}"},"query-input":{"@type":"PropertyValueSpecification","valueRequired":true,"valueName":"search_term_string"}}],"inLanguage":"es"},{"@type":"Person","@id":"https:\/\/www.asajacyl.com\/palencia\/#\/schema\/person\/3ab17aeb03527485c317557fae64aab1","name":"Administrador","image":{"@type":"ImageObject","inLanguage":"es","@id":"https:\/\/www.asajacyl.com\/palencia\/#\/schema\/person\/image\/","url":"https:\/\/secure.gravatar.com\/avatar\/517384810d242ca9e38c180f3c9fb973?s=96&d=mm&r=g","contentUrl":"https:\/\/secure.gravatar.com\/avatar\/517384810d242ca9e38c180f3c9fb973?s=96&d=mm&r=g","caption":"Administrador"},"url":"https:\/\/www.asajacyl.com\/palencia\/author\/carlosrm"}]}},"_links":{"self":[{"href":"https:\/\/www.asajacyl.com\/palencia\/wp-json\/wp\/v2\/posts\/12220"}],"collection":[{"href":"https:\/\/www.asajacyl.com\/palencia\/wp-json\/wp\/v2\/posts"}],"about":[{"href":"https:\/\/www.asajacyl.com\/palencia\/wp-json\/wp\/v2\/types\/post"}],"author":[{"embeddable":true,"href":"https:\/\/www.asajacyl.com\/palencia\/wp-json\/wp\/v2\/users\/9"}],"replies":[{"embeddable":true,"href":"https:\/\/www.asajacyl.com\/palencia\/wp-json\/wp\/v2\/comments?post=12220"}],"version-history":[{"count":1,"href":"https:\/\/www.asajacyl.com\/palencia\/wp-json\/wp\/v2\/posts\/12220\/revisions"}],"predecessor-version":[{"id":12223,"href":"https:\/\/www.asajacyl.com\/palencia\/wp-json\/wp\/v2\/posts\/12220\/revisions\/12223"}],"wp:featuredmedia":[{"embeddable":true,"href":"https:\/\/www.asajacyl.com\/palencia\/wp-json\/wp\/v2\/media\/12222"}],"wp:attachment":[{"href":"https:\/\/www.asajacyl.com\/palencia\/wp-json\/wp\/v2\/media?parent=12220"}],"wp:term":[{"taxonomy":"category","embeddable":true,"href":"https:\/\/www.asajacyl.com\/palencia\/wp-json\/wp\/v2\/categories?post=12220"},{"taxonomy":"post_tag","embeddable":true,"href":"https:\/\/www.asajacyl.com\/palencia\/wp-json\/wp\/v2\/tags?post=12220"}],"curies":[{"name":"wp","href":"https:\/\/api.w.org\/{rel}","templated":true}]}}