{"id":12224,"date":"2023-01-29T08:32:00","date_gmt":"2023-01-29T07:32:00","guid":{"rendered":"https:\/\/www.asajacyl.com\/palencia\/?p=12224"},"modified":"2023-01-30T08:09:27","modified_gmt":"2023-01-30T07:09:27","slug":"nueva-jornada-sobre-el-nuevo-sistema-de-cotizacion-de-autonomos-en-palencia","status":"publish","type":"post","link":"https:\/\/www.asajacyl.com\/palencia\/asaja-palencia-informa\/nueva-jornada-sobre-el-nuevo-sistema-de-cotizacion-de-autonomos-en-palencia","title":{"rendered":"Nueva jornada sobre el nuevo sistema de cotizaci\u00f3n de aut\u00f3nomos en Palencia"},"content":{"rendered":"\n<p>Esta semana ASAJA-Palencia ha realizado cinco charlas sobre el nuevo sistema de cotizaci\u00f3n de aut\u00f3nomos, donde se encuentra englobado el sector agrario. Las jornadas han sido impartidas por el responsable del departamento fiscal y laboral de ASAJA, Carlos Bay\u00f3n, y la demanda ha sido alt\u00edsima ya que han pasado por las Aulas de Formaci\u00f3n de ASAJA-Palencia m\u00e1s de trescientas personas a informarse sobre las novedades y el funcionamiento de la cotizaci\u00f3n a la Seguridad Social.<\/p>\n\n\n\n<p>Dada la alta demanda ASAJA realizar\u00e1 una nueva jornada el d\u00eda 1 de febrero en Palencia a las 11:30 horas en las Aulas de Formaci\u00f3n de ASAJA. Aquellos interesados deber\u00e1n llamar a la oficina para inscribirse.<\/p>\n\n\n\n<p>Adem\u00e1s, quedan varias jornadas a celebrar por la provincia: Cervera de Pisuerga, Aguilar de Campoo, Salda\u00f1a, Villada y Herrera de Pisuerga. Estas jornadas se celebrar\u00e1n entre los d\u00edas 6 y 9 de febrero, ambos inclusive.<\/p>\n","protected":false},"excerpt":{"rendered":"<p>Esta semana ASAJA-Palencia ha realizado cinco charlas sobre el nuevo sistema de cotizaci\u00f3n de aut\u00f3nomos, donde se encuentra englobado el sector agrario. Las jornadas han sido impartidas por el responsable del departamento fiscal y laboral de ASAJA, Carlos Bay\u00f3n, y la demanda ha sido alt\u00edsima ya que han pasado por las Aulas de Formaci\u00f3n de [&hellip;]<\/p>\n","protected":false},"author":9,"featured_media":12225,"comment_status":"open","ping_status":"open","sticky":false,"template":"","format":"standard","meta":{"footnotes":""},"categories":[9,29,28],"tags":[],"yoast_head":"<!-- This site is optimized with the Yoast SEO plugin v24.5 - https:\/\/yoast.com\/wordpress\/plugins\/seo\/ -->\n<title>Nueva jornada sobre el nuevo sistema de cotizaci\u00f3n de aut\u00f3nomos en Palencia - ASAJA Palencia<\/title>\n<meta name=\"description\" content=\"Esta semana ASAJA-Palencia ha realizado cinco charlas sobre el nuevo sistema de cotizaci\u00f3n de aut\u00f3nomos, donde se encuentra englobado el sector agrario.\" \/>\n<meta name=\"robots\" content=\"index, follow, max-snippet:-1, max-image-preview:large, max-video-preview:-1\" \/>\n<link rel=\"canonical\" href=\"https:\/\/www.asajacyl.com\/palencia\/asaja-palencia-informa\/nueva-jornada-sobre-el-nuevo-sistema-de-cotizacion-de-autonomos-en-palencia\" \/>\n<meta property=\"og:locale\" content=\"es_ES\" \/>\n<meta property=\"og:type\" content=\"article\" \/>\n<meta property=\"og:title\" content=\"Nueva jornada sobre el nuevo sistema de cotizaci\u00f3n de aut\u00f3nomos en Palencia - ASAJA Palencia\" \/>\n<meta property=\"og:description\" content=\"Esta semana ASAJA-Palencia ha realizado cinco charlas sobre el nuevo sistema de cotizaci\u00f3n de aut\u00f3nomos, donde se encuentra englobado el sector agrario.\" \/>\n<meta property=\"og:url\" content=\"https:\/\/www.asajacyl.com\/palencia\/asaja-palencia-informa\/nueva-jornada-sobre-el-nuevo-sistema-de-cotizacion-de-autonomos-en-palencia\" \/>\n<meta property=\"og:site_name\" content=\"ASAJA Palencia\" \/>\n<meta property=\"article:published_time\" content=\"2023-01-29T07:32:00+00:00\" \/>\n<meta property=\"article:modified_time\" content=\"2023-01-30T07:09:27+00:00\" \/>\n<meta property=\"og:image\" content=\"https:\/\/www.asajacyl.com\/palencia\/wp-content\/uploads\/sites\/3\/2023\/01\/CHARLAS-SEGURIDAD-SOCIAL-2.jpg\" \/>\n\t<meta property=\"og:image:width\" content=\"951\" \/>\n\t<meta property=\"og:image:height\" content=\"711\" \/>\n\t<meta property=\"og:image:type\" content=\"image\/jpeg\" \/>\n<meta name=\"author\" content=\"Administrador\" \/>\n<meta name=\"twitter:card\" content=\"summary_large_image\" \/>\n<meta name=\"twitter:label1\" content=\"Escrito por\" \/>\n\t<meta name=\"twitter:data1\" content=\"Administrador\" \/>\n\t<meta name=\"twitter:label2\" content=\"Tiempo de lectura\" \/>\n\t<meta name=\"twitter:data2\" content=\"1 minuto\" \/>\n<script type=\"application\/ld+json\" class=\"yoast-schema-graph\">{\"@context\":\"https:\/\/schema.org\",\"@graph\":[{\"@type\":\"WebPage\",\"@id\":\"https:\/\/www.asajacyl.com\/palencia\/asaja-palencia-informa\/nueva-jornada-sobre-el-nuevo-sistema-de-cotizacion-de-autonomos-en-palencia\",\"url\":\"https:\/\/www.asajacyl.com\/palencia\/asaja-palencia-informa\/nueva-jornada-sobre-el-nuevo-sistema-de-cotizacion-de-autonomos-en-palencia\",\"name\":\"Nueva jornada sobre el nuevo sistema de cotizaci\u00f3n de aut\u00f3nomos en Palencia - ASAJA Palencia\",\"isPartOf\":{\"@id\":\"https:\/\/www.asajacyl.com\/palencia\/#website\"},\"primaryImageOfPage\":{\"@id\":\"https:\/\/www.asajacyl.com\/palencia\/asaja-palencia-informa\/nueva-jornada-sobre-el-nuevo-sistema-de-cotizacion-de-autonomos-en-palencia#primaryimage\"},\"image\":{\"@id\":\"https:\/\/www.asajacyl.com\/palencia\/asaja-palencia-informa\/nueva-jornada-sobre-el-nuevo-sistema-de-cotizacion-de-autonomos-en-palencia#primaryimage\"},\"thumbnailUrl\":\"https:\/\/www.asajacyl.com\/palencia\/wp-content\/uploads\/sites\/3\/2023\/01\/CHARLAS-SEGURIDAD-SOCIAL-2.jpg\",\"datePublished\":\"2023-01-29T07:32:00+00:00\",\"dateModified\":\"2023-01-30T07:09:27+00:00\",\"author\":{\"@id\":\"https:\/\/www.asajacyl.com\/palencia\/#\/schema\/person\/3ab17aeb03527485c317557fae64aab1\"},\"description\":\"Esta semana ASAJA-Palencia ha realizado cinco charlas sobre el nuevo sistema de cotizaci\u00f3n de aut\u00f3nomos, donde se encuentra englobado el sector agrario.\",\"breadcrumb\":{\"@id\":\"https:\/\/www.asajacyl.com\/palencia\/asaja-palencia-informa\/nueva-jornada-sobre-el-nuevo-sistema-de-cotizacion-de-autonomos-en-palencia#breadcrumb\"},\"inLanguage\":\"es\",\"potentialAction\":[{\"@type\":\"ReadAction\",\"target\":[\"https:\/\/www.asajacyl.com\/palencia\/asaja-palencia-informa\/nueva-jornada-sobre-el-nuevo-sistema-de-cotizacion-de-autonomos-en-palencia\"]}]},{\"@type\":\"ImageObject\",\"inLanguage\":\"es\",\"@id\":\"https:\/\/www.asajacyl.com\/palencia\/asaja-palencia-informa\/nueva-jornada-sobre-el-nuevo-sistema-de-cotizacion-de-autonomos-en-palencia#primaryimage\",\"url\":\"https:\/\/www.asajacyl.com\/palencia\/wp-content\/uploads\/sites\/3\/2023\/01\/CHARLAS-SEGURIDAD-SOCIAL-2.jpg\",\"contentUrl\":\"https:\/\/www.asajacyl.com\/palencia\/wp-content\/uploads\/sites\/3\/2023\/01\/CHARLAS-SEGURIDAD-SOCIAL-2.jpg\",\"width\":951,\"height\":711},{\"@type\":\"BreadcrumbList\",\"@id\":\"https:\/\/www.asajacyl.com\/palencia\/asaja-palencia-informa\/nueva-jornada-sobre-el-nuevo-sistema-de-cotizacion-de-autonomos-en-palencia#breadcrumb\",\"itemListElement\":[{\"@type\":\"ListItem\",\"position\":1,\"name\":\"Portada\",\"item\":\"https:\/\/www.asajacyl.com\/palencia\/\"},{\"@type\":\"ListItem\",\"position\":2,\"name\":\"Nueva jornada sobre el nuevo sistema de cotizaci\u00f3n de aut\u00f3nomos en Palencia\"}]},{\"@type\":\"WebSite\",\"@id\":\"https:\/\/www.asajacyl.com\/palencia\/#website\",\"url\":\"https:\/\/www.asajacyl.com\/palencia\/\",\"name\":\"ASAJA Palencia\",\"description\":\"Otro sitio m\u00e1s de Provincias ASAJA Castilla y Le\u00f3n\",\"potentialAction\":[{\"@type\":\"SearchAction\",\"target\":{\"@type\":\"EntryPoint\",\"urlTemplate\":\"https:\/\/www.asajacyl.com\/palencia\/?s={search_term_string}\"},\"query-input\":{\"@type\":\"PropertyValueSpecification\",\"valueRequired\":true,\"valueName\":\"search_term_string\"}}],\"inLanguage\":\"es\"},{\"@type\":\"Person\",\"@id\":\"https:\/\/www.asajacyl.com\/palencia\/#\/schema\/person\/3ab17aeb03527485c317557fae64aab1\",\"name\":\"Administrador\",\"image\":{\"@type\":\"ImageObject\",\"inLanguage\":\"es\",\"@id\":\"https:\/\/www.asajacyl.com\/palencia\/#\/schema\/person\/image\/\",\"url\":\"https:\/\/secure.gravatar.com\/avatar\/517384810d242ca9e38c180f3c9fb973?s=96&d=mm&r=g\",\"contentUrl\":\"https:\/\/secure.gravatar.com\/avatar\/517384810d242ca9e38c180f3c9fb973?s=96&d=mm&r=g\",\"caption\":\"Administrador\"},\"url\":\"https:\/\/www.asajacyl.com\/palencia\/author\/carlosrm\"}]}<\/script>\n<!-- \/ Yoast SEO plugin. -->","yoast_head_json":{"title":"Nueva jornada sobre el nuevo sistema de cotizaci\u00f3n de aut\u00f3nomos en Palencia - ASAJA Palencia","description":"Esta semana ASAJA-Palencia ha realizado cinco charlas sobre el nuevo sistema de cotizaci\u00f3n de aut\u00f3nomos, donde se encuentra englobado el sector agrario.","robots":{"index":"index","follow":"follow","max-snippet":"max-snippet:-1","max-image-preview":"max-image-preview:large","max-video-preview":"max-video-preview:-1"},"canonical":"https:\/\/www.asajacyl.com\/palencia\/asaja-palencia-informa\/nueva-jornada-sobre-el-nuevo-sistema-de-cotizacion-de-autonomos-en-palencia","og_locale":"es_ES","og_type":"article","og_title":"Nueva jornada sobre el nuevo sistema de cotizaci\u00f3n de aut\u00f3nomos en Palencia - ASAJA Palencia","og_description":"Esta semana ASAJA-Palencia ha realizado cinco charlas sobre el nuevo sistema de cotizaci\u00f3n de aut\u00f3nomos, donde se encuentra englobado el sector agrario.","og_url":"https:\/\/www.asajacyl.com\/palencia\/asaja-palencia-informa\/nueva-jornada-sobre-el-nuevo-sistema-de-cotizacion-de-autonomos-en-palencia","og_site_name":"ASAJA Palencia","article_published_time":"2023-01-29T07:32:00+00:00","article_modified_time":"2023-01-30T07:09:27+00:00","og_image":[{"width":951,"height":711,"url":"https:\/\/www.asajacyl.com\/palencia\/wp-content\/uploads\/sites\/3\/2023\/01\/CHARLAS-SEGURIDAD-SOCIAL-2.jpg","type":"image\/jpeg"}],"author":"Administrador","twitter_card":"summary_large_image","twitter_misc":{"Escrito por":"Administrador","Tiempo de lectura":"1 minuto"},"schema":{"@context":"https:\/\/schema.org","@graph":[{"@type":"WebPage","@id":"https:\/\/www.asajacyl.com\/palencia\/asaja-palencia-informa\/nueva-jornada-sobre-el-nuevo-sistema-de-cotizacion-de-autonomos-en-palencia","url":"https:\/\/www.asajacyl.com\/palencia\/asaja-palencia-informa\/nueva-jornada-sobre-el-nuevo-sistema-de-cotizacion-de-autonomos-en-palencia","name":"Nueva jornada sobre el nuevo sistema de cotizaci\u00f3n de aut\u00f3nomos en Palencia - ASAJA Palencia","isPartOf":{"@id":"https:\/\/www.asajacyl.com\/palencia\/#website"},"primaryImageOfPage":{"@id":"https:\/\/www.asajacyl.com\/palencia\/asaja-palencia-informa\/nueva-jornada-sobre-el-nuevo-sistema-de-cotizacion-de-autonomos-en-palencia#primaryimage"},"image":{"@id":"https:\/\/www.asajacyl.com\/palencia\/asaja-palencia-informa\/nueva-jornada-sobre-el-nuevo-sistema-de-cotizacion-de-autonomos-en-palencia#primaryimage"},"thumbnailUrl":"https:\/\/www.asajacyl.com\/palencia\/wp-content\/uploads\/sites\/3\/2023\/01\/CHARLAS-SEGURIDAD-SOCIAL-2.jpg","datePublished":"2023-01-29T07:32:00+00:00","dateModified":"2023-01-30T07:09:27+00:00","author":{"@id":"https:\/\/www.asajacyl.com\/palencia\/#\/schema\/person\/3ab17aeb03527485c317557fae64aab1"},"description":"Esta semana ASAJA-Palencia ha realizado cinco charlas sobre el nuevo sistema de cotizaci\u00f3n de aut\u00f3nomos, donde se encuentra englobado el sector agrario.","breadcrumb":{"@id":"https:\/\/www.asajacyl.com\/palencia\/asaja-palencia-informa\/nueva-jornada-sobre-el-nuevo-sistema-de-cotizacion-de-autonomos-en-palencia#breadcrumb"},"inLanguage":"es","potentialAction":[{"@type":"ReadAction","target":["https:\/\/www.asajacyl.com\/palencia\/asaja-palencia-informa\/nueva-jornada-sobre-el-nuevo-sistema-de-cotizacion-de-autonomos-en-palencia"]}]},{"@type":"ImageObject","inLanguage":"es","@id":"https:\/\/www.asajacyl.com\/palencia\/asaja-palencia-informa\/nueva-jornada-sobre-el-nuevo-sistema-de-cotizacion-de-autonomos-en-palencia#primaryimage","url":"https:\/\/www.asajacyl.com\/palencia\/wp-content\/uploads\/sites\/3\/2023\/01\/CHARLAS-SEGURIDAD-SOCIAL-2.jpg","contentUrl":"https:\/\/www.asajacyl.com\/palencia\/wp-content\/uploads\/sites\/3\/2023\/01\/CHARLAS-SEGURIDAD-SOCIAL-2.jpg","width":951,"height":711},{"@type":"BreadcrumbList","@id":"https:\/\/www.asajacyl.com\/palencia\/asaja-palencia-informa\/nueva-jornada-sobre-el-nuevo-sistema-de-cotizacion-de-autonomos-en-palencia#breadcrumb","itemListElement":[{"@type":"ListItem","position":1,"name":"Portada","item":"https:\/\/www.asajacyl.com\/palencia\/"},{"@type":"ListItem","position":2,"name":"Nueva jornada sobre el nuevo sistema de cotizaci\u00f3n de aut\u00f3nomos en Palencia"}]},{"@type":"WebSite","@id":"https:\/\/www.asajacyl.com\/palencia\/#website","url":"https:\/\/www.asajacyl.com\/palencia\/","name":"ASAJA Palencia","description":"Otro sitio m\u00e1s de Provincias ASAJA Castilla y Le\u00f3n","potentialAction":[{"@type":"SearchAction","target":{"@type":"EntryPoint","urlTemplate":"https:\/\/www.asajacyl.com\/palencia\/?s={search_term_string}"},"query-input":{"@type":"PropertyValueSpecification","valueRequired":true,"valueName":"search_term_string"}}],"inLanguage":"es"},{"@type":"Person","@id":"https:\/\/www.asajacyl.com\/palencia\/#\/schema\/person\/3ab17aeb03527485c317557fae64aab1","name":"Administrador","image":{"@type":"ImageObject","inLanguage":"es","@id":"https:\/\/www.asajacyl.com\/palencia\/#\/schema\/person\/image\/","url":"https:\/\/secure.gravatar.com\/avatar\/517384810d242ca9e38c180f3c9fb973?s=96&d=mm&r=g","contentUrl":"https:\/\/secure.gravatar.com\/avatar\/517384810d242ca9e38c180f3c9fb973?s=96&d=mm&r=g","caption":"Administrador"},"url":"https:\/\/www.asajacyl.com\/palencia\/author\/carlosrm"}]}},"_links":{"self":[{"href":"https:\/\/www.asajacyl.com\/palencia\/wp-json\/wp\/v2\/posts\/12224"}],"collection":[{"href":"https:\/\/www.asajacyl.com\/palencia\/wp-json\/wp\/v2\/posts"}],"about":[{"href":"https:\/\/www.asajacyl.com\/palencia\/wp-json\/wp\/v2\/types\/post"}],"author":[{"embeddable":true,"href":"https:\/\/www.asajacyl.com\/palencia\/wp-json\/wp\/v2\/users\/9"}],"replies":[{"embeddable":true,"href":"https:\/\/www.asajacyl.com\/palencia\/wp-json\/wp\/v2\/comments?post=12224"}],"version-history":[{"count":2,"href":"https:\/\/www.asajacyl.com\/palencia\/wp-json\/wp\/v2\/posts\/12224\/revisions"}],"predecessor-version":[{"id":12236,"href":"https:\/\/www.asajacyl.com\/palencia\/wp-json\/wp\/v2\/posts\/12224\/revisions\/12236"}],"wp:featuredmedia":[{"embeddable":true,"href":"https:\/\/www.asajacyl.com\/palencia\/wp-json\/wp\/v2\/media\/12225"}],"wp:attachment":[{"href":"https:\/\/www.asajacyl.com\/palencia\/wp-json\/wp\/v2\/media?parent=12224"}],"wp:term":[{"taxonomy":"category","embeddable":true,"href":"https:\/\/www.asajacyl.com\/palencia\/wp-json\/wp\/v2\/categories?post=12224"},{"taxonomy":"post_tag","embeddable":true,"href":"https:\/\/www.asajacyl.com\/palencia\/wp-json\/wp\/v2\/tags?post=12224"}],"curies":[{"name":"wp","href":"https:\/\/api.w.org\/{rel}","templated":true}]}}