{"id":12250,"date":"2023-02-03T09:16:04","date_gmt":"2023-02-03T08:16:04","guid":{"rendered":"https:\/\/www.asajacyl.com\/palencia\/?p=12250"},"modified":"2023-02-03T09:16:07","modified_gmt":"2023-02-03T08:16:07","slug":"asaja-solicita-que-se-agilice-la-convocatoria-de-cursos-de-incorporacion","status":"publish","type":"post","link":"https:\/\/www.asajacyl.com\/palencia\/asaja-palencia-informa\/asaja-solicita-que-se-agilice-la-convocatoria-de-cursos-de-incorporacion","title":{"rendered":"ASAJA solicita que se agilice la convocatoria de cursos de incorporaci\u00f3n"},"content":{"rendered":"\n<p>Estos d\u00edas concluyen en Castilla y Le\u00f3n los \u00faltimos cursos de incorporaci\u00f3n a la Empresa Agraria iniciados el a\u00f1o pasado e incluidos en el plan formativo de 2022. A lo largo del mes de febrero la Consejer\u00eda de Agricultura, Ganader\u00eda y Desarrollo Rural completar\u00e1 los tr\u00e1mites administrativos, y seguidamente se espera que se publique una nueva convocatoria, ya dentro del nuevo plan de formaci\u00f3n agraria y ganadera.<br>ASAJA ha pedido a la Junta que la nueva convocatoria se publique lo antes posible, porque a fecha de hoy ya existe una lista de espera de m\u00e1s de cien j\u00f3venes interesados en preparar este curso con nuestra organizaci\u00f3n, tanto en modalidad online como presencial. Hay que tener en cuenta que muchos de ellos necesitan superar el curso (de casi tres meses) antes de que finalice el plazo de la PAC, para optar a derechos.<\/p>\n\n\n\n<p>Recordamos que ASAJA es la organizaci\u00f3n profesional agraria que m\u00e1s j\u00f3venes incorpora cada a\u00f1o. Nuestro equipo de profesorado est\u00e1 especializado y ayuda en todo momento a los que comienzan realizando el curso, y nuestros t\u00e9cnicos tutelan los primeros pasos en la agricultura y ganader\u00eda de los j\u00f3venes, facilitando todos los tr\u00e1mites para la obtenci\u00f3n de la ayuda a la incorporaci\u00f3n as\u00ed como un asesoramiento completo para que tengan \u00e9xito en su proyecto.<\/p>\n\n\n\n<p>Desde aqu\u00ed recordamos a todos los interesados que en nuestra red de oficinas de ASAJA en Castilla y Le\u00f3n les mantenemos informados sobre el tema. Recibir\u00e1n toda la informaci\u00f3n al respecto y estar\u00e1n tranquilos, sabiendo que en cuanto se abra el plazo se les avisar\u00e1 sobre el comienzo de las clases.<\/p>\n","protected":false},"excerpt":{"rendered":"<p>Estos d\u00edas concluyen en Castilla y Le\u00f3n los \u00faltimos cursos de incorporaci\u00f3n a la Empresa Agraria iniciados el a\u00f1o pasado e incluidos en el plan formativo de 2022. A lo largo del mes de febrero la Consejer\u00eda de Agricultura, Ganader\u00eda y Desarrollo Rural completar\u00e1 los tr\u00e1mites administrativos, y seguidamente se espera que se publique una [&hellip;]<\/p>\n","protected":false},"author":9,"featured_media":6098,"comment_status":"open","ping_status":"open","sticky":false,"template":"","format":"standard","meta":{"footnotes":""},"categories":[9,29,28],"tags":[],"yoast_head":"<!-- This site is optimized with the Yoast SEO plugin v24.5 - https:\/\/yoast.com\/wordpress\/plugins\/seo\/ -->\n<title>ASAJA solicita que se agilice la convocatoria de cursos de incorporaci\u00f3n - ASAJA Palencia<\/title>\n<meta name=\"description\" content=\"Estos d\u00edas concluyen en Castilla y Le\u00f3n los \u00faltimos cursos de incorporaci\u00f3n a la Empresa Agraria iniciados el a\u00f1o pasado e incluidos en el plan formativo\" \/>\n<meta name=\"robots\" content=\"index, follow, max-snippet:-1, max-image-preview:large, max-video-preview:-1\" \/>\n<link rel=\"canonical\" href=\"https:\/\/www.asajacyl.com\/palencia\/asaja-palencia-informa\/asaja-solicita-que-se-agilice-la-convocatoria-de-cursos-de-incorporacion\" \/>\n<meta property=\"og:locale\" content=\"es_ES\" \/>\n<meta property=\"og:type\" content=\"article\" \/>\n<meta property=\"og:title\" content=\"ASAJA solicita que se agilice la convocatoria de cursos de incorporaci\u00f3n - ASAJA Palencia\" \/>\n<meta property=\"og:description\" content=\"Estos d\u00edas concluyen en Castilla y Le\u00f3n los \u00faltimos cursos de incorporaci\u00f3n a la Empresa Agraria iniciados el a\u00f1o pasado e incluidos en el plan formativo\" \/>\n<meta property=\"og:url\" content=\"https:\/\/www.asajacyl.com\/palencia\/asaja-palencia-informa\/asaja-solicita-que-se-agilice-la-convocatoria-de-cursos-de-incorporacion\" \/>\n<meta property=\"og:site_name\" content=\"ASAJA Palencia\" \/>\n<meta property=\"article:published_time\" content=\"2023-02-03T08:16:04+00:00\" \/>\n<meta property=\"article:modified_time\" content=\"2023-02-03T08:16:07+00:00\" \/>\n<meta property=\"og:image\" content=\"https:\/\/www.asajacyl.com\/palencia\/wp-content\/uploads\/sites\/3\/2019\/04\/grupo-palencia-congreso-j\u00f3venes-1.jpg\" \/>\n\t<meta property=\"og:image:width\" content=\"1328\" \/>\n\t<meta property=\"og:image:height\" content=\"747\" \/>\n\t<meta property=\"og:image:type\" content=\"image\/jpeg\" \/>\n<meta name=\"author\" content=\"Administrador\" \/>\n<meta name=\"twitter:card\" content=\"summary_large_image\" \/>\n<meta name=\"twitter:label1\" content=\"Escrito por\" \/>\n\t<meta name=\"twitter:data1\" content=\"Administrador\" \/>\n\t<meta name=\"twitter:label2\" content=\"Tiempo de lectura\" \/>\n\t<meta name=\"twitter:data2\" content=\"2 minutos\" \/>\n<script type=\"application\/ld+json\" class=\"yoast-schema-graph\">{\"@context\":\"https:\/\/schema.org\",\"@graph\":[{\"@type\":\"WebPage\",\"@id\":\"https:\/\/www.asajacyl.com\/palencia\/asaja-palencia-informa\/asaja-solicita-que-se-agilice-la-convocatoria-de-cursos-de-incorporacion\",\"url\":\"https:\/\/www.asajacyl.com\/palencia\/asaja-palencia-informa\/asaja-solicita-que-se-agilice-la-convocatoria-de-cursos-de-incorporacion\",\"name\":\"ASAJA solicita que se agilice la convocatoria de cursos de incorporaci\u00f3n - ASAJA Palencia\",\"isPartOf\":{\"@id\":\"https:\/\/www.asajacyl.com\/palencia\/#website\"},\"primaryImageOfPage\":{\"@id\":\"https:\/\/www.asajacyl.com\/palencia\/asaja-palencia-informa\/asaja-solicita-que-se-agilice-la-convocatoria-de-cursos-de-incorporacion#primaryimage\"},\"image\":{\"@id\":\"https:\/\/www.asajacyl.com\/palencia\/asaja-palencia-informa\/asaja-solicita-que-se-agilice-la-convocatoria-de-cursos-de-incorporacion#primaryimage\"},\"thumbnailUrl\":\"https:\/\/www.asajacyl.com\/palencia\/wp-content\/uploads\/sites\/3\/2019\/04\/grupo-palencia-congreso-j\u00f3venes-1.jpg\",\"datePublished\":\"2023-02-03T08:16:04+00:00\",\"dateModified\":\"2023-02-03T08:16:07+00:00\",\"author\":{\"@id\":\"https:\/\/www.asajacyl.com\/palencia\/#\/schema\/person\/3ab17aeb03527485c317557fae64aab1\"},\"description\":\"Estos d\u00edas concluyen en Castilla y Le\u00f3n los \u00faltimos cursos de incorporaci\u00f3n a la Empresa Agraria iniciados el a\u00f1o pasado e incluidos en el plan formativo\",\"breadcrumb\":{\"@id\":\"https:\/\/www.asajacyl.com\/palencia\/asaja-palencia-informa\/asaja-solicita-que-se-agilice-la-convocatoria-de-cursos-de-incorporacion#breadcrumb\"},\"inLanguage\":\"es\",\"potentialAction\":[{\"@type\":\"ReadAction\",\"target\":[\"https:\/\/www.asajacyl.com\/palencia\/asaja-palencia-informa\/asaja-solicita-que-se-agilice-la-convocatoria-de-cursos-de-incorporacion\"]}]},{\"@type\":\"ImageObject\",\"inLanguage\":\"es\",\"@id\":\"https:\/\/www.asajacyl.com\/palencia\/asaja-palencia-informa\/asaja-solicita-que-se-agilice-la-convocatoria-de-cursos-de-incorporacion#primaryimage\",\"url\":\"https:\/\/www.asajacyl.com\/palencia\/wp-content\/uploads\/sites\/3\/2019\/04\/grupo-palencia-congreso-j\u00f3venes-1.jpg\",\"contentUrl\":\"https:\/\/www.asajacyl.com\/palencia\/wp-content\/uploads\/sites\/3\/2019\/04\/grupo-palencia-congreso-j\u00f3venes-1.jpg\",\"width\":1328,\"height\":747},{\"@type\":\"BreadcrumbList\",\"@id\":\"https:\/\/www.asajacyl.com\/palencia\/asaja-palencia-informa\/asaja-solicita-que-se-agilice-la-convocatoria-de-cursos-de-incorporacion#breadcrumb\",\"itemListElement\":[{\"@type\":\"ListItem\",\"position\":1,\"name\":\"Portada\",\"item\":\"https:\/\/www.asajacyl.com\/palencia\/\"},{\"@type\":\"ListItem\",\"position\":2,\"name\":\"ASAJA solicita que se agilice la convocatoria de cursos de incorporaci\u00f3n\"}]},{\"@type\":\"WebSite\",\"@id\":\"https:\/\/www.asajacyl.com\/palencia\/#website\",\"url\":\"https:\/\/www.asajacyl.com\/palencia\/\",\"name\":\"ASAJA Palencia\",\"description\":\"Otro sitio m\u00e1s de Provincias ASAJA Castilla y Le\u00f3n\",\"potentialAction\":[{\"@type\":\"SearchAction\",\"target\":{\"@type\":\"EntryPoint\",\"urlTemplate\":\"https:\/\/www.asajacyl.com\/palencia\/?s={search_term_string}\"},\"query-input\":{\"@type\":\"PropertyValueSpecification\",\"valueRequired\":true,\"valueName\":\"search_term_string\"}}],\"inLanguage\":\"es\"},{\"@type\":\"Person\",\"@id\":\"https:\/\/www.asajacyl.com\/palencia\/#\/schema\/person\/3ab17aeb03527485c317557fae64aab1\",\"name\":\"Administrador\",\"image\":{\"@type\":\"ImageObject\",\"inLanguage\":\"es\",\"@id\":\"https:\/\/www.asajacyl.com\/palencia\/#\/schema\/person\/image\/\",\"url\":\"https:\/\/secure.gravatar.com\/avatar\/517384810d242ca9e38c180f3c9fb973?s=96&d=mm&r=g\",\"contentUrl\":\"https:\/\/secure.gravatar.com\/avatar\/517384810d242ca9e38c180f3c9fb973?s=96&d=mm&r=g\",\"caption\":\"Administrador\"},\"url\":\"https:\/\/www.asajacyl.com\/palencia\/author\/carlosrm\"}]}<\/script>\n<!-- \/ Yoast SEO plugin. -->","yoast_head_json":{"title":"ASAJA solicita que se agilice la convocatoria de cursos de incorporaci\u00f3n - ASAJA Palencia","description":"Estos d\u00edas concluyen en Castilla y Le\u00f3n los \u00faltimos cursos de incorporaci\u00f3n a la Empresa Agraria iniciados el a\u00f1o pasado e incluidos en el plan formativo","robots":{"index":"index","follow":"follow","max-snippet":"max-snippet:-1","max-image-preview":"max-image-preview:large","max-video-preview":"max-video-preview:-1"},"canonical":"https:\/\/www.asajacyl.com\/palencia\/asaja-palencia-informa\/asaja-solicita-que-se-agilice-la-convocatoria-de-cursos-de-incorporacion","og_locale":"es_ES","og_type":"article","og_title":"ASAJA solicita que se agilice la convocatoria de cursos de incorporaci\u00f3n - ASAJA Palencia","og_description":"Estos d\u00edas concluyen en Castilla y Le\u00f3n los \u00faltimos cursos de incorporaci\u00f3n a la Empresa Agraria iniciados el a\u00f1o pasado e incluidos en el plan formativo","og_url":"https:\/\/www.asajacyl.com\/palencia\/asaja-palencia-informa\/asaja-solicita-que-se-agilice-la-convocatoria-de-cursos-de-incorporacion","og_site_name":"ASAJA Palencia","article_published_time":"2023-02-03T08:16:04+00:00","article_modified_time":"2023-02-03T08:16:07+00:00","og_image":[{"width":1328,"height":747,"url":"https:\/\/www.asajacyl.com\/palencia\/wp-content\/uploads\/sites\/3\/2019\/04\/grupo-palencia-congreso-j\u00f3venes-1.jpg","type":"image\/jpeg"}],"author":"Administrador","twitter_card":"summary_large_image","twitter_misc":{"Escrito por":"Administrador","Tiempo de lectura":"2 minutos"},"schema":{"@context":"https:\/\/schema.org","@graph":[{"@type":"WebPage","@id":"https:\/\/www.asajacyl.com\/palencia\/asaja-palencia-informa\/asaja-solicita-que-se-agilice-la-convocatoria-de-cursos-de-incorporacion","url":"https:\/\/www.asajacyl.com\/palencia\/asaja-palencia-informa\/asaja-solicita-que-se-agilice-la-convocatoria-de-cursos-de-incorporacion","name":"ASAJA solicita que se agilice la convocatoria de cursos de incorporaci\u00f3n - ASAJA Palencia","isPartOf":{"@id":"https:\/\/www.asajacyl.com\/palencia\/#website"},"primaryImageOfPage":{"@id":"https:\/\/www.asajacyl.com\/palencia\/asaja-palencia-informa\/asaja-solicita-que-se-agilice-la-convocatoria-de-cursos-de-incorporacion#primaryimage"},"image":{"@id":"https:\/\/www.asajacyl.com\/palencia\/asaja-palencia-informa\/asaja-solicita-que-se-agilice-la-convocatoria-de-cursos-de-incorporacion#primaryimage"},"thumbnailUrl":"https:\/\/www.asajacyl.com\/palencia\/wp-content\/uploads\/sites\/3\/2019\/04\/grupo-palencia-congreso-j\u00f3venes-1.jpg","datePublished":"2023-02-03T08:16:04+00:00","dateModified":"2023-02-03T08:16:07+00:00","author":{"@id":"https:\/\/www.asajacyl.com\/palencia\/#\/schema\/person\/3ab17aeb03527485c317557fae64aab1"},"description":"Estos d\u00edas concluyen en Castilla y Le\u00f3n los \u00faltimos cursos de incorporaci\u00f3n a la Empresa Agraria iniciados el a\u00f1o pasado e incluidos en el plan formativo","breadcrumb":{"@id":"https:\/\/www.asajacyl.com\/palencia\/asaja-palencia-informa\/asaja-solicita-que-se-agilice-la-convocatoria-de-cursos-de-incorporacion#breadcrumb"},"inLanguage":"es","potentialAction":[{"@type":"ReadAction","target":["https:\/\/www.asajacyl.com\/palencia\/asaja-palencia-informa\/asaja-solicita-que-se-agilice-la-convocatoria-de-cursos-de-incorporacion"]}]},{"@type":"ImageObject","inLanguage":"es","@id":"https:\/\/www.asajacyl.com\/palencia\/asaja-palencia-informa\/asaja-solicita-que-se-agilice-la-convocatoria-de-cursos-de-incorporacion#primaryimage","url":"https:\/\/www.asajacyl.com\/palencia\/wp-content\/uploads\/sites\/3\/2019\/04\/grupo-palencia-congreso-j\u00f3venes-1.jpg","contentUrl":"https:\/\/www.asajacyl.com\/palencia\/wp-content\/uploads\/sites\/3\/2019\/04\/grupo-palencia-congreso-j\u00f3venes-1.jpg","width":1328,"height":747},{"@type":"BreadcrumbList","@id":"https:\/\/www.asajacyl.com\/palencia\/asaja-palencia-informa\/asaja-solicita-que-se-agilice-la-convocatoria-de-cursos-de-incorporacion#breadcrumb","itemListElement":[{"@type":"ListItem","position":1,"name":"Portada","item":"https:\/\/www.asajacyl.com\/palencia\/"},{"@type":"ListItem","position":2,"name":"ASAJA solicita que se agilice la convocatoria de cursos de incorporaci\u00f3n"}]},{"@type":"WebSite","@id":"https:\/\/www.asajacyl.com\/palencia\/#website","url":"https:\/\/www.asajacyl.com\/palencia\/","name":"ASAJA Palencia","description":"Otro sitio m\u00e1s de Provincias ASAJA Castilla y Le\u00f3n","potentialAction":[{"@type":"SearchAction","target":{"@type":"EntryPoint","urlTemplate":"https:\/\/www.asajacyl.com\/palencia\/?s={search_term_string}"},"query-input":{"@type":"PropertyValueSpecification","valueRequired":true,"valueName":"search_term_string"}}],"inLanguage":"es"},{"@type":"Person","@id":"https:\/\/www.asajacyl.com\/palencia\/#\/schema\/person\/3ab17aeb03527485c317557fae64aab1","name":"Administrador","image":{"@type":"ImageObject","inLanguage":"es","@id":"https:\/\/www.asajacyl.com\/palencia\/#\/schema\/person\/image\/","url":"https:\/\/secure.gravatar.com\/avatar\/517384810d242ca9e38c180f3c9fb973?s=96&d=mm&r=g","contentUrl":"https:\/\/secure.gravatar.com\/avatar\/517384810d242ca9e38c180f3c9fb973?s=96&d=mm&r=g","caption":"Administrador"},"url":"https:\/\/www.asajacyl.com\/palencia\/author\/carlosrm"}]}},"_links":{"self":[{"href":"https:\/\/www.asajacyl.com\/palencia\/wp-json\/wp\/v2\/posts\/12250"}],"collection":[{"href":"https:\/\/www.asajacyl.com\/palencia\/wp-json\/wp\/v2\/posts"}],"about":[{"href":"https:\/\/www.asajacyl.com\/palencia\/wp-json\/wp\/v2\/types\/post"}],"author":[{"embeddable":true,"href":"https:\/\/www.asajacyl.com\/palencia\/wp-json\/wp\/v2\/users\/9"}],"replies":[{"embeddable":true,"href":"https:\/\/www.asajacyl.com\/palencia\/wp-json\/wp\/v2\/comments?post=12250"}],"version-history":[{"count":1,"href":"https:\/\/www.asajacyl.com\/palencia\/wp-json\/wp\/v2\/posts\/12250\/revisions"}],"predecessor-version":[{"id":12251,"href":"https:\/\/www.asajacyl.com\/palencia\/wp-json\/wp\/v2\/posts\/12250\/revisions\/12251"}],"wp:featuredmedia":[{"embeddable":true,"href":"https:\/\/www.asajacyl.com\/palencia\/wp-json\/wp\/v2\/media\/6098"}],"wp:attachment":[{"href":"https:\/\/www.asajacyl.com\/palencia\/wp-json\/wp\/v2\/media?parent=12250"}],"wp:term":[{"taxonomy":"category","embeddable":true,"href":"https:\/\/www.asajacyl.com\/palencia\/wp-json\/wp\/v2\/categories?post=12250"},{"taxonomy":"post_tag","embeddable":true,"href":"https:\/\/www.asajacyl.com\/palencia\/wp-json\/wp\/v2\/tags?post=12250"}],"curies":[{"name":"wp","href":"https:\/\/api.w.org\/{rel}","templated":true}]}}