{"id":12253,"date":"2023-02-06T10:53:56","date_gmt":"2023-02-06T09:53:56","guid":{"rendered":"https:\/\/www.asajacyl.com\/palencia\/?p=12253"},"modified":"2023-02-06T12:35:20","modified_gmt":"2023-02-06T11:35:20","slug":"12253","status":"publish","type":"post","link":"https:\/\/www.asajacyl.com\/palencia\/asaja-palencia-informa\/12253","title":{"rendered":"El SIGPAC ya est\u00e1 listo para la nueva PAC 2023"},"content":{"rendered":"\n<p>Desde el d\u00eda 1 de febrero se puede consultar en el SIGPAC la informaci\u00f3n en base a la que se van a declarar las superficies utilizadas para la tramitaci\u00f3n de la PAC 2023. La base de datos del SIGPAC se actualiza de forma relativamente constante pero buscando que no haya variaciones durante la tramitaci\u00f3n de la PAC, algo que ya ha ocurrido en alguna ocasi\u00f3n y genera un importante caos administrativo, se busca obtener una \u00abfoto fija\u00bb, que es lo que se acaba de publicar.<\/p>\n\n\n\n<p>Recuerda el Ministerio que las declaraciones PAC se deben realizar con la realidad del terreno y, si el SIGPAC no refleja la situaci\u00f3n real, se observa una mala delimitaci\u00f3n del terreno o ha cambiado el uso de alg\u00fan recinto, el agricultor deber\u00e1 solicitar una modificaci\u00f3n durante la tramitaci\u00f3n de la PAC.<\/p>\n\n\n\n<p>Para la campa\u00f1a 2023 hay diferentes novedades, algunas de las cuales son las siguientes:<\/p>\n\n\n\n<ul>\n<li>Capa de pastos comunales: Contiene la delimitaci\u00f3n gr\u00e1fica de las superficies de pastos utilizadas o al menos utilizables en com\u00fan.<\/li>\n\n\n\n<li>Capa de franjas de protecci\u00f3n de los cauces: Marca las distancias a cursos de agua, embalses, lagos y lagunas y servir\u00e1 para verificar el cumplimiento de la BCAM 4 en la nueva PAC (Creaci\u00f3n de franjas de protecci\u00f3n en los m\u00e1rgenes de los cursos de agua). Seg\u00fan indica el FEGA, esta capa del SIGPAC es provisional, de forma que se pueda depurar la informaci\u00f3n e ir consolid\u00e1ndola.<\/li>\n\n\n\n<li>Nuevo coeficiente de subvencionabilidad de pastos. Este coeficiente es el equivalente al CAP (Coeficiente de Admisibilidad de Pastos) y como novedad incluye la especie, lo cual afectar\u00e1 a la pastabilidad del tipo de vegetaci\u00f3n propia de la zona.<\/li>\n\n\n\n<li>Regi\u00f3n para la Ayuda B\u00e1sica a la Renta para la Sostenibilidad (ABRS). En octubre se public\u00f3 el dato provisional y ahora ya se cuenta con el dato definitivo de la regi\u00f3n asignada a cada recinto.<\/li>\n<\/ul>\n\n\n\n<p>La ortofoto que el SIGPAC tiene de la provincia de Palencia es del a\u00f1o 2020. <\/p>\n\n\n\n<p><\/p>\n","protected":false},"excerpt":{"rendered":"<p>Desde el d\u00eda 1 de febrero se puede consultar en el SIGPAC la informaci\u00f3n en base a la que se van a declarar las superficies utilizadas para la tramitaci\u00f3n de la PAC 2023. La base de datos del SIGPAC se actualiza de forma relativamente constante pero buscando que no haya variaciones durante la tramitaci\u00f3n de [&hellip;]<\/p>\n","protected":false},"author":9,"featured_media":12254,"comment_status":"open","ping_status":"open","sticky":false,"template":"","format":"standard","meta":{"footnotes":""},"categories":[9,29,28],"tags":[],"yoast_head":"<!-- This site is optimized with the Yoast SEO plugin v24.5 - https:\/\/yoast.com\/wordpress\/plugins\/seo\/ -->\n<title>El SIGPAC ya est\u00e1 listo para la nueva PAC 2023 - ASAJA Palencia<\/title>\n<meta name=\"description\" content=\"Desde el d\u00eda 1 de febrero se puede consultar en el SIGPAC la informaci\u00f3n en base a la que se van a declarar las superficies utilizadas para la tramitaci\u00f3n\" \/>\n<meta name=\"robots\" content=\"index, follow, max-snippet:-1, max-image-preview:large, max-video-preview:-1\" \/>\n<link rel=\"canonical\" href=\"https:\/\/www.asajacyl.com\/palencia\/asaja-palencia-informa\/12253\" \/>\n<meta property=\"og:locale\" content=\"es_ES\" \/>\n<meta property=\"og:type\" content=\"article\" \/>\n<meta property=\"og:title\" content=\"El SIGPAC ya est\u00e1 listo para la nueva PAC 2023 - ASAJA Palencia\" \/>\n<meta property=\"og:description\" content=\"Desde el d\u00eda 1 de febrero se puede consultar en el SIGPAC la informaci\u00f3n en base a la que se van a declarar las superficies utilizadas para la tramitaci\u00f3n\" \/>\n<meta property=\"og:url\" content=\"https:\/\/www.asajacyl.com\/palencia\/asaja-palencia-informa\/12253\" \/>\n<meta property=\"og:site_name\" content=\"ASAJA Palencia\" \/>\n<meta property=\"article:published_time\" content=\"2023-02-06T09:53:56+00:00\" \/>\n<meta property=\"article:modified_time\" content=\"2023-02-06T11:35:20+00:00\" \/>\n<meta property=\"og:image\" content=\"https:\/\/www.asajacyl.com\/palencia\/wp-content\/uploads\/sites\/3\/2023\/02\/SIGPAC.jpg\" \/>\n\t<meta property=\"og:image:width\" content=\"1621\" \/>\n\t<meta property=\"og:image:height\" content=\"1045\" \/>\n\t<meta property=\"og:image:type\" content=\"image\/jpeg\" \/>\n<meta name=\"author\" content=\"Administrador\" \/>\n<meta name=\"twitter:card\" content=\"summary_large_image\" \/>\n<meta name=\"twitter:label1\" content=\"Escrito por\" \/>\n\t<meta name=\"twitter:data1\" content=\"Administrador\" \/>\n\t<meta name=\"twitter:label2\" content=\"Tiempo de lectura\" \/>\n\t<meta name=\"twitter:data2\" content=\"2 minutos\" \/>\n<script type=\"application\/ld+json\" class=\"yoast-schema-graph\">{\"@context\":\"https:\/\/schema.org\",\"@graph\":[{\"@type\":\"WebPage\",\"@id\":\"https:\/\/www.asajacyl.com\/palencia\/asaja-palencia-informa\/12253\",\"url\":\"https:\/\/www.asajacyl.com\/palencia\/asaja-palencia-informa\/12253\",\"name\":\"El SIGPAC ya est\u00e1 listo para la nueva PAC 2023 - ASAJA Palencia\",\"isPartOf\":{\"@id\":\"https:\/\/www.asajacyl.com\/palencia\/#website\"},\"primaryImageOfPage\":{\"@id\":\"https:\/\/www.asajacyl.com\/palencia\/asaja-palencia-informa\/12253#primaryimage\"},\"image\":{\"@id\":\"https:\/\/www.asajacyl.com\/palencia\/asaja-palencia-informa\/12253#primaryimage\"},\"thumbnailUrl\":\"https:\/\/www.asajacyl.com\/palencia\/wp-content\/uploads\/sites\/3\/2023\/02\/SIGPAC.jpg\",\"datePublished\":\"2023-02-06T09:53:56+00:00\",\"dateModified\":\"2023-02-06T11:35:20+00:00\",\"author\":{\"@id\":\"https:\/\/www.asajacyl.com\/palencia\/#\/schema\/person\/3ab17aeb03527485c317557fae64aab1\"},\"description\":\"Desde el d\u00eda 1 de febrero se puede consultar en el SIGPAC la informaci\u00f3n en base a la que se van a declarar las superficies utilizadas para la tramitaci\u00f3n\",\"breadcrumb\":{\"@id\":\"https:\/\/www.asajacyl.com\/palencia\/asaja-palencia-informa\/12253#breadcrumb\"},\"inLanguage\":\"es\",\"potentialAction\":[{\"@type\":\"ReadAction\",\"target\":[\"https:\/\/www.asajacyl.com\/palencia\/asaja-palencia-informa\/12253\"]}]},{\"@type\":\"ImageObject\",\"inLanguage\":\"es\",\"@id\":\"https:\/\/www.asajacyl.com\/palencia\/asaja-palencia-informa\/12253#primaryimage\",\"url\":\"https:\/\/www.asajacyl.com\/palencia\/wp-content\/uploads\/sites\/3\/2023\/02\/SIGPAC.jpg\",\"contentUrl\":\"https:\/\/www.asajacyl.com\/palencia\/wp-content\/uploads\/sites\/3\/2023\/02\/SIGPAC.jpg\",\"width\":1621,\"height\":1045},{\"@type\":\"BreadcrumbList\",\"@id\":\"https:\/\/www.asajacyl.com\/palencia\/asaja-palencia-informa\/12253#breadcrumb\",\"itemListElement\":[{\"@type\":\"ListItem\",\"position\":1,\"name\":\"Portada\",\"item\":\"https:\/\/www.asajacyl.com\/palencia\/\"},{\"@type\":\"ListItem\",\"position\":2,\"name\":\"El SIGPAC ya est\u00e1 listo para la nueva PAC 2023\"}]},{\"@type\":\"WebSite\",\"@id\":\"https:\/\/www.asajacyl.com\/palencia\/#website\",\"url\":\"https:\/\/www.asajacyl.com\/palencia\/\",\"name\":\"ASAJA Palencia\",\"description\":\"Otro sitio m\u00e1s de Provincias ASAJA Castilla y Le\u00f3n\",\"potentialAction\":[{\"@type\":\"SearchAction\",\"target\":{\"@type\":\"EntryPoint\",\"urlTemplate\":\"https:\/\/www.asajacyl.com\/palencia\/?s={search_term_string}\"},\"query-input\":{\"@type\":\"PropertyValueSpecification\",\"valueRequired\":true,\"valueName\":\"search_term_string\"}}],\"inLanguage\":\"es\"},{\"@type\":\"Person\",\"@id\":\"https:\/\/www.asajacyl.com\/palencia\/#\/schema\/person\/3ab17aeb03527485c317557fae64aab1\",\"name\":\"Administrador\",\"image\":{\"@type\":\"ImageObject\",\"inLanguage\":\"es\",\"@id\":\"https:\/\/www.asajacyl.com\/palencia\/#\/schema\/person\/image\/\",\"url\":\"https:\/\/secure.gravatar.com\/avatar\/517384810d242ca9e38c180f3c9fb973?s=96&d=mm&r=g\",\"contentUrl\":\"https:\/\/secure.gravatar.com\/avatar\/517384810d242ca9e38c180f3c9fb973?s=96&d=mm&r=g\",\"caption\":\"Administrador\"},\"url\":\"https:\/\/www.asajacyl.com\/palencia\/author\/carlosrm\"}]}<\/script>\n<!-- \/ Yoast SEO plugin. -->","yoast_head_json":{"title":"El SIGPAC ya est\u00e1 listo para la nueva PAC 2023 - ASAJA Palencia","description":"Desde el d\u00eda 1 de febrero se puede consultar en el SIGPAC la informaci\u00f3n en base a la que se van a declarar las superficies utilizadas para la tramitaci\u00f3n","robots":{"index":"index","follow":"follow","max-snippet":"max-snippet:-1","max-image-preview":"max-image-preview:large","max-video-preview":"max-video-preview:-1"},"canonical":"https:\/\/www.asajacyl.com\/palencia\/asaja-palencia-informa\/12253","og_locale":"es_ES","og_type":"article","og_title":"El SIGPAC ya est\u00e1 listo para la nueva PAC 2023 - ASAJA Palencia","og_description":"Desde el d\u00eda 1 de febrero se puede consultar en el SIGPAC la informaci\u00f3n en base a la que se van a declarar las superficies utilizadas para la tramitaci\u00f3n","og_url":"https:\/\/www.asajacyl.com\/palencia\/asaja-palencia-informa\/12253","og_site_name":"ASAJA Palencia","article_published_time":"2023-02-06T09:53:56+00:00","article_modified_time":"2023-02-06T11:35:20+00:00","og_image":[{"width":1621,"height":1045,"url":"https:\/\/www.asajacyl.com\/palencia\/wp-content\/uploads\/sites\/3\/2023\/02\/SIGPAC.jpg","type":"image\/jpeg"}],"author":"Administrador","twitter_card":"summary_large_image","twitter_misc":{"Escrito por":"Administrador","Tiempo de lectura":"2 minutos"},"schema":{"@context":"https:\/\/schema.org","@graph":[{"@type":"WebPage","@id":"https:\/\/www.asajacyl.com\/palencia\/asaja-palencia-informa\/12253","url":"https:\/\/www.asajacyl.com\/palencia\/asaja-palencia-informa\/12253","name":"El SIGPAC ya est\u00e1 listo para la nueva PAC 2023 - ASAJA Palencia","isPartOf":{"@id":"https:\/\/www.asajacyl.com\/palencia\/#website"},"primaryImageOfPage":{"@id":"https:\/\/www.asajacyl.com\/palencia\/asaja-palencia-informa\/12253#primaryimage"},"image":{"@id":"https:\/\/www.asajacyl.com\/palencia\/asaja-palencia-informa\/12253#primaryimage"},"thumbnailUrl":"https:\/\/www.asajacyl.com\/palencia\/wp-content\/uploads\/sites\/3\/2023\/02\/SIGPAC.jpg","datePublished":"2023-02-06T09:53:56+00:00","dateModified":"2023-02-06T11:35:20+00:00","author":{"@id":"https:\/\/www.asajacyl.com\/palencia\/#\/schema\/person\/3ab17aeb03527485c317557fae64aab1"},"description":"Desde el d\u00eda 1 de febrero se puede consultar en el SIGPAC la informaci\u00f3n en base a la que se van a declarar las superficies utilizadas para la tramitaci\u00f3n","breadcrumb":{"@id":"https:\/\/www.asajacyl.com\/palencia\/asaja-palencia-informa\/12253#breadcrumb"},"inLanguage":"es","potentialAction":[{"@type":"ReadAction","target":["https:\/\/www.asajacyl.com\/palencia\/asaja-palencia-informa\/12253"]}]},{"@type":"ImageObject","inLanguage":"es","@id":"https:\/\/www.asajacyl.com\/palencia\/asaja-palencia-informa\/12253#primaryimage","url":"https:\/\/www.asajacyl.com\/palencia\/wp-content\/uploads\/sites\/3\/2023\/02\/SIGPAC.jpg","contentUrl":"https:\/\/www.asajacyl.com\/palencia\/wp-content\/uploads\/sites\/3\/2023\/02\/SIGPAC.jpg","width":1621,"height":1045},{"@type":"BreadcrumbList","@id":"https:\/\/www.asajacyl.com\/palencia\/asaja-palencia-informa\/12253#breadcrumb","itemListElement":[{"@type":"ListItem","position":1,"name":"Portada","item":"https:\/\/www.asajacyl.com\/palencia\/"},{"@type":"ListItem","position":2,"name":"El SIGPAC ya est\u00e1 listo para la nueva PAC 2023"}]},{"@type":"WebSite","@id":"https:\/\/www.asajacyl.com\/palencia\/#website","url":"https:\/\/www.asajacyl.com\/palencia\/","name":"ASAJA Palencia","description":"Otro sitio m\u00e1s de Provincias ASAJA Castilla y Le\u00f3n","potentialAction":[{"@type":"SearchAction","target":{"@type":"EntryPoint","urlTemplate":"https:\/\/www.asajacyl.com\/palencia\/?s={search_term_string}"},"query-input":{"@type":"PropertyValueSpecification","valueRequired":true,"valueName":"search_term_string"}}],"inLanguage":"es"},{"@type":"Person","@id":"https:\/\/www.asajacyl.com\/palencia\/#\/schema\/person\/3ab17aeb03527485c317557fae64aab1","name":"Administrador","image":{"@type":"ImageObject","inLanguage":"es","@id":"https:\/\/www.asajacyl.com\/palencia\/#\/schema\/person\/image\/","url":"https:\/\/secure.gravatar.com\/avatar\/517384810d242ca9e38c180f3c9fb973?s=96&d=mm&r=g","contentUrl":"https:\/\/secure.gravatar.com\/avatar\/517384810d242ca9e38c180f3c9fb973?s=96&d=mm&r=g","caption":"Administrador"},"url":"https:\/\/www.asajacyl.com\/palencia\/author\/carlosrm"}]}},"_links":{"self":[{"href":"https:\/\/www.asajacyl.com\/palencia\/wp-json\/wp\/v2\/posts\/12253"}],"collection":[{"href":"https:\/\/www.asajacyl.com\/palencia\/wp-json\/wp\/v2\/posts"}],"about":[{"href":"https:\/\/www.asajacyl.com\/palencia\/wp-json\/wp\/v2\/types\/post"}],"author":[{"embeddable":true,"href":"https:\/\/www.asajacyl.com\/palencia\/wp-json\/wp\/v2\/users\/9"}],"replies":[{"embeddable":true,"href":"https:\/\/www.asajacyl.com\/palencia\/wp-json\/wp\/v2\/comments?post=12253"}],"version-history":[{"count":2,"href":"https:\/\/www.asajacyl.com\/palencia\/wp-json\/wp\/v2\/posts\/12253\/revisions"}],"predecessor-version":[{"id":12258,"href":"https:\/\/www.asajacyl.com\/palencia\/wp-json\/wp\/v2\/posts\/12253\/revisions\/12258"}],"wp:featuredmedia":[{"embeddable":true,"href":"https:\/\/www.asajacyl.com\/palencia\/wp-json\/wp\/v2\/media\/12254"}],"wp:attachment":[{"href":"https:\/\/www.asajacyl.com\/palencia\/wp-json\/wp\/v2\/media?parent=12253"}],"wp:term":[{"taxonomy":"category","embeddable":true,"href":"https:\/\/www.asajacyl.com\/palencia\/wp-json\/wp\/v2\/categories?post=12253"},{"taxonomy":"post_tag","embeddable":true,"href":"https:\/\/www.asajacyl.com\/palencia\/wp-json\/wp\/v2\/tags?post=12253"}],"curies":[{"name":"wp","href":"https:\/\/api.w.org\/{rel}","templated":true}]}}