{"id":12259,"date":"2023-02-07T13:06:14","date_gmt":"2023-02-07T12:06:14","guid":{"rendered":"https:\/\/www.asajacyl.com\/palencia\/?p=12259"},"modified":"2023-02-06T13:10:28","modified_gmt":"2023-02-06T12:10:28","slug":"el-tiempo-de-los-indecisos","status":"publish","type":"post","link":"https:\/\/www.asajacyl.com\/palencia\/asaja-palencia-informa\/opinion-asaja\/el-tiempo-de-los-indecisos","title":{"rendered":"El tiempo de los indecisos"},"content":{"rendered":"\n<p><strong><em>Jos\u00e9 Antonio Turrado, secretario general de Asaja Castilla y Le\u00f3n<\/em><\/strong><\/p>\n\n\n\n<p>Ante un proceso electoral de elecciones agrarias como el que se va a celebrar el domingo 12 de febrero, los que somos socios militantes de una organizaci\u00f3n agraria no tenemos dudas de que vamos a votar a los nuestros y que vamos a ir a nuestra mesa electoral salvo causas de fuerza mayor de las que nadie estamos libres, pero si hace falta, hasta en ambulancia. La militancia es un grado m\u00e1s al de ser socio que paga cuota, militancia es defender en el bar los principios de tu organizaci\u00f3n, reconocer en p\u00fablico lo que la organizaci\u00f3n hace por uno y por todos, compartir la buena experiencia asociativa con los amigos, y llevar con orgullo una pegatina con las siglas en la luna del tractor. Militantes hay en todas las organizaciones, m\u00e1s en ASAJA porque tenemos m\u00e1s socios, pero los militantes, ni somos la mayor\u00eda, ni somos decisivos en el recuento de los votos.<\/p>\n\n\n\n<p>Despu\u00e9s est\u00e1n los socios, sin m\u00e1s, los que pagan la cuota y se comprometen lo justo. Comprometerse lo justo puede ser no apuntarse a los servicios que presta la organizaci\u00f3n o hacerlo de una manera muy selectiva, o no ser de los fijos en las movilizaciones, o ser de los que casi nunca participan. Son los que se separan de los corrillos en los que se habla de la organizaci\u00f3n, o de las organizaciones en plural, para no posicionarse y no dar la cara por las siglas. Algunos de estos socios est\u00e1n en ASAJA como podr\u00edan estar en otro sitio, y su actitud, muy habitual, es ponerse de perfil. Estos socios, los no comprometidos, los m\u00e1s volubles, s\u00ed son decisivos en las elecciones agrarias del d\u00eda 12, porque hay que convencerles de la importancia del proceso, hay que convencerles para ir a votar, y hay que convencerles para que voten a ASAJA. Los tenemos que convencer demostrando lo que ASAJA ha hecho por ellos tanto en la vertiente representativa y reivindicativa, como en la vertiente de los servicios, les tenemos que recordar que los logros no han llegado solos, y que sin el \u201cparaguas\u201d de ASAJA les habr\u00eda ido peor.<\/p>\n\n\n\n<p>Por \u00faltimo, est\u00e1n el resto de votantes, los que no tienen relaci\u00f3n con organizaci\u00f3n alguna, o los muy desencantados con lo que reciben en la que est\u00e1n. En manos de este estrato de agricultores y ganaderos van a estar tambi\u00e9n los resultados electorales, tanto de participaci\u00f3n, como de respaldo a las diferentes siglas. Quiz\u00e1s los tiempos que nos toca vivir de crisis econ\u00f3mica vinculada a la guerra, y la puesta en marcha de una PAC muy lesiva y complicada, sirvan para que reflexionen sobre la importancia de la unidad del sector, sobre la importancia de respaldar a organizaciones profesionales y apol\u00edticas como ASAJA, y ese d\u00eda y para siempre, pasen a ser de los nuestros, de la gran familia de ASAJA. Para ello trabajaremos en este campa\u00f1a electoral y siempre.<\/p>\n","protected":false},"excerpt":{"rendered":"<p>Jos\u00e9 Antonio Turrado, secretario general de Asaja Castilla y Le\u00f3n Ante un proceso electoral de elecciones agrarias como el que se va a celebrar el domingo 12 de febrero, los que somos socios militantes de una organizaci\u00f3n agraria no tenemos dudas de que vamos a votar a los nuestros y que vamos a ir a [&hellip;]<\/p>\n","protected":false},"author":9,"featured_media":5827,"comment_status":"open","ping_status":"open","sticky":false,"template":"","format":"standard","meta":{"footnotes":""},"categories":[30],"tags":[],"yoast_head":"<!-- This site is optimized with the Yoast SEO plugin v24.5 - https:\/\/yoast.com\/wordpress\/plugins\/seo\/ -->\n<title>El tiempo de los indecisos - ASAJA Palencia<\/title>\n<meta name=\"description\" content=\"Jos\u00e9 Antonio Turrado, secretario general de Asaja Castilla y Le\u00f3n Ante un proceso electoral de elecciones agrarias como el que se va a celebrar el domingo\" \/>\n<meta name=\"robots\" content=\"index, follow, max-snippet:-1, max-image-preview:large, max-video-preview:-1\" \/>\n<link rel=\"canonical\" href=\"https:\/\/www.asajacyl.com\/palencia\/asaja-palencia-informa\/opinion-asaja\/el-tiempo-de-los-indecisos\" \/>\n<meta property=\"og:locale\" content=\"es_ES\" \/>\n<meta property=\"og:type\" content=\"article\" \/>\n<meta property=\"og:title\" content=\"El tiempo de los indecisos - ASAJA Palencia\" \/>\n<meta property=\"og:description\" content=\"Jos\u00e9 Antonio Turrado, secretario general de Asaja Castilla y Le\u00f3n Ante un proceso electoral de elecciones agrarias como el que se va a celebrar el domingo\" \/>\n<meta property=\"og:url\" content=\"https:\/\/www.asajacyl.com\/palencia\/asaja-palencia-informa\/opinion-asaja\/el-tiempo-de-los-indecisos\" \/>\n<meta property=\"og:site_name\" content=\"ASAJA Palencia\" \/>\n<meta property=\"article:published_time\" content=\"2023-02-07T12:06:14+00:00\" \/>\n<meta property=\"og:image\" content=\"https:\/\/www.asajacyl.com\/palencia\/wp-content\/uploads\/sites\/3\/2019\/01\/turrado-1.jpg\" \/>\n\t<meta property=\"og:image:width\" content=\"254\" \/>\n\t<meta property=\"og:image:height\" content=\"300\" \/>\n\t<meta property=\"og:image:type\" content=\"image\/jpeg\" \/>\n<meta name=\"author\" content=\"Administrador\" \/>\n<meta name=\"twitter:card\" content=\"summary_large_image\" \/>\n<meta name=\"twitter:label1\" content=\"Escrito por\" \/>\n\t<meta name=\"twitter:data1\" content=\"Administrador\" \/>\n\t<meta name=\"twitter:label2\" content=\"Tiempo de lectura\" \/>\n\t<meta name=\"twitter:data2\" content=\"3 minutos\" \/>\n<script type=\"application\/ld+json\" class=\"yoast-schema-graph\">{\"@context\":\"https:\/\/schema.org\",\"@graph\":[{\"@type\":\"WebPage\",\"@id\":\"https:\/\/www.asajacyl.com\/palencia\/asaja-palencia-informa\/opinion-asaja\/el-tiempo-de-los-indecisos\",\"url\":\"https:\/\/www.asajacyl.com\/palencia\/asaja-palencia-informa\/opinion-asaja\/el-tiempo-de-los-indecisos\",\"name\":\"El tiempo de los indecisos - ASAJA Palencia\",\"isPartOf\":{\"@id\":\"https:\/\/www.asajacyl.com\/palencia\/#website\"},\"primaryImageOfPage\":{\"@id\":\"https:\/\/www.asajacyl.com\/palencia\/asaja-palencia-informa\/opinion-asaja\/el-tiempo-de-los-indecisos#primaryimage\"},\"image\":{\"@id\":\"https:\/\/www.asajacyl.com\/palencia\/asaja-palencia-informa\/opinion-asaja\/el-tiempo-de-los-indecisos#primaryimage\"},\"thumbnailUrl\":\"https:\/\/www.asajacyl.com\/palencia\/wp-content\/uploads\/sites\/3\/2019\/01\/turrado-1.jpg\",\"datePublished\":\"2023-02-07T12:06:14+00:00\",\"author\":{\"@id\":\"https:\/\/www.asajacyl.com\/palencia\/#\/schema\/person\/3ab17aeb03527485c317557fae64aab1\"},\"description\":\"Jos\u00e9 Antonio Turrado, secretario general de Asaja Castilla y Le\u00f3n Ante un proceso electoral de elecciones agrarias como el que se va a celebrar el domingo\",\"breadcrumb\":{\"@id\":\"https:\/\/www.asajacyl.com\/palencia\/asaja-palencia-informa\/opinion-asaja\/el-tiempo-de-los-indecisos#breadcrumb\"},\"inLanguage\":\"es\",\"potentialAction\":[{\"@type\":\"ReadAction\",\"target\":[\"https:\/\/www.asajacyl.com\/palencia\/asaja-palencia-informa\/opinion-asaja\/el-tiempo-de-los-indecisos\"]}]},{\"@type\":\"ImageObject\",\"inLanguage\":\"es\",\"@id\":\"https:\/\/www.asajacyl.com\/palencia\/asaja-palencia-informa\/opinion-asaja\/el-tiempo-de-los-indecisos#primaryimage\",\"url\":\"https:\/\/www.asajacyl.com\/palencia\/wp-content\/uploads\/sites\/3\/2019\/01\/turrado-1.jpg\",\"contentUrl\":\"https:\/\/www.asajacyl.com\/palencia\/wp-content\/uploads\/sites\/3\/2019\/01\/turrado-1.jpg\",\"width\":254,\"height\":300},{\"@type\":\"BreadcrumbList\",\"@id\":\"https:\/\/www.asajacyl.com\/palencia\/asaja-palencia-informa\/opinion-asaja\/el-tiempo-de-los-indecisos#breadcrumb\",\"itemListElement\":[{\"@type\":\"ListItem\",\"position\":1,\"name\":\"Portada\",\"item\":\"https:\/\/www.asajacyl.com\/palencia\/\"},{\"@type\":\"ListItem\",\"position\":2,\"name\":\"El tiempo de los indecisos\"}]},{\"@type\":\"WebSite\",\"@id\":\"https:\/\/www.asajacyl.com\/palencia\/#website\",\"url\":\"https:\/\/www.asajacyl.com\/palencia\/\",\"name\":\"ASAJA Palencia\",\"description\":\"Otro sitio m\u00e1s de Provincias ASAJA Castilla y Le\u00f3n\",\"potentialAction\":[{\"@type\":\"SearchAction\",\"target\":{\"@type\":\"EntryPoint\",\"urlTemplate\":\"https:\/\/www.asajacyl.com\/palencia\/?s={search_term_string}\"},\"query-input\":{\"@type\":\"PropertyValueSpecification\",\"valueRequired\":true,\"valueName\":\"search_term_string\"}}],\"inLanguage\":\"es\"},{\"@type\":\"Person\",\"@id\":\"https:\/\/www.asajacyl.com\/palencia\/#\/schema\/person\/3ab17aeb03527485c317557fae64aab1\",\"name\":\"Administrador\",\"image\":{\"@type\":\"ImageObject\",\"inLanguage\":\"es\",\"@id\":\"https:\/\/www.asajacyl.com\/palencia\/#\/schema\/person\/image\/\",\"url\":\"https:\/\/secure.gravatar.com\/avatar\/517384810d242ca9e38c180f3c9fb973?s=96&d=mm&r=g\",\"contentUrl\":\"https:\/\/secure.gravatar.com\/avatar\/517384810d242ca9e38c180f3c9fb973?s=96&d=mm&r=g\",\"caption\":\"Administrador\"},\"url\":\"https:\/\/www.asajacyl.com\/palencia\/author\/carlosrm\"}]}<\/script>\n<!-- \/ Yoast SEO plugin. -->","yoast_head_json":{"title":"El tiempo de los indecisos - ASAJA Palencia","description":"Jos\u00e9 Antonio Turrado, secretario general de Asaja Castilla y Le\u00f3n Ante un proceso electoral de elecciones agrarias como el que se va a celebrar el domingo","robots":{"index":"index","follow":"follow","max-snippet":"max-snippet:-1","max-image-preview":"max-image-preview:large","max-video-preview":"max-video-preview:-1"},"canonical":"https:\/\/www.asajacyl.com\/palencia\/asaja-palencia-informa\/opinion-asaja\/el-tiempo-de-los-indecisos","og_locale":"es_ES","og_type":"article","og_title":"El tiempo de los indecisos - ASAJA Palencia","og_description":"Jos\u00e9 Antonio Turrado, secretario general de Asaja Castilla y Le\u00f3n Ante un proceso electoral de elecciones agrarias como el que se va a celebrar el domingo","og_url":"https:\/\/www.asajacyl.com\/palencia\/asaja-palencia-informa\/opinion-asaja\/el-tiempo-de-los-indecisos","og_site_name":"ASAJA Palencia","article_published_time":"2023-02-07T12:06:14+00:00","og_image":[{"width":254,"height":300,"url":"https:\/\/www.asajacyl.com\/palencia\/wp-content\/uploads\/sites\/3\/2019\/01\/turrado-1.jpg","type":"image\/jpeg"}],"author":"Administrador","twitter_card":"summary_large_image","twitter_misc":{"Escrito por":"Administrador","Tiempo de lectura":"3 minutos"},"schema":{"@context":"https:\/\/schema.org","@graph":[{"@type":"WebPage","@id":"https:\/\/www.asajacyl.com\/palencia\/asaja-palencia-informa\/opinion-asaja\/el-tiempo-de-los-indecisos","url":"https:\/\/www.asajacyl.com\/palencia\/asaja-palencia-informa\/opinion-asaja\/el-tiempo-de-los-indecisos","name":"El tiempo de los indecisos - ASAJA Palencia","isPartOf":{"@id":"https:\/\/www.asajacyl.com\/palencia\/#website"},"primaryImageOfPage":{"@id":"https:\/\/www.asajacyl.com\/palencia\/asaja-palencia-informa\/opinion-asaja\/el-tiempo-de-los-indecisos#primaryimage"},"image":{"@id":"https:\/\/www.asajacyl.com\/palencia\/asaja-palencia-informa\/opinion-asaja\/el-tiempo-de-los-indecisos#primaryimage"},"thumbnailUrl":"https:\/\/www.asajacyl.com\/palencia\/wp-content\/uploads\/sites\/3\/2019\/01\/turrado-1.jpg","datePublished":"2023-02-07T12:06:14+00:00","author":{"@id":"https:\/\/www.asajacyl.com\/palencia\/#\/schema\/person\/3ab17aeb03527485c317557fae64aab1"},"description":"Jos\u00e9 Antonio Turrado, secretario general de Asaja Castilla y Le\u00f3n Ante un proceso electoral de elecciones agrarias como el que se va a celebrar el domingo","breadcrumb":{"@id":"https:\/\/www.asajacyl.com\/palencia\/asaja-palencia-informa\/opinion-asaja\/el-tiempo-de-los-indecisos#breadcrumb"},"inLanguage":"es","potentialAction":[{"@type":"ReadAction","target":["https:\/\/www.asajacyl.com\/palencia\/asaja-palencia-informa\/opinion-asaja\/el-tiempo-de-los-indecisos"]}]},{"@type":"ImageObject","inLanguage":"es","@id":"https:\/\/www.asajacyl.com\/palencia\/asaja-palencia-informa\/opinion-asaja\/el-tiempo-de-los-indecisos#primaryimage","url":"https:\/\/www.asajacyl.com\/palencia\/wp-content\/uploads\/sites\/3\/2019\/01\/turrado-1.jpg","contentUrl":"https:\/\/www.asajacyl.com\/palencia\/wp-content\/uploads\/sites\/3\/2019\/01\/turrado-1.jpg","width":254,"height":300},{"@type":"BreadcrumbList","@id":"https:\/\/www.asajacyl.com\/palencia\/asaja-palencia-informa\/opinion-asaja\/el-tiempo-de-los-indecisos#breadcrumb","itemListElement":[{"@type":"ListItem","position":1,"name":"Portada","item":"https:\/\/www.asajacyl.com\/palencia\/"},{"@type":"ListItem","position":2,"name":"El tiempo de los indecisos"}]},{"@type":"WebSite","@id":"https:\/\/www.asajacyl.com\/palencia\/#website","url":"https:\/\/www.asajacyl.com\/palencia\/","name":"ASAJA Palencia","description":"Otro sitio m\u00e1s de Provincias ASAJA Castilla y Le\u00f3n","potentialAction":[{"@type":"SearchAction","target":{"@type":"EntryPoint","urlTemplate":"https:\/\/www.asajacyl.com\/palencia\/?s={search_term_string}"},"query-input":{"@type":"PropertyValueSpecification","valueRequired":true,"valueName":"search_term_string"}}],"inLanguage":"es"},{"@type":"Person","@id":"https:\/\/www.asajacyl.com\/palencia\/#\/schema\/person\/3ab17aeb03527485c317557fae64aab1","name":"Administrador","image":{"@type":"ImageObject","inLanguage":"es","@id":"https:\/\/www.asajacyl.com\/palencia\/#\/schema\/person\/image\/","url":"https:\/\/secure.gravatar.com\/avatar\/517384810d242ca9e38c180f3c9fb973?s=96&d=mm&r=g","contentUrl":"https:\/\/secure.gravatar.com\/avatar\/517384810d242ca9e38c180f3c9fb973?s=96&d=mm&r=g","caption":"Administrador"},"url":"https:\/\/www.asajacyl.com\/palencia\/author\/carlosrm"}]}},"_links":{"self":[{"href":"https:\/\/www.asajacyl.com\/palencia\/wp-json\/wp\/v2\/posts\/12259"}],"collection":[{"href":"https:\/\/www.asajacyl.com\/palencia\/wp-json\/wp\/v2\/posts"}],"about":[{"href":"https:\/\/www.asajacyl.com\/palencia\/wp-json\/wp\/v2\/types\/post"}],"author":[{"embeddable":true,"href":"https:\/\/www.asajacyl.com\/palencia\/wp-json\/wp\/v2\/users\/9"}],"replies":[{"embeddable":true,"href":"https:\/\/www.asajacyl.com\/palencia\/wp-json\/wp\/v2\/comments?post=12259"}],"version-history":[{"count":2,"href":"https:\/\/www.asajacyl.com\/palencia\/wp-json\/wp\/v2\/posts\/12259\/revisions"}],"predecessor-version":[{"id":12261,"href":"https:\/\/www.asajacyl.com\/palencia\/wp-json\/wp\/v2\/posts\/12259\/revisions\/12261"}],"wp:featuredmedia":[{"embeddable":true,"href":"https:\/\/www.asajacyl.com\/palencia\/wp-json\/wp\/v2\/media\/5827"}],"wp:attachment":[{"href":"https:\/\/www.asajacyl.com\/palencia\/wp-json\/wp\/v2\/media?parent=12259"}],"wp:term":[{"taxonomy":"category","embeddable":true,"href":"https:\/\/www.asajacyl.com\/palencia\/wp-json\/wp\/v2\/categories?post=12259"},{"taxonomy":"post_tag","embeddable":true,"href":"https:\/\/www.asajacyl.com\/palencia\/wp-json\/wp\/v2\/tags?post=12259"}],"curies":[{"name":"wp","href":"https:\/\/api.w.org\/{rel}","templated":true}]}}