{"id":12267,"date":"2023-02-14T07:59:51","date_gmt":"2023-02-14T06:59:51","guid":{"rendered":"https:\/\/www.asajacyl.com\/palencia\/?p=12267"},"modified":"2023-02-07T14:14:30","modified_gmt":"2023-02-07T13:14:30","slug":"el-impacto-de-la-nueva-subida-del-smi-sobre-la-actividad-agraria-sera-dramatico","status":"publish","type":"post","link":"https:\/\/www.asajacyl.com\/palencia\/asaja-palencia-informa\/el-impacto-de-la-nueva-subida-del-smi-sobre-la-actividad-agraria-sera-dramatico","title":{"rendered":"El impacto de la nueva subida del SMI sobre la actividad agraria ser\u00e1 dram\u00e1tico"},"content":{"rendered":"\n<p>Con la \u00faltima subida del SMI pactada por el Gobierno de Pedro Sanchez y los sindicatos CCOO y UGT, el Salario M\u00ednimo Interprofesional ha aumentado en 344 euros en los \u00faltimos cinco a\u00f1os, con el consiguiente incremento en las bases m\u00ednimas de cotizaci\u00f3n. A este disparado incremento de los costes salariales debemos a\u00f1adir los incrementos de precios de pr\u00e1cticamente todos los bienes de producci\u00f3n (semillas, fertilizantes, abonos, piensos y por supuesto combustibles y energ\u00eda). Con unos costes de producci\u00f3n desorbitados y sin margen de maniobra para poner precio a lo que los agricultores y ganaderos producen, la viabilidad del sector atraviesa un momento cr\u00edtico y se dispara el n\u00famero de explotaciones agrarias que se ven abocadas al cierre.<\/p>\n\n\n\n<p>Seg\u00fan datos del INE sobre el censo agrario, hasta diciembre de 2020 el sector hab\u00eda perdido 75.000 explotaciones agrarias en los diez a\u00f1os anteriores. A estos datos debemos a\u00f1adir los graves efectos que dej\u00f3 la pandemia en el sector y las consecuencias de la guerra de Ucrania que han provocado volatilidad en los mercados y un incremento desmesurados de los precios de materias primas. Teniendo en cuenta todo esto y seg\u00fan las estimaciones de ASAJA, a d\u00eda de hoy, el sector agrario ya ha superado las 80.000 explotaciones perdidas.<\/p>\n\n\n\n<p>Por lo que respecta al empleo en el sector y seg\u00fan datos de la Encuesta de Poblaci\u00f3n Activa (EPA) del ministerio de Trabajo, en el \u00faltimo a\u00f1o la ocupaci\u00f3n en el campo ha disminuido en 86.900 trabajadores, es decir un 10,34% menos. Seg\u00fan los datos que maneja ASAJA, solo con los efectos de la anterior subida del SMI (febrero 2022) se perdieron 25.000 empleos en el campo.<\/p>\n\n\n\n<p>Las consecuencias de esta nueva subida est\u00e1n a\u00fan por ver pero podemos adelantar que va a tener una repercusi\u00f3n muy negativa en los convenios colectivos del campo que se est\u00e1n negociando a nivel provincial, ya que supone una intromisi\u00f3n del Gobierno en la independencia de la negociaci\u00f3n a la que resta margen de maniobra a sus leg\u00edtimos representantes (empresarios y trabajadores).<\/p>\n\n\n\n<p>Por otra parte, ASAJA advierte al Gobierno que este tipo de subidas reiteradas pueden conllevar otras, no tan deseadas, como son las subidas en el precio de los alimentos, algo que el propio Gobierno est\u00e1 intentando combatir con la reciente puesta en marcha de la bajada del IVA para algunos productos b\u00e1sicos de la cesta de la compra.<\/p>\n\n\n\n<p>Desde 2017, cuando el Salario M\u00ednimo Interprofesional estaba fijado en 707,70 euros (en nuestro vecino Portugal est\u00e1 en 760 euros para 2023) hasta hoy que asciende a los 1.080 euros, el sector ha soportado una subida global del SMI del 52,60%, sin que se hayan arbitrado compensaciones (deducciones o bonificaciones) que alivien las cargas sociales que soportan los empresarios agrarios, como hemos reclamado desde ASAJA en reiteradas ocasiones.<\/p>\n\n\n\n<p>ASAJA quiere dejar patente que no est\u00e1 en contra de que los trabajadores tengan un salario acorde a la realidad actual que vivimos, pero s\u00ed de que los empresarios agrarios soporten incremento tras incremento de los costes salariales (SMI, cotizaciones sociales, impuestos) sin ning\u00fan tipo de compensaci\u00f3n o ayuda para afrontar los mismos.<\/p>\n","protected":false},"excerpt":{"rendered":"<p>Con la \u00faltima subida del SMI pactada por el Gobierno de Pedro Sanchez y los sindicatos CCOO y UGT, el Salario M\u00ednimo Interprofesional ha aumentado en 344 euros en los \u00faltimos cinco a\u00f1os, con el consiguiente incremento en las bases m\u00ednimas de cotizaci\u00f3n. A este disparado incremento de los costes salariales debemos a\u00f1adir los incrementos [&hellip;]<\/p>\n","protected":false},"author":9,"featured_media":5154,"comment_status":"open","ping_status":"open","sticky":false,"template":"","format":"standard","meta":{"footnotes":""},"categories":[9,29,28],"tags":[],"yoast_head":"<!-- This site is optimized with the Yoast SEO plugin v24.5 - https:\/\/yoast.com\/wordpress\/plugins\/seo\/ -->\n<title>El impacto de la nueva subida del SMI sobre la actividad agraria ser\u00e1 dram\u00e1tico - ASAJA Palencia<\/title>\n<meta name=\"description\" content=\"Con la \u00faltima subida del SMI pactada por el Gobierno de Pedro Sanchez y los sindicatos CCOO y UGT, el Salario M\u00ednimo Interprofesional ha aumentado en 344\" \/>\n<meta name=\"robots\" content=\"index, follow, max-snippet:-1, max-image-preview:large, max-video-preview:-1\" \/>\n<link rel=\"canonical\" href=\"https:\/\/www.asajacyl.com\/palencia\/asaja-palencia-informa\/el-impacto-de-la-nueva-subida-del-smi-sobre-la-actividad-agraria-sera-dramatico\" \/>\n<meta property=\"og:locale\" content=\"es_ES\" \/>\n<meta property=\"og:type\" content=\"article\" \/>\n<meta property=\"og:title\" content=\"El impacto de la nueva subida del SMI sobre la actividad agraria ser\u00e1 dram\u00e1tico - ASAJA Palencia\" \/>\n<meta property=\"og:description\" content=\"Con la \u00faltima subida del SMI pactada por el Gobierno de Pedro Sanchez y los sindicatos CCOO y UGT, el Salario M\u00ednimo Interprofesional ha aumentado en 344\" \/>\n<meta property=\"og:url\" content=\"https:\/\/www.asajacyl.com\/palencia\/asaja-palencia-informa\/el-impacto-de-la-nueva-subida-del-smi-sobre-la-actividad-agraria-sera-dramatico\" \/>\n<meta property=\"og:site_name\" content=\"ASAJA Palencia\" \/>\n<meta property=\"article:published_time\" content=\"2023-02-14T06:59:51+00:00\" \/>\n<meta property=\"og:image\" content=\"https:\/\/www.asajacyl.com\/palencia\/wp-content\/uploads\/sites\/3\/2018\/05\/Orde\u00f1o-de-ovino.jpg\" \/>\n\t<meta property=\"og:image:width\" content=\"2500\" \/>\n\t<meta property=\"og:image:height\" content=\"1406\" \/>\n\t<meta property=\"og:image:type\" content=\"image\/jpeg\" \/>\n<meta name=\"author\" content=\"Administrador\" \/>\n<meta name=\"twitter:card\" content=\"summary_large_image\" \/>\n<meta name=\"twitter:label1\" content=\"Escrito por\" \/>\n\t<meta name=\"twitter:data1\" content=\"Administrador\" \/>\n\t<meta name=\"twitter:label2\" content=\"Tiempo de lectura\" \/>\n\t<meta name=\"twitter:data2\" content=\"3 minutos\" \/>\n<script type=\"application\/ld+json\" class=\"yoast-schema-graph\">{\"@context\":\"https:\/\/schema.org\",\"@graph\":[{\"@type\":\"WebPage\",\"@id\":\"https:\/\/www.asajacyl.com\/palencia\/asaja-palencia-informa\/el-impacto-de-la-nueva-subida-del-smi-sobre-la-actividad-agraria-sera-dramatico\",\"url\":\"https:\/\/www.asajacyl.com\/palencia\/asaja-palencia-informa\/el-impacto-de-la-nueva-subida-del-smi-sobre-la-actividad-agraria-sera-dramatico\",\"name\":\"El impacto de la nueva subida del SMI sobre la actividad agraria ser\u00e1 dram\u00e1tico - ASAJA Palencia\",\"isPartOf\":{\"@id\":\"https:\/\/www.asajacyl.com\/palencia\/#website\"},\"primaryImageOfPage\":{\"@id\":\"https:\/\/www.asajacyl.com\/palencia\/asaja-palencia-informa\/el-impacto-de-la-nueva-subida-del-smi-sobre-la-actividad-agraria-sera-dramatico#primaryimage\"},\"image\":{\"@id\":\"https:\/\/www.asajacyl.com\/palencia\/asaja-palencia-informa\/el-impacto-de-la-nueva-subida-del-smi-sobre-la-actividad-agraria-sera-dramatico#primaryimage\"},\"thumbnailUrl\":\"https:\/\/www.asajacyl.com\/palencia\/wp-content\/uploads\/sites\/3\/2018\/05\/Orde\u00f1o-de-ovino.jpg\",\"datePublished\":\"2023-02-14T06:59:51+00:00\",\"author\":{\"@id\":\"https:\/\/www.asajacyl.com\/palencia\/#\/schema\/person\/3ab17aeb03527485c317557fae64aab1\"},\"description\":\"Con la \u00faltima subida del SMI pactada por el Gobierno de Pedro Sanchez y los sindicatos CCOO y UGT, el Salario M\u00ednimo Interprofesional ha aumentado en 344\",\"breadcrumb\":{\"@id\":\"https:\/\/www.asajacyl.com\/palencia\/asaja-palencia-informa\/el-impacto-de-la-nueva-subida-del-smi-sobre-la-actividad-agraria-sera-dramatico#breadcrumb\"},\"inLanguage\":\"es\",\"potentialAction\":[{\"@type\":\"ReadAction\",\"target\":[\"https:\/\/www.asajacyl.com\/palencia\/asaja-palencia-informa\/el-impacto-de-la-nueva-subida-del-smi-sobre-la-actividad-agraria-sera-dramatico\"]}]},{\"@type\":\"ImageObject\",\"inLanguage\":\"es\",\"@id\":\"https:\/\/www.asajacyl.com\/palencia\/asaja-palencia-informa\/el-impacto-de-la-nueva-subida-del-smi-sobre-la-actividad-agraria-sera-dramatico#primaryimage\",\"url\":\"https:\/\/www.asajacyl.com\/palencia\/wp-content\/uploads\/sites\/3\/2018\/05\/Orde\u00f1o-de-ovino.jpg\",\"contentUrl\":\"https:\/\/www.asajacyl.com\/palencia\/wp-content\/uploads\/sites\/3\/2018\/05\/Orde\u00f1o-de-ovino.jpg\",\"width\":2500,\"height\":1406},{\"@type\":\"BreadcrumbList\",\"@id\":\"https:\/\/www.asajacyl.com\/palencia\/asaja-palencia-informa\/el-impacto-de-la-nueva-subida-del-smi-sobre-la-actividad-agraria-sera-dramatico#breadcrumb\",\"itemListElement\":[{\"@type\":\"ListItem\",\"position\":1,\"name\":\"Portada\",\"item\":\"https:\/\/www.asajacyl.com\/palencia\/\"},{\"@type\":\"ListItem\",\"position\":2,\"name\":\"El impacto de la nueva subida del SMI sobre la actividad agraria ser\u00e1 dram\u00e1tico\"}]},{\"@type\":\"WebSite\",\"@id\":\"https:\/\/www.asajacyl.com\/palencia\/#website\",\"url\":\"https:\/\/www.asajacyl.com\/palencia\/\",\"name\":\"ASAJA Palencia\",\"description\":\"Otro sitio m\u00e1s de Provincias ASAJA Castilla y Le\u00f3n\",\"potentialAction\":[{\"@type\":\"SearchAction\",\"target\":{\"@type\":\"EntryPoint\",\"urlTemplate\":\"https:\/\/www.asajacyl.com\/palencia\/?s={search_term_string}\"},\"query-input\":{\"@type\":\"PropertyValueSpecification\",\"valueRequired\":true,\"valueName\":\"search_term_string\"}}],\"inLanguage\":\"es\"},{\"@type\":\"Person\",\"@id\":\"https:\/\/www.asajacyl.com\/palencia\/#\/schema\/person\/3ab17aeb03527485c317557fae64aab1\",\"name\":\"Administrador\",\"image\":{\"@type\":\"ImageObject\",\"inLanguage\":\"es\",\"@id\":\"https:\/\/www.asajacyl.com\/palencia\/#\/schema\/person\/image\/\",\"url\":\"https:\/\/secure.gravatar.com\/avatar\/517384810d242ca9e38c180f3c9fb973?s=96&d=mm&r=g\",\"contentUrl\":\"https:\/\/secure.gravatar.com\/avatar\/517384810d242ca9e38c180f3c9fb973?s=96&d=mm&r=g\",\"caption\":\"Administrador\"},\"url\":\"https:\/\/www.asajacyl.com\/palencia\/author\/carlosrm\"}]}<\/script>\n<!-- \/ Yoast SEO plugin. -->","yoast_head_json":{"title":"El impacto de la nueva subida del SMI sobre la actividad agraria ser\u00e1 dram\u00e1tico - ASAJA Palencia","description":"Con la \u00faltima subida del SMI pactada por el Gobierno de Pedro Sanchez y los sindicatos CCOO y UGT, el Salario M\u00ednimo Interprofesional ha aumentado en 344","robots":{"index":"index","follow":"follow","max-snippet":"max-snippet:-1","max-image-preview":"max-image-preview:large","max-video-preview":"max-video-preview:-1"},"canonical":"https:\/\/www.asajacyl.com\/palencia\/asaja-palencia-informa\/el-impacto-de-la-nueva-subida-del-smi-sobre-la-actividad-agraria-sera-dramatico","og_locale":"es_ES","og_type":"article","og_title":"El impacto de la nueva subida del SMI sobre la actividad agraria ser\u00e1 dram\u00e1tico - ASAJA Palencia","og_description":"Con la \u00faltima subida del SMI pactada por el Gobierno de Pedro Sanchez y los sindicatos CCOO y UGT, el Salario M\u00ednimo Interprofesional ha aumentado en 344","og_url":"https:\/\/www.asajacyl.com\/palencia\/asaja-palencia-informa\/el-impacto-de-la-nueva-subida-del-smi-sobre-la-actividad-agraria-sera-dramatico","og_site_name":"ASAJA Palencia","article_published_time":"2023-02-14T06:59:51+00:00","og_image":[{"width":2500,"height":1406,"url":"https:\/\/www.asajacyl.com\/palencia\/wp-content\/uploads\/sites\/3\/2018\/05\/Orde\u00f1o-de-ovino.jpg","type":"image\/jpeg"}],"author":"Administrador","twitter_card":"summary_large_image","twitter_misc":{"Escrito por":"Administrador","Tiempo de lectura":"3 minutos"},"schema":{"@context":"https:\/\/schema.org","@graph":[{"@type":"WebPage","@id":"https:\/\/www.asajacyl.com\/palencia\/asaja-palencia-informa\/el-impacto-de-la-nueva-subida-del-smi-sobre-la-actividad-agraria-sera-dramatico","url":"https:\/\/www.asajacyl.com\/palencia\/asaja-palencia-informa\/el-impacto-de-la-nueva-subida-del-smi-sobre-la-actividad-agraria-sera-dramatico","name":"El impacto de la nueva subida del SMI sobre la actividad agraria ser\u00e1 dram\u00e1tico - ASAJA Palencia","isPartOf":{"@id":"https:\/\/www.asajacyl.com\/palencia\/#website"},"primaryImageOfPage":{"@id":"https:\/\/www.asajacyl.com\/palencia\/asaja-palencia-informa\/el-impacto-de-la-nueva-subida-del-smi-sobre-la-actividad-agraria-sera-dramatico#primaryimage"},"image":{"@id":"https:\/\/www.asajacyl.com\/palencia\/asaja-palencia-informa\/el-impacto-de-la-nueva-subida-del-smi-sobre-la-actividad-agraria-sera-dramatico#primaryimage"},"thumbnailUrl":"https:\/\/www.asajacyl.com\/palencia\/wp-content\/uploads\/sites\/3\/2018\/05\/Orde\u00f1o-de-ovino.jpg","datePublished":"2023-02-14T06:59:51+00:00","author":{"@id":"https:\/\/www.asajacyl.com\/palencia\/#\/schema\/person\/3ab17aeb03527485c317557fae64aab1"},"description":"Con la \u00faltima subida del SMI pactada por el Gobierno de Pedro Sanchez y los sindicatos CCOO y UGT, el Salario M\u00ednimo Interprofesional ha aumentado en 344","breadcrumb":{"@id":"https:\/\/www.asajacyl.com\/palencia\/asaja-palencia-informa\/el-impacto-de-la-nueva-subida-del-smi-sobre-la-actividad-agraria-sera-dramatico#breadcrumb"},"inLanguage":"es","potentialAction":[{"@type":"ReadAction","target":["https:\/\/www.asajacyl.com\/palencia\/asaja-palencia-informa\/el-impacto-de-la-nueva-subida-del-smi-sobre-la-actividad-agraria-sera-dramatico"]}]},{"@type":"ImageObject","inLanguage":"es","@id":"https:\/\/www.asajacyl.com\/palencia\/asaja-palencia-informa\/el-impacto-de-la-nueva-subida-del-smi-sobre-la-actividad-agraria-sera-dramatico#primaryimage","url":"https:\/\/www.asajacyl.com\/palencia\/wp-content\/uploads\/sites\/3\/2018\/05\/Orde\u00f1o-de-ovino.jpg","contentUrl":"https:\/\/www.asajacyl.com\/palencia\/wp-content\/uploads\/sites\/3\/2018\/05\/Orde\u00f1o-de-ovino.jpg","width":2500,"height":1406},{"@type":"BreadcrumbList","@id":"https:\/\/www.asajacyl.com\/palencia\/asaja-palencia-informa\/el-impacto-de-la-nueva-subida-del-smi-sobre-la-actividad-agraria-sera-dramatico#breadcrumb","itemListElement":[{"@type":"ListItem","position":1,"name":"Portada","item":"https:\/\/www.asajacyl.com\/palencia\/"},{"@type":"ListItem","position":2,"name":"El impacto de la nueva subida del SMI sobre la actividad agraria ser\u00e1 dram\u00e1tico"}]},{"@type":"WebSite","@id":"https:\/\/www.asajacyl.com\/palencia\/#website","url":"https:\/\/www.asajacyl.com\/palencia\/","name":"ASAJA Palencia","description":"Otro sitio m\u00e1s de Provincias ASAJA Castilla y Le\u00f3n","potentialAction":[{"@type":"SearchAction","target":{"@type":"EntryPoint","urlTemplate":"https:\/\/www.asajacyl.com\/palencia\/?s={search_term_string}"},"query-input":{"@type":"PropertyValueSpecification","valueRequired":true,"valueName":"search_term_string"}}],"inLanguage":"es"},{"@type":"Person","@id":"https:\/\/www.asajacyl.com\/palencia\/#\/schema\/person\/3ab17aeb03527485c317557fae64aab1","name":"Administrador","image":{"@type":"ImageObject","inLanguage":"es","@id":"https:\/\/www.asajacyl.com\/palencia\/#\/schema\/person\/image\/","url":"https:\/\/secure.gravatar.com\/avatar\/517384810d242ca9e38c180f3c9fb973?s=96&d=mm&r=g","contentUrl":"https:\/\/secure.gravatar.com\/avatar\/517384810d242ca9e38c180f3c9fb973?s=96&d=mm&r=g","caption":"Administrador"},"url":"https:\/\/www.asajacyl.com\/palencia\/author\/carlosrm"}]}},"_links":{"self":[{"href":"https:\/\/www.asajacyl.com\/palencia\/wp-json\/wp\/v2\/posts\/12267"}],"collection":[{"href":"https:\/\/www.asajacyl.com\/palencia\/wp-json\/wp\/v2\/posts"}],"about":[{"href":"https:\/\/www.asajacyl.com\/palencia\/wp-json\/wp\/v2\/types\/post"}],"author":[{"embeddable":true,"href":"https:\/\/www.asajacyl.com\/palencia\/wp-json\/wp\/v2\/users\/9"}],"replies":[{"embeddable":true,"href":"https:\/\/www.asajacyl.com\/palencia\/wp-json\/wp\/v2\/comments?post=12267"}],"version-history":[{"count":2,"href":"https:\/\/www.asajacyl.com\/palencia\/wp-json\/wp\/v2\/posts\/12267\/revisions"}],"predecessor-version":[{"id":12282,"href":"https:\/\/www.asajacyl.com\/palencia\/wp-json\/wp\/v2\/posts\/12267\/revisions\/12282"}],"wp:featuredmedia":[{"embeddable":true,"href":"https:\/\/www.asajacyl.com\/palencia\/wp-json\/wp\/v2\/media\/5154"}],"wp:attachment":[{"href":"https:\/\/www.asajacyl.com\/palencia\/wp-json\/wp\/v2\/media?parent=12267"}],"wp:term":[{"taxonomy":"category","embeddable":true,"href":"https:\/\/www.asajacyl.com\/palencia\/wp-json\/wp\/v2\/categories?post=12267"},{"taxonomy":"post_tag","embeddable":true,"href":"https:\/\/www.asajacyl.com\/palencia\/wp-json\/wp\/v2\/tags?post=12267"}],"curies":[{"name":"wp","href":"https:\/\/api.w.org\/{rel}","templated":true}]}}