{"id":12268,"date":"2023-02-09T08:12:58","date_gmt":"2023-02-09T07:12:58","guid":{"rendered":"https:\/\/www.asajacyl.com\/palencia\/?p=12268"},"modified":"2023-02-07T14:22:51","modified_gmt":"2023-02-07T13:22:51","slug":"conoce-lo-que-hemos-hecho-y-por-lo-que-hemos-peleado-estos-cinco-anos","status":"publish","type":"post","link":"https:\/\/www.asajacyl.com\/palencia\/asaja-palencia-informa\/conoce-lo-que-hemos-hecho-y-por-lo-que-hemos-peleado-estos-cinco-anos","title":{"rendered":"Conoce algunas de las cosas que hemos hecho y por las que hemos peleado estos cinco a\u00f1os"},"content":{"rendered":"\n<p>No somos un partido pol\u00edtico, no hacemos promesas ni nos atribuimos m\u00e9ritos que no nos corresponden. Nuestra \u00fanica bandera es la defensa de los agricultores y ganaderos, con total independencia. Estos \u00faltimos cinco a\u00f1os han sido muy intensos, de los periodos m\u00e1s crudos para el sector. La reivindicaci\u00f3n de ASAJA ha sido continua, y nos presentamos con los deberes hechos.<\/p>\n\n\n\n<ol>\n<li>Hemos pedido ayudas excepcionales y reducciones fiscales ante situaciones de crisis por sequ\u00eda, como fue la de 2019. Tambi\u00e9n lo hemos hecho ante situaciones como la pandemia del COVID o la crisis por la guerra en Ucrania, y estas reivindicaciones han sido atendidas, en mayor o menor medida.<\/li>\n\n\n\n<li>Nuestras gestiones han contribuido a recuperar el montante de subvenciones al seguro agrario y a poner en marcha l\u00edneas nuevas como el seguro de la alfalfa. Trabajamos de forma constante en pedir mejoras en el seguro agrario y pecuario.<\/li>\n\n\n\n<li>Conseguimos que la Junta pagara la ayuda a la remolacha que retir\u00f3 en 2011, y conseguimos ganando un arbitraje a la industria azucarera que esta pagara a los productores lo que recort\u00f3 en precio en la campa\u00f1a 2019\/2020, trayendo al sector por este \u00faltimo concepto m\u00e1s de 6 millones de euros.<\/li>\n\n\n\n<li>Nos hemos opuesto al Plan Hidrol\u00f3gico del Duero para no ser c\u00f3mplices de las medidas de la CHD contra los intereses de los regantes tanto de aguas profundas como superficiales, y contra la expropiaci\u00f3n encubierta de la tierra en las franjas de cauces de agua.<\/li>\n\n\n\n<li>Hemos defendido, y defendemos, a los agricultores y ganaderos frente a los da\u00f1os de la fauna salvaje, destacando los da\u00f1os del lobo, da\u00f1os de los conejos en cultivos, y da\u00f1os de otras especies cineg\u00e9ticas.<\/li>\n\n\n\n<li>Trabajamos a favor de la sanidad animal y vegetal, defendiendo la compatibilidad de la gesti\u00f3n ordinaria de las explotaciones con el objetivo de controlar o erradicar las enfermedades animales y vegetales, y todo con el menor coste o sacrificio para el sector.<\/li>\n\n\n\n<li>Hemos defendido al sector de los ataques de los promotores de energ\u00edas fotovoltaicas que ocupan tierras de cultivo y pastos expulsando a agricultores y ganaderos de ellas.<\/li>\n\n\n\n<li>Se consigui\u00f3 la reforma de la Ley ambiental para permitir una nueva pr\u00f3rroga hasta el a\u00f1o 2036 del r\u00e9gimen excepcional para explotaciones ganaderas en casco urbano. De no ser as\u00ed, hoy estar\u00edan cerradas.<\/li>\n\n\n\n<li>Hemos apoyado a los ganaderos de distintas zonas del territorio ante los da\u00f1os ocasionados por los incendios forestales y conseguido el levantamiento del acotamiento de los pastos.<\/li>\n\n\n\n<li>Hemos defendido a nuestros agricultores y ganaderos denunciando permanentemente las medidas de la nueva PAC 2023-2027. Una PAC que no nos gusta porque llega con menor presupuesto, tiene una gran carga burocr\u00e1tica, obliga a hacer pr\u00e1cticas agron\u00f3micas absurdas, limita la producci\u00f3n, y perjudica al agricultor profesional.<\/li>\n\n\n\n<li>Hemos denunciado las ventas a p\u00e9rdidas en distintos sectores y en distintos momentos, y para ello hemos hecho actos de protesta procurando la unidad de todo el sector. El sector l\u00e1cteo ha sido el ejemplo m\u00e1s representativo de estas movilizaciones.<\/li>\n\n\n\n<li>Hemos denunciado los elevados costes de producci\u00f3n, sobre todo en este \u00faltimo a\u00f1o, en inputs como el gas\u00f3leo, la electricidad, o los fertilizantes. Hemos sido protagonistas de distintos actos de protesta en los que hemos promovido la participaci\u00f3n junto a otras organizaciones agrarias.<\/li>\n\n\n\n<li>ASAJA promovi\u00f3 las grandes tractoradas que se llevaron a cabo en todas las provincias a principios del a\u00f1o 2020, que persegu\u00edan que se tuviera respeto y consideraci\u00f3n con el sector agropecuario. Sin el gran impulso que les dio ASAJA, no hubieran sido posibles. Otro hito en el sindicalismo agrario fue la manifestaci\u00f3n por las calles de Madrid celebrada en marzo de 2022, que hicimos conjuntamente con otros colectivos como el de los cazadores.<\/li>\n\n\n\n<li>Hemos apoyado todo tipo de medidas para facilitar la incorporaci\u00f3n de j\u00f3venes al sector, para favorecer el relevo generacional, y para facilitar la incorporaci\u00f3n de la mujer promoviendo la figura de la Titularidad Compartida.<\/li>\n\n\n\n<li>Defendemos la modernizaci\u00f3n del campo, pidiendo dotaciones suficientes para los planes de mejora de las explotaciones, m\u00e1s fondos para el Plan Renove de Maquinaria, y m\u00e1s inversi\u00f3n p\u00fablica en concentraciones parcelarias, nuevos regad\u00edos y modernizaci\u00f3n de regad\u00edos.<\/li>\n\n\n\n<li>Por primera vez se ha conseguido ayuda para sectores en situaciones de crisis, que antes nunca la recib\u00edan, como el sector porcino, la avicultura, la cunicultura o la apicultura.<\/li>\n\n\n\n<li>Luchamos permanentemente para que se cumpla la Ley de la Cadena Alimentaria y que se impida la venta a p\u00e9rdidas, y defendemos que, en un mercado globalizado donde por ser muy competitivos ya exportamos m\u00e1s de lo que importamos, a los productos importados se les exijan las mismas condiciones (cl\u00e1usula espejo) que se nos exige a nosotros en materia de sanidad, de bienestar animal, de medio ambiente y de derechos socio laborales.<\/li>\n\n\n\n<li>ASAJA ha defendido al sector ante ataques de determinados miembros del Gobierno que cuestionan alimentos como la carne, el az\u00facar, el vino, o sistemas de producci\u00f3n como la ganader\u00eda intensiva, las mal llamadas macro granjas, o la agricultura de regad\u00edo, dando la cara en arduos debates en los medios de comunicaci\u00f3n y soportando ataques por lobbies que est\u00e1n en contra del agricultor y el ganadero, y que culpabilizan a nuestro sector de todos los problemas del planeta.<\/li>\n\n\n\n<li>Defendemos una fiscalidad diferenciada para el sector agrario, que pasa por el mantenimiento del sistema de m\u00f3dulos, que debe admitir mayores vol\u00famenes de facturaci\u00f3n, y tambi\u00e9n por la adaptaci\u00f3n espec\u00edfica al sector mejorando la tributaci\u00f3n en Estimaci\u00f3n Directa. Tambi\u00e9n hemos apostamos por una Seguridad Social justa que mejore las pensiones futuras.<\/li>\n\n\n\n<li>ASAJA ha respondido a las necesidades del sector en todos los servicios que necesita, y responder\u00e1 ante nuevos retos futuros que ya son inminentes. Esto se ha hecho tambi\u00e9n en los momentos m\u00e1s duros de la pandemia, donde ASAJA no dej\u00f3 de atender a todos sus socios y simpatizantes.<\/li>\n<\/ol>\n\n\n\n<p><\/p>\n\n\n\n<p><strong>En ASAJA queremos renovar nuestro liderazgo para defender m\u00e1s y mejor a los profesionales de la agricultura y ganader\u00eda de Castilla y Le\u00f3n. Ay\u00fadanos a conseguirlo.<\/strong><\/p>\n","protected":false},"excerpt":{"rendered":"<p>No somos un partido pol\u00edtico, no hacemos promesas ni nos atribuimos m\u00e9ritos que no nos corresponden. Nuestra \u00fanica bandera es la defensa de los agricultores y ganaderos, con total independencia. Estos \u00faltimos cinco a\u00f1os han sido muy intensos, de los periodos m\u00e1s crudos para el sector. La reivindicaci\u00f3n de ASAJA ha sido continua, y nos [&hellip;]<\/p>\n","protected":false},"author":9,"featured_media":12275,"comment_status":"open","ping_status":"open","sticky":false,"template":"","format":"standard","meta":{"footnotes":""},"categories":[9,28],"tags":[],"yoast_head":"<!-- This site is optimized with the Yoast SEO plugin v24.5 - https:\/\/yoast.com\/wordpress\/plugins\/seo\/ -->\n<title>Conoce algunas de las cosas que hemos hecho y por las que hemos peleado estos cinco a\u00f1os - ASAJA Palencia<\/title>\n<meta name=\"description\" content=\"No somos un partido pol\u00edtico, no hacemos promesas ni nos atribuimos m\u00e9ritos que no nos corresponden. Nuestra \u00fanica bandera es la defensa de los\" \/>\n<meta name=\"robots\" content=\"index, follow, max-snippet:-1, max-image-preview:large, max-video-preview:-1\" \/>\n<link rel=\"canonical\" href=\"https:\/\/www.asajacyl.com\/palencia\/asaja-palencia-informa\/conoce-lo-que-hemos-hecho-y-por-lo-que-hemos-peleado-estos-cinco-anos\" \/>\n<meta property=\"og:locale\" content=\"es_ES\" \/>\n<meta property=\"og:type\" content=\"article\" \/>\n<meta property=\"og:title\" content=\"Conoce algunas de las cosas que hemos hecho y por las que hemos peleado estos cinco a\u00f1os - ASAJA Palencia\" \/>\n<meta property=\"og:description\" content=\"No somos un partido pol\u00edtico, no hacemos promesas ni nos atribuimos m\u00e9ritos que no nos corresponden. Nuestra \u00fanica bandera es la defensa de los\" \/>\n<meta property=\"og:url\" content=\"https:\/\/www.asajacyl.com\/palencia\/asaja-palencia-informa\/conoce-lo-que-hemos-hecho-y-por-lo-que-hemos-peleado-estos-cinco-anos\" \/>\n<meta property=\"og:site_name\" content=\"ASAJA Palencia\" \/>\n<meta property=\"article:published_time\" content=\"2023-02-09T07:12:58+00:00\" \/>\n<meta property=\"og:image\" content=\"https:\/\/www.asajacyl.com\/palencia\/wp-content\/uploads\/sites\/3\/2023\/02\/HELADA-HIELO-3.jpg\" \/>\n\t<meta property=\"og:image:width\" content=\"2500\" \/>\n\t<meta property=\"og:image:height\" content=\"1875\" \/>\n\t<meta property=\"og:image:type\" content=\"image\/jpeg\" \/>\n<meta name=\"author\" content=\"Administrador\" \/>\n<meta name=\"twitter:card\" content=\"summary_large_image\" \/>\n<meta name=\"twitter:label1\" content=\"Escrito por\" \/>\n\t<meta name=\"twitter:data1\" content=\"Administrador\" \/>\n\t<meta name=\"twitter:label2\" content=\"Tiempo de lectura\" \/>\n\t<meta name=\"twitter:data2\" content=\"5 minutos\" \/>\n<script type=\"application\/ld+json\" class=\"yoast-schema-graph\">{\"@context\":\"https:\/\/schema.org\",\"@graph\":[{\"@type\":\"WebPage\",\"@id\":\"https:\/\/www.asajacyl.com\/palencia\/asaja-palencia-informa\/conoce-lo-que-hemos-hecho-y-por-lo-que-hemos-peleado-estos-cinco-anos\",\"url\":\"https:\/\/www.asajacyl.com\/palencia\/asaja-palencia-informa\/conoce-lo-que-hemos-hecho-y-por-lo-que-hemos-peleado-estos-cinco-anos\",\"name\":\"Conoce algunas de las cosas que hemos hecho y por las que hemos peleado estos cinco a\u00f1os - ASAJA Palencia\",\"isPartOf\":{\"@id\":\"https:\/\/www.asajacyl.com\/palencia\/#website\"},\"primaryImageOfPage\":{\"@id\":\"https:\/\/www.asajacyl.com\/palencia\/asaja-palencia-informa\/conoce-lo-que-hemos-hecho-y-por-lo-que-hemos-peleado-estos-cinco-anos#primaryimage\"},\"image\":{\"@id\":\"https:\/\/www.asajacyl.com\/palencia\/asaja-palencia-informa\/conoce-lo-que-hemos-hecho-y-por-lo-que-hemos-peleado-estos-cinco-anos#primaryimage\"},\"thumbnailUrl\":\"https:\/\/www.asajacyl.com\/palencia\/wp-content\/uploads\/sites\/3\/2023\/02\/HELADA-HIELO-3.jpg\",\"datePublished\":\"2023-02-09T07:12:58+00:00\",\"author\":{\"@id\":\"https:\/\/www.asajacyl.com\/palencia\/#\/schema\/person\/3ab17aeb03527485c317557fae64aab1\"},\"description\":\"No somos un partido pol\u00edtico, no hacemos promesas ni nos atribuimos m\u00e9ritos que no nos corresponden. Nuestra \u00fanica bandera es la defensa de los\",\"breadcrumb\":{\"@id\":\"https:\/\/www.asajacyl.com\/palencia\/asaja-palencia-informa\/conoce-lo-que-hemos-hecho-y-por-lo-que-hemos-peleado-estos-cinco-anos#breadcrumb\"},\"inLanguage\":\"es\",\"potentialAction\":[{\"@type\":\"ReadAction\",\"target\":[\"https:\/\/www.asajacyl.com\/palencia\/asaja-palencia-informa\/conoce-lo-que-hemos-hecho-y-por-lo-que-hemos-peleado-estos-cinco-anos\"]}]},{\"@type\":\"ImageObject\",\"inLanguage\":\"es\",\"@id\":\"https:\/\/www.asajacyl.com\/palencia\/asaja-palencia-informa\/conoce-lo-que-hemos-hecho-y-por-lo-que-hemos-peleado-estos-cinco-anos#primaryimage\",\"url\":\"https:\/\/www.asajacyl.com\/palencia\/wp-content\/uploads\/sites\/3\/2023\/02\/HELADA-HIELO-3.jpg\",\"contentUrl\":\"https:\/\/www.asajacyl.com\/palencia\/wp-content\/uploads\/sites\/3\/2023\/02\/HELADA-HIELO-3.jpg\",\"width\":2500,\"height\":1875},{\"@type\":\"BreadcrumbList\",\"@id\":\"https:\/\/www.asajacyl.com\/palencia\/asaja-palencia-informa\/conoce-lo-que-hemos-hecho-y-por-lo-que-hemos-peleado-estos-cinco-anos#breadcrumb\",\"itemListElement\":[{\"@type\":\"ListItem\",\"position\":1,\"name\":\"Portada\",\"item\":\"https:\/\/www.asajacyl.com\/palencia\/\"},{\"@type\":\"ListItem\",\"position\":2,\"name\":\"Conoce algunas de las cosas que hemos hecho y por las que hemos peleado estos cinco a\u00f1os\"}]},{\"@type\":\"WebSite\",\"@id\":\"https:\/\/www.asajacyl.com\/palencia\/#website\",\"url\":\"https:\/\/www.asajacyl.com\/palencia\/\",\"name\":\"ASAJA Palencia\",\"description\":\"Otro sitio m\u00e1s de Provincias ASAJA Castilla y Le\u00f3n\",\"potentialAction\":[{\"@type\":\"SearchAction\",\"target\":{\"@type\":\"EntryPoint\",\"urlTemplate\":\"https:\/\/www.asajacyl.com\/palencia\/?s={search_term_string}\"},\"query-input\":{\"@type\":\"PropertyValueSpecification\",\"valueRequired\":true,\"valueName\":\"search_term_string\"}}],\"inLanguage\":\"es\"},{\"@type\":\"Person\",\"@id\":\"https:\/\/www.asajacyl.com\/palencia\/#\/schema\/person\/3ab17aeb03527485c317557fae64aab1\",\"name\":\"Administrador\",\"image\":{\"@type\":\"ImageObject\",\"inLanguage\":\"es\",\"@id\":\"https:\/\/www.asajacyl.com\/palencia\/#\/schema\/person\/image\/\",\"url\":\"https:\/\/secure.gravatar.com\/avatar\/517384810d242ca9e38c180f3c9fb973?s=96&d=mm&r=g\",\"contentUrl\":\"https:\/\/secure.gravatar.com\/avatar\/517384810d242ca9e38c180f3c9fb973?s=96&d=mm&r=g\",\"caption\":\"Administrador\"},\"url\":\"https:\/\/www.asajacyl.com\/palencia\/author\/carlosrm\"}]}<\/script>\n<!-- \/ Yoast SEO plugin. -->","yoast_head_json":{"title":"Conoce algunas de las cosas que hemos hecho y por las que hemos peleado estos cinco a\u00f1os - ASAJA Palencia","description":"No somos un partido pol\u00edtico, no hacemos promesas ni nos atribuimos m\u00e9ritos que no nos corresponden. Nuestra \u00fanica bandera es la defensa de los","robots":{"index":"index","follow":"follow","max-snippet":"max-snippet:-1","max-image-preview":"max-image-preview:large","max-video-preview":"max-video-preview:-1"},"canonical":"https:\/\/www.asajacyl.com\/palencia\/asaja-palencia-informa\/conoce-lo-que-hemos-hecho-y-por-lo-que-hemos-peleado-estos-cinco-anos","og_locale":"es_ES","og_type":"article","og_title":"Conoce algunas de las cosas que hemos hecho y por las que hemos peleado estos cinco a\u00f1os - ASAJA Palencia","og_description":"No somos un partido pol\u00edtico, no hacemos promesas ni nos atribuimos m\u00e9ritos que no nos corresponden. Nuestra \u00fanica bandera es la defensa de los","og_url":"https:\/\/www.asajacyl.com\/palencia\/asaja-palencia-informa\/conoce-lo-que-hemos-hecho-y-por-lo-que-hemos-peleado-estos-cinco-anos","og_site_name":"ASAJA Palencia","article_published_time":"2023-02-09T07:12:58+00:00","og_image":[{"width":2500,"height":1875,"url":"https:\/\/www.asajacyl.com\/palencia\/wp-content\/uploads\/sites\/3\/2023\/02\/HELADA-HIELO-3.jpg","type":"image\/jpeg"}],"author":"Administrador","twitter_card":"summary_large_image","twitter_misc":{"Escrito por":"Administrador","Tiempo de lectura":"5 minutos"},"schema":{"@context":"https:\/\/schema.org","@graph":[{"@type":"WebPage","@id":"https:\/\/www.asajacyl.com\/palencia\/asaja-palencia-informa\/conoce-lo-que-hemos-hecho-y-por-lo-que-hemos-peleado-estos-cinco-anos","url":"https:\/\/www.asajacyl.com\/palencia\/asaja-palencia-informa\/conoce-lo-que-hemos-hecho-y-por-lo-que-hemos-peleado-estos-cinco-anos","name":"Conoce algunas de las cosas que hemos hecho y por las que hemos peleado estos cinco a\u00f1os - ASAJA Palencia","isPartOf":{"@id":"https:\/\/www.asajacyl.com\/palencia\/#website"},"primaryImageOfPage":{"@id":"https:\/\/www.asajacyl.com\/palencia\/asaja-palencia-informa\/conoce-lo-que-hemos-hecho-y-por-lo-que-hemos-peleado-estos-cinco-anos#primaryimage"},"image":{"@id":"https:\/\/www.asajacyl.com\/palencia\/asaja-palencia-informa\/conoce-lo-que-hemos-hecho-y-por-lo-que-hemos-peleado-estos-cinco-anos#primaryimage"},"thumbnailUrl":"https:\/\/www.asajacyl.com\/palencia\/wp-content\/uploads\/sites\/3\/2023\/02\/HELADA-HIELO-3.jpg","datePublished":"2023-02-09T07:12:58+00:00","author":{"@id":"https:\/\/www.asajacyl.com\/palencia\/#\/schema\/person\/3ab17aeb03527485c317557fae64aab1"},"description":"No somos un partido pol\u00edtico, no hacemos promesas ni nos atribuimos m\u00e9ritos que no nos corresponden. Nuestra \u00fanica bandera es la defensa de los","breadcrumb":{"@id":"https:\/\/www.asajacyl.com\/palencia\/asaja-palencia-informa\/conoce-lo-que-hemos-hecho-y-por-lo-que-hemos-peleado-estos-cinco-anos#breadcrumb"},"inLanguage":"es","potentialAction":[{"@type":"ReadAction","target":["https:\/\/www.asajacyl.com\/palencia\/asaja-palencia-informa\/conoce-lo-que-hemos-hecho-y-por-lo-que-hemos-peleado-estos-cinco-anos"]}]},{"@type":"ImageObject","inLanguage":"es","@id":"https:\/\/www.asajacyl.com\/palencia\/asaja-palencia-informa\/conoce-lo-que-hemos-hecho-y-por-lo-que-hemos-peleado-estos-cinco-anos#primaryimage","url":"https:\/\/www.asajacyl.com\/palencia\/wp-content\/uploads\/sites\/3\/2023\/02\/HELADA-HIELO-3.jpg","contentUrl":"https:\/\/www.asajacyl.com\/palencia\/wp-content\/uploads\/sites\/3\/2023\/02\/HELADA-HIELO-3.jpg","width":2500,"height":1875},{"@type":"BreadcrumbList","@id":"https:\/\/www.asajacyl.com\/palencia\/asaja-palencia-informa\/conoce-lo-que-hemos-hecho-y-por-lo-que-hemos-peleado-estos-cinco-anos#breadcrumb","itemListElement":[{"@type":"ListItem","position":1,"name":"Portada","item":"https:\/\/www.asajacyl.com\/palencia\/"},{"@type":"ListItem","position":2,"name":"Conoce algunas de las cosas que hemos hecho y por las que hemos peleado estos cinco a\u00f1os"}]},{"@type":"WebSite","@id":"https:\/\/www.asajacyl.com\/palencia\/#website","url":"https:\/\/www.asajacyl.com\/palencia\/","name":"ASAJA Palencia","description":"Otro sitio m\u00e1s de Provincias ASAJA Castilla y Le\u00f3n","potentialAction":[{"@type":"SearchAction","target":{"@type":"EntryPoint","urlTemplate":"https:\/\/www.asajacyl.com\/palencia\/?s={search_term_string}"},"query-input":{"@type":"PropertyValueSpecification","valueRequired":true,"valueName":"search_term_string"}}],"inLanguage":"es"},{"@type":"Person","@id":"https:\/\/www.asajacyl.com\/palencia\/#\/schema\/person\/3ab17aeb03527485c317557fae64aab1","name":"Administrador","image":{"@type":"ImageObject","inLanguage":"es","@id":"https:\/\/www.asajacyl.com\/palencia\/#\/schema\/person\/image\/","url":"https:\/\/secure.gravatar.com\/avatar\/517384810d242ca9e38c180f3c9fb973?s=96&d=mm&r=g","contentUrl":"https:\/\/secure.gravatar.com\/avatar\/517384810d242ca9e38c180f3c9fb973?s=96&d=mm&r=g","caption":"Administrador"},"url":"https:\/\/www.asajacyl.com\/palencia\/author\/carlosrm"}]}},"_links":{"self":[{"href":"https:\/\/www.asajacyl.com\/palencia\/wp-json\/wp\/v2\/posts\/12268"}],"collection":[{"href":"https:\/\/www.asajacyl.com\/palencia\/wp-json\/wp\/v2\/posts"}],"about":[{"href":"https:\/\/www.asajacyl.com\/palencia\/wp-json\/wp\/v2\/types\/post"}],"author":[{"embeddable":true,"href":"https:\/\/www.asajacyl.com\/palencia\/wp-json\/wp\/v2\/users\/9"}],"replies":[{"embeddable":true,"href":"https:\/\/www.asajacyl.com\/palencia\/wp-json\/wp\/v2\/comments?post=12268"}],"version-history":[{"count":2,"href":"https:\/\/www.asajacyl.com\/palencia\/wp-json\/wp\/v2\/posts\/12268\/revisions"}],"predecessor-version":[{"id":12280,"href":"https:\/\/www.asajacyl.com\/palencia\/wp-json\/wp\/v2\/posts\/12268\/revisions\/12280"}],"wp:featuredmedia":[{"embeddable":true,"href":"https:\/\/www.asajacyl.com\/palencia\/wp-json\/wp\/v2\/media\/12275"}],"wp:attachment":[{"href":"https:\/\/www.asajacyl.com\/palencia\/wp-json\/wp\/v2\/media?parent=12268"}],"wp:term":[{"taxonomy":"category","embeddable":true,"href":"https:\/\/www.asajacyl.com\/palencia\/wp-json\/wp\/v2\/categories?post=12268"},{"taxonomy":"post_tag","embeddable":true,"href":"https:\/\/www.asajacyl.com\/palencia\/wp-json\/wp\/v2\/tags?post=12268"}],"curies":[{"name":"wp","href":"https:\/\/api.w.org\/{rel}","templated":true}]}}