{"id":12283,"date":"2023-02-10T14:23:19","date_gmt":"2023-02-10T13:23:19","guid":{"rendered":"https:\/\/www.asajacyl.com\/palencia\/?p=12283"},"modified":"2023-02-07T15:13:53","modified_gmt":"2023-02-07T14:13:53","slug":"nuestro-compromiso-para-los-proximos-anos","status":"publish","type":"post","link":"https:\/\/www.asajacyl.com\/palencia\/asaja-palencia-informa\/nuestro-compromiso-para-los-proximos-anos","title":{"rendered":"Nuestro compromiso para los pr\u00f3ximos a\u00f1os"},"content":{"rendered":"\n<p>Para los pr\u00f3ximos a\u00f1os, nuestro compromiso es claro: trabajo a destajo y defensa a ultranza de los agricultores y ganaderos. Resumimos en un dec\u00e1logo nuestras l\u00edneas de trabajo:<\/p>\n\n\n\n<ul>\n<li>Trabajaremos por una PAC productiva, en la que se dignifique al profesional de la agricultura y la ganader\u00eda. Pelearemos para mejorar y simplificar la burocracia, y para que los agricultores y ganaderos podamos hacer lo nuestro: producir alimentos, con responsabilidad, pero tambi\u00e9n con libertad.<\/li>\n\n\n\n<li>Reivindicamos mecanismos que garanticen unos costes de producci\u00f3n razonables y asequibles, requisito imprescindible para que las explotaciones agrarias y ganaderas sean rentables.<\/li>\n\n\n\n<li>Defenderemos un desarrollo real y urgente de la Ley de Cadena Alimentaria, para que inmediatamente se detecte cualquier abuso por parte de la distribuci\u00f3n y la industria. El agricultor y el ganadero tienen que estar protegidos y percibir siempre un precio rentable por sus productos, valor\u00e1ndose tambi\u00e9n la calidad que aportan las denominaciones y figuras de calidad reconocidas. Tambi\u00e9n valoramos la aportaci\u00f3n del tejido cooperativo en la venta colectiva de las producciones.<\/li>\n\n\n\n<li>Reclamaremos un apoyo amplio y decidido a la modernizaci\u00f3n de las explotaciones, para que puedan afrontar los retos productivos del futuro, tanto en maquinaria como en tecnolog\u00eda espec\u00edfica enfocada a la innovaci\u00f3n y digitalizaci\u00f3n.<\/li>\n\n\n\n<li>Defenderemos una inversi\u00f3n p\u00fablica potente para mejorar infraestructuras vitales para el sector, como son los regad\u00edos y las concentraciones parcelarias. Inversiones que son esenciales para el rejuvenecimiento de los activos y para la permanencia de la actividad en el medio rural.<\/li>\n\n\n\n<li>Reclamamos una pol\u00edtica forestal que favorezca la actividad ganadera, tanto en el enfoque de la utilizaci\u00f3n de estas \u00e1reas para el pastoreo, como en la gesti\u00f3n preventiva de incendios.<\/li>\n\n\n\n<li>Pedimos medidas activas de control de la fauna, tanto del lobo como de otras especies como los jabal\u00edes, corzos, conejos\u2026 en continua proliferaci\u00f3n, que est\u00e1n creando problemas muy graves productivos y sanitarios en las explotaciones ganaderas y agrarias.<\/li>\n\n\n\n<li>ASAJA lleva a los j\u00f3venes en sus siglas y no es casualidad, sino prueba de nuestro firme compromiso con las nuevas generaciones, vitales para el futuro del campo. Como l\u00edderes de las incorporaciones en el sector, defenderemos a los j\u00f3venes para que puedan no solo acceder, sino consolidar sus explotaciones como un proyecto empresarial de \u00e9xito.<\/li>\n\n\n\n<li>Reforzaremos nuestro compromiso con las mujeres agricultoras y ganaderas, siempre protagonistas de la actividad agroganadera y cada vez m\u00e1s presentes tanto como gestoras de sus propias explotaciones o en titularidades compartidas, como parte muy activa de la defensa profesional, con voz propia en ASAJA.<\/li>\n\n\n\n<li>Ofreceremos cuantos servicios precisen los agricultores y ganaderos para lograr que sus empresas se fortalezcan y crezcan. Esto implica un asesoramiento profesional y eficiente, una formaci\u00f3n continuada y especializada y una informaci\u00f3n puntual y fiable, que les permita conducir sus negocios con las mayores posibilidades de \u00e9xito.<\/li>\n\n\n\n<li>Son muchos m\u00e1s puntos los que, d\u00eda a d\u00eda, llenan nuestra agenda. ASAJA est\u00e1 formada por agricultores y ganaderos y cada problema que plantean se defiende y pelea por igual desde nuestra organizaci\u00f3n.<\/li>\n<\/ul>\n\n\n\n<p>Decir ASAJA es decir agricultores y ganaderos, porque nosotros somos agricultores y ganaderos.<\/p>\n\n\n\n<p>Decir ASAJA es decir servicios, informaci\u00f3n y sobre todo reivindicaci\u00f3n. Donde haya un problema del campo, de una explotaci\u00f3n o de muchas, cualquiera que sea el sector productivo, all\u00ed est\u00e1 y estar\u00e1 ASAJA. Como se vio especialmente durante la fase m\u00e1s grave de la pandemia, mientras que cada vez hay m\u00e1s puertas que se cierran para el medio rural y el sector agrario, ASAJA abre cada ma\u00f1ana sus oficinas, y da la cara por el sector.<\/p>\n\n\n\n<p>En ASAJA queremos renovar nuestro liderazgo para defender m\u00e1s y mejor a los profesionales de la agricultura y ganader\u00eda de Castilla y Le\u00f3n. Ay\u00fadanos a conseguirlo.<\/p>\n\n\n\n<p>Con tu voto, seremos m\u00e1s fuertes para defender unidos al sector<\/p>\n","protected":false},"excerpt":{"rendered":"<p>Para los pr\u00f3ximos a\u00f1os, nuestro compromiso es claro: trabajo a destajo y defensa a ultranza de los agricultores y ganaderos. Resumimos en un dec\u00e1logo nuestras l\u00edneas de trabajo: Decir ASAJA es decir agricultores y ganaderos, porque nosotros somos agricultores y ganaderos. Decir ASAJA es decir servicios, informaci\u00f3n y sobre todo reivindicaci\u00f3n. Donde haya un problema [&hellip;]<\/p>\n","protected":false},"author":9,"featured_media":12298,"comment_status":"open","ping_status":"open","sticky":false,"template":"","format":"standard","meta":{"footnotes":""},"categories":[9,29,28],"tags":[],"yoast_head":"<!-- This site is optimized with the Yoast SEO plugin v24.5 - https:\/\/yoast.com\/wordpress\/plugins\/seo\/ -->\n<title>Nuestro compromiso para los pr\u00f3ximos a\u00f1os - ASAJA Palencia<\/title>\n<meta name=\"description\" content=\"Para los pr\u00f3ximos a\u00f1os, nuestro compromiso es claro: trabajo a destajo y defensa a ultranza de los agricultores y ganaderos. Resumimos en un dec\u00e1logo\" \/>\n<meta name=\"robots\" content=\"index, follow, max-snippet:-1, max-image-preview:large, max-video-preview:-1\" \/>\n<link rel=\"canonical\" href=\"https:\/\/www.asajacyl.com\/palencia\/asaja-palencia-informa\/nuestro-compromiso-para-los-proximos-anos\" \/>\n<meta property=\"og:locale\" content=\"es_ES\" \/>\n<meta property=\"og:type\" content=\"article\" \/>\n<meta property=\"og:title\" content=\"Nuestro compromiso para los pr\u00f3ximos a\u00f1os - ASAJA Palencia\" \/>\n<meta property=\"og:description\" content=\"Para los pr\u00f3ximos a\u00f1os, nuestro compromiso es claro: trabajo a destajo y defensa a ultranza de los agricultores y ganaderos. Resumimos en un dec\u00e1logo\" \/>\n<meta property=\"og:url\" content=\"https:\/\/www.asajacyl.com\/palencia\/asaja-palencia-informa\/nuestro-compromiso-para-los-proximos-anos\" \/>\n<meta property=\"og:site_name\" content=\"ASAJA Palencia\" \/>\n<meta property=\"article:published_time\" content=\"2023-02-10T13:23:19+00:00\" \/>\n<meta property=\"og:image\" content=\"https:\/\/www.asajacyl.com\/palencia\/wp-content\/uploads\/sites\/3\/2023\/02\/trabajadores-e1675779186685.jpg\" \/>\n\t<meta property=\"og:image:width\" content=\"2250\" \/>\n\t<meta property=\"og:image:height\" content=\"1043\" \/>\n\t<meta property=\"og:image:type\" content=\"image\/jpeg\" \/>\n<meta name=\"author\" content=\"Administrador\" \/>\n<meta name=\"twitter:card\" content=\"summary_large_image\" \/>\n<meta name=\"twitter:label1\" content=\"Escrito por\" \/>\n\t<meta name=\"twitter:data1\" content=\"Administrador\" \/>\n\t<meta name=\"twitter:label2\" content=\"Tiempo de lectura\" \/>\n\t<meta name=\"twitter:data2\" content=\"3 minutos\" \/>\n<script type=\"application\/ld+json\" class=\"yoast-schema-graph\">{\"@context\":\"https:\/\/schema.org\",\"@graph\":[{\"@type\":\"WebPage\",\"@id\":\"https:\/\/www.asajacyl.com\/palencia\/asaja-palencia-informa\/nuestro-compromiso-para-los-proximos-anos\",\"url\":\"https:\/\/www.asajacyl.com\/palencia\/asaja-palencia-informa\/nuestro-compromiso-para-los-proximos-anos\",\"name\":\"Nuestro compromiso para los pr\u00f3ximos a\u00f1os - ASAJA Palencia\",\"isPartOf\":{\"@id\":\"https:\/\/www.asajacyl.com\/palencia\/#website\"},\"primaryImageOfPage\":{\"@id\":\"https:\/\/www.asajacyl.com\/palencia\/asaja-palencia-informa\/nuestro-compromiso-para-los-proximos-anos#primaryimage\"},\"image\":{\"@id\":\"https:\/\/www.asajacyl.com\/palencia\/asaja-palencia-informa\/nuestro-compromiso-para-los-proximos-anos#primaryimage\"},\"thumbnailUrl\":\"https:\/\/www.asajacyl.com\/palencia\/wp-content\/uploads\/sites\/3\/2023\/02\/trabajadores-e1675779186685.jpg\",\"datePublished\":\"2023-02-10T13:23:19+00:00\",\"author\":{\"@id\":\"https:\/\/www.asajacyl.com\/palencia\/#\/schema\/person\/3ab17aeb03527485c317557fae64aab1\"},\"description\":\"Para los pr\u00f3ximos a\u00f1os, nuestro compromiso es claro: trabajo a destajo y defensa a ultranza de los agricultores y ganaderos. Resumimos en un dec\u00e1logo\",\"breadcrumb\":{\"@id\":\"https:\/\/www.asajacyl.com\/palencia\/asaja-palencia-informa\/nuestro-compromiso-para-los-proximos-anos#breadcrumb\"},\"inLanguage\":\"es\",\"potentialAction\":[{\"@type\":\"ReadAction\",\"target\":[\"https:\/\/www.asajacyl.com\/palencia\/asaja-palencia-informa\/nuestro-compromiso-para-los-proximos-anos\"]}]},{\"@type\":\"ImageObject\",\"inLanguage\":\"es\",\"@id\":\"https:\/\/www.asajacyl.com\/palencia\/asaja-palencia-informa\/nuestro-compromiso-para-los-proximos-anos#primaryimage\",\"url\":\"https:\/\/www.asajacyl.com\/palencia\/wp-content\/uploads\/sites\/3\/2023\/02\/trabajadores-e1675779186685.jpg\",\"contentUrl\":\"https:\/\/www.asajacyl.com\/palencia\/wp-content\/uploads\/sites\/3\/2023\/02\/trabajadores-e1675779186685.jpg\",\"width\":2250,\"height\":1043},{\"@type\":\"BreadcrumbList\",\"@id\":\"https:\/\/www.asajacyl.com\/palencia\/asaja-palencia-informa\/nuestro-compromiso-para-los-proximos-anos#breadcrumb\",\"itemListElement\":[{\"@type\":\"ListItem\",\"position\":1,\"name\":\"Portada\",\"item\":\"https:\/\/www.asajacyl.com\/palencia\/\"},{\"@type\":\"ListItem\",\"position\":2,\"name\":\"Nuestro compromiso para los pr\u00f3ximos a\u00f1os\"}]},{\"@type\":\"WebSite\",\"@id\":\"https:\/\/www.asajacyl.com\/palencia\/#website\",\"url\":\"https:\/\/www.asajacyl.com\/palencia\/\",\"name\":\"ASAJA Palencia\",\"description\":\"Otro sitio m\u00e1s de Provincias ASAJA Castilla y Le\u00f3n\",\"potentialAction\":[{\"@type\":\"SearchAction\",\"target\":{\"@type\":\"EntryPoint\",\"urlTemplate\":\"https:\/\/www.asajacyl.com\/palencia\/?s={search_term_string}\"},\"query-input\":{\"@type\":\"PropertyValueSpecification\",\"valueRequired\":true,\"valueName\":\"search_term_string\"}}],\"inLanguage\":\"es\"},{\"@type\":\"Person\",\"@id\":\"https:\/\/www.asajacyl.com\/palencia\/#\/schema\/person\/3ab17aeb03527485c317557fae64aab1\",\"name\":\"Administrador\",\"image\":{\"@type\":\"ImageObject\",\"inLanguage\":\"es\",\"@id\":\"https:\/\/www.asajacyl.com\/palencia\/#\/schema\/person\/image\/\",\"url\":\"https:\/\/secure.gravatar.com\/avatar\/517384810d242ca9e38c180f3c9fb973?s=96&d=mm&r=g\",\"contentUrl\":\"https:\/\/secure.gravatar.com\/avatar\/517384810d242ca9e38c180f3c9fb973?s=96&d=mm&r=g\",\"caption\":\"Administrador\"},\"url\":\"https:\/\/www.asajacyl.com\/palencia\/author\/carlosrm\"}]}<\/script>\n<!-- \/ Yoast SEO plugin. -->","yoast_head_json":{"title":"Nuestro compromiso para los pr\u00f3ximos a\u00f1os - ASAJA Palencia","description":"Para los pr\u00f3ximos a\u00f1os, nuestro compromiso es claro: trabajo a destajo y defensa a ultranza de los agricultores y ganaderos. Resumimos en un dec\u00e1logo","robots":{"index":"index","follow":"follow","max-snippet":"max-snippet:-1","max-image-preview":"max-image-preview:large","max-video-preview":"max-video-preview:-1"},"canonical":"https:\/\/www.asajacyl.com\/palencia\/asaja-palencia-informa\/nuestro-compromiso-para-los-proximos-anos","og_locale":"es_ES","og_type":"article","og_title":"Nuestro compromiso para los pr\u00f3ximos a\u00f1os - ASAJA Palencia","og_description":"Para los pr\u00f3ximos a\u00f1os, nuestro compromiso es claro: trabajo a destajo y defensa a ultranza de los agricultores y ganaderos. Resumimos en un dec\u00e1logo","og_url":"https:\/\/www.asajacyl.com\/palencia\/asaja-palencia-informa\/nuestro-compromiso-para-los-proximos-anos","og_site_name":"ASAJA Palencia","article_published_time":"2023-02-10T13:23:19+00:00","og_image":[{"width":2250,"height":1043,"url":"https:\/\/www.asajacyl.com\/palencia\/wp-content\/uploads\/sites\/3\/2023\/02\/trabajadores-e1675779186685.jpg","type":"image\/jpeg"}],"author":"Administrador","twitter_card":"summary_large_image","twitter_misc":{"Escrito por":"Administrador","Tiempo de lectura":"3 minutos"},"schema":{"@context":"https:\/\/schema.org","@graph":[{"@type":"WebPage","@id":"https:\/\/www.asajacyl.com\/palencia\/asaja-palencia-informa\/nuestro-compromiso-para-los-proximos-anos","url":"https:\/\/www.asajacyl.com\/palencia\/asaja-palencia-informa\/nuestro-compromiso-para-los-proximos-anos","name":"Nuestro compromiso para los pr\u00f3ximos a\u00f1os - ASAJA Palencia","isPartOf":{"@id":"https:\/\/www.asajacyl.com\/palencia\/#website"},"primaryImageOfPage":{"@id":"https:\/\/www.asajacyl.com\/palencia\/asaja-palencia-informa\/nuestro-compromiso-para-los-proximos-anos#primaryimage"},"image":{"@id":"https:\/\/www.asajacyl.com\/palencia\/asaja-palencia-informa\/nuestro-compromiso-para-los-proximos-anos#primaryimage"},"thumbnailUrl":"https:\/\/www.asajacyl.com\/palencia\/wp-content\/uploads\/sites\/3\/2023\/02\/trabajadores-e1675779186685.jpg","datePublished":"2023-02-10T13:23:19+00:00","author":{"@id":"https:\/\/www.asajacyl.com\/palencia\/#\/schema\/person\/3ab17aeb03527485c317557fae64aab1"},"description":"Para los pr\u00f3ximos a\u00f1os, nuestro compromiso es claro: trabajo a destajo y defensa a ultranza de los agricultores y ganaderos. Resumimos en un dec\u00e1logo","breadcrumb":{"@id":"https:\/\/www.asajacyl.com\/palencia\/asaja-palencia-informa\/nuestro-compromiso-para-los-proximos-anos#breadcrumb"},"inLanguage":"es","potentialAction":[{"@type":"ReadAction","target":["https:\/\/www.asajacyl.com\/palencia\/asaja-palencia-informa\/nuestro-compromiso-para-los-proximos-anos"]}]},{"@type":"ImageObject","inLanguage":"es","@id":"https:\/\/www.asajacyl.com\/palencia\/asaja-palencia-informa\/nuestro-compromiso-para-los-proximos-anos#primaryimage","url":"https:\/\/www.asajacyl.com\/palencia\/wp-content\/uploads\/sites\/3\/2023\/02\/trabajadores-e1675779186685.jpg","contentUrl":"https:\/\/www.asajacyl.com\/palencia\/wp-content\/uploads\/sites\/3\/2023\/02\/trabajadores-e1675779186685.jpg","width":2250,"height":1043},{"@type":"BreadcrumbList","@id":"https:\/\/www.asajacyl.com\/palencia\/asaja-palencia-informa\/nuestro-compromiso-para-los-proximos-anos#breadcrumb","itemListElement":[{"@type":"ListItem","position":1,"name":"Portada","item":"https:\/\/www.asajacyl.com\/palencia\/"},{"@type":"ListItem","position":2,"name":"Nuestro compromiso para los pr\u00f3ximos a\u00f1os"}]},{"@type":"WebSite","@id":"https:\/\/www.asajacyl.com\/palencia\/#website","url":"https:\/\/www.asajacyl.com\/palencia\/","name":"ASAJA Palencia","description":"Otro sitio m\u00e1s de Provincias ASAJA Castilla y Le\u00f3n","potentialAction":[{"@type":"SearchAction","target":{"@type":"EntryPoint","urlTemplate":"https:\/\/www.asajacyl.com\/palencia\/?s={search_term_string}"},"query-input":{"@type":"PropertyValueSpecification","valueRequired":true,"valueName":"search_term_string"}}],"inLanguage":"es"},{"@type":"Person","@id":"https:\/\/www.asajacyl.com\/palencia\/#\/schema\/person\/3ab17aeb03527485c317557fae64aab1","name":"Administrador","image":{"@type":"ImageObject","inLanguage":"es","@id":"https:\/\/www.asajacyl.com\/palencia\/#\/schema\/person\/image\/","url":"https:\/\/secure.gravatar.com\/avatar\/517384810d242ca9e38c180f3c9fb973?s=96&d=mm&r=g","contentUrl":"https:\/\/secure.gravatar.com\/avatar\/517384810d242ca9e38c180f3c9fb973?s=96&d=mm&r=g","caption":"Administrador"},"url":"https:\/\/www.asajacyl.com\/palencia\/author\/carlosrm"}]}},"_links":{"self":[{"href":"https:\/\/www.asajacyl.com\/palencia\/wp-json\/wp\/v2\/posts\/12283"}],"collection":[{"href":"https:\/\/www.asajacyl.com\/palencia\/wp-json\/wp\/v2\/posts"}],"about":[{"href":"https:\/\/www.asajacyl.com\/palencia\/wp-json\/wp\/v2\/types\/post"}],"author":[{"embeddable":true,"href":"https:\/\/www.asajacyl.com\/palencia\/wp-json\/wp\/v2\/users\/9"}],"replies":[{"embeddable":true,"href":"https:\/\/www.asajacyl.com\/palencia\/wp-json\/wp\/v2\/comments?post=12283"}],"version-history":[{"count":1,"href":"https:\/\/www.asajacyl.com\/palencia\/wp-json\/wp\/v2\/posts\/12283\/revisions"}],"predecessor-version":[{"id":12299,"href":"https:\/\/www.asajacyl.com\/palencia\/wp-json\/wp\/v2\/posts\/12283\/revisions\/12299"}],"wp:featuredmedia":[{"embeddable":true,"href":"https:\/\/www.asajacyl.com\/palencia\/wp-json\/wp\/v2\/media\/12298"}],"wp:attachment":[{"href":"https:\/\/www.asajacyl.com\/palencia\/wp-json\/wp\/v2\/media?parent=12283"}],"wp:term":[{"taxonomy":"category","embeddable":true,"href":"https:\/\/www.asajacyl.com\/palencia\/wp-json\/wp\/v2\/categories?post=12283"},{"taxonomy":"post_tag","embeddable":true,"href":"https:\/\/www.asajacyl.com\/palencia\/wp-json\/wp\/v2\/tags?post=12283"}],"curies":[{"name":"wp","href":"https:\/\/api.w.org\/{rel}","templated":true}]}}