{"id":12300,"date":"2023-02-08T08:00:24","date_gmt":"2023-02-08T07:00:24","guid":{"rendered":"https:\/\/www.asajacyl.com\/palencia\/?p=12300"},"modified":"2023-02-08T08:00:26","modified_gmt":"2023-02-08T07:00:26","slug":"asaja-pide-al-ministerio-de-agricultura-que-actue-en-defensa-de-la-patata-espanola","status":"publish","type":"post","link":"https:\/\/www.asajacyl.com\/palencia\/asaja-palencia-informa\/asaja-pide-al-ministerio-de-agricultura-que-actue-en-defensa-de-la-patata-espanola","title":{"rendered":"ASAJA pide al ministerio de Agricultura que act\u00fae en defensa de la patata espa\u00f1ola"},"content":{"rendered":"\n<p>Ante la campa\u00f1a puesta en marcha por la cadena de distribuci\u00f3n LIDL con ofertas de patata a 0,90 euros\/kilo asegurando que se trata de patata nueva (de esta campa\u00f1a) y con origen Espa\u00f1a, ASAJA advierte a los consumidores sobre el enga\u00f1o de tal oferta y pide al ministerio de Agricultura que extreme los controles sobre los agentes de la cadena agroalimentaria para que se detecten, y sancionen en su caso, pr\u00e1cticas fraudulentas que perjudican tanto a los consumidores como a los productores espa\u00f1oles.<\/p>\n\n\n\n<p>La patata nueva de origen nacional que los productores est\u00e1n sacando a la venta en estos momentos tiene un precio en origen de 0,60 euros\/kg y por tanto no es posible que una cadena de distribuci\u00f3n la comercialice en el punto de venta a 0,90 euros\/kg, una vez sumado los gastos de procesado, lavado, enmallado, etiquetado, transporte, etc. Se trata, seg\u00fan indagaciones realizadas por ASAJA, de patata procedente de la campa\u00f1a anterior (sometida a varios meses de c\u00e1mara frigor\u00edfica) y con origen franc\u00e9s.<\/p>\n\n\n\n<p>Ante esto, apelamos al sentido com\u00fan y a la responsabilidad de la cadena alimentaria, y en especial de la distribuci\u00f3n, para que no utilice la patata como producto reclamo, recurriendo a partidas de patata importada o de inferior calidad, tratando de desestabilizar los precios y presionar para que los cultivadores nacionales vendan a p\u00e9rdidas. Igualmente, ASAJA pide al ministerio de Agricultura m\u00e1xima diligencia a la hora de velar por el cumplimiento de la Ley de la cadena agroalimentaria.<\/p>\n\n\n\n<p>Cualquier presi\u00f3n para bajar los precios al productor se traduce en una reducci\u00f3n autom\u00e1tica de las siembras, siendo especialmente sensibles cultivos como la patata, producci\u00f3n en la que en los \u00faltimos a\u00f1os ha habido un descenso de la superficie cultivada, y en la que Espa\u00f1a es deficitaria y tiene que importar para cubrir el consumo, una tendencia peligrosa de dependencia que nuestro pa\u00eds no se puede permitir.<\/p>\n\n\n\n<p>En el caso de la patata, en Espa\u00f1a se consumen cerca de 2,5 millones de toneladas, de las que aproximadamente 1,2 millones se producen en Espa\u00f1a, y el resto es importado, sobre todo de Francia. Los umbrales de rentabilidad escasos son motivo principal de la reducci\u00f3n de la superficie de patata y ASAJA considera que no puede seguir perdi\u00e9ndose superficie de patata, por ser una producci\u00f3n esencial para el pa\u00eds y tambi\u00e9n por su fuerte implantaci\u00f3n en zonas como Castilla y Le\u00f3n, con cerca de 2.000 cultivadores profesionales, Galicia, Andaluc\u00eda y Murcia.<\/p>\n\n\n\n<p>ASAJA recuerda que desde el pasado 31 de enero est\u00e1 abierto el registro de contratos alimentarios, en el que se deber\u00e1n inscribir todos los contratos que se suscriban con el sector primario, antes de la entrega del producto, tr\u00e1mite que ser\u00e1 obligatorio a partir del pr\u00f3ximo 30 de junio. El contrato debe incluir el precio, que en todos los casos debe ser superior al total de costes asumidos por el productor, el denominado \u201ccoste efectivo de producci\u00f3n\u201d. Por tanto, \u201crespetar los beneficios leg\u00edtimos del agricultor no solo es moral, sino tambi\u00e9n exigible legalmente, y esperamos que la Administraci\u00f3n act\u00fae en consecuencia ante el menor intento de romper las reglas que todos nos hemos marcado y que son las que garantizan que llegue un producto de calidad a los consumidores\u201d, reclama ASAJA.<\/p>\n","protected":false},"excerpt":{"rendered":"<p>Ante la campa\u00f1a puesta en marcha por la cadena de distribuci\u00f3n LIDL con ofertas de patata a 0,90 euros\/kilo asegurando que se trata de patata nueva (de esta campa\u00f1a) y con origen Espa\u00f1a, ASAJA advierte a los consumidores sobre el enga\u00f1o de tal oferta y pide al ministerio de Agricultura que extreme los controles sobre [&hellip;]<\/p>\n","protected":false},"author":9,"featured_media":12301,"comment_status":"open","ping_status":"open","sticky":false,"template":"","format":"standard","meta":{"footnotes":""},"categories":[9,29,28],"tags":[],"yoast_head":"<!-- This site is optimized with the Yoast SEO plugin v24.5 - https:\/\/yoast.com\/wordpress\/plugins\/seo\/ -->\n<title>ASAJA pide al ministerio de Agricultura que act\u00fae en defensa de la patata espa\u00f1ola - ASAJA Palencia<\/title>\n<meta name=\"description\" content=\"Ante la campa\u00f1a puesta en marcha por la cadena de distribuci\u00f3n LIDL con ofertas de patata a 0,90 euros\/kilo asegurando que se trata de patata nueva (de\" \/>\n<meta name=\"robots\" content=\"index, follow, max-snippet:-1, max-image-preview:large, max-video-preview:-1\" \/>\n<link rel=\"canonical\" href=\"https:\/\/www.asajacyl.com\/palencia\/asaja-palencia-informa\/asaja-pide-al-ministerio-de-agricultura-que-actue-en-defensa-de-la-patata-espanola\" \/>\n<meta property=\"og:locale\" content=\"es_ES\" \/>\n<meta property=\"og:type\" content=\"article\" \/>\n<meta property=\"og:title\" content=\"ASAJA pide al ministerio de Agricultura que act\u00fae en defensa de la patata espa\u00f1ola - ASAJA Palencia\" \/>\n<meta property=\"og:description\" content=\"Ante la campa\u00f1a puesta en marcha por la cadena de distribuci\u00f3n LIDL con ofertas de patata a 0,90 euros\/kilo asegurando que se trata de patata nueva (de\" \/>\n<meta property=\"og:url\" content=\"https:\/\/www.asajacyl.com\/palencia\/asaja-palencia-informa\/asaja-pide-al-ministerio-de-agricultura-que-actue-en-defensa-de-la-patata-espanola\" \/>\n<meta property=\"og:site_name\" content=\"ASAJA Palencia\" \/>\n<meta property=\"article:published_time\" content=\"2023-02-08T07:00:24+00:00\" \/>\n<meta property=\"article:modified_time\" content=\"2023-02-08T07:00:26+00:00\" \/>\n<meta property=\"og:image\" content=\"https:\/\/www.asajacyl.com\/palencia\/wp-content\/uploads\/sites\/3\/2023\/02\/PATATA.jpg\" \/>\n\t<meta property=\"og:image:width\" content=\"1024\" \/>\n\t<meta property=\"og:image:height\" content=\"1024\" \/>\n\t<meta property=\"og:image:type\" content=\"image\/jpeg\" \/>\n<meta name=\"author\" content=\"Administrador\" \/>\n<meta name=\"twitter:card\" content=\"summary_large_image\" \/>\n<meta name=\"twitter:label1\" content=\"Escrito por\" \/>\n\t<meta name=\"twitter:data1\" content=\"Administrador\" \/>\n\t<meta name=\"twitter:label2\" content=\"Tiempo de lectura\" \/>\n\t<meta name=\"twitter:data2\" content=\"3 minutos\" \/>\n<script type=\"application\/ld+json\" class=\"yoast-schema-graph\">{\"@context\":\"https:\/\/schema.org\",\"@graph\":[{\"@type\":\"WebPage\",\"@id\":\"https:\/\/www.asajacyl.com\/palencia\/asaja-palencia-informa\/asaja-pide-al-ministerio-de-agricultura-que-actue-en-defensa-de-la-patata-espanola\",\"url\":\"https:\/\/www.asajacyl.com\/palencia\/asaja-palencia-informa\/asaja-pide-al-ministerio-de-agricultura-que-actue-en-defensa-de-la-patata-espanola\",\"name\":\"ASAJA pide al ministerio de Agricultura que act\u00fae en defensa de la patata espa\u00f1ola - ASAJA Palencia\",\"isPartOf\":{\"@id\":\"https:\/\/www.asajacyl.com\/palencia\/#website\"},\"primaryImageOfPage\":{\"@id\":\"https:\/\/www.asajacyl.com\/palencia\/asaja-palencia-informa\/asaja-pide-al-ministerio-de-agricultura-que-actue-en-defensa-de-la-patata-espanola#primaryimage\"},\"image\":{\"@id\":\"https:\/\/www.asajacyl.com\/palencia\/asaja-palencia-informa\/asaja-pide-al-ministerio-de-agricultura-que-actue-en-defensa-de-la-patata-espanola#primaryimage\"},\"thumbnailUrl\":\"https:\/\/www.asajacyl.com\/palencia\/wp-content\/uploads\/sites\/3\/2023\/02\/PATATA.jpg\",\"datePublished\":\"2023-02-08T07:00:24+00:00\",\"dateModified\":\"2023-02-08T07:00:26+00:00\",\"author\":{\"@id\":\"https:\/\/www.asajacyl.com\/palencia\/#\/schema\/person\/3ab17aeb03527485c317557fae64aab1\"},\"description\":\"Ante la campa\u00f1a puesta en marcha por la cadena de distribuci\u00f3n LIDL con ofertas de patata a 0,90 euros\/kilo asegurando que se trata de patata nueva (de\",\"breadcrumb\":{\"@id\":\"https:\/\/www.asajacyl.com\/palencia\/asaja-palencia-informa\/asaja-pide-al-ministerio-de-agricultura-que-actue-en-defensa-de-la-patata-espanola#breadcrumb\"},\"inLanguage\":\"es\",\"potentialAction\":[{\"@type\":\"ReadAction\",\"target\":[\"https:\/\/www.asajacyl.com\/palencia\/asaja-palencia-informa\/asaja-pide-al-ministerio-de-agricultura-que-actue-en-defensa-de-la-patata-espanola\"]}]},{\"@type\":\"ImageObject\",\"inLanguage\":\"es\",\"@id\":\"https:\/\/www.asajacyl.com\/palencia\/asaja-palencia-informa\/asaja-pide-al-ministerio-de-agricultura-que-actue-en-defensa-de-la-patata-espanola#primaryimage\",\"url\":\"https:\/\/www.asajacyl.com\/palencia\/wp-content\/uploads\/sites\/3\/2023\/02\/PATATA.jpg\",\"contentUrl\":\"https:\/\/www.asajacyl.com\/palencia\/wp-content\/uploads\/sites\/3\/2023\/02\/PATATA.jpg\",\"width\":1024,\"height\":1024},{\"@type\":\"BreadcrumbList\",\"@id\":\"https:\/\/www.asajacyl.com\/palencia\/asaja-palencia-informa\/asaja-pide-al-ministerio-de-agricultura-que-actue-en-defensa-de-la-patata-espanola#breadcrumb\",\"itemListElement\":[{\"@type\":\"ListItem\",\"position\":1,\"name\":\"Portada\",\"item\":\"https:\/\/www.asajacyl.com\/palencia\/\"},{\"@type\":\"ListItem\",\"position\":2,\"name\":\"ASAJA pide al ministerio de Agricultura que act\u00fae en defensa de la patata espa\u00f1ola\"}]},{\"@type\":\"WebSite\",\"@id\":\"https:\/\/www.asajacyl.com\/palencia\/#website\",\"url\":\"https:\/\/www.asajacyl.com\/palencia\/\",\"name\":\"ASAJA Palencia\",\"description\":\"Otro sitio m\u00e1s de Provincias ASAJA Castilla y Le\u00f3n\",\"potentialAction\":[{\"@type\":\"SearchAction\",\"target\":{\"@type\":\"EntryPoint\",\"urlTemplate\":\"https:\/\/www.asajacyl.com\/palencia\/?s={search_term_string}\"},\"query-input\":{\"@type\":\"PropertyValueSpecification\",\"valueRequired\":true,\"valueName\":\"search_term_string\"}}],\"inLanguage\":\"es\"},{\"@type\":\"Person\",\"@id\":\"https:\/\/www.asajacyl.com\/palencia\/#\/schema\/person\/3ab17aeb03527485c317557fae64aab1\",\"name\":\"Administrador\",\"image\":{\"@type\":\"ImageObject\",\"inLanguage\":\"es\",\"@id\":\"https:\/\/www.asajacyl.com\/palencia\/#\/schema\/person\/image\/\",\"url\":\"https:\/\/secure.gravatar.com\/avatar\/517384810d242ca9e38c180f3c9fb973?s=96&d=mm&r=g\",\"contentUrl\":\"https:\/\/secure.gravatar.com\/avatar\/517384810d242ca9e38c180f3c9fb973?s=96&d=mm&r=g\",\"caption\":\"Administrador\"},\"url\":\"https:\/\/www.asajacyl.com\/palencia\/author\/carlosrm\"}]}<\/script>\n<!-- \/ Yoast SEO plugin. -->","yoast_head_json":{"title":"ASAJA pide al ministerio de Agricultura que act\u00fae en defensa de la patata espa\u00f1ola - ASAJA Palencia","description":"Ante la campa\u00f1a puesta en marcha por la cadena de distribuci\u00f3n LIDL con ofertas de patata a 0,90 euros\/kilo asegurando que se trata de patata nueva (de","robots":{"index":"index","follow":"follow","max-snippet":"max-snippet:-1","max-image-preview":"max-image-preview:large","max-video-preview":"max-video-preview:-1"},"canonical":"https:\/\/www.asajacyl.com\/palencia\/asaja-palencia-informa\/asaja-pide-al-ministerio-de-agricultura-que-actue-en-defensa-de-la-patata-espanola","og_locale":"es_ES","og_type":"article","og_title":"ASAJA pide al ministerio de Agricultura que act\u00fae en defensa de la patata espa\u00f1ola - ASAJA Palencia","og_description":"Ante la campa\u00f1a puesta en marcha por la cadena de distribuci\u00f3n LIDL con ofertas de patata a 0,90 euros\/kilo asegurando que se trata de patata nueva (de","og_url":"https:\/\/www.asajacyl.com\/palencia\/asaja-palencia-informa\/asaja-pide-al-ministerio-de-agricultura-que-actue-en-defensa-de-la-patata-espanola","og_site_name":"ASAJA Palencia","article_published_time":"2023-02-08T07:00:24+00:00","article_modified_time":"2023-02-08T07:00:26+00:00","og_image":[{"width":1024,"height":1024,"url":"https:\/\/www.asajacyl.com\/palencia\/wp-content\/uploads\/sites\/3\/2023\/02\/PATATA.jpg","type":"image\/jpeg"}],"author":"Administrador","twitter_card":"summary_large_image","twitter_misc":{"Escrito por":"Administrador","Tiempo de lectura":"3 minutos"},"schema":{"@context":"https:\/\/schema.org","@graph":[{"@type":"WebPage","@id":"https:\/\/www.asajacyl.com\/palencia\/asaja-palencia-informa\/asaja-pide-al-ministerio-de-agricultura-que-actue-en-defensa-de-la-patata-espanola","url":"https:\/\/www.asajacyl.com\/palencia\/asaja-palencia-informa\/asaja-pide-al-ministerio-de-agricultura-que-actue-en-defensa-de-la-patata-espanola","name":"ASAJA pide al ministerio de Agricultura que act\u00fae en defensa de la patata espa\u00f1ola - ASAJA Palencia","isPartOf":{"@id":"https:\/\/www.asajacyl.com\/palencia\/#website"},"primaryImageOfPage":{"@id":"https:\/\/www.asajacyl.com\/palencia\/asaja-palencia-informa\/asaja-pide-al-ministerio-de-agricultura-que-actue-en-defensa-de-la-patata-espanola#primaryimage"},"image":{"@id":"https:\/\/www.asajacyl.com\/palencia\/asaja-palencia-informa\/asaja-pide-al-ministerio-de-agricultura-que-actue-en-defensa-de-la-patata-espanola#primaryimage"},"thumbnailUrl":"https:\/\/www.asajacyl.com\/palencia\/wp-content\/uploads\/sites\/3\/2023\/02\/PATATA.jpg","datePublished":"2023-02-08T07:00:24+00:00","dateModified":"2023-02-08T07:00:26+00:00","author":{"@id":"https:\/\/www.asajacyl.com\/palencia\/#\/schema\/person\/3ab17aeb03527485c317557fae64aab1"},"description":"Ante la campa\u00f1a puesta en marcha por la cadena de distribuci\u00f3n LIDL con ofertas de patata a 0,90 euros\/kilo asegurando que se trata de patata nueva (de","breadcrumb":{"@id":"https:\/\/www.asajacyl.com\/palencia\/asaja-palencia-informa\/asaja-pide-al-ministerio-de-agricultura-que-actue-en-defensa-de-la-patata-espanola#breadcrumb"},"inLanguage":"es","potentialAction":[{"@type":"ReadAction","target":["https:\/\/www.asajacyl.com\/palencia\/asaja-palencia-informa\/asaja-pide-al-ministerio-de-agricultura-que-actue-en-defensa-de-la-patata-espanola"]}]},{"@type":"ImageObject","inLanguage":"es","@id":"https:\/\/www.asajacyl.com\/palencia\/asaja-palencia-informa\/asaja-pide-al-ministerio-de-agricultura-que-actue-en-defensa-de-la-patata-espanola#primaryimage","url":"https:\/\/www.asajacyl.com\/palencia\/wp-content\/uploads\/sites\/3\/2023\/02\/PATATA.jpg","contentUrl":"https:\/\/www.asajacyl.com\/palencia\/wp-content\/uploads\/sites\/3\/2023\/02\/PATATA.jpg","width":1024,"height":1024},{"@type":"BreadcrumbList","@id":"https:\/\/www.asajacyl.com\/palencia\/asaja-palencia-informa\/asaja-pide-al-ministerio-de-agricultura-que-actue-en-defensa-de-la-patata-espanola#breadcrumb","itemListElement":[{"@type":"ListItem","position":1,"name":"Portada","item":"https:\/\/www.asajacyl.com\/palencia\/"},{"@type":"ListItem","position":2,"name":"ASAJA pide al ministerio de Agricultura que act\u00fae en defensa de la patata espa\u00f1ola"}]},{"@type":"WebSite","@id":"https:\/\/www.asajacyl.com\/palencia\/#website","url":"https:\/\/www.asajacyl.com\/palencia\/","name":"ASAJA Palencia","description":"Otro sitio m\u00e1s de Provincias ASAJA Castilla y Le\u00f3n","potentialAction":[{"@type":"SearchAction","target":{"@type":"EntryPoint","urlTemplate":"https:\/\/www.asajacyl.com\/palencia\/?s={search_term_string}"},"query-input":{"@type":"PropertyValueSpecification","valueRequired":true,"valueName":"search_term_string"}}],"inLanguage":"es"},{"@type":"Person","@id":"https:\/\/www.asajacyl.com\/palencia\/#\/schema\/person\/3ab17aeb03527485c317557fae64aab1","name":"Administrador","image":{"@type":"ImageObject","inLanguage":"es","@id":"https:\/\/www.asajacyl.com\/palencia\/#\/schema\/person\/image\/","url":"https:\/\/secure.gravatar.com\/avatar\/517384810d242ca9e38c180f3c9fb973?s=96&d=mm&r=g","contentUrl":"https:\/\/secure.gravatar.com\/avatar\/517384810d242ca9e38c180f3c9fb973?s=96&d=mm&r=g","caption":"Administrador"},"url":"https:\/\/www.asajacyl.com\/palencia\/author\/carlosrm"}]}},"_links":{"self":[{"href":"https:\/\/www.asajacyl.com\/palencia\/wp-json\/wp\/v2\/posts\/12300"}],"collection":[{"href":"https:\/\/www.asajacyl.com\/palencia\/wp-json\/wp\/v2\/posts"}],"about":[{"href":"https:\/\/www.asajacyl.com\/palencia\/wp-json\/wp\/v2\/types\/post"}],"author":[{"embeddable":true,"href":"https:\/\/www.asajacyl.com\/palencia\/wp-json\/wp\/v2\/users\/9"}],"replies":[{"embeddable":true,"href":"https:\/\/www.asajacyl.com\/palencia\/wp-json\/wp\/v2\/comments?post=12300"}],"version-history":[{"count":1,"href":"https:\/\/www.asajacyl.com\/palencia\/wp-json\/wp\/v2\/posts\/12300\/revisions"}],"predecessor-version":[{"id":12302,"href":"https:\/\/www.asajacyl.com\/palencia\/wp-json\/wp\/v2\/posts\/12300\/revisions\/12302"}],"wp:featuredmedia":[{"embeddable":true,"href":"https:\/\/www.asajacyl.com\/palencia\/wp-json\/wp\/v2\/media\/12301"}],"wp:attachment":[{"href":"https:\/\/www.asajacyl.com\/palencia\/wp-json\/wp\/v2\/media?parent=12300"}],"wp:term":[{"taxonomy":"category","embeddable":true,"href":"https:\/\/www.asajacyl.com\/palencia\/wp-json\/wp\/v2\/categories?post=12300"},{"taxonomy":"post_tag","embeddable":true,"href":"https:\/\/www.asajacyl.com\/palencia\/wp-json\/wp\/v2\/tags?post=12300"}],"curies":[{"name":"wp","href":"https:\/\/api.w.org\/{rel}","templated":true}]}}