{"id":12303,"date":"2023-02-17T08:02:35","date_gmt":"2023-02-17T07:02:35","guid":{"rendered":"https:\/\/www.asajacyl.com\/palencia\/?p=12303"},"modified":"2023-02-15T14:48:29","modified_gmt":"2023-02-15T13:48:29","slug":"castilla-y-leon-demuestra-en-el-sigpac-su-caracter-agrario","status":"publish","type":"post","link":"https:\/\/www.asajacyl.com\/palencia\/asaja-palencia-informa\/noticias\/castilla-y-leon-demuestra-en-el-sigpac-su-caracter-agrario","title":{"rendered":"Castilla y Le\u00f3n demuestra en el SIGPAC su car\u00e1cter agrario"},"content":{"rendered":"\n<p>El SIGPAC es una base de datos que contiene m\u00faltiples datos asociados a las im\u00e1genes que podemos visualizar en \u00e9l. Contiene diversa informaci\u00f3n de todos los recintos en que tiene dividido el territorio nacional. Esta informaci\u00f3n est\u00e1 en constante actualizaci\u00f3n debido a las renovaciones de las ortofotos a\u00e9reas, alegaciones de agricultores y ganaderos, controles sobre el terreno de la Administraci\u00f3n, &#8230;<\/p>\n\n\n\n<p>El FEGA ha hecho p\u00fablicas las estad\u00edsticas de estos recintos del SIGPAC y los datos regionales que muestran en cuanto al n\u00famero de recintos son los siguientes:<\/p>\n\n\n\n<figure class=\"wp-block-table is-style-stripes\"><table><tbody><tr><td class=\"has-text-align-center\" data-align=\"center\"><\/td><td class=\"has-text-align-right\" data-align=\"right\"><strong>CyL (recintos)<\/strong><\/td><td class=\"has-text-align-right\" data-align=\"right\"><strong>CyL (superficie)<\/strong><\/td><td class=\"has-text-align-right\" data-align=\"right\"><strong>Espa\u00f1a (recintos)<\/strong><\/td><td class=\"has-text-align-right\" data-align=\"right\"><strong>Espa\u00f1a (superficie)<\/strong><\/td><\/tr><tr><td class=\"has-text-align-center\" data-align=\"center\"><strong>Tierras de cultivo<\/strong><\/td><td class=\"has-text-align-right\" data-align=\"right\">2.479.787<\/td><td class=\"has-text-align-right\" data-align=\"right\">3.460.809 ha<\/td><td class=\"has-text-align-right\" data-align=\"right\">13.324.582<\/td><td class=\"has-text-align-right\" data-align=\"right\">12.491.878 ha<\/td><\/tr><tr><td class=\"has-text-align-center\" data-align=\"center\"><strong>Cultivos permanentes<\/strong><\/td><td class=\"has-text-align-right\" data-align=\"right\">433.601<\/td><td class=\"has-text-align-right\" data-align=\"right\">118.415 ha<\/td><td class=\"has-text-align-right\" data-align=\"right\">10.089.315<\/td><td class=\"has-text-align-right\" data-align=\"right\">5.501.187 ha<\/td><\/tr><tr><td class=\"has-text-align-center\" data-align=\"center\"><strong>Pastos<\/strong><\/td><td class=\"has-text-align-right\" data-align=\"right\">6.569.285<\/td><td class=\"has-text-align-right\" data-align=\"right\">3.432.091 ha<\/td><td class=\"has-text-align-right\" data-align=\"right\">18.331.779<\/td><td class=\"has-text-align-right\" data-align=\"right\">16.616.708 ha<\/td><\/tr><tr><td class=\"has-text-align-center\" data-align=\"center\"><strong>Forestal<\/strong><\/td><td class=\"has-text-align-right\" data-align=\"right\">1.177.701<\/td><td class=\"has-text-align-right\" data-align=\"right\">1.525.366 ha<\/td><td class=\"has-text-align-right\" data-align=\"right\">9.550.990<\/td><td class=\"has-text-align-right\" data-align=\"right\">9.099.887 ha<\/td><\/tr><tr><td class=\"has-text-align-center\" data-align=\"center\"><strong>No agr\u00edcola<\/strong><\/td><td class=\"has-text-align-right\" data-align=\"right\">2.329.372<\/td><td class=\"has-text-align-right\" data-align=\"right\">883.811 ha<\/td><td class=\"has-text-align-right\" data-align=\"right\">19.615.877<\/td><td class=\"has-text-align-right\" data-align=\"right\">6.874.239 ha<\/td><\/tr><tr><td class=\"has-text-align-center\" data-align=\"center\"><strong>TOTAL<\/strong><\/td><td class=\"has-text-align-right\" data-align=\"right\">12.989.746<\/td><td class=\"has-text-align-right\" data-align=\"right\">9.420.492 ha<\/td><td class=\"has-text-align-right\" data-align=\"right\">70.913.172<\/td><td class=\"has-text-align-right\" data-align=\"right\">50.585.469 ha<\/td><\/tr><\/tbody><\/table><\/figure>\n\n\n\n<p>La Comunidad Aut\u00f3noma de Castilla y Le\u00f3n ocupa 94.226 km<sup>2<\/sup> mientras que Espa\u00f1a llega a los 504.782 km<sup>2<\/sup>, esto implica que Castilla y Le\u00f3n representa el 18,7% del total nacional. La dedicaci\u00f3n agraria de Castilla y Le\u00f3n es de todos conocida y queda clara en la estad\u00edstica, donde se puede ver que las tierras de cultivo de nuestra regi\u00f3n son el 27,7% del total de Espa\u00f1a. En cultivos permanentes tenemos una mucho menor implantaci\u00f3n que s\u00f3lo llega al 2,2%. En pastos tambi\u00e9n destacamos ya que Castilla y Le\u00f3n atesora un 20,7% del total nacional. En cuanto a superficie forestal la regi\u00f3n dispone del 16,8% de Espa\u00f1a, un n\u00famero tambi\u00e9n importante que muestra el potencial forestal regional. Por \u00faltimo, la superficie no agr\u00edcola es de un 12,9%.<\/p>\n","protected":false},"excerpt":{"rendered":"<p>El SIGPAC es una base de datos que contiene m\u00faltiples datos asociados a las im\u00e1genes que podemos visualizar en \u00e9l. Contiene diversa informaci\u00f3n de todos los recintos en que tiene dividido el territorio nacional. Esta informaci\u00f3n est\u00e1 en constante actualizaci\u00f3n debido a las renovaciones de las ortofotos a\u00e9reas, alegaciones de agricultores y ganaderos, controles sobre [&hellip;]<\/p>\n","protected":false},"author":9,"featured_media":12254,"comment_status":"open","ping_status":"open","sticky":false,"template":"","format":"standard","meta":{"footnotes":""},"categories":[29,28],"tags":[],"yoast_head":"<!-- This site is optimized with the Yoast SEO plugin v24.5 - https:\/\/yoast.com\/wordpress\/plugins\/seo\/ -->\n<title>Castilla y Le\u00f3n demuestra en el SIGPAC su car\u00e1cter agrario - ASAJA Palencia<\/title>\n<meta name=\"description\" content=\"El SIGPAC es una base de datos que contiene m\u00faltiples datos asociados a las im\u00e1genes que podemos visualizar en \u00e9l. Contiene diversa informaci\u00f3n de todos\" \/>\n<meta name=\"robots\" content=\"index, follow, max-snippet:-1, max-image-preview:large, max-video-preview:-1\" \/>\n<link rel=\"canonical\" href=\"https:\/\/www.asajacyl.com\/palencia\/asaja-palencia-informa\/noticias\/castilla-y-leon-demuestra-en-el-sigpac-su-caracter-agrario\" \/>\n<meta property=\"og:locale\" content=\"es_ES\" \/>\n<meta property=\"og:type\" content=\"article\" \/>\n<meta property=\"og:title\" content=\"Castilla y Le\u00f3n demuestra en el SIGPAC su car\u00e1cter agrario - ASAJA Palencia\" \/>\n<meta property=\"og:description\" content=\"El SIGPAC es una base de datos que contiene m\u00faltiples datos asociados a las im\u00e1genes que podemos visualizar en \u00e9l. Contiene diversa informaci\u00f3n de todos\" \/>\n<meta property=\"og:url\" content=\"https:\/\/www.asajacyl.com\/palencia\/asaja-palencia-informa\/noticias\/castilla-y-leon-demuestra-en-el-sigpac-su-caracter-agrario\" \/>\n<meta property=\"og:site_name\" content=\"ASAJA Palencia\" \/>\n<meta property=\"article:published_time\" content=\"2023-02-17T07:02:35+00:00\" \/>\n<meta property=\"og:image\" content=\"https:\/\/www.asajacyl.com\/palencia\/wp-content\/uploads\/sites\/3\/2023\/02\/SIGPAC.jpg\" \/>\n\t<meta property=\"og:image:width\" content=\"1621\" \/>\n\t<meta property=\"og:image:height\" content=\"1045\" \/>\n\t<meta property=\"og:image:type\" content=\"image\/jpeg\" \/>\n<meta name=\"author\" content=\"Administrador\" \/>\n<meta name=\"twitter:card\" content=\"summary_large_image\" \/>\n<meta name=\"twitter:label1\" content=\"Escrito por\" \/>\n\t<meta name=\"twitter:data1\" content=\"Administrador\" \/>\n\t<meta name=\"twitter:label2\" content=\"Tiempo de lectura\" \/>\n\t<meta name=\"twitter:data2\" content=\"2 minutos\" \/>\n<script type=\"application\/ld+json\" class=\"yoast-schema-graph\">{\"@context\":\"https:\/\/schema.org\",\"@graph\":[{\"@type\":\"WebPage\",\"@id\":\"https:\/\/www.asajacyl.com\/palencia\/asaja-palencia-informa\/noticias\/castilla-y-leon-demuestra-en-el-sigpac-su-caracter-agrario\",\"url\":\"https:\/\/www.asajacyl.com\/palencia\/asaja-palencia-informa\/noticias\/castilla-y-leon-demuestra-en-el-sigpac-su-caracter-agrario\",\"name\":\"Castilla y Le\u00f3n demuestra en el SIGPAC su car\u00e1cter agrario - ASAJA Palencia\",\"isPartOf\":{\"@id\":\"https:\/\/www.asajacyl.com\/palencia\/#website\"},\"primaryImageOfPage\":{\"@id\":\"https:\/\/www.asajacyl.com\/palencia\/asaja-palencia-informa\/noticias\/castilla-y-leon-demuestra-en-el-sigpac-su-caracter-agrario#primaryimage\"},\"image\":{\"@id\":\"https:\/\/www.asajacyl.com\/palencia\/asaja-palencia-informa\/noticias\/castilla-y-leon-demuestra-en-el-sigpac-su-caracter-agrario#primaryimage\"},\"thumbnailUrl\":\"https:\/\/www.asajacyl.com\/palencia\/wp-content\/uploads\/sites\/3\/2023\/02\/SIGPAC.jpg\",\"datePublished\":\"2023-02-17T07:02:35+00:00\",\"author\":{\"@id\":\"https:\/\/www.asajacyl.com\/palencia\/#\/schema\/person\/3ab17aeb03527485c317557fae64aab1\"},\"description\":\"El SIGPAC es una base de datos que contiene m\u00faltiples datos asociados a las im\u00e1genes que podemos visualizar en \u00e9l. Contiene diversa informaci\u00f3n de todos\",\"breadcrumb\":{\"@id\":\"https:\/\/www.asajacyl.com\/palencia\/asaja-palencia-informa\/noticias\/castilla-y-leon-demuestra-en-el-sigpac-su-caracter-agrario#breadcrumb\"},\"inLanguage\":\"es\",\"potentialAction\":[{\"@type\":\"ReadAction\",\"target\":[\"https:\/\/www.asajacyl.com\/palencia\/asaja-palencia-informa\/noticias\/castilla-y-leon-demuestra-en-el-sigpac-su-caracter-agrario\"]}]},{\"@type\":\"ImageObject\",\"inLanguage\":\"es\",\"@id\":\"https:\/\/www.asajacyl.com\/palencia\/asaja-palencia-informa\/noticias\/castilla-y-leon-demuestra-en-el-sigpac-su-caracter-agrario#primaryimage\",\"url\":\"https:\/\/www.asajacyl.com\/palencia\/wp-content\/uploads\/sites\/3\/2023\/02\/SIGPAC.jpg\",\"contentUrl\":\"https:\/\/www.asajacyl.com\/palencia\/wp-content\/uploads\/sites\/3\/2023\/02\/SIGPAC.jpg\",\"width\":1621,\"height\":1045},{\"@type\":\"BreadcrumbList\",\"@id\":\"https:\/\/www.asajacyl.com\/palencia\/asaja-palencia-informa\/noticias\/castilla-y-leon-demuestra-en-el-sigpac-su-caracter-agrario#breadcrumb\",\"itemListElement\":[{\"@type\":\"ListItem\",\"position\":1,\"name\":\"Portada\",\"item\":\"https:\/\/www.asajacyl.com\/palencia\/\"},{\"@type\":\"ListItem\",\"position\":2,\"name\":\"Castilla y Le\u00f3n demuestra en el SIGPAC su car\u00e1cter agrario\"}]},{\"@type\":\"WebSite\",\"@id\":\"https:\/\/www.asajacyl.com\/palencia\/#website\",\"url\":\"https:\/\/www.asajacyl.com\/palencia\/\",\"name\":\"ASAJA Palencia\",\"description\":\"Otro sitio m\u00e1s de Provincias ASAJA Castilla y Le\u00f3n\",\"potentialAction\":[{\"@type\":\"SearchAction\",\"target\":{\"@type\":\"EntryPoint\",\"urlTemplate\":\"https:\/\/www.asajacyl.com\/palencia\/?s={search_term_string}\"},\"query-input\":{\"@type\":\"PropertyValueSpecification\",\"valueRequired\":true,\"valueName\":\"search_term_string\"}}],\"inLanguage\":\"es\"},{\"@type\":\"Person\",\"@id\":\"https:\/\/www.asajacyl.com\/palencia\/#\/schema\/person\/3ab17aeb03527485c317557fae64aab1\",\"name\":\"Administrador\",\"image\":{\"@type\":\"ImageObject\",\"inLanguage\":\"es\",\"@id\":\"https:\/\/www.asajacyl.com\/palencia\/#\/schema\/person\/image\/\",\"url\":\"https:\/\/secure.gravatar.com\/avatar\/517384810d242ca9e38c180f3c9fb973?s=96&d=mm&r=g\",\"contentUrl\":\"https:\/\/secure.gravatar.com\/avatar\/517384810d242ca9e38c180f3c9fb973?s=96&d=mm&r=g\",\"caption\":\"Administrador\"},\"url\":\"https:\/\/www.asajacyl.com\/palencia\/author\/carlosrm\"}]}<\/script>\n<!-- \/ Yoast SEO plugin. -->","yoast_head_json":{"title":"Castilla y Le\u00f3n demuestra en el SIGPAC su car\u00e1cter agrario - ASAJA Palencia","description":"El SIGPAC es una base de datos que contiene m\u00faltiples datos asociados a las im\u00e1genes que podemos visualizar en \u00e9l. Contiene diversa informaci\u00f3n de todos","robots":{"index":"index","follow":"follow","max-snippet":"max-snippet:-1","max-image-preview":"max-image-preview:large","max-video-preview":"max-video-preview:-1"},"canonical":"https:\/\/www.asajacyl.com\/palencia\/asaja-palencia-informa\/noticias\/castilla-y-leon-demuestra-en-el-sigpac-su-caracter-agrario","og_locale":"es_ES","og_type":"article","og_title":"Castilla y Le\u00f3n demuestra en el SIGPAC su car\u00e1cter agrario - ASAJA Palencia","og_description":"El SIGPAC es una base de datos que contiene m\u00faltiples datos asociados a las im\u00e1genes que podemos visualizar en \u00e9l. Contiene diversa informaci\u00f3n de todos","og_url":"https:\/\/www.asajacyl.com\/palencia\/asaja-palencia-informa\/noticias\/castilla-y-leon-demuestra-en-el-sigpac-su-caracter-agrario","og_site_name":"ASAJA Palencia","article_published_time":"2023-02-17T07:02:35+00:00","og_image":[{"width":1621,"height":1045,"url":"https:\/\/www.asajacyl.com\/palencia\/wp-content\/uploads\/sites\/3\/2023\/02\/SIGPAC.jpg","type":"image\/jpeg"}],"author":"Administrador","twitter_card":"summary_large_image","twitter_misc":{"Escrito por":"Administrador","Tiempo de lectura":"2 minutos"},"schema":{"@context":"https:\/\/schema.org","@graph":[{"@type":"WebPage","@id":"https:\/\/www.asajacyl.com\/palencia\/asaja-palencia-informa\/noticias\/castilla-y-leon-demuestra-en-el-sigpac-su-caracter-agrario","url":"https:\/\/www.asajacyl.com\/palencia\/asaja-palencia-informa\/noticias\/castilla-y-leon-demuestra-en-el-sigpac-su-caracter-agrario","name":"Castilla y Le\u00f3n demuestra en el SIGPAC su car\u00e1cter agrario - ASAJA Palencia","isPartOf":{"@id":"https:\/\/www.asajacyl.com\/palencia\/#website"},"primaryImageOfPage":{"@id":"https:\/\/www.asajacyl.com\/palencia\/asaja-palencia-informa\/noticias\/castilla-y-leon-demuestra-en-el-sigpac-su-caracter-agrario#primaryimage"},"image":{"@id":"https:\/\/www.asajacyl.com\/palencia\/asaja-palencia-informa\/noticias\/castilla-y-leon-demuestra-en-el-sigpac-su-caracter-agrario#primaryimage"},"thumbnailUrl":"https:\/\/www.asajacyl.com\/palencia\/wp-content\/uploads\/sites\/3\/2023\/02\/SIGPAC.jpg","datePublished":"2023-02-17T07:02:35+00:00","author":{"@id":"https:\/\/www.asajacyl.com\/palencia\/#\/schema\/person\/3ab17aeb03527485c317557fae64aab1"},"description":"El SIGPAC es una base de datos que contiene m\u00faltiples datos asociados a las im\u00e1genes que podemos visualizar en \u00e9l. Contiene diversa informaci\u00f3n de todos","breadcrumb":{"@id":"https:\/\/www.asajacyl.com\/palencia\/asaja-palencia-informa\/noticias\/castilla-y-leon-demuestra-en-el-sigpac-su-caracter-agrario#breadcrumb"},"inLanguage":"es","potentialAction":[{"@type":"ReadAction","target":["https:\/\/www.asajacyl.com\/palencia\/asaja-palencia-informa\/noticias\/castilla-y-leon-demuestra-en-el-sigpac-su-caracter-agrario"]}]},{"@type":"ImageObject","inLanguage":"es","@id":"https:\/\/www.asajacyl.com\/palencia\/asaja-palencia-informa\/noticias\/castilla-y-leon-demuestra-en-el-sigpac-su-caracter-agrario#primaryimage","url":"https:\/\/www.asajacyl.com\/palencia\/wp-content\/uploads\/sites\/3\/2023\/02\/SIGPAC.jpg","contentUrl":"https:\/\/www.asajacyl.com\/palencia\/wp-content\/uploads\/sites\/3\/2023\/02\/SIGPAC.jpg","width":1621,"height":1045},{"@type":"BreadcrumbList","@id":"https:\/\/www.asajacyl.com\/palencia\/asaja-palencia-informa\/noticias\/castilla-y-leon-demuestra-en-el-sigpac-su-caracter-agrario#breadcrumb","itemListElement":[{"@type":"ListItem","position":1,"name":"Portada","item":"https:\/\/www.asajacyl.com\/palencia\/"},{"@type":"ListItem","position":2,"name":"Castilla y Le\u00f3n demuestra en el SIGPAC su car\u00e1cter agrario"}]},{"@type":"WebSite","@id":"https:\/\/www.asajacyl.com\/palencia\/#website","url":"https:\/\/www.asajacyl.com\/palencia\/","name":"ASAJA Palencia","description":"Otro sitio m\u00e1s de Provincias ASAJA Castilla y Le\u00f3n","potentialAction":[{"@type":"SearchAction","target":{"@type":"EntryPoint","urlTemplate":"https:\/\/www.asajacyl.com\/palencia\/?s={search_term_string}"},"query-input":{"@type":"PropertyValueSpecification","valueRequired":true,"valueName":"search_term_string"}}],"inLanguage":"es"},{"@type":"Person","@id":"https:\/\/www.asajacyl.com\/palencia\/#\/schema\/person\/3ab17aeb03527485c317557fae64aab1","name":"Administrador","image":{"@type":"ImageObject","inLanguage":"es","@id":"https:\/\/www.asajacyl.com\/palencia\/#\/schema\/person\/image\/","url":"https:\/\/secure.gravatar.com\/avatar\/517384810d242ca9e38c180f3c9fb973?s=96&d=mm&r=g","contentUrl":"https:\/\/secure.gravatar.com\/avatar\/517384810d242ca9e38c180f3c9fb973?s=96&d=mm&r=g","caption":"Administrador"},"url":"https:\/\/www.asajacyl.com\/palencia\/author\/carlosrm"}]}},"_links":{"self":[{"href":"https:\/\/www.asajacyl.com\/palencia\/wp-json\/wp\/v2\/posts\/12303"}],"collection":[{"href":"https:\/\/www.asajacyl.com\/palencia\/wp-json\/wp\/v2\/posts"}],"about":[{"href":"https:\/\/www.asajacyl.com\/palencia\/wp-json\/wp\/v2\/types\/post"}],"author":[{"embeddable":true,"href":"https:\/\/www.asajacyl.com\/palencia\/wp-json\/wp\/v2\/users\/9"}],"replies":[{"embeddable":true,"href":"https:\/\/www.asajacyl.com\/palencia\/wp-json\/wp\/v2\/comments?post=12303"}],"version-history":[{"count":2,"href":"https:\/\/www.asajacyl.com\/palencia\/wp-json\/wp\/v2\/posts\/12303\/revisions"}],"predecessor-version":[{"id":12308,"href":"https:\/\/www.asajacyl.com\/palencia\/wp-json\/wp\/v2\/posts\/12303\/revisions\/12308"}],"wp:featuredmedia":[{"embeddable":true,"href":"https:\/\/www.asajacyl.com\/palencia\/wp-json\/wp\/v2\/media\/12254"}],"wp:attachment":[{"href":"https:\/\/www.asajacyl.com\/palencia\/wp-json\/wp\/v2\/media?parent=12303"}],"wp:term":[{"taxonomy":"category","embeddable":true,"href":"https:\/\/www.asajacyl.com\/palencia\/wp-json\/wp\/v2\/categories?post=12303"},{"taxonomy":"post_tag","embeddable":true,"href":"https:\/\/www.asajacyl.com\/palencia\/wp-json\/wp\/v2\/tags?post=12303"}],"curies":[{"name":"wp","href":"https:\/\/api.w.org\/{rel}","templated":true}]}}